{"id":92379,"date":"2015-08-14T06:48:39","date_gmt":"2015-08-14T09:48:39","guid":{"rendered":"http:\/\/franciscanos.org.br\/?p=92379"},"modified":"2020-06-10T13:41:23","modified_gmt":"2020-06-10T16:41:23","slug":"apos-61-anos-angelus-da-assuncao-sera-na-praca-sao-pedro","status":"publish","type":"post","link":"https:\/\/franciscanos.org.br\/noticias\/apos-61-anos-angelus-da-assuncao-sera-na-praca-sao-pedro.html","title":{"rendered":"Ap\u00f3s 61 anos, Angelus ser\u00e1 na Pra\u00e7a S\u00e3o Pedro"},"content":{"rendered":"<p><img loading=\"lazy\" src=\"http:\/\/franciscanos.org.br\/wp-content\/uploads\/2015\/08\/papa14.jpg\" alt=\"papa14\" width=\"820\" height=\"431\" \/><\/p>\n<p><strong>Cidade do Vaticano<\/strong> \u2013 O Papa Francisco recitar\u00e1 a Ora\u00e7\u00e3o mariana do Angelus neste s\u00e1bado (15), solenidade da Assun\u00e7\u00e3o de Nossa Senhora, da janela do apartamento pontif\u00edcio, que d\u00e1 para a Pra\u00e7a S\u00e3o Pedro. \u00c9 a primeira vez, desde que Pio XII deu in\u00edcio ao tradicional encontro dominical com os fi\u00e9is em 1954, que um Pont\u00edfice passa o Ferragosto (do latim:<em> Feriae Augusti<\/em>, Festa da Assun\u00e7\u00e3o de Maria celebrada pelos italianos no dia 15 de agosto. \u00c9 tamb\u00e9m ponto de partida das f\u00e9rias na It\u00e1lia) em Roma. O gesto se repetir\u00e1 no dia seguinte, domingo 16, quando a Igreja no Brasil celebrar\u00e1 essa solenidade.<\/p>\n<p>O Angelus deste feriado normalmente \u00e9 rezado na Resid\u00eancia de ver\u00e3o de Castel Gandolfo, salvo aus\u00eancia do Pont\u00edfice por motivo de viagem, como aconteceu diversas vezes com Jo\u00e3o Paulo II e mesmo com o Papa Francisco em 2014, quando da visita \u00e0 Coreia.<\/p>\n<p>Em 15 de agosto de 2013, no entanto, Bergoglio dirigiu-se \u00e0 Castel Gandolfo especialmente para rezar o Angelus, precedido pela celebra\u00e7\u00e3o de uma missa e acompanhado por uma pequena multid\u00e3o, que lotava a Pra\u00e7a diante da Resid\u00eancia papal. O Papa Francisco, de fato, esteve poucas vezes em Castel Gandolfo desde o in\u00edcio de seu pontificado, optando por passar suas \u201cf\u00e9rias\u201d na Casa Santa Marta, no Vaticano.<\/p>\n<p>Nesta quinta-feira (13\/08), o Papa Francisco tuitou: \u201cMaria \u00e9 cheia de gra\u00e7a. Ela nos oferece um ref\u00fagio seguro no momento da tenta\u00e7\u00e3o\u201d.<\/p>\n<p>Em 13 agosto do ano passado, teve in\u00edcio a viagem apost\u00f3lica do Papa Francisco \u00e0 Rep\u00fablica da Coreia por ocasi\u00e3o da VI Jornada da Juventude Asi\u00e1tica. Na Solenidade da Assun\u00e7\u00e3o de 2014, Francisco presidiu a missa no World Cup Stadium, em Daejeon, na Coreia do Sul. Naquela ocasi\u00e3o, o Pont\u00edfice disse:<\/p>\n<p>\u201cHoje, ao venerar Maria, Rainha do C\u00e9u, dirigimo-nos a Ela como M\u00e3e da Igreja na Coreia para Lhe pedir que nos ajude a ser fi\u00e9is \u00e0 liberdade r\u00e9gia que recebemos no dia do batismo; que guie os nossos esfor\u00e7os para transformar o mundo segundo o plano de Deus; e que torne a Igreja neste pa\u00eds capaz de ser, de uma forma mais plena, fermento do Reino de Deus na sociedade coreana.\u201d<\/p>\n<p>Francisco convidou os crist\u00e3os coreanos a serem \u201cuma for\u00e7a generosa de renova\u00e7\u00e3o espiritual em todas as esferas da sociedade\u201d, a combaterem \u201co fasc\u00ednio do materialismo que sufoca os aut\u00eanticos valores espirituais e culturais e tamb\u00e9m o esp\u00edrito de desenfreada competi\u00e7\u00e3o que gera ego\u00edsmo e conflitos\u201d, a rejeitarem \u201cmodelos econ\u00f4micos desumanos que criam novas formas de pobreza e marginalizam os trabalhadores, bem como a cultura da morte que desvaloriza a imagem de Deus, o Deus da vida, e viola a dignidade de cada homem, mulher e crian\u00e7a\u201d.<\/p>\n<p>\u201cAo celebrar esta festa, unimo-nos a toda a Igreja espalhada pelo mundo e olhamos para Maria como M\u00e3e da nossa esperan\u00e7a\u201d, concluiu o Papa naquela ocasi\u00e3o.<\/p>\n<hr \/>\n<p><em>Fonte: R\u00e1dio Vaticano<\/em><\/p>\n","protected":false},"excerpt":{"rendered":"<p>Angelus<\/p>\n","protected":false},"author":1,"featured_media":207256,"comment_status":"open","ping_status":"open","sticky":false,"template":"","format":"standard","meta":[],"categories":[1428],"tags":[403],"acf":[],"yoast_head":"<!-- This site is optimized with the Yoast SEO plugin v19.2 - https:\/\/yoast.com\/wordpress\/plugins\/seo\/ -->\n<title>Ap\u00f3s 61 anos, Angelus ser\u00e1 na Pra\u00e7a S\u00e3o Pedro - Not\u00edcias - Franciscanos<\/title>\n<meta name=\"robots\" content=\"index, follow, max-snippet:-1, max-image-preview:large, max-video-preview:-1\" \/>\n<link rel=\"canonical\" href=\"https:\/\/franciscanos.org.br\/noticias\/apos-61-anos-angelus-da-assuncao-sera-na-praca-sao-pedro.html\" \/>\n<meta property=\"og:locale\" content=\"pt_BR\" \/>\n<meta property=\"og:type\" content=\"article\" \/>\n<meta property=\"og:title\" content=\"Ap\u00f3s 61 anos, Angelus ser\u00e1 na Pra\u00e7a S\u00e3o Pedro - Not\u00edcias - Franciscanos\" \/>\n<meta property=\"og:description\" content=\"Angelus\" \/>\n<meta property=\"og:url\" content=\"https:\/\/franciscanos.org.br\/noticias\/apos-61-anos-angelus-da-assuncao-sera-na-praca-sao-pedro.html\" \/>\n<meta property=\"og:site_name\" content=\"Not\u00edcias - Franciscanos\" \/>\n<meta property=\"article:published_time\" content=\"2015-08-14T09:48:39+00:00\" \/>\n<meta property=\"article:modified_time\" content=\"2020-06-10T16:41:23+00:00\" \/>\n<meta property=\"og:image\" content=\"https:\/\/franciscanos.org.br\/noticias\/wp-content\/uploads\/2015\/08\/papa14.jpg\" \/>\n\t<meta property=\"og:image:width\" content=\"273\" \/>\n\t<meta property=\"og:image:height\" content=\"181\" \/>\n\t<meta property=\"og:image:type\" content=\"image\/jpeg\" \/>\n<meta name=\"author\" content=\"admin\" \/>\n<meta name=\"twitter:card\" content=\"summary_large_image\" \/>\n<meta name=\"twitter:label1\" content=\"Escrito por\" \/>\n\t<meta name=\"twitter:data1\" content=\"admin\" \/>\n\t<meta name=\"twitter:label2\" content=\"Est. tempo de leitura\" \/>\n\t<meta name=\"twitter:data2\" content=\"3 minutos\" \/>\n<script type=\"application\/ld+json\" class=\"yoast-schema-graph\">{\"@context\":\"https:\/\/schema.org\",\"@graph\":[{\"@type\":\"WebSite\",\"@id\":\"https:\/\/franciscanos.org.br\/noticias\/#website\",\"url\":\"https:\/\/franciscanos.org.br\/noticias\/\",\"name\":\"Not\u00edcias - Franciscanos\",\"description\":\"Prov\u00edncia Franciscana da Imaculada Concei\u00e7\u00e3o do Brasil - Ordem dos Frades Menores - OFM\",\"potentialAction\":[{\"@type\":\"SearchAction\",\"target\":{\"@type\":\"EntryPoint\",\"urlTemplate\":\"https:\/\/franciscanos.org.br\/noticias\/?s={search_term_string}\"},\"query-input\":\"required name=search_term_string\"}],\"inLanguage\":\"pt-BR\"},{\"@type\":\"ImageObject\",\"inLanguage\":\"pt-BR\",\"@id\":\"https:\/\/franciscanos.org.br\/noticias\/apos-61-anos-angelus-da-assuncao-sera-na-praca-sao-pedro.html#primaryimage\",\"url\":\"https:\/\/franciscanos.org.br\/noticias\/wp-content\/uploads\/2015\/08\/papa14.jpg\",\"contentUrl\":\"https:\/\/franciscanos.org.br\/noticias\/wp-content\/uploads\/2015\/08\/papa14.jpg\",\"width\":273,\"height\":181},{\"@type\":\"WebPage\",\"@id\":\"https:\/\/franciscanos.org.br\/noticias\/apos-61-anos-angelus-da-assuncao-sera-na-praca-sao-pedro.html#webpage\",\"url\":\"https:\/\/franciscanos.org.br\/noticias\/apos-61-anos-angelus-da-assuncao-sera-na-praca-sao-pedro.html\",\"name\":\"Ap\u00f3s 61 anos, Angelus ser\u00e1 na Pra\u00e7a S\u00e3o Pedro - Not\u00edcias - Franciscanos\",\"isPartOf\":{\"@id\":\"https:\/\/franciscanos.org.br\/noticias\/#website\"},\"primaryImageOfPage\":{\"@id\":\"https:\/\/franciscanos.org.br\/noticias\/apos-61-anos-angelus-da-assuncao-sera-na-praca-sao-pedro.html#primaryimage\"},\"datePublished\":\"2015-08-14T09:48:39+00:00\",\"dateModified\":\"2020-06-10T16:41:23+00:00\",\"author\":{\"@id\":\"https:\/\/franciscanos.org.br\/noticias\/#\/schema\/person\/b38fbf43118f02820bd932f2e4b14ad3\"},\"breadcrumb\":{\"@id\":\"https:\/\/franciscanos.org.br\/noticias\/apos-61-anos-angelus-da-assuncao-sera-na-praca-sao-pedro.html#breadcrumb\"},\"inLanguage\":\"pt-BR\",\"potentialAction\":[{\"@type\":\"ReadAction\",\"target\":[\"https:\/\/franciscanos.org.br\/noticias\/apos-61-anos-angelus-da-assuncao-sera-na-praca-sao-pedro.html\"]}]},{\"@type\":\"BreadcrumbList\",\"@id\":\"https:\/\/franciscanos.org.br\/noticias\/apos-61-anos-angelus-da-assuncao-sera-na-praca-sao-pedro.html#breadcrumb\",\"itemListElement\":[{\"@type\":\"ListItem\",\"position\":1,\"name\":\"Home\",\"item\":\"https:\/\/franciscanos.org.br\/noticias\"},{\"@type\":\"ListItem\",\"position\":2,\"name\":\"Ap\u00f3s 61 anos, Angelus ser\u00e1 na Pra\u00e7a S\u00e3o Pedro\"}]},{\"@type\":\"Person\",\"@id\":\"https:\/\/franciscanos.org.br\/noticias\/#\/schema\/person\/b38fbf43118f02820bd932f2e4b14ad3\",\"name\":\"admin\",\"image\":{\"@type\":\"ImageObject\",\"inLanguage\":\"pt-BR\",\"@id\":\"https:\/\/franciscanos.org.br\/noticias\/#\/schema\/person\/image\/\",\"url\":\"https:\/\/secure.gravatar.com\/avatar\/e8495742d34d0ba6448ea1c628263b3e?s=96&d=mm&r=g\",\"contentUrl\":\"https:\/\/secure.gravatar.com\/avatar\/e8495742d34d0ba6448ea1c628263b3e?s=96&d=mm&r=g\",\"caption\":\"admin\"},\"url\":\"https:\/\/franciscanos.org.br\/noticias\/author\/admin\"}]}<\/script>\n<!-- \/ Yoast SEO plugin. -->","yoast_head_json":{"title":"Ap\u00f3s 61 anos, Angelus ser\u00e1 na Pra\u00e7a S\u00e3o Pedro - Not\u00edcias - Franciscanos","robots":{"index":"index","follow":"follow","max-snippet":"max-snippet:-1","max-image-preview":"max-image-preview:large","max-video-preview":"max-video-preview:-1"},"canonical":"https:\/\/franciscanos.org.br\/noticias\/apos-61-anos-angelus-da-assuncao-sera-na-praca-sao-pedro.html","og_locale":"pt_BR","og_type":"article","og_title":"Ap\u00f3s 61 anos, Angelus ser\u00e1 na Pra\u00e7a S\u00e3o Pedro - Not\u00edcias - Franciscanos","og_description":"Angelus","og_url":"https:\/\/franciscanos.org.br\/noticias\/apos-61-anos-angelus-da-assuncao-sera-na-praca-sao-pedro.html","og_site_name":"Not\u00edcias - Franciscanos","article_published_time":"2015-08-14T09:48:39+00:00","article_modified_time":"2020-06-10T16:41:23+00:00","og_image":[{"width":273,"height":181,"url":"https:\/\/franciscanos.org.br\/noticias\/wp-content\/uploads\/2015\/08\/papa14.jpg","type":"image\/jpeg"}],"author":"admin","twitter_card":"summary_large_image","twitter_misc":{"Escrito por":"admin","Est. tempo de leitura":"3 minutos"},"schema":{"@context":"https:\/\/schema.org","@graph":[{"@type":"WebSite","@id":"https:\/\/franciscanos.org.br\/noticias\/#website","url":"https:\/\/franciscanos.org.br\/noticias\/","name":"Not\u00edcias - Franciscanos","description":"Prov\u00edncia Franciscana da Imaculada Concei\u00e7\u00e3o do Brasil - Ordem dos Frades Menores - OFM","potentialAction":[{"@type":"SearchAction","target":{"@type":"EntryPoint","urlTemplate":"https:\/\/franciscanos.org.br\/noticias\/?s={search_term_string}"},"query-input":"required name=search_term_string"}],"inLanguage":"pt-BR"},{"@type":"ImageObject","inLanguage":"pt-BR","@id":"https:\/\/franciscanos.org.br\/noticias\/apos-61-anos-angelus-da-assuncao-sera-na-praca-sao-pedro.html#primaryimage","url":"https:\/\/franciscanos.org.br\/noticias\/wp-content\/uploads\/2015\/08\/papa14.jpg","contentUrl":"https:\/\/franciscanos.org.br\/noticias\/wp-content\/uploads\/2015\/08\/papa14.jpg","width":273,"height":181},{"@type":"WebPage","@id":"https:\/\/franciscanos.org.br\/noticias\/apos-61-anos-angelus-da-assuncao-sera-na-praca-sao-pedro.html#webpage","url":"https:\/\/franciscanos.org.br\/noticias\/apos-61-anos-angelus-da-assuncao-sera-na-praca-sao-pedro.html","name":"Ap\u00f3s 61 anos, Angelus ser\u00e1 na Pra\u00e7a S\u00e3o Pedro - Not\u00edcias - Franciscanos","isPartOf":{"@id":"https:\/\/franciscanos.org.br\/noticias\/#website"},"primaryImageOfPage":{"@id":"https:\/\/franciscanos.org.br\/noticias\/apos-61-anos-angelus-da-assuncao-sera-na-praca-sao-pedro.html#primaryimage"},"datePublished":"2015-08-14T09:48:39+00:00","dateModified":"2020-06-10T16:41:23+00:00","author":{"@id":"https:\/\/franciscanos.org.br\/noticias\/#\/schema\/person\/b38fbf43118f02820bd932f2e4b14ad3"},"breadcrumb":{"@id":"https:\/\/franciscanos.org.br\/noticias\/apos-61-anos-angelus-da-assuncao-sera-na-praca-sao-pedro.html#breadcrumb"},"inLanguage":"pt-BR","potentialAction":[{"@type":"ReadAction","target":["https:\/\/franciscanos.org.br\/noticias\/apos-61-anos-angelus-da-assuncao-sera-na-praca-sao-pedro.html"]}]},{"@type":"BreadcrumbList","@id":"https:\/\/franciscanos.org.br\/noticias\/apos-61-anos-angelus-da-assuncao-sera-na-praca-sao-pedro.html#breadcrumb","itemListElement":[{"@type":"ListItem","position":1,"name":"Home","item":"https:\/\/franciscanos.org.br\/noticias"},{"@type":"ListItem","position":2,"name":"Ap\u00f3s 61 anos, Angelus ser\u00e1 na Pra\u00e7a S\u00e3o Pedro"}]},{"@type":"Person","@id":"https:\/\/franciscanos.org.br\/noticias\/#\/schema\/person\/b38fbf43118f02820bd932f2e4b14ad3","name":"admin","image":{"@type":"ImageObject","inLanguage":"pt-BR","@id":"https:\/\/franciscanos.org.br\/noticias\/#\/schema\/person\/image\/","url":"https:\/\/secure.gravatar.com\/avatar\/e8495742d34d0ba6448ea1c628263b3e?s=96&d=mm&r=g","contentUrl":"https:\/\/secure.gravatar.com\/avatar\/e8495742d34d0ba6448ea1c628263b3e?s=96&d=mm&r=g","caption":"admin"},"url":"https:\/\/franciscanos.org.br\/noticias\/author\/admin"}]}},"_links":{"self":[{"href":"https:\/\/franciscanos.org.br\/noticias\/wp-json\/wp\/v2\/posts\/92379"}],"collection":[{"href":"https:\/\/franciscanos.org.br\/noticias\/wp-json\/wp\/v2\/posts"}],"about":[{"href":"https:\/\/franciscanos.org.br\/noticias\/wp-json\/wp\/v2\/types\/post"}],"author":[{"embeddable":true,"href":"https:\/\/franciscanos.org.br\/noticias\/wp-json\/wp\/v2\/users\/1"}],"replies":[{"embeddable":true,"href":"https:\/\/franciscanos.org.br\/noticias\/wp-json\/wp\/v2\/comments?post=92379"}],"version-history":[{"count":1,"href":"https:\/\/franciscanos.org.br\/noticias\/wp-json\/wp\/v2\/posts\/92379\/revisions"}],"predecessor-version":[{"id":225972,"href":"https:\/\/franciscanos.org.br\/noticias\/wp-json\/wp\/v2\/posts\/92379\/revisions\/225972"}],"wp:featuredmedia":[{"embeddable":true,"href":"https:\/\/franciscanos.org.br\/noticias\/wp-json\/wp\/v2\/media\/207256"}],"wp:attachment":[{"href":"https:\/\/franciscanos.org.br\/noticias\/wp-json\/wp\/v2\/media?parent=92379"}],"wp:term":[{"taxonomy":"category","embeddable":true,"href":"https:\/\/franciscanos.org.br\/noticias\/wp-json\/wp\/v2\/categories?post=92379"},{"taxonomy":"post_tag","embeddable":true,"href":"https:\/\/franciscanos.org.br\/noticias\/wp-json\/wp\/v2\/tags?post=92379"}],"curies":[{"name":"wp","href":"https:\/\/api.w.org\/{rel}","templated":true}]}}