{"id":92167,"date":"2015-08-10T13:31:21","date_gmt":"2015-08-10T16:31:21","guid":{"rendered":"http:\/\/franciscanos.org.br\/?p=92167"},"modified":"2020-06-10T13:42:46","modified_gmt":"2020-06-10T16:42:46","slug":"papa-institui-dia-mundial-de-oracao-pelo-cuidado-da-criacao","status":"publish","type":"post","link":"https:\/\/franciscanos.org.br\/noticias\/papa-institui-dia-mundial-de-oracao-pelo-cuidado-da-criacao.html","title":{"rendered":"Criado o &#8220;Dia Mundial de Ora\u00e7\u00e3o pelo Cuidado da Cria\u00e7\u00e3o&#8221;"},"content":{"rendered":"<p><img loading=\"lazy\" src=\"http:\/\/franciscanos.org.br\/wp-content\/uploads\/2015\/06\/papa-e-terra-2-820.jpg\" alt=\"papa-e-terra-2-820\" width=\"820\" height=\"431\" \/><\/p>\n<p><strong>Cidade do Vaticano<\/strong> \u2013 O Papa Francisco enviou uma carta ao Cardeal Peter Kodwo Appiah Turkson, Presidente do Pontif\u00edcio Conselho da Justi\u00e7a e da Paz e ao Cardeal Kurt Koch, Presidente do Pontif\u00edcio Conselho para a Promo\u00e7\u00e3o da Unidade dos Crist\u00e3os, na qual afirma que, compartilhando com o amado irm\u00e3o o Patriarca Ecum\u00eanico Bartolomeu as preocupa\u00e7\u00f5es pelo futuro da cria\u00e7\u00e3o e, acolhendo a sugest\u00e3o de seu representante, o Metropolita Ioannis de P\u00e9rgamo, que se pronunciou na apresenta\u00e7\u00e3o da Enc\u00edclica Laudato Si sobre o cuidado da casa comum, decidiu instituir tamb\u00e9m na Igreja Cat\u00f3lica o &#8220;Dia Mundial de Ora\u00e7\u00e3o pelo Cuidado da Cria\u00e7\u00e3o&#8221; que, a partir do ano corrente ser\u00e1 celebrado em 1\u00b0 de setembro \u2013 assim como j\u00e1 ocorre h\u00e1 tempos na Igreja Ortodoxa.<\/p>\n<p><a href=\"http:\/\/franciscanos.org.br\/?p=89065\"><strong>VEJA TAMB\u00c9M O ESPECIAL SOBRE A NOVA ENC\u00cdCLICA<\/strong><\/a><\/p>\n<p><strong>Motiva\u00e7\u00e3o<\/strong><br \/>\nComo crist\u00e3os, &#8211; escreve o Papa &#8211; queremos oferecer a nossa contribui\u00e7\u00e3o \u00e0 supera\u00e7\u00e3o da crise ecol\u00f3gica que a humanidade est\u00e1 vivendo. Por isto devemos, antes de tudo, buscar no nosso rico patrim\u00f4nio espiritual as motiva\u00e7\u00f5es que alimentam a paix\u00e3o pelo cuidado da cria\u00e7\u00e3o, recordando sempre que para os que creem em Jesus Cristo, Verbo de Deus que se fez homem por n\u00f3s, \u00aba espiritualidade n\u00e3o est\u00e1 desligada do pr\u00f3prio corpo nem da natureza ou das realidades deste mundo, mas vive com elas e nelas, em comunh\u00e3o com tudo o que nos rodeia\u00bb (ibid., 216).<\/p>\n<p>A crise ecol\u00f3gica \u2013 reafirma Francisco &#8211; nos chama, portanto, a uma profunda convers\u00e3o espiritual: os crist\u00e3os s\u00e3o chamados a uma \u00abconvers\u00e3o ecol\u00f3gica, que comporta deixar emergir, nas rela\u00e7\u00f5es com o mundo que os rodeia, todas as consequ\u00eancias do encontro com Jesus\u00bb (ibid., 217). De fato \u00abViver a voca\u00e7\u00e3o de guardi\u00f5es da obra de Deus n\u00e3o \u00e9 algo de opcional nem um aspecto secund\u00e1rio da experi\u00eancia crist\u00e3, mas parte essencial duma exist\u00eancia virtuosa\u00bb (ibid).<\/p>\n<p><strong>Protetores<\/strong><br \/>\nO Santo Padre destaca em seguida que o Dia Mundial de Ora\u00e7\u00e3o pelo Cuidado da Cria\u00e7\u00e3o, que ser\u00e1 celebrado todos os anos, oferecer\u00e1 aos fieis individualmente e \u00e0s comunidades a preciosa oportunidade de renovar a pessoal ades\u00e3o \u00e0 pr\u00f3pria voca\u00e7\u00e3o de cust\u00f3dios da cria\u00e7\u00e3o, elevando a Deus o agradecimento pela obra maravilhosa que Ele confiou ao nosso cuidado, invocando a sua ajuda para a prote\u00e7\u00e3o da cria\u00e7\u00e3o e a sua miseric\u00f3rdia pelos pecados cometidos contra o mundo em que vivemos. A celebra\u00e7\u00e3o do Dia, na mesma data, com a Igreja Ortodoxa, ser\u00e1 uma ocasi\u00e3o prof\u00edcua para testemunhar a nossa crescente comunh\u00e3o com os irm\u00e3os ortodoxos.<\/p>\n<p>O Papa Francisco recorda que vivemos em um tempo em que todos os crist\u00e3os enfrentam id\u00eanticos e importantes desafios, aos quais, para resultar mais cr\u00edveis e eficazes, devemos dar respostas comuns. Por isto, \u00e9 seu desejo que tal Dia possa envolver, em qualquer modo, tamb\u00e9m outras Igrejas e Comunidades eclesiais e ser celebrado em sintonia com as iniciativas que o Conselho Mundial de Igrejas promove sobre este tema.<\/p>\n<p><strong>Tarefas<\/strong><br \/>\nAo Cardeal Turkson, Presidente do Pontif\u00edcio Conselho da Justi\u00e7a e da Paz, o Santo Padre pede para levar ao conhecimento das Comiss\u00f5es Justi\u00e7a e Paz das Confer\u00eancias Episcopais, bem como dos Organismos nacionais e internacionais comprometidos no \u00e2mbito ecol\u00f3gico, a institui\u00e7\u00e3o do Dia Mundial de Ora\u00e7\u00e3o pelo Cuidado da Cria\u00e7\u00e3o, para que, em harmonia com as exig\u00eancias e as situa\u00e7\u00f5es locais, a celebra\u00e7\u00e3o seja devidamente organizada com a participa\u00e7\u00e3o de todo o Povo de Deus: sacerdotes, religiosos, religiosas e fieis leigos. Para este objetivo, ser\u00e1 de responsabilidade deste Dicast\u00e9rio, em colabora\u00e7\u00e3o com as Confer\u00eancias Episcopais, implementar oportunas iniciativas de promo\u00e7\u00e3o e de anima\u00e7\u00e3o, para que esta celebra\u00e7\u00e3o anual seja um momento forte de ora\u00e7\u00e3o, reflex\u00e3o, convers\u00e3o e uma oportunidade para assumir estilos de vida coerentes.<\/p>\n<p>J\u00e1 ao Cardeal Koch, Presidente do Pontif\u00edcio Conselho para a Promo\u00e7\u00e3o da Unidade dos Crist\u00e3os, pede para realizar os contatos necess\u00e1rios com o Patriarcado Ecum\u00eanico e com as outras realidades ecum\u00eanicas, para que tal Dia Mundial possa tornar-se sinal de um caminho percorrido conjuntamente por todos os que creem em Cristo. Ser\u00e1 responsabilidade, al\u00e9m disto, deste Dicast\u00e9rio, cuidar da coordena\u00e7\u00e3o com iniciativas similares tomadas pelo Conselho Mundial de Igrejas.<\/p>\n<p>Enquanto faz votos da mais ampla colabora\u00e7\u00e3o para o bom in\u00edcio e desenvolvimento do Dia Mundial de Ora\u00e7\u00e3o pelo Cuidado da Cria\u00e7\u00e3o, o Papa Francisco invoca a intercess\u00e3o da M\u00e3e de Deus, Maria Sant\u00edssima, e de S\u00e3o Francisco de Assis, cujo C\u00e2ntico das Criaturas inspira tantos homens e mulheres de boa vontade a viver no louvor do Criador e no respeito pela cria\u00e7\u00e3o.<\/p>\n","protected":false},"excerpt":{"rendered":"<p>Dia Mundial de Ora\u00e7\u00e3o pelo Cuidado da Cria\u00e7\u00e3o<\/p>\n","protected":false},"author":1,"featured_media":220456,"comment_status":"open","ping_status":"open","sticky":false,"template":"","format":"standard","meta":[],"categories":[1428],"tags":[1229],"acf":[],"yoast_head":"<!-- This site is optimized with the Yoast SEO plugin v19.2 - https:\/\/yoast.com\/wordpress\/plugins\/seo\/ -->\n<title>Criado o &quot;Dia Mundial de Ora\u00e7\u00e3o pelo Cuidado da Cria\u00e7\u00e3o&quot; - Not\u00edcias - Franciscanos<\/title>\n<meta name=\"robots\" content=\"index, follow, max-snippet:-1, max-image-preview:large, max-video-preview:-1\" \/>\n<link rel=\"canonical\" href=\"https:\/\/franciscanos.org.br\/noticias\/papa-institui-dia-mundial-de-oracao-pelo-cuidado-da-criacao.html\" \/>\n<meta property=\"og:locale\" content=\"pt_BR\" \/>\n<meta property=\"og:type\" content=\"article\" \/>\n<meta property=\"og:title\" content=\"Criado o &quot;Dia Mundial de Ora\u00e7\u00e3o pelo Cuidado da Cria\u00e7\u00e3o&quot; - Not\u00edcias - Franciscanos\" \/>\n<meta property=\"og:description\" content=\"Dia Mundial de Ora\u00e7\u00e3o pelo Cuidado da Cria\u00e7\u00e3o\" \/>\n<meta property=\"og:url\" content=\"https:\/\/franciscanos.org.br\/noticias\/papa-institui-dia-mundial-de-oracao-pelo-cuidado-da-criacao.html\" \/>\n<meta property=\"og:site_name\" content=\"Not\u00edcias - Franciscanos\" \/>\n<meta property=\"article:published_time\" content=\"2015-08-10T16:31:21+00:00\" \/>\n<meta property=\"article:modified_time\" content=\"2020-06-10T16:42:46+00:00\" \/>\n<meta property=\"og:image\" content=\"https:\/\/franciscanos.org.br\/noticias\/wp-content\/uploads\/2015\/08\/papa-e-terra-2-820.jpg\" \/>\n\t<meta property=\"og:image:width\" content=\"273\" \/>\n\t<meta property=\"og:image:height\" content=\"172\" \/>\n\t<meta property=\"og:image:type\" content=\"image\/jpeg\" \/>\n<meta name=\"author\" content=\"admin\" \/>\n<meta name=\"twitter:card\" content=\"summary_large_image\" \/>\n<meta name=\"twitter:label1\" content=\"Escrito por\" \/>\n\t<meta name=\"twitter:data1\" content=\"admin\" \/>\n\t<meta name=\"twitter:label2\" content=\"Est. tempo de leitura\" \/>\n\t<meta name=\"twitter:data2\" content=\"4 minutos\" \/>\n<script type=\"application\/ld+json\" class=\"yoast-schema-graph\">{\"@context\":\"https:\/\/schema.org\",\"@graph\":[{\"@type\":\"WebSite\",\"@id\":\"https:\/\/franciscanos.org.br\/noticias\/#website\",\"url\":\"https:\/\/franciscanos.org.br\/noticias\/\",\"name\":\"Not\u00edcias - Franciscanos\",\"description\":\"Prov\u00edncia Franciscana da Imaculada Concei\u00e7\u00e3o do Brasil - Ordem dos Frades Menores - OFM\",\"potentialAction\":[{\"@type\":\"SearchAction\",\"target\":{\"@type\":\"EntryPoint\",\"urlTemplate\":\"https:\/\/franciscanos.org.br\/noticias\/?s={search_term_string}\"},\"query-input\":\"required name=search_term_string\"}],\"inLanguage\":\"pt-BR\"},{\"@type\":\"ImageObject\",\"inLanguage\":\"pt-BR\",\"@id\":\"https:\/\/franciscanos.org.br\/noticias\/papa-institui-dia-mundial-de-oracao-pelo-cuidado-da-criacao.html#primaryimage\",\"url\":\"https:\/\/franciscanos.org.br\/noticias\/wp-content\/uploads\/2015\/08\/papa-e-terra-2-820.jpg\",\"contentUrl\":\"https:\/\/franciscanos.org.br\/noticias\/wp-content\/uploads\/2015\/08\/papa-e-terra-2-820.jpg\",\"width\":273,\"height\":172},{\"@type\":\"WebPage\",\"@id\":\"https:\/\/franciscanos.org.br\/noticias\/papa-institui-dia-mundial-de-oracao-pelo-cuidado-da-criacao.html#webpage\",\"url\":\"https:\/\/franciscanos.org.br\/noticias\/papa-institui-dia-mundial-de-oracao-pelo-cuidado-da-criacao.html\",\"name\":\"Criado o \\\"Dia Mundial de Ora\u00e7\u00e3o pelo Cuidado da Cria\u00e7\u00e3o\\\" - Not\u00edcias - Franciscanos\",\"isPartOf\":{\"@id\":\"https:\/\/franciscanos.org.br\/noticias\/#website\"},\"primaryImageOfPage\":{\"@id\":\"https:\/\/franciscanos.org.br\/noticias\/papa-institui-dia-mundial-de-oracao-pelo-cuidado-da-criacao.html#primaryimage\"},\"datePublished\":\"2015-08-10T16:31:21+00:00\",\"dateModified\":\"2020-06-10T16:42:46+00:00\",\"author\":{\"@id\":\"https:\/\/franciscanos.org.br\/noticias\/#\/schema\/person\/b38fbf43118f02820bd932f2e4b14ad3\"},\"breadcrumb\":{\"@id\":\"https:\/\/franciscanos.org.br\/noticias\/papa-institui-dia-mundial-de-oracao-pelo-cuidado-da-criacao.html#breadcrumb\"},\"inLanguage\":\"pt-BR\",\"potentialAction\":[{\"@type\":\"ReadAction\",\"target\":[\"https:\/\/franciscanos.org.br\/noticias\/papa-institui-dia-mundial-de-oracao-pelo-cuidado-da-criacao.html\"]}]},{\"@type\":\"BreadcrumbList\",\"@id\":\"https:\/\/franciscanos.org.br\/noticias\/papa-institui-dia-mundial-de-oracao-pelo-cuidado-da-criacao.html#breadcrumb\",\"itemListElement\":[{\"@type\":\"ListItem\",\"position\":1,\"name\":\"Home\",\"item\":\"https:\/\/franciscanos.org.br\/noticias\"},{\"@type\":\"ListItem\",\"position\":2,\"name\":\"Criado o &#8220;Dia Mundial de Ora\u00e7\u00e3o pelo Cuidado da Cria\u00e7\u00e3o&#8221;\"}]},{\"@type\":\"Person\",\"@id\":\"https:\/\/franciscanos.org.br\/noticias\/#\/schema\/person\/b38fbf43118f02820bd932f2e4b14ad3\",\"name\":\"admin\",\"image\":{\"@type\":\"ImageObject\",\"inLanguage\":\"pt-BR\",\"@id\":\"https:\/\/franciscanos.org.br\/noticias\/#\/schema\/person\/image\/\",\"url\":\"https:\/\/secure.gravatar.com\/avatar\/e8495742d34d0ba6448ea1c628263b3e?s=96&d=mm&r=g\",\"contentUrl\":\"https:\/\/secure.gravatar.com\/avatar\/e8495742d34d0ba6448ea1c628263b3e?s=96&d=mm&r=g\",\"caption\":\"admin\"},\"url\":\"https:\/\/franciscanos.org.br\/noticias\/author\/admin\"}]}<\/script>\n<!-- \/ Yoast SEO plugin. -->","yoast_head_json":{"title":"Criado o \"Dia Mundial de Ora\u00e7\u00e3o pelo Cuidado da Cria\u00e7\u00e3o\" - Not\u00edcias - Franciscanos","robots":{"index":"index","follow":"follow","max-snippet":"max-snippet:-1","max-image-preview":"max-image-preview:large","max-video-preview":"max-video-preview:-1"},"canonical":"https:\/\/franciscanos.org.br\/noticias\/papa-institui-dia-mundial-de-oracao-pelo-cuidado-da-criacao.html","og_locale":"pt_BR","og_type":"article","og_title":"Criado o \"Dia Mundial de Ora\u00e7\u00e3o pelo Cuidado da Cria\u00e7\u00e3o\" - Not\u00edcias - Franciscanos","og_description":"Dia Mundial de Ora\u00e7\u00e3o pelo Cuidado da Cria\u00e7\u00e3o","og_url":"https:\/\/franciscanos.org.br\/noticias\/papa-institui-dia-mundial-de-oracao-pelo-cuidado-da-criacao.html","og_site_name":"Not\u00edcias - Franciscanos","article_published_time":"2015-08-10T16:31:21+00:00","article_modified_time":"2020-06-10T16:42:46+00:00","og_image":[{"width":273,"height":172,"url":"https:\/\/franciscanos.org.br\/noticias\/wp-content\/uploads\/2015\/08\/papa-e-terra-2-820.jpg","type":"image\/jpeg"}],"author":"admin","twitter_card":"summary_large_image","twitter_misc":{"Escrito por":"admin","Est. tempo de leitura":"4 minutos"},"schema":{"@context":"https:\/\/schema.org","@graph":[{"@type":"WebSite","@id":"https:\/\/franciscanos.org.br\/noticias\/#website","url":"https:\/\/franciscanos.org.br\/noticias\/","name":"Not\u00edcias - Franciscanos","description":"Prov\u00edncia Franciscana da Imaculada Concei\u00e7\u00e3o do Brasil - Ordem dos Frades Menores - OFM","potentialAction":[{"@type":"SearchAction","target":{"@type":"EntryPoint","urlTemplate":"https:\/\/franciscanos.org.br\/noticias\/?s={search_term_string}"},"query-input":"required name=search_term_string"}],"inLanguage":"pt-BR"},{"@type":"ImageObject","inLanguage":"pt-BR","@id":"https:\/\/franciscanos.org.br\/noticias\/papa-institui-dia-mundial-de-oracao-pelo-cuidado-da-criacao.html#primaryimage","url":"https:\/\/franciscanos.org.br\/noticias\/wp-content\/uploads\/2015\/08\/papa-e-terra-2-820.jpg","contentUrl":"https:\/\/franciscanos.org.br\/noticias\/wp-content\/uploads\/2015\/08\/papa-e-terra-2-820.jpg","width":273,"height":172},{"@type":"WebPage","@id":"https:\/\/franciscanos.org.br\/noticias\/papa-institui-dia-mundial-de-oracao-pelo-cuidado-da-criacao.html#webpage","url":"https:\/\/franciscanos.org.br\/noticias\/papa-institui-dia-mundial-de-oracao-pelo-cuidado-da-criacao.html","name":"Criado o \"Dia Mundial de Ora\u00e7\u00e3o pelo Cuidado da Cria\u00e7\u00e3o\" - Not\u00edcias - Franciscanos","isPartOf":{"@id":"https:\/\/franciscanos.org.br\/noticias\/#website"},"primaryImageOfPage":{"@id":"https:\/\/franciscanos.org.br\/noticias\/papa-institui-dia-mundial-de-oracao-pelo-cuidado-da-criacao.html#primaryimage"},"datePublished":"2015-08-10T16:31:21+00:00","dateModified":"2020-06-10T16:42:46+00:00","author":{"@id":"https:\/\/franciscanos.org.br\/noticias\/#\/schema\/person\/b38fbf43118f02820bd932f2e4b14ad3"},"breadcrumb":{"@id":"https:\/\/franciscanos.org.br\/noticias\/papa-institui-dia-mundial-de-oracao-pelo-cuidado-da-criacao.html#breadcrumb"},"inLanguage":"pt-BR","potentialAction":[{"@type":"ReadAction","target":["https:\/\/franciscanos.org.br\/noticias\/papa-institui-dia-mundial-de-oracao-pelo-cuidado-da-criacao.html"]}]},{"@type":"BreadcrumbList","@id":"https:\/\/franciscanos.org.br\/noticias\/papa-institui-dia-mundial-de-oracao-pelo-cuidado-da-criacao.html#breadcrumb","itemListElement":[{"@type":"ListItem","position":1,"name":"Home","item":"https:\/\/franciscanos.org.br\/noticias"},{"@type":"ListItem","position":2,"name":"Criado o &#8220;Dia Mundial de Ora\u00e7\u00e3o pelo Cuidado da Cria\u00e7\u00e3o&#8221;"}]},{"@type":"Person","@id":"https:\/\/franciscanos.org.br\/noticias\/#\/schema\/person\/b38fbf43118f02820bd932f2e4b14ad3","name":"admin","image":{"@type":"ImageObject","inLanguage":"pt-BR","@id":"https:\/\/franciscanos.org.br\/noticias\/#\/schema\/person\/image\/","url":"https:\/\/secure.gravatar.com\/avatar\/e8495742d34d0ba6448ea1c628263b3e?s=96&d=mm&r=g","contentUrl":"https:\/\/secure.gravatar.com\/avatar\/e8495742d34d0ba6448ea1c628263b3e?s=96&d=mm&r=g","caption":"admin"},"url":"https:\/\/franciscanos.org.br\/noticias\/author\/admin"}]}},"_links":{"self":[{"href":"https:\/\/franciscanos.org.br\/noticias\/wp-json\/wp\/v2\/posts\/92167"}],"collection":[{"href":"https:\/\/franciscanos.org.br\/noticias\/wp-json\/wp\/v2\/posts"}],"about":[{"href":"https:\/\/franciscanos.org.br\/noticias\/wp-json\/wp\/v2\/types\/post"}],"author":[{"embeddable":true,"href":"https:\/\/franciscanos.org.br\/noticias\/wp-json\/wp\/v2\/users\/1"}],"replies":[{"embeddable":true,"href":"https:\/\/franciscanos.org.br\/noticias\/wp-json\/wp\/v2\/comments?post=92167"}],"version-history":[{"count":1,"href":"https:\/\/franciscanos.org.br\/noticias\/wp-json\/wp\/v2\/posts\/92167\/revisions"}],"predecessor-version":[{"id":225974,"href":"https:\/\/franciscanos.org.br\/noticias\/wp-json\/wp\/v2\/posts\/92167\/revisions\/225974"}],"wp:featuredmedia":[{"embeddable":true,"href":"https:\/\/franciscanos.org.br\/noticias\/wp-json\/wp\/v2\/media\/220456"}],"wp:attachment":[{"href":"https:\/\/franciscanos.org.br\/noticias\/wp-json\/wp\/v2\/media?parent=92167"}],"wp:term":[{"taxonomy":"category","embeddable":true,"href":"https:\/\/franciscanos.org.br\/noticias\/wp-json\/wp\/v2\/categories?post=92167"},{"taxonomy":"post_tag","embeddable":true,"href":"https:\/\/franciscanos.org.br\/noticias\/wp-json\/wp\/v2\/tags?post=92167"}],"curies":[{"name":"wp","href":"https:\/\/api.w.org\/{rel}","templated":true}]}}