{"id":91924,"date":"2015-08-07T11:26:18","date_gmt":"2015-08-07T14:26:18","guid":{"rendered":"http:\/\/franciscanos.org.br\/?p=91924"},"modified":"2019-08-06T13:37:51","modified_gmt":"2019-08-06T16:37:51","slug":"alunos-da-usf-promovem-acoes-solidarias-durante-todo-o-semestre","status":"publish","type":"post","link":"https:\/\/franciscanos.org.br\/noticias\/alunos-da-usf-promovem-acoes-solidarias-durante-todo-o-semestre.html","title":{"rendered":"Alunos  promovem a\u00e7\u00f5es solid\u00e1rias durante o semestre"},"content":{"rendered":"<p><img loading=\"lazy\" src=\"http:\/\/franciscanos.org.br\/wp-content\/uploads\/2015\/08\/alto21.jpg\" alt=\"alto2\" width=\"820\" height=\"418\" \/><\/p>\n<p><strong>Ana Paula Moreira<\/strong><\/p>\n<p>A miss\u00e3o franciscana est\u00e1 presente na rotina dos alunos da Universidade S\u00e3o Francisco (USF) seja na realiza\u00e7\u00e3o de atividades pr\u00e1ticas, que agreguem conhecimento e solidariedade ou em a\u00e7\u00f5es de apoio a comunidade. O 1\u00ba semestre de 2015 foi marcado por atividades desenvolvidas por alunos e docentes de diferentes cursos, que promoveram a fraternidade.<\/p>\n<p>O semestre teve in\u00edcio com a programa\u00e7\u00e3o de Acolhida aos Calouros, que visa integrar os novos alunos. No Campus Bragan\u00e7a Paulista, a Pastoral Universit\u00e1ria firmou uma parceria com a Associa\u00e7\u00e3o Bragantina de Combate ao C\u00e2ncer (ABCC). Calouros, veteranos, colaboradores, al\u00e9m da comunidade externa puderam doar cabelos para a confec\u00e7\u00e3o de perucas. No total, 70 participantes doaram cabelos e 10 cabeleireiros atuaram voluntariamente na realiza\u00e7\u00e3o dos cortes.<\/p>\n<p><a href=\"http:\/\/franciscanos.org.br\/wp-content\/uploads\/2015\/08\/interna2.jpg\"><img loading=\"lazy\" class=\"alignleft wp-image-91927 size-full\" src=\"http:\/\/franciscanos.org.br\/wp-content\/uploads\/2015\/08\/interna2.jpg\" alt=\"interna2\" width=\"450\" height=\"383\" \/><\/a>Para a disciplina Mecanismos de Estudos Sist\u00eamicos (MES) aplicada aos alunos dos Cursos de Tecnologia em Log\u00edstica, Processos Gerenciais e Gest\u00e3o da Qualidade, foi desenvolvido o projeto M\u00e3ezinhas do Cora\u00e7\u00e3o, realizado no m\u00eas de maio. Com o apoio dos alunos dos Cursos de Engenharia da Produ\u00e7\u00e3o, Engenharia Civil, Administra\u00e7\u00e3o, Cont\u00e1beis, Farm\u00e1cia, Enfermagem, Fisioterapia e Odontologia, cerca de 130 alunos da USF visitaram a Vila S\u00e3o Vicente de Paula, que atende 79 idosos, na cidade de Bragan\u00e7a Paulista.<\/p>\n<p>O objetivo do projeto M\u00e3ezinhas do Cora\u00e7\u00e3o foi comemorar junto \u00e0s mulheres que residem no asilo o m\u00eas das m\u00e3es. Foi promovido um dia com v\u00e1rias atividades, entre elas o oferecimento de massagens, medi\u00e7\u00e3o dos \u00edndices de glicemia e aferi\u00e7\u00e3o da press\u00e3o arterial dos moradores. Tamb\u00e9m foi realizada a apresenta\u00e7\u00e3o de m\u00fasica ao vivo e em seguida, ocorreu a entrega de presentes para todos os internos. Tamb\u00e9m foram arrecadados produtos de higiene pessoal.<\/p>\n<p><a href=\"http:\/\/franciscanos.org.br\/wp-content\/uploads\/2015\/08\/interna1.jpg\"><img loading=\"lazy\" class=\"alignright size-full wp-image-91928\" src=\"http:\/\/franciscanos.org.br\/wp-content\/uploads\/2015\/08\/interna1.jpg\" alt=\"interna1\" width=\"450\" height=\"331\" \/><\/a>Para a aluna do 1\u00ba semestre do Curso de Tecnologia em Processos Gerenciais, Diandra Maniezzo, a atividade foi um momento importante de aprendizado. \u201cN\u00e3o h\u00e1 palavras que eu possa expressar, cada olhar cada sorriso, cada abra\u00e7o. Foi um aprendizado muito significante que pude presenciar no Asilo S\u00e3o Vicente de Paula. Foram momentos valiosos\u201d, afirmou a aluna.<\/p>\n<p>O projeto Cuidar Faz Bem, que busca a conscientiza\u00e7\u00e3o da popula\u00e7\u00e3o em rela\u00e7\u00e3o aos aspectos da sa\u00fade e da cidadania promoveu uma s\u00e9rie de a\u00e7\u00f5es, no m\u00eas de maio, no Campus Campinas (Unidade Swift). Os alunos do 1\u00ba semestre de Farm\u00e1cia foram divididos em grupos respons\u00e1veis por montar espa\u00e7os que pudessem atender a popula\u00e7\u00e3o e esclarecer d\u00favidas.<\/p>\n<p>Foram abordados os seguintes temas: dengue, H1N1, diabetes, c\u00e2ncer de mama, c\u00e2ncer de pr\u00f3stata, obesidade e Doen\u00e7as Sexualmente Transmiss\u00edveis (DST). Tamb\u00e9m foi poss\u00edvel fazer a aferi\u00e7\u00e3o da press\u00e3o arterial, avalia\u00e7\u00e3o do \u00cdndice de Massa Corporal (IMC) e teste de glicemia.<\/p>\n<p>Os alunos do Curso de Odontologia, do Campus Bragan\u00e7a Paulista levaram a popula\u00e7\u00e3o local momentos de lazer, descontra\u00e7\u00e3o e tamb\u00e9m presta\u00e7\u00e3o de servi\u00e7os e orienta\u00e7\u00f5es durante o Projeto A\u00e7\u00e3o Total, desenvolvido pelo Conselho dos Minist\u00e9rios Evang\u00e9licos da cidade (Comebrag), em parceria com a Prefeitura de Bragan\u00e7a. No total foram atendidas cerca de 10 mil pessoas. Durante o evento os alunos da USF colaboraram com a presta\u00e7\u00e3o de servi\u00e7os de sa\u00fade bucal, proporcionando a adultos e crian\u00e7as orienta\u00e7\u00e3o de higiene bucal e preven\u00e7\u00e3o do c\u00e2ncer de boca.<\/p>\n<p>No Curso de Medicina, os alunos desenvolvem durante toda a gradua\u00e7\u00e3o a\u00e7\u00f5es de apoio a comunidade, como a 9\u00aa Edi\u00e7\u00e3o do Projeto Se Liga na Sa\u00fade, da cidade de Vargem, em S\u00e3o Paulo. O evento reuniu 246 alunos, que sob orienta\u00e7\u00e3o dos m\u00e9dicos V\u00edtor Piquera e Alexandre Angione, realizaram a\u00e7\u00f5es de promo\u00e7\u00e3o da sa\u00fade e preven\u00e7\u00e3o de doen\u00e7as para a popula\u00e7\u00e3o.<\/p>\n<p>O evento beneficiou cerca de 200 pessoas, que tiveram acesso \u00e0 triagem, aferi\u00e7\u00e3o de press\u00e3o arterial, dosagem de glicemia e ao Teste de Vis\u00e3o. Al\u00e9m disso, a popula\u00e7\u00e3o foi conscientizada a respeito dos mais diversos tipos de patologias, como c\u00e2ncer de mama, c\u00e2ncer de pele, c\u00e2ncer colorretal e doen\u00e7as vasculares. Os beneficiados tamb\u00e9m puderam se informar a respeito da doa\u00e7\u00e3o de \u00f3rg\u00e3os, de dietas balanceadas para crian\u00e7as e aprender a realizar a manobra de Reanima\u00e7\u00e3o Cardiopulmonar.<\/p>\n<p><a href=\"http:\/\/franciscanos.org.br\/wp-content\/uploads\/2015\/08\/interna3.jpg\"><img loading=\"lazy\" class=\"alignleft size-full wp-image-91929\" src=\"http:\/\/franciscanos.org.br\/wp-content\/uploads\/2015\/08\/interna3.jpg\" alt=\"interna3\" width=\"450\" height=\"300\" \/><\/a>Para a aluna do curso de Medicina e Presidente do Centro Acad\u00eamico Rolando Tenuto (Gest\u00e3o 2014-2015), Maria Thereza Barsotti Badari, o projeto contribui para a preven\u00e7\u00e3o e a promo\u00e7\u00e3o da sa\u00fade, al\u00e9m de contribuir para a forma\u00e7\u00e3o do aluno de Medicina. \u201cTem grande import\u00e2ncia para os acad\u00eamicos de Medicina, pois provoca uma discuss\u00e3o a respeito da amplitude e complexidade do conceito de sa\u00fade, al\u00e9m de estimular uma rela\u00e7\u00e3o mais humana dos futuros profissionais com seus pacientes\u201d, afirmou Maria Thereza.<\/p>\n<p>Para os alunos de Fisioterapia o contato com a comunidade e a realiza\u00e7\u00e3o de a\u00e7\u00f5es que promovam o bem-estar \u00e9 essencial para um ensino diferenciado. Ao longo de todo o semestre foram feitas uma s\u00e9rie de atividades. Entre elas est\u00e1 a a\u00e7\u00e3o desenvolvida para a disciplina \u201cEst\u00e1gio Supervisionado em Sa\u00fade da Crian\u00e7a\u201d, ministrada pela professora Carolina C. Oliveira, realizada nas escolas de ensino fundamental, em creches e orfanatos.<\/p>\n<p>Durante todo o m\u00eas, os alunos avaliaram o desenvolvimento neuropsicomotor e aspectos sens\u00f3rio-motores nos lactentes e crian\u00e7as residentes no Abrigo \u201cCasa da Ben\u00e7\u00e3o\u201d. O objetivo foi realizar uma triagem para identificar sinais de comprometimento e encaminhar para atendimento espec\u00edfico. Foram atendidas em torno de 15 crian\u00e7as. \u201cEsta viv\u00eancia pr\u00e1tica enriqueceu o aprendizado acad\u00eamico dos alunos, colocando-os em contato com situa\u00e7\u00f5es diferentes das vividas na Cl\u00ednica de Fisioterapia Escola da USF\u201d, afirmou a coordenadora do Curso de Fisioterapia da USF, professora Patr\u00edcia Teixeira da Costa.<\/p>\n<p>Para a disciplina Est\u00e1gio Supervisionado em Sa\u00fade da Crian\u00e7a, os alunos participaram de atividades pr\u00e1ticas no \u201cCentro de Equoterapia P\u00e9 de Pano\u201d, de Bragan\u00e7a Paulista. Os alunos do \u00faltimo semestre do Curso de Fisioterapia, sob a supervis\u00e3o da professora Carolina Camargo de Oliveira, especialista em Fisioterapia em Neuropediatria e da coordenadora do Curso, professora Patr\u00edcia Teixeira Costa, realizaram uma viv\u00eancia pr\u00e1tica na Institui\u00e7\u00e3o, que recebe crian\u00e7as com necessidades especiais. Durante a atividade, al\u00e9m de acompanhar atendimentos a pacientes com diferentes disfun\u00e7\u00f5es neurol\u00f3gicas e psiqui\u00e1tricas, os alunos tiveram a oportunidade de experimentar algumas condutas como praticantes (como s\u00e3o chamados os pacientes na Equoterapia), montando a cavalo e executando exerc\u00edcios simples, propostos pelos profissionais do Centro.<\/p>\n<p><img loading=\"lazy\" src=\"http:\/\/franciscanos.org.br\/wp-content\/uploads\/2015\/08\/alto31.jpg\" alt=\"alto3\" width=\"820\" height=\"312\" \/><\/p>\n<p><strong>Conhe\u00e7a a USF<\/strong><\/p>\n<p>A Universidade S\u00e3o Francisco (USF) \u00e9 uma institui\u00e7\u00e3o de ensino superior, sem fins lucrativos, mantida pela Prov\u00edncia Franciscana da Imaculada Concei\u00e7\u00e3o do Brasil, que tem presen\u00e7a secular no ensino e est\u00e1 presente nos estados de Paran\u00e1, Rio de Janeiro, Santa Catarina, Rio Grande do Sul e S\u00e3o Paulo. A USF tem 39 anos de tradi\u00e7\u00e3o e mais de 10 mil alunos matriculados. Presente nas cidades de Bragan\u00e7a Paulista, Campinas, Itatiba e S\u00e3o Paulo, oferece estrutura completa para mais de 40 cursos de gradua\u00e7\u00e3o e 30 de p\u00f3s-gradua\u00e7\u00e3o, incluindo tr\u00eas programas Stricto Sensu. Os alunos da institui\u00e7\u00e3o contam ainda com o N\u00facleo de Empregabilidade e Empreendedorismo e o N\u00facleo de Rela\u00e7\u00f5es Internacionais, que promovem forma\u00e7\u00e3o profissional e interc\u00e2mbio estudantil por meio de parcerias com universidades estrangeiras. Sendo uma Institui\u00e7\u00e3o de Ensino Superior (IES) Confessional e Comunit\u00e1ria \u00e9 inspirada no lema \u201cEduca\u00e7\u00e3o para a Paz\u201d e movida pelo seu Patrono, S\u00e3o Francisco de Assis, tem como miss\u00e3o a produ\u00e7\u00e3o e a difus\u00e3o de conhecimento, da fraternidade e da solidariedade.\u00a0Informa\u00e7\u00f5es no site: usf.edu.br<\/p>\n<p>&nbsp;<\/p>\n","protected":false},"excerpt":{"rendered":"<p>USF<\/p>\n","protected":false},"author":1,"featured_media":208973,"comment_status":"open","ping_status":"open","sticky":false,"template":"","format":"standard","meta":[],"categories":[1],"tags":[],"acf":[],"yoast_head":"<!-- This site is optimized with the Yoast SEO plugin v19.2 - https:\/\/yoast.com\/wordpress\/plugins\/seo\/ -->\n<title>Alunos promovem a\u00e7\u00f5es solid\u00e1rias durante o semestre - Not\u00edcias - Franciscanos<\/title>\n<meta name=\"robots\" content=\"index, follow, max-snippet:-1, max-image-preview:large, max-video-preview:-1\" \/>\n<link rel=\"canonical\" href=\"https:\/\/franciscanos.org.br\/noticias\/alunos-da-usf-promovem-acoes-solidarias-durante-todo-o-semestre.html\" \/>\n<meta property=\"og:locale\" content=\"pt_BR\" \/>\n<meta property=\"og:type\" content=\"article\" \/>\n<meta property=\"og:title\" content=\"Alunos promovem a\u00e7\u00f5es solid\u00e1rias durante o semestre - Not\u00edcias - Franciscanos\" \/>\n<meta property=\"og:description\" content=\"USF\" \/>\n<meta property=\"og:url\" content=\"https:\/\/franciscanos.org.br\/noticias\/alunos-da-usf-promovem-acoes-solidarias-durante-todo-o-semestre.html\" \/>\n<meta property=\"og:site_name\" content=\"Not\u00edcias - Franciscanos\" \/>\n<meta property=\"article:published_time\" content=\"2015-08-07T14:26:18+00:00\" \/>\n<meta property=\"article:modified_time\" content=\"2019-08-06T16:37:51+00:00\" \/>\n<meta property=\"og:image\" content=\"https:\/\/franciscanos.org.br\/noticias\/wp-content\/uploads\/2015\/08\/alto21.jpg\" \/>\n\t<meta property=\"og:image:width\" content=\"273\" \/>\n\t<meta property=\"og:image:height\" content=\"181\" \/>\n\t<meta property=\"og:image:type\" content=\"image\/jpeg\" \/>\n<meta name=\"author\" content=\"admin\" \/>\n<meta name=\"twitter:card\" content=\"summary_large_image\" \/>\n<meta name=\"twitter:label1\" content=\"Escrito por\" \/>\n\t<meta name=\"twitter:data1\" content=\"admin\" \/>\n\t<meta name=\"twitter:label2\" content=\"Est. tempo de leitura\" \/>\n\t<meta name=\"twitter:data2\" content=\"7 minutos\" \/>\n<script type=\"application\/ld+json\" class=\"yoast-schema-graph\">{\"@context\":\"https:\/\/schema.org\",\"@graph\":[{\"@type\":\"WebSite\",\"@id\":\"https:\/\/franciscanos.org.br\/noticias\/#website\",\"url\":\"https:\/\/franciscanos.org.br\/noticias\/\",\"name\":\"Not\u00edcias - Franciscanos\",\"description\":\"Prov\u00edncia Franciscana da Imaculada Concei\u00e7\u00e3o do Brasil - Ordem dos Frades Menores - OFM\",\"potentialAction\":[{\"@type\":\"SearchAction\",\"target\":{\"@type\":\"EntryPoint\",\"urlTemplate\":\"https:\/\/franciscanos.org.br\/noticias\/?s={search_term_string}\"},\"query-input\":\"required name=search_term_string\"}],\"inLanguage\":\"pt-BR\"},{\"@type\":\"ImageObject\",\"inLanguage\":\"pt-BR\",\"@id\":\"https:\/\/franciscanos.org.br\/noticias\/alunos-da-usf-promovem-acoes-solidarias-durante-todo-o-semestre.html#primaryimage\",\"url\":\"https:\/\/franciscanos.org.br\/noticias\/wp-content\/uploads\/2015\/08\/alto21.jpg\",\"contentUrl\":\"https:\/\/franciscanos.org.br\/noticias\/wp-content\/uploads\/2015\/08\/alto21.jpg\",\"width\":273,\"height\":181},{\"@type\":\"WebPage\",\"@id\":\"https:\/\/franciscanos.org.br\/noticias\/alunos-da-usf-promovem-acoes-solidarias-durante-todo-o-semestre.html#webpage\",\"url\":\"https:\/\/franciscanos.org.br\/noticias\/alunos-da-usf-promovem-acoes-solidarias-durante-todo-o-semestre.html\",\"name\":\"Alunos promovem a\u00e7\u00f5es solid\u00e1rias durante o semestre - Not\u00edcias - Franciscanos\",\"isPartOf\":{\"@id\":\"https:\/\/franciscanos.org.br\/noticias\/#website\"},\"primaryImageOfPage\":{\"@id\":\"https:\/\/franciscanos.org.br\/noticias\/alunos-da-usf-promovem-acoes-solidarias-durante-todo-o-semestre.html#primaryimage\"},\"datePublished\":\"2015-08-07T14:26:18+00:00\",\"dateModified\":\"2019-08-06T16:37:51+00:00\",\"author\":{\"@id\":\"https:\/\/franciscanos.org.br\/noticias\/#\/schema\/person\/b38fbf43118f02820bd932f2e4b14ad3\"},\"breadcrumb\":{\"@id\":\"https:\/\/franciscanos.org.br\/noticias\/alunos-da-usf-promovem-acoes-solidarias-durante-todo-o-semestre.html#breadcrumb\"},\"inLanguage\":\"pt-BR\",\"potentialAction\":[{\"@type\":\"ReadAction\",\"target\":[\"https:\/\/franciscanos.org.br\/noticias\/alunos-da-usf-promovem-acoes-solidarias-durante-todo-o-semestre.html\"]}]},{\"@type\":\"BreadcrumbList\",\"@id\":\"https:\/\/franciscanos.org.br\/noticias\/alunos-da-usf-promovem-acoes-solidarias-durante-todo-o-semestre.html#breadcrumb\",\"itemListElement\":[{\"@type\":\"ListItem\",\"position\":1,\"name\":\"Home\",\"item\":\"https:\/\/franciscanos.org.br\/noticias\"},{\"@type\":\"ListItem\",\"position\":2,\"name\":\"Alunos promovem a\u00e7\u00f5es solid\u00e1rias durante o semestre\"}]},{\"@type\":\"Person\",\"@id\":\"https:\/\/franciscanos.org.br\/noticias\/#\/schema\/person\/b38fbf43118f02820bd932f2e4b14ad3\",\"name\":\"admin\",\"image\":{\"@type\":\"ImageObject\",\"inLanguage\":\"pt-BR\",\"@id\":\"https:\/\/franciscanos.org.br\/noticias\/#\/schema\/person\/image\/\",\"url\":\"https:\/\/secure.gravatar.com\/avatar\/e8495742d34d0ba6448ea1c628263b3e?s=96&d=mm&r=g\",\"contentUrl\":\"https:\/\/secure.gravatar.com\/avatar\/e8495742d34d0ba6448ea1c628263b3e?s=96&d=mm&r=g\",\"caption\":\"admin\"},\"url\":\"https:\/\/franciscanos.org.br\/noticias\/author\/admin\"}]}<\/script>\n<!-- \/ Yoast SEO plugin. -->","yoast_head_json":{"title":"Alunos promovem a\u00e7\u00f5es solid\u00e1rias durante o semestre - Not\u00edcias - Franciscanos","robots":{"index":"index","follow":"follow","max-snippet":"max-snippet:-1","max-image-preview":"max-image-preview:large","max-video-preview":"max-video-preview:-1"},"canonical":"https:\/\/franciscanos.org.br\/noticias\/alunos-da-usf-promovem-acoes-solidarias-durante-todo-o-semestre.html","og_locale":"pt_BR","og_type":"article","og_title":"Alunos promovem a\u00e7\u00f5es solid\u00e1rias durante o semestre - Not\u00edcias - Franciscanos","og_description":"USF","og_url":"https:\/\/franciscanos.org.br\/noticias\/alunos-da-usf-promovem-acoes-solidarias-durante-todo-o-semestre.html","og_site_name":"Not\u00edcias - Franciscanos","article_published_time":"2015-08-07T14:26:18+00:00","article_modified_time":"2019-08-06T16:37:51+00:00","og_image":[{"width":273,"height":181,"url":"https:\/\/franciscanos.org.br\/noticias\/wp-content\/uploads\/2015\/08\/alto21.jpg","type":"image\/jpeg"}],"author":"admin","twitter_card":"summary_large_image","twitter_misc":{"Escrito por":"admin","Est. tempo de leitura":"7 minutos"},"schema":{"@context":"https:\/\/schema.org","@graph":[{"@type":"WebSite","@id":"https:\/\/franciscanos.org.br\/noticias\/#website","url":"https:\/\/franciscanos.org.br\/noticias\/","name":"Not\u00edcias - Franciscanos","description":"Prov\u00edncia Franciscana da Imaculada Concei\u00e7\u00e3o do Brasil - Ordem dos Frades Menores - OFM","potentialAction":[{"@type":"SearchAction","target":{"@type":"EntryPoint","urlTemplate":"https:\/\/franciscanos.org.br\/noticias\/?s={search_term_string}"},"query-input":"required name=search_term_string"}],"inLanguage":"pt-BR"},{"@type":"ImageObject","inLanguage":"pt-BR","@id":"https:\/\/franciscanos.org.br\/noticias\/alunos-da-usf-promovem-acoes-solidarias-durante-todo-o-semestre.html#primaryimage","url":"https:\/\/franciscanos.org.br\/noticias\/wp-content\/uploads\/2015\/08\/alto21.jpg","contentUrl":"https:\/\/franciscanos.org.br\/noticias\/wp-content\/uploads\/2015\/08\/alto21.jpg","width":273,"height":181},{"@type":"WebPage","@id":"https:\/\/franciscanos.org.br\/noticias\/alunos-da-usf-promovem-acoes-solidarias-durante-todo-o-semestre.html#webpage","url":"https:\/\/franciscanos.org.br\/noticias\/alunos-da-usf-promovem-acoes-solidarias-durante-todo-o-semestre.html","name":"Alunos promovem a\u00e7\u00f5es solid\u00e1rias durante o semestre - Not\u00edcias - Franciscanos","isPartOf":{"@id":"https:\/\/franciscanos.org.br\/noticias\/#website"},"primaryImageOfPage":{"@id":"https:\/\/franciscanos.org.br\/noticias\/alunos-da-usf-promovem-acoes-solidarias-durante-todo-o-semestre.html#primaryimage"},"datePublished":"2015-08-07T14:26:18+00:00","dateModified":"2019-08-06T16:37:51+00:00","author":{"@id":"https:\/\/franciscanos.org.br\/noticias\/#\/schema\/person\/b38fbf43118f02820bd932f2e4b14ad3"},"breadcrumb":{"@id":"https:\/\/franciscanos.org.br\/noticias\/alunos-da-usf-promovem-acoes-solidarias-durante-todo-o-semestre.html#breadcrumb"},"inLanguage":"pt-BR","potentialAction":[{"@type":"ReadAction","target":["https:\/\/franciscanos.org.br\/noticias\/alunos-da-usf-promovem-acoes-solidarias-durante-todo-o-semestre.html"]}]},{"@type":"BreadcrumbList","@id":"https:\/\/franciscanos.org.br\/noticias\/alunos-da-usf-promovem-acoes-solidarias-durante-todo-o-semestre.html#breadcrumb","itemListElement":[{"@type":"ListItem","position":1,"name":"Home","item":"https:\/\/franciscanos.org.br\/noticias"},{"@type":"ListItem","position":2,"name":"Alunos promovem a\u00e7\u00f5es solid\u00e1rias durante o semestre"}]},{"@type":"Person","@id":"https:\/\/franciscanos.org.br\/noticias\/#\/schema\/person\/b38fbf43118f02820bd932f2e4b14ad3","name":"admin","image":{"@type":"ImageObject","inLanguage":"pt-BR","@id":"https:\/\/franciscanos.org.br\/noticias\/#\/schema\/person\/image\/","url":"https:\/\/secure.gravatar.com\/avatar\/e8495742d34d0ba6448ea1c628263b3e?s=96&d=mm&r=g","contentUrl":"https:\/\/secure.gravatar.com\/avatar\/e8495742d34d0ba6448ea1c628263b3e?s=96&d=mm&r=g","caption":"admin"},"url":"https:\/\/franciscanos.org.br\/noticias\/author\/admin"}]}},"_links":{"self":[{"href":"https:\/\/franciscanos.org.br\/noticias\/wp-json\/wp\/v2\/posts\/91924"}],"collection":[{"href":"https:\/\/franciscanos.org.br\/noticias\/wp-json\/wp\/v2\/posts"}],"about":[{"href":"https:\/\/franciscanos.org.br\/noticias\/wp-json\/wp\/v2\/types\/post"}],"author":[{"embeddable":true,"href":"https:\/\/franciscanos.org.br\/noticias\/wp-json\/wp\/v2\/users\/1"}],"replies":[{"embeddable":true,"href":"https:\/\/franciscanos.org.br\/noticias\/wp-json\/wp\/v2\/comments?post=91924"}],"version-history":[{"count":0,"href":"https:\/\/franciscanos.org.br\/noticias\/wp-json\/wp\/v2\/posts\/91924\/revisions"}],"wp:featuredmedia":[{"embeddable":true,"href":"https:\/\/franciscanos.org.br\/noticias\/wp-json\/wp\/v2\/media\/208973"}],"wp:attachment":[{"href":"https:\/\/franciscanos.org.br\/noticias\/wp-json\/wp\/v2\/media?parent=91924"}],"wp:term":[{"taxonomy":"category","embeddable":true,"href":"https:\/\/franciscanos.org.br\/noticias\/wp-json\/wp\/v2\/categories?post=91924"},{"taxonomy":"post_tag","embeddable":true,"href":"https:\/\/franciscanos.org.br\/noticias\/wp-json\/wp\/v2\/tags?post=91924"}],"curies":[{"name":"wp","href":"https:\/\/api.w.org\/{rel}","templated":true}]}}