{"id":91767,"date":"2015-08-06T07:23:52","date_gmt":"2015-08-06T10:23:52","guid":{"rendered":"http:\/\/franciscanos.org.br\/?p=91767"},"modified":"2020-06-25T10:29:45","modified_gmt":"2020-06-25T13:29:45","slug":"hoje-festa-da-transfiguracao-do-senhor","status":"publish","type":"post","link":"https:\/\/franciscanos.org.br\/noticias\/hoje-festa-da-transfiguracao-do-senhor.html","title":{"rendered":"Hoje, festa da Transfigura\u00e7\u00e3o do Senhor"},"content":{"rendered":"<p><img loading=\"lazy\" src=\"http:\/\/franciscanos.org.br\/wp-content\/uploads\/2015\/08\/liturgia_6_alto.jpg\" alt=\"liturgia_6_alto\" width=\"820\" height=\"439\" \/><\/p>\n<p><strong>Frei Ludovico Garmus, OFM (*)<\/strong><\/p>\n<p>A cena da transfigura\u00e7\u00e3o de Jesus acontece na viagem de Jesus a Jerusal\u00e9m, onde seria preso, condenado \u00e0 morte e crucificado. A viagem come\u00e7a em Cesareia de Filipe, no extremo norte da tetrarquia de Herodes Filipe, onde Jesus faz uma pergunta crucial aos disc\u00edpulos sobre sua pessoa e miss\u00e3o: \u201cQuem as pessoas dizem que eu sou?\u201d. \u201cE v\u00f3s, quem dizeis que eu sou?\u201d Pedro, em nome seu e dos disc\u00edpulos confessa Jesus como o Cristo, o Messias t\u00e3o esperado pelo povo. Pedro, certamente, pensava num Cristo, descendente do grande rei Davi, portanto, um Messias rei, que haveria de expulsar os dominadores romanos, instaurar um reino de justi\u00e7a e reformar a religi\u00e3o judaica. Por isso p\u00f4s-se a repreender a Jesus quando ele come\u00e7ava a ensinar aos disc\u00edpulos como seria a sua miss\u00e3o como Messias: \u201cO filho do homem devia sofrer muito, ser rejeitado pelos anci\u00e3os, pelos sumos sacerdotes e pelos escribas, que devia ser morto e ressuscitar depois de tr\u00eas dias\u201d. Jesus, por\u00e9m, olhando para os disc\u00edpulos, repreendeu a Pedro e chamou-o de Satan\u00e1s, porque tentava desvi\u00e1-lo da miss\u00e3o que o Pai lhe deu: \u201cTu n\u00e3o tens senso para as coisas de Deus, mas para as dos homens\u201d.<\/p>\n<p>Na sequ\u00eancia vem um convite de Jesus dirigido a quem deseja segui-lo a renunciar a si mesmo, tomar a sua cruz, a por em risco a pr\u00f3pria vida para salv\u00e1-la. E a viagem de Jesus rumo a Jerusal\u00e9m continua, Jesus na frente, seguido pelos disc\u00edpulos. De modo que \u201cseis dias depois\u201d chegam aos p\u00e9s de um \u201cmonte alto e afastado\u201d. Jesus gostava de lugares assim para rezar, para estar a s\u00f3s com o Pai do C\u00e9u. Mas desta vez leva consigo tr\u00eas dos disc\u00edpulos mais achegados: Pedro, Tiago e Jo\u00e3o. No passado, Mois\u00e9s foi convidado a subir sozinho o monte Sinai, a fim de receber de Deus a Lei. Agora Jesus convida alguns disc\u00edpulos para o acompanharem. Eles n\u00e3o sabiam o que ia acontecer. Mas Jesus os estava convidando a mergulhar com ele no mist\u00e9rio de seu Pai. Quis assim levantar um pouquinho o v\u00e9u que encobria o mist\u00e9rio de sua identidade e de sua miss\u00e3o como Messias.<\/p>\n<p>Marcos \u00e9 s\u00f3brio ao descrever a transfigura\u00e7\u00e3o, chamando a aten\u00e7\u00e3o apenas \u00e0 extraordin\u00e1ria brancura das vestes de Jesus. Mais importante \u00e9 o que diz sobre as figuras que aparecem em companhia de Jesus: \u201cApareceram-lhes Mois\u00e9s e Elias, conversando com Jesus\u201d.<\/p>\n<p>Mois\u00e9s, depois de libertar o povo do Egito, foi convidado por Deus a subir ao monte Sinai (Horeb). Foi envolvido pela nuvem que encobria o monte Sinai. Mergulhou no mist\u00e9rio de Deus durante quarenta dias e quarenta noites. Ouviu tudo o que Deus queria comunicar ao povo e p\u00f4s por escrito nas duas t\u00e1buas da Lei. Mois\u00e9s estava acostumado a se encontrar com Deus e vivia na sua intimidade. Quando voltava para junto do povo depois destes encontros com Deus, ficava com o rosto marcado com um brilho extraordin\u00e1rio. Por isso, ocultava o rosto com um v\u00e9u. Sobre Mois\u00e9s o pr\u00f3prio Deus falou assim: \u201cEle \u00e9 um homem de confian\u00e7a em toda a minha casa. Com ele falo face a face, \u00e0s claras e n\u00e3o por figuras; ele contempla o semblante do Senhor\u201d (Nm 12,7-8).<\/p>\n<p>Elias \u00e9 o profeta que recebe mensagens de Deus e as comunica aos reis e \u00e0s pessoas. \u00c9 o profeta que teve um encontro especial com Deus no monte Horeb, o monte em que Deus havia revelado os dez mandamentos a Mois\u00e9s. Elias e os profetas s\u00e3o pessoas que t\u00eam uma intimidade particular com Deus. S\u00e3o pessoas que intercedem junto a Deus em favor do povo e recebem diretamente de Deus as palavras que devem comunicar ao povo em seu nome. S\u00e3o pessoas que mergulham no mist\u00e9rio de Deus.<\/p>\n<p>Estes dois personagens est\u00e3o conversando com Jesus, assim como estavam acostumados a conversar com Deus. Jesus, para n\u00f3s crist\u00e3os, \u00e9 o Filho de Deus. Portanto, est\u00e3o conversando com o Filho de Deus. Certamente, gostar\u00edamos tamb\u00e9m n\u00f3s de entrar nesta conversa ou de saber qual era o assunto sobre que conversavam. Marcos n\u00e3o nos revela o assunto da conversa, mas Lucas diz que \u201cfalavam de sua morte, que teria lugar em Jerusal\u00e9m\u201d. A cena era t\u00e3o bonita que os disc\u00edpulos at\u00e9 esqueceram o detalhe da morte da qual Jesus lhes falava e que o esperava em Jerusal\u00e9m. Levado pelo entusiasmo, mas tamb\u00e9m pelo temor diante da vis\u00e3o sagrada, Pedro prop\u00f5e a Jesus: \u201cVamos fazer tr\u00eas tendas: uma para ti, outra para Mois\u00e9s e outra para Elias\u201d. Foi s\u00f3 Pedro dizer isso, esquecendo o destino tr\u00e1gico do Mestre em Jerusal\u00e9m, e a maravilhosa vis\u00e3o sumiu, encoberta por uma nuvem de sombra. O v\u00e9u do mist\u00e9rio que envolvia a Jesus foi erguido apenas um pouquinho, mas logo tudo se recolhe ao mist\u00e9rio da nuvem. E desta nuvem ressoou uma voz, explicando o que acabavam de ver: \u201cEste \u00e9 o meu Filho amado. Escutai o que ele diz!\u201d Jesus era o filho amado, querido de Deus, apesar da morte que o aguardava em Jerusal\u00e9m. Mas seu destino final n\u00e3o seria o da morte e sim da gl\u00f3ria da ressurrei\u00e7\u00e3o. Aos disc\u00edpulos, a todos n\u00f3s, cabe escutar, ouvir bem os ensinamentos e explica\u00e7\u00f5es que o pr\u00f3prio Jesus est\u00e1 dando sobre sua miss\u00e3o e sobre a miss\u00e3o de cada crist\u00e3o: que o Filho do Homem vai ser rejeitado pelos chefes religiosos, vai ser morto, mas ao terceiro dia vai ressuscitar; que o disc\u00edpulo deve tomar a cruz todos os dias e segui-lo; que para ganhar a vida \u00e9 preciso saber perd\u00ea-la por causa de Jesus e do Evangelho. Assim como os judeus escutam as palavras de Mois\u00e9s e dos Profetas, agora os disc\u00edpulos de Jesus devem tamb\u00e9m escutar e seguir as palavras e ensinamentos de Jesus. Para entender o que se passa no mist\u00e9rio da nuvem, s\u00edmbolo do mist\u00e9rio de Deus, \u00e9 necess\u00e1rio agora ouvir com f\u00e9 os ensinamentos do pr\u00f3prio Jesus. \u00c9 destes ensinamentos ouvidos e praticados no dia a dia da vida crist\u00e3 \u00e9 que vai brotando e se aprofundando o conhecimento de Jesus Cristo.<\/p>\n<p>Terminada a vis\u00e3o, ao descerem da montanha, Jesus pro\u00edbe de falar aos outros, o que acabaram de ver e ouvir. \u201cAt\u00e9 que o Filho do Homem tivesse ressuscitado dos mortos\u201d. Diz o texto que eles obedeceram a ordem, mas entre si se perguntavam o que significaria \u201cressuscitar dos mortos\u201d. Era dif\u00edcil entender que Jesus como o Messias, confessado por Pedro e esperado por todo o povo, como o descendente real de Davi, n\u00e3o tomaria o poder em Jerusal\u00e9m, como imaginavam. Mais dif\u00edcil ainda era compreender que Jesus, ap\u00f3s sofrer a morte, haveria de ressuscitar; que para ganhar a vida era necess\u00e1rio perd\u00ea-la. Era cedo demais para entender tudo isso. Somente seria poss\u00edvel uma compreens\u00e3o mais exata da pessoa e da miss\u00e3o de Jesus depois de sua morte e ressurrei\u00e7\u00e3o, e da experi\u00eancia de sua presen\u00e7a viva na f\u00e9 da comunidade p\u00f3s-pascal. Era preciso escutar o que o pr\u00f3prio Jesus estava dizendo aos disc\u00edpulos e diria, no futuro, no seio das comunidades crist\u00e3s que anunciavam e viviam a sua boa nova.<\/p>\n<p><strong>* Frei Ludovico Garmus, oFM, \u00e9 doutor em Exegese B\u00edblica, atualmente leciona Exegese III: Pentateuco, Exegese IV: Livros Hist\u00f3rico, Exegese V: Livros Prof\u00e9ticos, Exegese VI: Livros Sapienciais na Faculdade de Teologia \u2013 ITF.<\/strong><\/p>\n","protected":false},"excerpt":{"rendered":"<p>Reflex\u00e3o<\/p>\n","protected":false},"author":1,"featured_media":220453,"comment_status":"open","ping_status":"open","sticky":false,"template":"","format":"standard","meta":[],"categories":[1],"tags":[537],"acf":[],"yoast_head":"<!-- This site is optimized with the Yoast SEO plugin v19.2 - https:\/\/yoast.com\/wordpress\/plugins\/seo\/ -->\n<title>Hoje, festa da Transfigura\u00e7\u00e3o do Senhor - Not\u00edcias - Franciscanos<\/title>\n<meta name=\"robots\" content=\"index, follow, max-snippet:-1, max-image-preview:large, max-video-preview:-1\" \/>\n<link rel=\"canonical\" href=\"https:\/\/franciscanos.org.br\/noticias\/hoje-festa-da-transfiguracao-do-senhor.html\" \/>\n<meta property=\"og:locale\" content=\"pt_BR\" \/>\n<meta property=\"og:type\" content=\"article\" \/>\n<meta property=\"og:title\" content=\"Hoje, festa da Transfigura\u00e7\u00e3o do Senhor - Not\u00edcias - Franciscanos\" \/>\n<meta property=\"og:description\" content=\"Reflex\u00e3o\" \/>\n<meta property=\"og:url\" content=\"https:\/\/franciscanos.org.br\/noticias\/hoje-festa-da-transfiguracao-do-senhor.html\" \/>\n<meta property=\"og:site_name\" content=\"Not\u00edcias - Franciscanos\" \/>\n<meta property=\"article:published_time\" content=\"2015-08-06T10:23:52+00:00\" \/>\n<meta property=\"article:modified_time\" content=\"2020-06-25T13:29:45+00:00\" \/>\n<meta property=\"og:image\" content=\"https:\/\/franciscanos.org.br\/noticias\/wp-content\/uploads\/2015\/08\/liturgia_6_alto.jpg\" \/>\n\t<meta property=\"og:image:width\" content=\"273\" \/>\n\t<meta property=\"og:image:height\" content=\"172\" \/>\n\t<meta property=\"og:image:type\" content=\"image\/jpeg\" \/>\n<meta name=\"author\" content=\"admin\" \/>\n<meta name=\"twitter:card\" content=\"summary_large_image\" \/>\n<meta name=\"twitter:label1\" content=\"Escrito por\" \/>\n\t<meta name=\"twitter:data1\" content=\"admin\" \/>\n\t<meta name=\"twitter:label2\" content=\"Est. tempo de leitura\" \/>\n\t<meta name=\"twitter:data2\" content=\"7 minutos\" \/>\n<script type=\"application\/ld+json\" class=\"yoast-schema-graph\">{\"@context\":\"https:\/\/schema.org\",\"@graph\":[{\"@type\":\"WebSite\",\"@id\":\"https:\/\/franciscanos.org.br\/noticias\/#website\",\"url\":\"https:\/\/franciscanos.org.br\/noticias\/\",\"name\":\"Not\u00edcias - Franciscanos\",\"description\":\"Prov\u00edncia Franciscana da Imaculada Concei\u00e7\u00e3o do Brasil - Ordem dos Frades Menores - OFM\",\"potentialAction\":[{\"@type\":\"SearchAction\",\"target\":{\"@type\":\"EntryPoint\",\"urlTemplate\":\"https:\/\/franciscanos.org.br\/noticias\/?s={search_term_string}\"},\"query-input\":\"required name=search_term_string\"}],\"inLanguage\":\"pt-BR\"},{\"@type\":\"ImageObject\",\"inLanguage\":\"pt-BR\",\"@id\":\"https:\/\/franciscanos.org.br\/noticias\/hoje-festa-da-transfiguracao-do-senhor.html#primaryimage\",\"url\":\"https:\/\/franciscanos.org.br\/noticias\/wp-content\/uploads\/2015\/08\/liturgia_6_alto.jpg\",\"contentUrl\":\"https:\/\/franciscanos.org.br\/noticias\/wp-content\/uploads\/2015\/08\/liturgia_6_alto.jpg\",\"width\":273,\"height\":172},{\"@type\":\"WebPage\",\"@id\":\"https:\/\/franciscanos.org.br\/noticias\/hoje-festa-da-transfiguracao-do-senhor.html#webpage\",\"url\":\"https:\/\/franciscanos.org.br\/noticias\/hoje-festa-da-transfiguracao-do-senhor.html\",\"name\":\"Hoje, festa da Transfigura\u00e7\u00e3o do Senhor - Not\u00edcias - Franciscanos\",\"isPartOf\":{\"@id\":\"https:\/\/franciscanos.org.br\/noticias\/#website\"},\"primaryImageOfPage\":{\"@id\":\"https:\/\/franciscanos.org.br\/noticias\/hoje-festa-da-transfiguracao-do-senhor.html#primaryimage\"},\"datePublished\":\"2015-08-06T10:23:52+00:00\",\"dateModified\":\"2020-06-25T13:29:45+00:00\",\"author\":{\"@id\":\"https:\/\/franciscanos.org.br\/noticias\/#\/schema\/person\/b38fbf43118f02820bd932f2e4b14ad3\"},\"breadcrumb\":{\"@id\":\"https:\/\/franciscanos.org.br\/noticias\/hoje-festa-da-transfiguracao-do-senhor.html#breadcrumb\"},\"inLanguage\":\"pt-BR\",\"potentialAction\":[{\"@type\":\"ReadAction\",\"target\":[\"https:\/\/franciscanos.org.br\/noticias\/hoje-festa-da-transfiguracao-do-senhor.html\"]}]},{\"@type\":\"BreadcrumbList\",\"@id\":\"https:\/\/franciscanos.org.br\/noticias\/hoje-festa-da-transfiguracao-do-senhor.html#breadcrumb\",\"itemListElement\":[{\"@type\":\"ListItem\",\"position\":1,\"name\":\"Home\",\"item\":\"https:\/\/franciscanos.org.br\/noticias\"},{\"@type\":\"ListItem\",\"position\":2,\"name\":\"Hoje, festa da Transfigura\u00e7\u00e3o do Senhor\"}]},{\"@type\":\"Person\",\"@id\":\"https:\/\/franciscanos.org.br\/noticias\/#\/schema\/person\/b38fbf43118f02820bd932f2e4b14ad3\",\"name\":\"admin\",\"image\":{\"@type\":\"ImageObject\",\"inLanguage\":\"pt-BR\",\"@id\":\"https:\/\/franciscanos.org.br\/noticias\/#\/schema\/person\/image\/\",\"url\":\"https:\/\/secure.gravatar.com\/avatar\/e8495742d34d0ba6448ea1c628263b3e?s=96&d=mm&r=g\",\"contentUrl\":\"https:\/\/secure.gravatar.com\/avatar\/e8495742d34d0ba6448ea1c628263b3e?s=96&d=mm&r=g\",\"caption\":\"admin\"},\"url\":\"https:\/\/franciscanos.org.br\/noticias\/author\/admin\"}]}<\/script>\n<!-- \/ Yoast SEO plugin. -->","yoast_head_json":{"title":"Hoje, festa da Transfigura\u00e7\u00e3o do Senhor - Not\u00edcias - Franciscanos","robots":{"index":"index","follow":"follow","max-snippet":"max-snippet:-1","max-image-preview":"max-image-preview:large","max-video-preview":"max-video-preview:-1"},"canonical":"https:\/\/franciscanos.org.br\/noticias\/hoje-festa-da-transfiguracao-do-senhor.html","og_locale":"pt_BR","og_type":"article","og_title":"Hoje, festa da Transfigura\u00e7\u00e3o do Senhor - Not\u00edcias - Franciscanos","og_description":"Reflex\u00e3o","og_url":"https:\/\/franciscanos.org.br\/noticias\/hoje-festa-da-transfiguracao-do-senhor.html","og_site_name":"Not\u00edcias - Franciscanos","article_published_time":"2015-08-06T10:23:52+00:00","article_modified_time":"2020-06-25T13:29:45+00:00","og_image":[{"width":273,"height":172,"url":"https:\/\/franciscanos.org.br\/noticias\/wp-content\/uploads\/2015\/08\/liturgia_6_alto.jpg","type":"image\/jpeg"}],"author":"admin","twitter_card":"summary_large_image","twitter_misc":{"Escrito por":"admin","Est. tempo de leitura":"7 minutos"},"schema":{"@context":"https:\/\/schema.org","@graph":[{"@type":"WebSite","@id":"https:\/\/franciscanos.org.br\/noticias\/#website","url":"https:\/\/franciscanos.org.br\/noticias\/","name":"Not\u00edcias - Franciscanos","description":"Prov\u00edncia Franciscana da Imaculada Concei\u00e7\u00e3o do Brasil - Ordem dos Frades Menores - OFM","potentialAction":[{"@type":"SearchAction","target":{"@type":"EntryPoint","urlTemplate":"https:\/\/franciscanos.org.br\/noticias\/?s={search_term_string}"},"query-input":"required name=search_term_string"}],"inLanguage":"pt-BR"},{"@type":"ImageObject","inLanguage":"pt-BR","@id":"https:\/\/franciscanos.org.br\/noticias\/hoje-festa-da-transfiguracao-do-senhor.html#primaryimage","url":"https:\/\/franciscanos.org.br\/noticias\/wp-content\/uploads\/2015\/08\/liturgia_6_alto.jpg","contentUrl":"https:\/\/franciscanos.org.br\/noticias\/wp-content\/uploads\/2015\/08\/liturgia_6_alto.jpg","width":273,"height":172},{"@type":"WebPage","@id":"https:\/\/franciscanos.org.br\/noticias\/hoje-festa-da-transfiguracao-do-senhor.html#webpage","url":"https:\/\/franciscanos.org.br\/noticias\/hoje-festa-da-transfiguracao-do-senhor.html","name":"Hoje, festa da Transfigura\u00e7\u00e3o do Senhor - Not\u00edcias - Franciscanos","isPartOf":{"@id":"https:\/\/franciscanos.org.br\/noticias\/#website"},"primaryImageOfPage":{"@id":"https:\/\/franciscanos.org.br\/noticias\/hoje-festa-da-transfiguracao-do-senhor.html#primaryimage"},"datePublished":"2015-08-06T10:23:52+00:00","dateModified":"2020-06-25T13:29:45+00:00","author":{"@id":"https:\/\/franciscanos.org.br\/noticias\/#\/schema\/person\/b38fbf43118f02820bd932f2e4b14ad3"},"breadcrumb":{"@id":"https:\/\/franciscanos.org.br\/noticias\/hoje-festa-da-transfiguracao-do-senhor.html#breadcrumb"},"inLanguage":"pt-BR","potentialAction":[{"@type":"ReadAction","target":["https:\/\/franciscanos.org.br\/noticias\/hoje-festa-da-transfiguracao-do-senhor.html"]}]},{"@type":"BreadcrumbList","@id":"https:\/\/franciscanos.org.br\/noticias\/hoje-festa-da-transfiguracao-do-senhor.html#breadcrumb","itemListElement":[{"@type":"ListItem","position":1,"name":"Home","item":"https:\/\/franciscanos.org.br\/noticias"},{"@type":"ListItem","position":2,"name":"Hoje, festa da Transfigura\u00e7\u00e3o do Senhor"}]},{"@type":"Person","@id":"https:\/\/franciscanos.org.br\/noticias\/#\/schema\/person\/b38fbf43118f02820bd932f2e4b14ad3","name":"admin","image":{"@type":"ImageObject","inLanguage":"pt-BR","@id":"https:\/\/franciscanos.org.br\/noticias\/#\/schema\/person\/image\/","url":"https:\/\/secure.gravatar.com\/avatar\/e8495742d34d0ba6448ea1c628263b3e?s=96&d=mm&r=g","contentUrl":"https:\/\/secure.gravatar.com\/avatar\/e8495742d34d0ba6448ea1c628263b3e?s=96&d=mm&r=g","caption":"admin"},"url":"https:\/\/franciscanos.org.br\/noticias\/author\/admin"}]}},"_links":{"self":[{"href":"https:\/\/franciscanos.org.br\/noticias\/wp-json\/wp\/v2\/posts\/91767"}],"collection":[{"href":"https:\/\/franciscanos.org.br\/noticias\/wp-json\/wp\/v2\/posts"}],"about":[{"href":"https:\/\/franciscanos.org.br\/noticias\/wp-json\/wp\/v2\/types\/post"}],"author":[{"embeddable":true,"href":"https:\/\/franciscanos.org.br\/noticias\/wp-json\/wp\/v2\/users\/1"}],"replies":[{"embeddable":true,"href":"https:\/\/franciscanos.org.br\/noticias\/wp-json\/wp\/v2\/comments?post=91767"}],"version-history":[{"count":1,"href":"https:\/\/franciscanos.org.br\/noticias\/wp-json\/wp\/v2\/posts\/91767\/revisions"}],"predecessor-version":[{"id":226756,"href":"https:\/\/franciscanos.org.br\/noticias\/wp-json\/wp\/v2\/posts\/91767\/revisions\/226756"}],"wp:featuredmedia":[{"embeddable":true,"href":"https:\/\/franciscanos.org.br\/noticias\/wp-json\/wp\/v2\/media\/220453"}],"wp:attachment":[{"href":"https:\/\/franciscanos.org.br\/noticias\/wp-json\/wp\/v2\/media?parent=91767"}],"wp:term":[{"taxonomy":"category","embeddable":true,"href":"https:\/\/franciscanos.org.br\/noticias\/wp-json\/wp\/v2\/categories?post=91767"},{"taxonomy":"post_tag","embeddable":true,"href":"https:\/\/franciscanos.org.br\/noticias\/wp-json\/wp\/v2\/tags?post=91767"}],"curies":[{"name":"wp","href":"https:\/\/api.w.org\/{rel}","templated":true}]}}