{"id":91578,"date":"2015-08-03T06:11:23","date_gmt":"2015-08-03T09:11:23","guid":{"rendered":"http:\/\/franciscanos.org.br\/?p=91578"},"modified":"2020-06-10T13:44:22","modified_gmt":"2020-06-10T16:44:22","slug":"o-unico-e-verdadeiro-significado-da-existencia-humana","status":"publish","type":"post","link":"https:\/\/franciscanos.org.br\/noticias\/o-unico-e-verdadeiro-significado-da-existencia-humana.html","title":{"rendered":"&#8220;O \u00fanico e verdadeiro significado da exist\u00eancia humana&#8221;"},"content":{"rendered":"<p><strong><a href=\"http:\/\/franciscanos.org.br\/wp-content\/uploads\/2015\/08\/PAPA_angelus.jpg\"><img loading=\"lazy\" class=\"alignright size-full wp-image-91579\" src=\"http:\/\/franciscanos.org.br\/wp-content\/uploads\/2015\/08\/PAPA_angelus.jpg\" alt=\"PAPA_angelus\" width=\"500\" height=\"268\" \/><\/a>Cidade do Vaticano<\/strong> \u2013 A reflex\u00e3o do Papa no Angelus deste domingo (2\/8) partiu do trecho do Evangelho de Jo\u00e3o no qual, ap\u00f3s a multiplica\u00e7\u00e3o dos p\u00e3es, todos procuravam por Jesus. Ele bem compreende o porqu\u00ea de tanto entusiasmo em segui-lo e revela com clareza: \u201cVoc\u00eas me procuram n\u00e3o porque viram sinais, mas porque comeram aqueles p\u00e3es e ficaram saciados\u201d (Jo 6,26).<\/p>\n<p>Na realidade \u2013 afirmou Francisco \u2013 aquelas pessoas n\u00e3o entenderam que aquele p\u00e3o era a express\u00e3o do amor de Jesus. \u201cDeram mais valor \u00e0quele p\u00e3o que ao seu doador\u201d, disse o Pont\u00edfice. \u201cDiante desta cegueira espiritual, Jesus evidencia a necessidade de ir al\u00e9m do dom e descobrir, conhecer o doador. Convida a abrir-se a uma perspectiva que n\u00e3o \u00e9 somente aquela das preocupa\u00e7\u00f5es di\u00e1rias de comer, se vestir, do sucesso, da carreira. Jesus fala de um alimento que n\u00e3o \u00e9 corromp\u00edvel e que faz bem procurar e acolher\u201d.<\/p>\n<p>O Papa continuou com a exorta\u00e7\u00e3o de Jesus: \u201cTrabalhai, n\u00e3o pelo alimento que se perde, mas pelo alimento que permanece para a vida eterna, alimento que o Filho do Homem vos dar\u00e1\u201d.<\/p>\n<p>\u201cEstas palavras nos querem fazer entender que, al\u00e9m da fome f\u00edsica, o homem traz em si outra fome &#8211; todos n\u00f3s temos essa fome &#8211; mais importante, que n\u00e3o pode ser saciada com um alimento ordin\u00e1rio. Trata-se de fome de vida, de fome de eternidade que somente Ele pode satisfazer, sendo Ele o \u2018p\u00e3o da vida\u2019\u201d.<\/p>\n<p>Ao afirmar que \u201cJesus n\u00e3o elimina a preocupa\u00e7\u00e3o e a procura pelo alimento de cada dia e de tudo aquilo que pode fazer a vida melhor\u201d, o Papa recordou que \u201cfatalmente, a vida termina\u201d. \u201cJesus nos recorda que o verdadeiro significado da nossa exist\u00eancia terrena est\u00e1 na eternidade, e que a hist\u00f3ria humana com os seus sofrimentos e suas alegrias deve ser vista em um horizonte de eternidade\u201d.<\/p>\n<p>Ele \u2013 prosseguiu Francisco \u2013 p\u00e3o vivo descido dos c\u00e9us, se apresenta a n\u00f3s como \u00fanico e verdadeiro significado da exist\u00eancia humana. E de que maneira Jesus \u00e9 o significado da exist\u00eancia do homem?<\/p>\n<p>\u201cEu sou o p\u00e3o da vida. Quem vem a mim, nunca mais ter\u00e1 fome e o que cr\u00ea em mim nunca mais ter\u00e1 sede\u201d. \u00c9 a refer\u00eancia \u00e0 Eucaristia \u2013 refletiu o Papa \u2013 o dom maior que sacia a alma e o corpo. \u201cEncontrar e acolher Jesus em n\u00f3s, &#8216;p\u00e3o da vida&#8217;, d\u00e1 significado e esperan\u00e7a ao caminho, muitas vezes tortuoso, da vida\u201d.<\/p>\n<p><strong>PERD\u00c3O DE ASSIS<\/strong><\/p>\n<p>O Papa recordou, neste domingo, ap\u00f3s recitar a ora\u00e7\u00e3o do Angelus, a recorr\u00eancia do Perd\u00e3o de Assis, que Francisco afirmou ser &#8220;um forte chamado a aproximar-se do Senhor no sacramento da Miseric\u00f3rdia e tamb\u00e9m da Comunh\u00e3o&#8221;.<\/p>\n<p>Muitos t\u00eam medo de aproximar-se \u00e0 Confiss\u00e3o ao esquecerem-se que l\u00e1 &#8220;n\u00e3o encontramos um juiz severo, mas o Pai imensamente misericordioso&#8221;, refletiu o Papa.<br \/>\n&#8220;\u00c9 verdade que quando vamos ao confession\u00e1rio, sentimos um pouco de vergonha&#8221;, prosseguiu Francisco ao dizer que &#8220;isto acontece com todos n\u00f3s&#8221;.<br \/>\n&#8220;Devemos lembrar que tamb\u00e9m esta vergonha \u00e9 uma gra\u00e7a que nos prepara ao abra\u00e7o do Pai, que sempre perdoa e sempre perdoa tudo&#8221;, concluiu o Pont\u00edfice.<\/p>\n<hr \/>\n<p><em>Fonte: R\u00e1dio Vaticano<\/em><\/p>\n","protected":false},"excerpt":{"rendered":"<p>Angelus<\/p>\n","protected":false},"author":1,"featured_media":0,"comment_status":"open","ping_status":"open","sticky":false,"template":"","format":"standard","meta":[],"categories":[1428],"tags":[403],"acf":[],"yoast_head":"<!-- This site is optimized with the Yoast SEO plugin v19.2 - https:\/\/yoast.com\/wordpress\/plugins\/seo\/ -->\n<title>&quot;O \u00fanico e verdadeiro significado da exist\u00eancia humana&quot; - Not\u00edcias - Franciscanos<\/title>\n<meta name=\"robots\" content=\"index, follow, max-snippet:-1, max-image-preview:large, max-video-preview:-1\" \/>\n<link rel=\"canonical\" href=\"https:\/\/franciscanos.org.br\/noticias\/o-unico-e-verdadeiro-significado-da-existencia-humana.html\" \/>\n<meta property=\"og:locale\" content=\"pt_BR\" \/>\n<meta property=\"og:type\" content=\"article\" \/>\n<meta property=\"og:title\" content=\"&quot;O \u00fanico e verdadeiro significado da exist\u00eancia humana&quot; - Not\u00edcias - Franciscanos\" \/>\n<meta property=\"og:description\" content=\"Angelus\" \/>\n<meta property=\"og:url\" content=\"https:\/\/franciscanos.org.br\/noticias\/o-unico-e-verdadeiro-significado-da-existencia-humana.html\" \/>\n<meta property=\"og:site_name\" content=\"Not\u00edcias - Franciscanos\" \/>\n<meta property=\"article:published_time\" content=\"2015-08-03T09:11:23+00:00\" \/>\n<meta property=\"article:modified_time\" content=\"2020-06-10T16:44:22+00:00\" \/>\n<meta property=\"og:image\" content=\"http:\/\/franciscanos.org.br\/wp-content\/uploads\/2015\/08\/PAPA_angelus.jpg\" \/>\n<meta name=\"author\" content=\"admin\" \/>\n<meta name=\"twitter:card\" content=\"summary_large_image\" \/>\n<meta name=\"twitter:label1\" content=\"Escrito por\" \/>\n\t<meta name=\"twitter:data1\" content=\"admin\" \/>\n\t<meta name=\"twitter:label2\" content=\"Est. tempo de leitura\" \/>\n\t<meta name=\"twitter:data2\" content=\"3 minutos\" \/>\n<script type=\"application\/ld+json\" class=\"yoast-schema-graph\">{\"@context\":\"https:\/\/schema.org\",\"@graph\":[{\"@type\":\"WebSite\",\"@id\":\"https:\/\/franciscanos.org.br\/noticias\/#website\",\"url\":\"https:\/\/franciscanos.org.br\/noticias\/\",\"name\":\"Not\u00edcias - Franciscanos\",\"description\":\"Prov\u00edncia Franciscana da Imaculada Concei\u00e7\u00e3o do Brasil - Ordem dos Frades Menores - OFM\",\"potentialAction\":[{\"@type\":\"SearchAction\",\"target\":{\"@type\":\"EntryPoint\",\"urlTemplate\":\"https:\/\/franciscanos.org.br\/noticias\/?s={search_term_string}\"},\"query-input\":\"required name=search_term_string\"}],\"inLanguage\":\"pt-BR\"},{\"@type\":\"ImageObject\",\"inLanguage\":\"pt-BR\",\"@id\":\"https:\/\/franciscanos.org.br\/noticias\/o-unico-e-verdadeiro-significado-da-existencia-humana.html#primaryimage\",\"url\":\"http:\/\/franciscanos.org.br\/wp-content\/uploads\/2015\/08\/PAPA_angelus.jpg\",\"contentUrl\":\"http:\/\/franciscanos.org.br\/wp-content\/uploads\/2015\/08\/PAPA_angelus.jpg\"},{\"@type\":\"WebPage\",\"@id\":\"https:\/\/franciscanos.org.br\/noticias\/o-unico-e-verdadeiro-significado-da-existencia-humana.html#webpage\",\"url\":\"https:\/\/franciscanos.org.br\/noticias\/o-unico-e-verdadeiro-significado-da-existencia-humana.html\",\"name\":\"\\\"O \u00fanico e verdadeiro significado da exist\u00eancia humana\\\" - Not\u00edcias - Franciscanos\",\"isPartOf\":{\"@id\":\"https:\/\/franciscanos.org.br\/noticias\/#website\"},\"primaryImageOfPage\":{\"@id\":\"https:\/\/franciscanos.org.br\/noticias\/o-unico-e-verdadeiro-significado-da-existencia-humana.html#primaryimage\"},\"datePublished\":\"2015-08-03T09:11:23+00:00\",\"dateModified\":\"2020-06-10T16:44:22+00:00\",\"author\":{\"@id\":\"https:\/\/franciscanos.org.br\/noticias\/#\/schema\/person\/b38fbf43118f02820bd932f2e4b14ad3\"},\"breadcrumb\":{\"@id\":\"https:\/\/franciscanos.org.br\/noticias\/o-unico-e-verdadeiro-significado-da-existencia-humana.html#breadcrumb\"},\"inLanguage\":\"pt-BR\",\"potentialAction\":[{\"@type\":\"ReadAction\",\"target\":[\"https:\/\/franciscanos.org.br\/noticias\/o-unico-e-verdadeiro-significado-da-existencia-humana.html\"]}]},{\"@type\":\"BreadcrumbList\",\"@id\":\"https:\/\/franciscanos.org.br\/noticias\/o-unico-e-verdadeiro-significado-da-existencia-humana.html#breadcrumb\",\"itemListElement\":[{\"@type\":\"ListItem\",\"position\":1,\"name\":\"Home\",\"item\":\"https:\/\/franciscanos.org.br\/noticias\"},{\"@type\":\"ListItem\",\"position\":2,\"name\":\"&#8220;O \u00fanico e verdadeiro significado da exist\u00eancia humana&#8221;\"}]},{\"@type\":\"Person\",\"@id\":\"https:\/\/franciscanos.org.br\/noticias\/#\/schema\/person\/b38fbf43118f02820bd932f2e4b14ad3\",\"name\":\"admin\",\"image\":{\"@type\":\"ImageObject\",\"inLanguage\":\"pt-BR\",\"@id\":\"https:\/\/franciscanos.org.br\/noticias\/#\/schema\/person\/image\/\",\"url\":\"https:\/\/secure.gravatar.com\/avatar\/e8495742d34d0ba6448ea1c628263b3e?s=96&d=mm&r=g\",\"contentUrl\":\"https:\/\/secure.gravatar.com\/avatar\/e8495742d34d0ba6448ea1c628263b3e?s=96&d=mm&r=g\",\"caption\":\"admin\"},\"url\":\"https:\/\/franciscanos.org.br\/noticias\/author\/admin\"}]}<\/script>\n<!-- \/ Yoast SEO plugin. -->","yoast_head_json":{"title":"\"O \u00fanico e verdadeiro significado da exist\u00eancia humana\" - Not\u00edcias - Franciscanos","robots":{"index":"index","follow":"follow","max-snippet":"max-snippet:-1","max-image-preview":"max-image-preview:large","max-video-preview":"max-video-preview:-1"},"canonical":"https:\/\/franciscanos.org.br\/noticias\/o-unico-e-verdadeiro-significado-da-existencia-humana.html","og_locale":"pt_BR","og_type":"article","og_title":"\"O \u00fanico e verdadeiro significado da exist\u00eancia humana\" - Not\u00edcias - Franciscanos","og_description":"Angelus","og_url":"https:\/\/franciscanos.org.br\/noticias\/o-unico-e-verdadeiro-significado-da-existencia-humana.html","og_site_name":"Not\u00edcias - Franciscanos","article_published_time":"2015-08-03T09:11:23+00:00","article_modified_time":"2020-06-10T16:44:22+00:00","og_image":[{"url":"http:\/\/franciscanos.org.br\/wp-content\/uploads\/2015\/08\/PAPA_angelus.jpg"}],"author":"admin","twitter_card":"summary_large_image","twitter_misc":{"Escrito por":"admin","Est. tempo de leitura":"3 minutos"},"schema":{"@context":"https:\/\/schema.org","@graph":[{"@type":"WebSite","@id":"https:\/\/franciscanos.org.br\/noticias\/#website","url":"https:\/\/franciscanos.org.br\/noticias\/","name":"Not\u00edcias - Franciscanos","description":"Prov\u00edncia Franciscana da Imaculada Concei\u00e7\u00e3o do Brasil - Ordem dos Frades Menores - OFM","potentialAction":[{"@type":"SearchAction","target":{"@type":"EntryPoint","urlTemplate":"https:\/\/franciscanos.org.br\/noticias\/?s={search_term_string}"},"query-input":"required name=search_term_string"}],"inLanguage":"pt-BR"},{"@type":"ImageObject","inLanguage":"pt-BR","@id":"https:\/\/franciscanos.org.br\/noticias\/o-unico-e-verdadeiro-significado-da-existencia-humana.html#primaryimage","url":"http:\/\/franciscanos.org.br\/wp-content\/uploads\/2015\/08\/PAPA_angelus.jpg","contentUrl":"http:\/\/franciscanos.org.br\/wp-content\/uploads\/2015\/08\/PAPA_angelus.jpg"},{"@type":"WebPage","@id":"https:\/\/franciscanos.org.br\/noticias\/o-unico-e-verdadeiro-significado-da-existencia-humana.html#webpage","url":"https:\/\/franciscanos.org.br\/noticias\/o-unico-e-verdadeiro-significado-da-existencia-humana.html","name":"\"O \u00fanico e verdadeiro significado da exist\u00eancia humana\" - Not\u00edcias - Franciscanos","isPartOf":{"@id":"https:\/\/franciscanos.org.br\/noticias\/#website"},"primaryImageOfPage":{"@id":"https:\/\/franciscanos.org.br\/noticias\/o-unico-e-verdadeiro-significado-da-existencia-humana.html#primaryimage"},"datePublished":"2015-08-03T09:11:23+00:00","dateModified":"2020-06-10T16:44:22+00:00","author":{"@id":"https:\/\/franciscanos.org.br\/noticias\/#\/schema\/person\/b38fbf43118f02820bd932f2e4b14ad3"},"breadcrumb":{"@id":"https:\/\/franciscanos.org.br\/noticias\/o-unico-e-verdadeiro-significado-da-existencia-humana.html#breadcrumb"},"inLanguage":"pt-BR","potentialAction":[{"@type":"ReadAction","target":["https:\/\/franciscanos.org.br\/noticias\/o-unico-e-verdadeiro-significado-da-existencia-humana.html"]}]},{"@type":"BreadcrumbList","@id":"https:\/\/franciscanos.org.br\/noticias\/o-unico-e-verdadeiro-significado-da-existencia-humana.html#breadcrumb","itemListElement":[{"@type":"ListItem","position":1,"name":"Home","item":"https:\/\/franciscanos.org.br\/noticias"},{"@type":"ListItem","position":2,"name":"&#8220;O \u00fanico e verdadeiro significado da exist\u00eancia humana&#8221;"}]},{"@type":"Person","@id":"https:\/\/franciscanos.org.br\/noticias\/#\/schema\/person\/b38fbf43118f02820bd932f2e4b14ad3","name":"admin","image":{"@type":"ImageObject","inLanguage":"pt-BR","@id":"https:\/\/franciscanos.org.br\/noticias\/#\/schema\/person\/image\/","url":"https:\/\/secure.gravatar.com\/avatar\/e8495742d34d0ba6448ea1c628263b3e?s=96&d=mm&r=g","contentUrl":"https:\/\/secure.gravatar.com\/avatar\/e8495742d34d0ba6448ea1c628263b3e?s=96&d=mm&r=g","caption":"admin"},"url":"https:\/\/franciscanos.org.br\/noticias\/author\/admin"}]}},"_links":{"self":[{"href":"https:\/\/franciscanos.org.br\/noticias\/wp-json\/wp\/v2\/posts\/91578"}],"collection":[{"href":"https:\/\/franciscanos.org.br\/noticias\/wp-json\/wp\/v2\/posts"}],"about":[{"href":"https:\/\/franciscanos.org.br\/noticias\/wp-json\/wp\/v2\/types\/post"}],"author":[{"embeddable":true,"href":"https:\/\/franciscanos.org.br\/noticias\/wp-json\/wp\/v2\/users\/1"}],"replies":[{"embeddable":true,"href":"https:\/\/franciscanos.org.br\/noticias\/wp-json\/wp\/v2\/comments?post=91578"}],"version-history":[{"count":1,"href":"https:\/\/franciscanos.org.br\/noticias\/wp-json\/wp\/v2\/posts\/91578\/revisions"}],"predecessor-version":[{"id":225976,"href":"https:\/\/franciscanos.org.br\/noticias\/wp-json\/wp\/v2\/posts\/91578\/revisions\/225976"}],"wp:attachment":[{"href":"https:\/\/franciscanos.org.br\/noticias\/wp-json\/wp\/v2\/media?parent=91578"}],"wp:term":[{"taxonomy":"category","embeddable":true,"href":"https:\/\/franciscanos.org.br\/noticias\/wp-json\/wp\/v2\/categories?post=91578"},{"taxonomy":"post_tag","embeddable":true,"href":"https:\/\/franciscanos.org.br\/noticias\/wp-json\/wp\/v2\/tags?post=91578"}],"curies":[{"name":"wp","href":"https:\/\/api.w.org\/{rel}","templated":true}]}}