{"id":91391,"date":"2015-07-30T08:54:44","date_gmt":"2015-07-30T11:54:44","guid":{"rendered":"http:\/\/franciscanos.org.br\/?p=91391"},"modified":"2019-03-08T13:53:46","modified_gmt":"2019-03-08T16:53:46","slug":"sem-desperdicio-deus-da-o-pao-na-medida-certa","status":"publish","type":"post","link":"https:\/\/franciscanos.org.br\/noticias\/sem-desperdicio-deus-da-o-pao-na-medida-certa.html","title":{"rendered":"Sem desperd\u00edcio, Deus d\u00e1 o p\u00e3o na medida certa"},"content":{"rendered":"<p><img loading=\"lazy\" class=\"alignnone size-full wp-image-196530\" src=\"https:\/\/franciscanos.org.br\/noticias\/wp-content\/uploads\/2015\/07\/paodoceu.jpg\" alt=\"\" width=\"820\" height=\"530\" srcset=\"https:\/\/franciscanos.org.br\/noticias\/wp-content\/uploads\/2015\/07\/paodoceu.jpg 820w, https:\/\/franciscanos.org.br\/noticias\/wp-content\/uploads\/2015\/07\/paodoceu-450x291.jpg 450w, https:\/\/franciscanos.org.br\/noticias\/wp-content\/uploads\/2015\/07\/paodoceu-768x496.jpg 768w, https:\/\/franciscanos.org.br\/noticias\/wp-content\/uploads\/2015\/07\/paodoceu-150x97.jpg 150w\" sizes=\"(max-width: 820px) 100vw, 820px\" \/><\/p>\n<p><strong>Frei Gustavo Medella<\/strong><\/p>\n<p>Sob a lideran\u00e7a de Mois\u00e9s, Israel caminha rumo \u00e0 liberta\u00e7\u00e3o. Caminho nada f\u00e1cil, afinal, colocar-se em movimento demanda esfor\u00e7o, desprendimento e determina\u00e7\u00e3o: \u00e9 o pre\u00e7o da liberdade. Chega-se a pensar que bom mesmo era o tempo da escravid\u00e3o quando, apesar dos pesares, a comida parecia ser mais farta e a vida, mais c\u00f4moda. Tomar a vida pelas m\u00e3os e responsabilizar-se pelos riscos do caminho \u00e9 a op\u00e7\u00e3o mais trabalhosa. Afinal, exige esp\u00edrito criativo e profunda confian\u00e7a em Deus para encontrar, pelas relvas do caminho, o p\u00e3o que Ele envia para saciar a fome dos seus (Cf. Ex 16,2-4.12-15). O p\u00e3o distribu\u00eddo de acordo com a necessidade, uma por\u00e7\u00e3o cada dia, sem exagero ou desperd\u00edcio. \u00c9 o p\u00e3o do sentido da vida, que precisa ser buscado diariamente por aquele que caminha. Hoje, amanh\u00e3 e depois de amanh\u00e3 tamb\u00e9m&#8230; Sempre!<\/p>\n<p>O p\u00e3o descido do c\u00e9u para o povo do \u00eaxodo b\u00edblico prefigura Jesus, o P\u00e3o vivo do \u00eaxodo atual da humanidade, especialmente do caminho percorrido por aqueles que mais sofrem com o flagelo da exclus\u00e3o. Em Jesus, o ser humano pode se alimentar de um sentido novo para vida, deixando para tr\u00e1s as amarras do ego\u00edsmo de quem pensa s\u00f3 em si e percebendo que a verdadeira felicidade est\u00e1 na comunh\u00e3o, no encontro, na partilha, na doa\u00e7\u00e3o de si mesmo, conforme ensina e testemunham Jesus Cristo, os Ap\u00f3stolos e outros tantos que se dispuseram a esta aventura de salva\u00e7\u00e3o. \u00c9 em Cristo que podemos fazer jus \u00e0 exorta\u00e7\u00e3o de S\u00e3o Paulo: \u201cDespojai-vos do homem velho, que se corrompe sob o efeito das paix\u00f5es enganadoras\u201d (Ef 2,22).<\/p>\n<p>Sair do escravid\u00e3o do Egito e despojar-se do homem velho s\u00e3o convites que apontam para a mesma dire\u00e7\u00e3o: a de encontrar em Cristo a presen\u00e7a efetiva de Deus na vida da comunidade. O caminho em companhia de Jesus, o P\u00e3o da Vida, \u00e9 o grande percurso proposto pela Liturgia deste 18\u00ba Domingo Tempo Comum.<\/p>\n","protected":false},"excerpt":{"rendered":"<p>Liturgia dominical<\/p>\n","protected":false},"author":1,"featured_media":201237,"comment_status":"open","ping_status":"open","sticky":false,"template":"","format":"standard","meta":[],"categories":[1],"tags":[537],"acf":[],"yoast_head":"<!-- This site is optimized with the Yoast SEO plugin v19.2 - https:\/\/yoast.com\/wordpress\/plugins\/seo\/ -->\n<title>Sem desperd\u00edcio, Deus d\u00e1 o p\u00e3o na medida certa - Not\u00edcias - Franciscanos<\/title>\n<meta name=\"robots\" content=\"index, follow, max-snippet:-1, max-image-preview:large, max-video-preview:-1\" \/>\n<link rel=\"canonical\" href=\"https:\/\/franciscanos.org.br\/noticias\/sem-desperdicio-deus-da-o-pao-na-medida-certa.html\" \/>\n<meta property=\"og:locale\" content=\"pt_BR\" \/>\n<meta property=\"og:type\" content=\"article\" \/>\n<meta property=\"og:title\" content=\"Sem desperd\u00edcio, Deus d\u00e1 o p\u00e3o na medida certa - Not\u00edcias - Franciscanos\" \/>\n<meta property=\"og:description\" content=\"Liturgia dominical\" \/>\n<meta property=\"og:url\" content=\"https:\/\/franciscanos.org.br\/noticias\/sem-desperdicio-deus-da-o-pao-na-medida-certa.html\" \/>\n<meta property=\"og:site_name\" content=\"Not\u00edcias - Franciscanos\" \/>\n<meta property=\"article:published_time\" content=\"2015-07-30T11:54:44+00:00\" \/>\n<meta property=\"article:modified_time\" content=\"2019-03-08T16:53:46+00:00\" \/>\n<meta property=\"og:image\" content=\"https:\/\/franciscanos.org.br\/noticias\/wp-content\/uploads\/2015\/07\/paodoceu-1.jpg\" \/>\n\t<meta property=\"og:image:width\" content=\"273\" \/>\n\t<meta property=\"og:image:height\" content=\"181\" \/>\n\t<meta property=\"og:image:type\" content=\"image\/jpeg\" \/>\n<meta name=\"author\" content=\"admin\" \/>\n<meta name=\"twitter:card\" content=\"summary_large_image\" \/>\n<meta name=\"twitter:label1\" content=\"Escrito por\" \/>\n\t<meta name=\"twitter:data1\" content=\"admin\" \/>\n\t<meta name=\"twitter:label2\" content=\"Est. tempo de leitura\" \/>\n\t<meta name=\"twitter:data2\" content=\"2 minutos\" \/>\n<script type=\"application\/ld+json\" class=\"yoast-schema-graph\">{\"@context\":\"https:\/\/schema.org\",\"@graph\":[{\"@type\":\"WebSite\",\"@id\":\"https:\/\/franciscanos.org.br\/noticias\/#website\",\"url\":\"https:\/\/franciscanos.org.br\/noticias\/\",\"name\":\"Not\u00edcias - Franciscanos\",\"description\":\"Prov\u00edncia Franciscana da Imaculada Concei\u00e7\u00e3o do Brasil - Ordem dos Frades Menores - OFM\",\"potentialAction\":[{\"@type\":\"SearchAction\",\"target\":{\"@type\":\"EntryPoint\",\"urlTemplate\":\"https:\/\/franciscanos.org.br\/noticias\/?s={search_term_string}\"},\"query-input\":\"required name=search_term_string\"}],\"inLanguage\":\"pt-BR\"},{\"@type\":\"ImageObject\",\"inLanguage\":\"pt-BR\",\"@id\":\"https:\/\/franciscanos.org.br\/noticias\/sem-desperdicio-deus-da-o-pao-na-medida-certa.html#primaryimage\",\"url\":\"https:\/\/franciscanos.org.br\/noticias\/wp-content\/uploads\/2015\/07\/paodoceu-1.jpg\",\"contentUrl\":\"https:\/\/franciscanos.org.br\/noticias\/wp-content\/uploads\/2015\/07\/paodoceu-1.jpg\",\"width\":273,\"height\":181},{\"@type\":\"WebPage\",\"@id\":\"https:\/\/franciscanos.org.br\/noticias\/sem-desperdicio-deus-da-o-pao-na-medida-certa.html#webpage\",\"url\":\"https:\/\/franciscanos.org.br\/noticias\/sem-desperdicio-deus-da-o-pao-na-medida-certa.html\",\"name\":\"Sem desperd\u00edcio, Deus d\u00e1 o p\u00e3o na medida certa - Not\u00edcias - Franciscanos\",\"isPartOf\":{\"@id\":\"https:\/\/franciscanos.org.br\/noticias\/#website\"},\"primaryImageOfPage\":{\"@id\":\"https:\/\/franciscanos.org.br\/noticias\/sem-desperdicio-deus-da-o-pao-na-medida-certa.html#primaryimage\"},\"datePublished\":\"2015-07-30T11:54:44+00:00\",\"dateModified\":\"2019-03-08T16:53:46+00:00\",\"author\":{\"@id\":\"https:\/\/franciscanos.org.br\/noticias\/#\/schema\/person\/b38fbf43118f02820bd932f2e4b14ad3\"},\"breadcrumb\":{\"@id\":\"https:\/\/franciscanos.org.br\/noticias\/sem-desperdicio-deus-da-o-pao-na-medida-certa.html#breadcrumb\"},\"inLanguage\":\"pt-BR\",\"potentialAction\":[{\"@type\":\"ReadAction\",\"target\":[\"https:\/\/franciscanos.org.br\/noticias\/sem-desperdicio-deus-da-o-pao-na-medida-certa.html\"]}]},{\"@type\":\"BreadcrumbList\",\"@id\":\"https:\/\/franciscanos.org.br\/noticias\/sem-desperdicio-deus-da-o-pao-na-medida-certa.html#breadcrumb\",\"itemListElement\":[{\"@type\":\"ListItem\",\"position\":1,\"name\":\"Home\",\"item\":\"https:\/\/franciscanos.org.br\/noticias\"},{\"@type\":\"ListItem\",\"position\":2,\"name\":\"Sem desperd\u00edcio, Deus d\u00e1 o p\u00e3o na medida certa\"}]},{\"@type\":\"Person\",\"@id\":\"https:\/\/franciscanos.org.br\/noticias\/#\/schema\/person\/b38fbf43118f02820bd932f2e4b14ad3\",\"name\":\"admin\",\"image\":{\"@type\":\"ImageObject\",\"inLanguage\":\"pt-BR\",\"@id\":\"https:\/\/franciscanos.org.br\/noticias\/#\/schema\/person\/image\/\",\"url\":\"https:\/\/secure.gravatar.com\/avatar\/e8495742d34d0ba6448ea1c628263b3e?s=96&d=mm&r=g\",\"contentUrl\":\"https:\/\/secure.gravatar.com\/avatar\/e8495742d34d0ba6448ea1c628263b3e?s=96&d=mm&r=g\",\"caption\":\"admin\"},\"url\":\"https:\/\/franciscanos.org.br\/noticias\/author\/admin\"}]}<\/script>\n<!-- \/ Yoast SEO plugin. -->","yoast_head_json":{"title":"Sem desperd\u00edcio, Deus d\u00e1 o p\u00e3o na medida certa - Not\u00edcias - Franciscanos","robots":{"index":"index","follow":"follow","max-snippet":"max-snippet:-1","max-image-preview":"max-image-preview:large","max-video-preview":"max-video-preview:-1"},"canonical":"https:\/\/franciscanos.org.br\/noticias\/sem-desperdicio-deus-da-o-pao-na-medida-certa.html","og_locale":"pt_BR","og_type":"article","og_title":"Sem desperd\u00edcio, Deus d\u00e1 o p\u00e3o na medida certa - Not\u00edcias - Franciscanos","og_description":"Liturgia dominical","og_url":"https:\/\/franciscanos.org.br\/noticias\/sem-desperdicio-deus-da-o-pao-na-medida-certa.html","og_site_name":"Not\u00edcias - Franciscanos","article_published_time":"2015-07-30T11:54:44+00:00","article_modified_time":"2019-03-08T16:53:46+00:00","og_image":[{"width":273,"height":181,"url":"https:\/\/franciscanos.org.br\/noticias\/wp-content\/uploads\/2015\/07\/paodoceu-1.jpg","type":"image\/jpeg"}],"author":"admin","twitter_card":"summary_large_image","twitter_misc":{"Escrito por":"admin","Est. tempo de leitura":"2 minutos"},"schema":{"@context":"https:\/\/schema.org","@graph":[{"@type":"WebSite","@id":"https:\/\/franciscanos.org.br\/noticias\/#website","url":"https:\/\/franciscanos.org.br\/noticias\/","name":"Not\u00edcias - Franciscanos","description":"Prov\u00edncia Franciscana da Imaculada Concei\u00e7\u00e3o do Brasil - Ordem dos Frades Menores - OFM","potentialAction":[{"@type":"SearchAction","target":{"@type":"EntryPoint","urlTemplate":"https:\/\/franciscanos.org.br\/noticias\/?s={search_term_string}"},"query-input":"required name=search_term_string"}],"inLanguage":"pt-BR"},{"@type":"ImageObject","inLanguage":"pt-BR","@id":"https:\/\/franciscanos.org.br\/noticias\/sem-desperdicio-deus-da-o-pao-na-medida-certa.html#primaryimage","url":"https:\/\/franciscanos.org.br\/noticias\/wp-content\/uploads\/2015\/07\/paodoceu-1.jpg","contentUrl":"https:\/\/franciscanos.org.br\/noticias\/wp-content\/uploads\/2015\/07\/paodoceu-1.jpg","width":273,"height":181},{"@type":"WebPage","@id":"https:\/\/franciscanos.org.br\/noticias\/sem-desperdicio-deus-da-o-pao-na-medida-certa.html#webpage","url":"https:\/\/franciscanos.org.br\/noticias\/sem-desperdicio-deus-da-o-pao-na-medida-certa.html","name":"Sem desperd\u00edcio, Deus d\u00e1 o p\u00e3o na medida certa - Not\u00edcias - Franciscanos","isPartOf":{"@id":"https:\/\/franciscanos.org.br\/noticias\/#website"},"primaryImageOfPage":{"@id":"https:\/\/franciscanos.org.br\/noticias\/sem-desperdicio-deus-da-o-pao-na-medida-certa.html#primaryimage"},"datePublished":"2015-07-30T11:54:44+00:00","dateModified":"2019-03-08T16:53:46+00:00","author":{"@id":"https:\/\/franciscanos.org.br\/noticias\/#\/schema\/person\/b38fbf43118f02820bd932f2e4b14ad3"},"breadcrumb":{"@id":"https:\/\/franciscanos.org.br\/noticias\/sem-desperdicio-deus-da-o-pao-na-medida-certa.html#breadcrumb"},"inLanguage":"pt-BR","potentialAction":[{"@type":"ReadAction","target":["https:\/\/franciscanos.org.br\/noticias\/sem-desperdicio-deus-da-o-pao-na-medida-certa.html"]}]},{"@type":"BreadcrumbList","@id":"https:\/\/franciscanos.org.br\/noticias\/sem-desperdicio-deus-da-o-pao-na-medida-certa.html#breadcrumb","itemListElement":[{"@type":"ListItem","position":1,"name":"Home","item":"https:\/\/franciscanos.org.br\/noticias"},{"@type":"ListItem","position":2,"name":"Sem desperd\u00edcio, Deus d\u00e1 o p\u00e3o na medida certa"}]},{"@type":"Person","@id":"https:\/\/franciscanos.org.br\/noticias\/#\/schema\/person\/b38fbf43118f02820bd932f2e4b14ad3","name":"admin","image":{"@type":"ImageObject","inLanguage":"pt-BR","@id":"https:\/\/franciscanos.org.br\/noticias\/#\/schema\/person\/image\/","url":"https:\/\/secure.gravatar.com\/avatar\/e8495742d34d0ba6448ea1c628263b3e?s=96&d=mm&r=g","contentUrl":"https:\/\/secure.gravatar.com\/avatar\/e8495742d34d0ba6448ea1c628263b3e?s=96&d=mm&r=g","caption":"admin"},"url":"https:\/\/franciscanos.org.br\/noticias\/author\/admin"}]}},"_links":{"self":[{"href":"https:\/\/franciscanos.org.br\/noticias\/wp-json\/wp\/v2\/posts\/91391"}],"collection":[{"href":"https:\/\/franciscanos.org.br\/noticias\/wp-json\/wp\/v2\/posts"}],"about":[{"href":"https:\/\/franciscanos.org.br\/noticias\/wp-json\/wp\/v2\/types\/post"}],"author":[{"embeddable":true,"href":"https:\/\/franciscanos.org.br\/noticias\/wp-json\/wp\/v2\/users\/1"}],"replies":[{"embeddable":true,"href":"https:\/\/franciscanos.org.br\/noticias\/wp-json\/wp\/v2\/comments?post=91391"}],"version-history":[{"count":0,"href":"https:\/\/franciscanos.org.br\/noticias\/wp-json\/wp\/v2\/posts\/91391\/revisions"}],"wp:featuredmedia":[{"embeddable":true,"href":"https:\/\/franciscanos.org.br\/noticias\/wp-json\/wp\/v2\/media\/201237"}],"wp:attachment":[{"href":"https:\/\/franciscanos.org.br\/noticias\/wp-json\/wp\/v2\/media?parent=91391"}],"wp:term":[{"taxonomy":"category","embeddable":true,"href":"https:\/\/franciscanos.org.br\/noticias\/wp-json\/wp\/v2\/categories?post=91391"},{"taxonomy":"post_tag","embeddable":true,"href":"https:\/\/franciscanos.org.br\/noticias\/wp-json\/wp\/v2\/tags?post=91391"}],"curies":[{"name":"wp","href":"https:\/\/api.w.org\/{rel}","templated":true}]}}