{"id":91120,"date":"2015-07-23T13:02:03","date_gmt":"2015-07-23T16:02:03","guid":{"rendered":"http:\/\/franciscanos.org.br\/?p=91120"},"modified":"2020-06-10T13:46:38","modified_gmt":"2020-06-10T16:46:38","slug":"contra-o-luxo-indecente-e-a-pobreza-crescente","status":"publish","type":"post","link":"https:\/\/franciscanos.org.br\/noticias\/contra-o-luxo-indecente-e-a-pobreza-crescente.html","title":{"rendered":"Contra o luxo indecente e a pobreza crescente"},"content":{"rendered":"<p><img loading=\"lazy\" class=\"alignnone size-full wp-image-196540\" src=\"https:\/\/franciscanos.org.br\/noticias\/wp-content\/uploads\/2015\/07\/liturgia_alto.jpg\" alt=\"\" width=\"820\" height=\"432\" srcset=\"https:\/\/franciscanos.org.br\/noticias\/wp-content\/uploads\/2015\/07\/liturgia_alto.jpg 820w, https:\/\/franciscanos.org.br\/noticias\/wp-content\/uploads\/2015\/07\/liturgia_alto-450x237.jpg 450w, https:\/\/franciscanos.org.br\/noticias\/wp-content\/uploads\/2015\/07\/liturgia_alto-768x405.jpg 768w, https:\/\/franciscanos.org.br\/noticias\/wp-content\/uploads\/2015\/07\/liturgia_alto-150x79.jpg 150w\" sizes=\"(max-width: 820px) 100vw, 820px\" \/><\/p>\n<p><strong>Frei Gustavo Medella<\/strong><\/p>\n<p>Um carro Lamborghini avaliado em R$ 3,9 milh\u00f5es; \u00a0uma Ferrari que custa R$1,95 milh\u00e3o e um Porsche, mais \u201csimplesinho\u201d, pela bagatela de R$ 719 mil: tr\u00eas ve\u00edculos que dividiam espa\u00e7o na garagem do senador.\u00a0 S\u00f3 para pagar o valor do IPVA atrasado apenas do ve\u00edculo mais caro, R$ 250 mil, um assalariado precisaria trabalhar por 26,7 anos sem gastar um tost\u00e3o, com oito horas de trabalho por dia e uma folga por semana. Para adquirir o ve\u00edculo carro, quase 300 anos de labuta. Com o valor m\u00e9dio do bolsa fam\u00edlia, R$160,00, seriam necess\u00e1rios 2030 anos para retirar na concession\u00e1ria aquele milenar sonho de consumo&#8230;<\/p>\n<p>Contas absurdas para mostrar o absurdo de uma sociedade que n\u00e3o sabe repartir o p\u00e3o. Recursos para atender \u00e0s necessidades de todos aqueles que habitam nossa grande casa comum existem sim. No entanto, a gan\u00e2ncia e a idolatria do dinheiro e da propriedade privada roubam at\u00e9 mesmo o m\u00ednimo necess\u00e1rio de quem j\u00e1 teria pouco para sobreviver. Para quem se disp\u00f5e a partilhar, o pouco se torna muito, tal qual a pequena por\u00e7\u00e3o que aquele pobre menino possu\u00eda para seu consumo, conforme nos conta S\u00e3o Jo\u00e3o Evangelista (Cf. Jo 6,1-15). Agora para as almas famintas e insaci\u00e1veis, at\u00e9 o tudo se torna pouco. N\u00e3o h\u00e1 bem capaz de saciar a alma humana que se perde no pr\u00f3prio ego\u00edsmo. \u00c9 o \u201cluxo indecente gerando a pobreza crescente\u201d.<\/p>\n<p>Com sabedoria e profecia, o Papa Francisco recupera o pensamento de seu predecessor, S\u00e3o Jo\u00e3o Paulo II, e reafirma em sua \u00faltima Carta Enc\u00edclica (Laudato s\u00ed):<\/p>\n<blockquote>\n<p style=\"padding-left: 30px;\">\u00a0\u201cA tradi\u00e7\u00e3o crist\u00e3 nunca reconheceu como absoluto ou intoc\u00e1vel o direito \u00e0 propriedade privada, e salientou a fun\u00e7\u00e3o social de qualquer forma de propriedade privada. S\u00e3o Jo\u00e3o Paulo II lembrou esta doutrina, com grande \u00eanfase, dizendo que \u2018Deus deu a terra a todo o g\u00eanero humano, para que ela sustente todos os seus membros, sem excluir nem privilegiar ningu\u00e9m\u2019. S\u00e3o palavras densas e fortes. Insistiu que \u2018n\u00e3o seria verdadeiramente digno do homem, um tipo de desenvolvimento que n\u00e3o respeitasse e promovesse os direitos humanos, pessoais e sociais, econ\u00f4micos e pol\u00edticos, incluindo os direitos das na\u00e7\u00f5es e dos povos\u2019. Com grande clareza, explicou que \u2018a Igreja defende, sim, o leg\u00edtimo direito \u00e0 propriedade privada, mas ensina, com n\u00e3o menor clareza, que sobre toda a propriedade particular pesa sempre uma hipoteca social, para que os bens sirvam ao destino geral que Deus lhes deu\u201d. (LS 93).<\/p>\n<\/blockquote>\n<p>Com o texto do Papa Francisco, est\u00e1 atualizado o Evangelho da Multiplica\u00e7\u00e3o dos P\u00e3es (Jo 6,1-15), no qual Jesus nada faz al\u00e9m de dar a destina\u00e7\u00e3o justa e adequada aos bens que Deus coloca \u00e0 disposi\u00e7\u00e3o de seus filhos: \u201cSaciar a fome de todos, sem exclus\u00e3o ou distin\u00e7\u00e3o\u201d. Qualquer outro compromisso que n\u00e3o este, o da destina\u00e7\u00e3o universal dos bens, contraria a raiz do Evangelho.<\/p>\n<p>\u00c9 duro de se engolir esta realidade, que desce como p\u00e3o seco e fica atravessada na garganta de quem defende a competi\u00e7\u00e3o, a meritocracia, a l\u00f3gica da acumula\u00e7\u00e3o, a vantagem a qualquer pre\u00e7o t\u00e3o comuns numa sociedade que privilegia o ter. Buscar a realiza\u00e7\u00e3o no status, no poder e na riqueza \u00e9 uma tenta\u00e7\u00e3o poderosa \u00e0 qual estamos todos profundamente sujeitos. \u00c9 algo que nos \u00e9 introjetado desde o ber\u00e7o, a partir dos modelos que nos s\u00e3o propostos.<\/p>\n<p>Sonhar diferente, abra\u00e7ar outros valores, caminhar em outra dire\u00e7\u00e3o exige for\u00e7a de vontade e muita f\u00e9. Facilmente podemos sucumbir. No entanto, a certeza de que Deus nos impulsiona nesta contracorrente \u00e9 que nos garante a convic\u00e7\u00e3o para prosseguir, mesmo que haja algumas quedas. E \u00e9 esta a proposta de Deus para n\u00f3s: \u201cTrabalhar incansavelmente para saciar a fome de todos\u201d. Gra\u00e7as a Deus o Papa Francisco tem insistido para trilharmos este caminho. Sigamos com ele, sem medo!<\/p>\n<p>&nbsp;<\/p>\n","protected":false},"excerpt":{"rendered":"<p>Liturgia dominical<\/p>\n","protected":false},"author":1,"featured_media":220433,"comment_status":"open","ping_status":"open","sticky":false,"template":"","format":"standard","meta":[],"categories":[1],"tags":[537],"acf":[],"yoast_head":"<!-- This site is optimized with the Yoast SEO plugin v19.2 - https:\/\/yoast.com\/wordpress\/plugins\/seo\/ -->\n<title>Contra o luxo indecente e a pobreza crescente - Not\u00edcias - Franciscanos<\/title>\n<meta name=\"robots\" content=\"index, follow, max-snippet:-1, max-image-preview:large, max-video-preview:-1\" \/>\n<link rel=\"canonical\" href=\"https:\/\/franciscanos.org.br\/noticias\/contra-o-luxo-indecente-e-a-pobreza-crescente.html\" \/>\n<meta property=\"og:locale\" content=\"pt_BR\" \/>\n<meta property=\"og:type\" content=\"article\" \/>\n<meta property=\"og:title\" content=\"Contra o luxo indecente e a pobreza crescente - Not\u00edcias - Franciscanos\" \/>\n<meta property=\"og:description\" content=\"Liturgia dominical\" \/>\n<meta property=\"og:url\" content=\"https:\/\/franciscanos.org.br\/noticias\/contra-o-luxo-indecente-e-a-pobreza-crescente.html\" \/>\n<meta property=\"og:site_name\" content=\"Not\u00edcias - Franciscanos\" \/>\n<meta property=\"article:published_time\" content=\"2015-07-23T16:02:03+00:00\" \/>\n<meta property=\"article:modified_time\" content=\"2020-06-10T16:46:38+00:00\" \/>\n<meta property=\"og:image\" content=\"https:\/\/franciscanos.org.br\/noticias\/wp-content\/uploads\/2015\/07\/liturgia_alto-1.jpg\" \/>\n\t<meta property=\"og:image:width\" content=\"273\" \/>\n\t<meta property=\"og:image:height\" content=\"181\" \/>\n\t<meta property=\"og:image:type\" content=\"image\/jpeg\" \/>\n<meta name=\"author\" content=\"admin\" \/>\n<meta name=\"twitter:card\" content=\"summary_large_image\" \/>\n<meta name=\"twitter:label1\" content=\"Escrito por\" \/>\n\t<meta name=\"twitter:data1\" content=\"admin\" \/>\n\t<meta name=\"twitter:label2\" content=\"Est. tempo de leitura\" \/>\n\t<meta name=\"twitter:data2\" content=\"3 minutos\" \/>\n<script type=\"application\/ld+json\" class=\"yoast-schema-graph\">{\"@context\":\"https:\/\/schema.org\",\"@graph\":[{\"@type\":\"WebSite\",\"@id\":\"https:\/\/franciscanos.org.br\/noticias\/#website\",\"url\":\"https:\/\/franciscanos.org.br\/noticias\/\",\"name\":\"Not\u00edcias - Franciscanos\",\"description\":\"Prov\u00edncia Franciscana da Imaculada Concei\u00e7\u00e3o do Brasil - Ordem dos Frades Menores - OFM\",\"potentialAction\":[{\"@type\":\"SearchAction\",\"target\":{\"@type\":\"EntryPoint\",\"urlTemplate\":\"https:\/\/franciscanos.org.br\/noticias\/?s={search_term_string}\"},\"query-input\":\"required name=search_term_string\"}],\"inLanguage\":\"pt-BR\"},{\"@type\":\"ImageObject\",\"inLanguage\":\"pt-BR\",\"@id\":\"https:\/\/franciscanos.org.br\/noticias\/contra-o-luxo-indecente-e-a-pobreza-crescente.html#primaryimage\",\"url\":\"https:\/\/franciscanos.org.br\/noticias\/wp-content\/uploads\/2015\/07\/liturgia_alto-1.jpg\",\"contentUrl\":\"https:\/\/franciscanos.org.br\/noticias\/wp-content\/uploads\/2015\/07\/liturgia_alto-1.jpg\",\"width\":273,\"height\":181},{\"@type\":\"WebPage\",\"@id\":\"https:\/\/franciscanos.org.br\/noticias\/contra-o-luxo-indecente-e-a-pobreza-crescente.html#webpage\",\"url\":\"https:\/\/franciscanos.org.br\/noticias\/contra-o-luxo-indecente-e-a-pobreza-crescente.html\",\"name\":\"Contra o luxo indecente e a pobreza crescente - Not\u00edcias - Franciscanos\",\"isPartOf\":{\"@id\":\"https:\/\/franciscanos.org.br\/noticias\/#website\"},\"primaryImageOfPage\":{\"@id\":\"https:\/\/franciscanos.org.br\/noticias\/contra-o-luxo-indecente-e-a-pobreza-crescente.html#primaryimage\"},\"datePublished\":\"2015-07-23T16:02:03+00:00\",\"dateModified\":\"2020-06-10T16:46:38+00:00\",\"author\":{\"@id\":\"https:\/\/franciscanos.org.br\/noticias\/#\/schema\/person\/b38fbf43118f02820bd932f2e4b14ad3\"},\"breadcrumb\":{\"@id\":\"https:\/\/franciscanos.org.br\/noticias\/contra-o-luxo-indecente-e-a-pobreza-crescente.html#breadcrumb\"},\"inLanguage\":\"pt-BR\",\"potentialAction\":[{\"@type\":\"ReadAction\",\"target\":[\"https:\/\/franciscanos.org.br\/noticias\/contra-o-luxo-indecente-e-a-pobreza-crescente.html\"]}]},{\"@type\":\"BreadcrumbList\",\"@id\":\"https:\/\/franciscanos.org.br\/noticias\/contra-o-luxo-indecente-e-a-pobreza-crescente.html#breadcrumb\",\"itemListElement\":[{\"@type\":\"ListItem\",\"position\":1,\"name\":\"Home\",\"item\":\"https:\/\/franciscanos.org.br\/noticias\"},{\"@type\":\"ListItem\",\"position\":2,\"name\":\"Contra o luxo indecente e a pobreza crescente\"}]},{\"@type\":\"Person\",\"@id\":\"https:\/\/franciscanos.org.br\/noticias\/#\/schema\/person\/b38fbf43118f02820bd932f2e4b14ad3\",\"name\":\"admin\",\"image\":{\"@type\":\"ImageObject\",\"inLanguage\":\"pt-BR\",\"@id\":\"https:\/\/franciscanos.org.br\/noticias\/#\/schema\/person\/image\/\",\"url\":\"https:\/\/secure.gravatar.com\/avatar\/e8495742d34d0ba6448ea1c628263b3e?s=96&d=mm&r=g\",\"contentUrl\":\"https:\/\/secure.gravatar.com\/avatar\/e8495742d34d0ba6448ea1c628263b3e?s=96&d=mm&r=g\",\"caption\":\"admin\"},\"url\":\"https:\/\/franciscanos.org.br\/noticias\/author\/admin\"}]}<\/script>\n<!-- \/ Yoast SEO plugin. -->","yoast_head_json":{"title":"Contra o luxo indecente e a pobreza crescente - Not\u00edcias - Franciscanos","robots":{"index":"index","follow":"follow","max-snippet":"max-snippet:-1","max-image-preview":"max-image-preview:large","max-video-preview":"max-video-preview:-1"},"canonical":"https:\/\/franciscanos.org.br\/noticias\/contra-o-luxo-indecente-e-a-pobreza-crescente.html","og_locale":"pt_BR","og_type":"article","og_title":"Contra o luxo indecente e a pobreza crescente - Not\u00edcias - Franciscanos","og_description":"Liturgia dominical","og_url":"https:\/\/franciscanos.org.br\/noticias\/contra-o-luxo-indecente-e-a-pobreza-crescente.html","og_site_name":"Not\u00edcias - Franciscanos","article_published_time":"2015-07-23T16:02:03+00:00","article_modified_time":"2020-06-10T16:46:38+00:00","og_image":[{"width":273,"height":181,"url":"https:\/\/franciscanos.org.br\/noticias\/wp-content\/uploads\/2015\/07\/liturgia_alto-1.jpg","type":"image\/jpeg"}],"author":"admin","twitter_card":"summary_large_image","twitter_misc":{"Escrito por":"admin","Est. tempo de leitura":"3 minutos"},"schema":{"@context":"https:\/\/schema.org","@graph":[{"@type":"WebSite","@id":"https:\/\/franciscanos.org.br\/noticias\/#website","url":"https:\/\/franciscanos.org.br\/noticias\/","name":"Not\u00edcias - Franciscanos","description":"Prov\u00edncia Franciscana da Imaculada Concei\u00e7\u00e3o do Brasil - Ordem dos Frades Menores - OFM","potentialAction":[{"@type":"SearchAction","target":{"@type":"EntryPoint","urlTemplate":"https:\/\/franciscanos.org.br\/noticias\/?s={search_term_string}"},"query-input":"required name=search_term_string"}],"inLanguage":"pt-BR"},{"@type":"ImageObject","inLanguage":"pt-BR","@id":"https:\/\/franciscanos.org.br\/noticias\/contra-o-luxo-indecente-e-a-pobreza-crescente.html#primaryimage","url":"https:\/\/franciscanos.org.br\/noticias\/wp-content\/uploads\/2015\/07\/liturgia_alto-1.jpg","contentUrl":"https:\/\/franciscanos.org.br\/noticias\/wp-content\/uploads\/2015\/07\/liturgia_alto-1.jpg","width":273,"height":181},{"@type":"WebPage","@id":"https:\/\/franciscanos.org.br\/noticias\/contra-o-luxo-indecente-e-a-pobreza-crescente.html#webpage","url":"https:\/\/franciscanos.org.br\/noticias\/contra-o-luxo-indecente-e-a-pobreza-crescente.html","name":"Contra o luxo indecente e a pobreza crescente - Not\u00edcias - Franciscanos","isPartOf":{"@id":"https:\/\/franciscanos.org.br\/noticias\/#website"},"primaryImageOfPage":{"@id":"https:\/\/franciscanos.org.br\/noticias\/contra-o-luxo-indecente-e-a-pobreza-crescente.html#primaryimage"},"datePublished":"2015-07-23T16:02:03+00:00","dateModified":"2020-06-10T16:46:38+00:00","author":{"@id":"https:\/\/franciscanos.org.br\/noticias\/#\/schema\/person\/b38fbf43118f02820bd932f2e4b14ad3"},"breadcrumb":{"@id":"https:\/\/franciscanos.org.br\/noticias\/contra-o-luxo-indecente-e-a-pobreza-crescente.html#breadcrumb"},"inLanguage":"pt-BR","potentialAction":[{"@type":"ReadAction","target":["https:\/\/franciscanos.org.br\/noticias\/contra-o-luxo-indecente-e-a-pobreza-crescente.html"]}]},{"@type":"BreadcrumbList","@id":"https:\/\/franciscanos.org.br\/noticias\/contra-o-luxo-indecente-e-a-pobreza-crescente.html#breadcrumb","itemListElement":[{"@type":"ListItem","position":1,"name":"Home","item":"https:\/\/franciscanos.org.br\/noticias"},{"@type":"ListItem","position":2,"name":"Contra o luxo indecente e a pobreza crescente"}]},{"@type":"Person","@id":"https:\/\/franciscanos.org.br\/noticias\/#\/schema\/person\/b38fbf43118f02820bd932f2e4b14ad3","name":"admin","image":{"@type":"ImageObject","inLanguage":"pt-BR","@id":"https:\/\/franciscanos.org.br\/noticias\/#\/schema\/person\/image\/","url":"https:\/\/secure.gravatar.com\/avatar\/e8495742d34d0ba6448ea1c628263b3e?s=96&d=mm&r=g","contentUrl":"https:\/\/secure.gravatar.com\/avatar\/e8495742d34d0ba6448ea1c628263b3e?s=96&d=mm&r=g","caption":"admin"},"url":"https:\/\/franciscanos.org.br\/noticias\/author\/admin"}]}},"_links":{"self":[{"href":"https:\/\/franciscanos.org.br\/noticias\/wp-json\/wp\/v2\/posts\/91120"}],"collection":[{"href":"https:\/\/franciscanos.org.br\/noticias\/wp-json\/wp\/v2\/posts"}],"about":[{"href":"https:\/\/franciscanos.org.br\/noticias\/wp-json\/wp\/v2\/types\/post"}],"author":[{"embeddable":true,"href":"https:\/\/franciscanos.org.br\/noticias\/wp-json\/wp\/v2\/users\/1"}],"replies":[{"embeddable":true,"href":"https:\/\/franciscanos.org.br\/noticias\/wp-json\/wp\/v2\/comments?post=91120"}],"version-history":[{"count":1,"href":"https:\/\/franciscanos.org.br\/noticias\/wp-json\/wp\/v2\/posts\/91120\/revisions"}],"predecessor-version":[{"id":225979,"href":"https:\/\/franciscanos.org.br\/noticias\/wp-json\/wp\/v2\/posts\/91120\/revisions\/225979"}],"wp:featuredmedia":[{"embeddable":true,"href":"https:\/\/franciscanos.org.br\/noticias\/wp-json\/wp\/v2\/media\/220433"}],"wp:attachment":[{"href":"https:\/\/franciscanos.org.br\/noticias\/wp-json\/wp\/v2\/media?parent=91120"}],"wp:term":[{"taxonomy":"category","embeddable":true,"href":"https:\/\/franciscanos.org.br\/noticias\/wp-json\/wp\/v2\/categories?post=91120"},{"taxonomy":"post_tag","embeddable":true,"href":"https:\/\/franciscanos.org.br\/noticias\/wp-json\/wp\/v2\/tags?post=91120"}],"curies":[{"name":"wp","href":"https:\/\/api.w.org\/{rel}","templated":true}]}}