{"id":91104,"date":"2015-07-22T15:49:54","date_gmt":"2015-07-22T18:49:54","guid":{"rendered":"http:\/\/franciscanos.org.br\/?p=91104"},"modified":"2019-01-28T10:58:08","modified_gmt":"2019-01-28T12:58:08","slug":"sao-francisco-chave-de-leitura-da-enciclica-sobre-o-ambiente","status":"publish","type":"post","link":"https:\/\/franciscanos.org.br\/noticias\/sao-francisco-chave-de-leitura-da-enciclica-sobre-o-ambiente.html","title":{"rendered":"S\u00e3o Francisco: chave de leitura da Enc\u00edclica sobre o ambiente"},"content":{"rendered":"<p><img loading=\"lazy\" src=\"http:\/\/franciscanos.org.br\/wp-content\/uploads\/2015\/07\/alto_cff.jpg\" alt=\"alto_cff\" width=\"820\" height=\"180\" \/><\/p>\n<p>Os Ministros Gerais da Fam\u00edlia Franciscana expressam sua gratid\u00e3o e alegria pela publica\u00e7\u00e3o da Carta Enc\u00edclica \u201cLaudato S\u00ec, sobre o cuidado da casa comum\u201d, do Papa Francisco, na qual S\u00e3o Francisco vem citado doze vezes e se mostra como a chave de leitura de todo o texto: \u201cN\u00e3o quero prosseguir com esta Enc\u00edclica sem recorrer a um exemplo belo e motivador. Abracei o seu nome como guia e como inspira\u00e7\u00e3o no momento de minha elei\u00e7\u00e3o como Bispo de Roma. Creio que Francisco seja o exemplo por excel\u00eancia do cuidado pelo que \u00e9 fr\u00e1gil e de uma ecologia integral vivida com alegria e autenticidade. \u00c9 o santo padroeiro de todos aqueles que estudam e trabalham no campo da ecologia, amado tamb\u00e9m por muitos que n\u00e3o s\u00e3o cris\u00e3os\u201d.<\/p>\n<p><a href=\"http:\/\/franciscanos.org.br\/wp-content\/uploads\/2015\/06\/carta_18.jpg\"><img loading=\"lazy\" class=\"alignleft wp-image-89124\" src=\"http:\/\/franciscanos.org.br\/wp-content\/uploads\/2015\/06\/carta_18.jpg\" alt=\"carta_18\" width=\"198\" height=\"260\" \/><\/a>O texto, apresentado oficialmente na quinta-feira, dia 18 de junho, no Vaticano, atualiza neste momento hist\u00f3rico o nosso carisma, sobretudo por aquilo que remete ao respeito por toda forma de vida. Como franciscanos, desde sempre e em todos os lugares, procuramos defender o meio ambiente e as pessoas que nele habitam, conscientes de que quem ama a Deus n\u00e3o pode deixar de amar aquilo que Ele criou: os seres viventes e a natureza. O C\u00e2ntico das Criaturas, express\u00e3o do estilo de vida de S\u00e3o Francisco, \u00e9 um hino \u00e0 vida em todas as suas formas, sejam naturais, sejam humanas. Francisco instaurou um relacionamento de profunda sintonia com a cria\u00e7\u00e3o, sobretudo com o ponto alto da obra criadora de Deus, ou seja, a humanidade.<\/p>\n<p>Nesta especial rela\u00e7\u00e3o se inspira o Papa em seu compromisso com os pobres e marginalizados, com a paz, com a recupera\u00e7\u00e3o e com o cuidado do planeta, demonstrando as qualidades prof\u00e9ticas que derivam do estar em comunh\u00e3o com Deus, com os semelhantes, consigo mesmo e com o universo criado. Por este motivo mesmo, o Papa ousou abra\u00e7ar e levar adiante o imperativo do discipulado crist\u00e3o modelado pelo exemplo de Francisco de Assis. A Enc\u00edclica desafia todos n\u00f3s a simplificarmos nossa vida, a nos despojarmos e a abandonarmos tudo aquilo que n\u00e3o \u00e9 necess\u00e1rio, de modo a podermos redescobrir a beleza que Deus depositou em n\u00f3s, isto \u00e9, em cada pessoa, e em cada coisa criada. Nossa voca\u00e7\u00e3o \u00e9 viver uma solidariedade sem limites com tudo aquilo que Deus criou.<\/p>\n<p>Por esta Enc\u00edclica, n\u00f3s agradecemos de cora\u00e7\u00e3o ao Papa Francisco e lhe asseguramos nossas ora\u00e7\u00f5es. Conscientes de que esta \u00e9 de fato uma nova abordagem para promover e defender a vida do planeta e da humanidade, n\u00f3s assumimos a responsabilidade com as palavras do Santo Padre e convidamos todas as pessoas de boa vontade e os governantes a assumirem tamb\u00e9m o compromisso com a salvaguarda da paz, da justi\u00e7a e da cria\u00e7\u00e3o. Em nome de toda a Fam\u00edlia Franciscana, nos empenhamos com firmeza em rever o nosso estilo de vida, de modo a sermos testemunhas coerentes com tudo aquilo que professamos viver. Concretamente solicitamos a todos os franciscanos, e \u00e0queles que colaboram conosco a utilizarem de modo mais consciente a eletricidade e a \u00e1gua, a reduzirem o uso dos materiais poluentes como os pl\u00e1sticos e detergentes, a prevenirem responsavelmente os desperd\u00edcios e a colocar em pr\u00e1tica cada dia aquelas pequenas pr\u00e1ticas em pr\u00f3l da salvaguarda da cria\u00e7\u00e3o.<\/p>\n<p>Fraternalmente,<br \/>\n<strong>Fr. Michael Anthony Perry,O FM<\/strong><br \/>\n<em>Ministro Generale<\/em><\/p>\n<p><strong>Sr. Deborah Lockwood, OSF<\/strong><br \/>\n<em>Ministro Generale\u00a0<\/em><br \/>\n<em>Presidente CFF<\/em><\/p>\n<p><strong>Fr. Mauro J\u00f6hri, OFMCap<\/strong><br \/>\n<em>Ministro Generale<\/em><\/p>\n<p><strong>Fr. Nicholas Polichnowski, TOR<\/strong><br \/>\n<em>Ministro Generale<\/em><\/p>\n<p><strong>Fr. Marco Tasca, OFMConv<\/strong><br \/>\n<em>Ministro Generale<\/em><\/p>\n<p><strong>Tibor Kauser, OFS<\/strong><br \/>\n<em>Ministro Generale<\/em><\/p>\n<p><em>Roma, 16 luglio 2015, Tradu\u00e7\u00e3o: Frei Gustavo Medella<\/em><\/p>\n","protected":false},"excerpt":{"rendered":"<p>Mensagem<\/p>\n","protected":false},"author":1,"featured_media":197012,"comment_status":"open","ping_status":"open","sticky":false,"template":"","format":"standard","meta":[],"categories":[1],"tags":[701],"acf":[],"yoast_head":"<!-- This site is optimized with the Yoast SEO plugin v19.2 - https:\/\/yoast.com\/wordpress\/plugins\/seo\/ -->\n<title>S\u00e3o Francisco: chave de leitura da Enc\u00edclica sobre o ambiente - Not\u00edcias - Franciscanos<\/title>\n<meta name=\"robots\" content=\"index, follow, max-snippet:-1, max-image-preview:large, max-video-preview:-1\" \/>\n<link rel=\"canonical\" href=\"https:\/\/franciscanos.org.br\/noticias\/sao-francisco-chave-de-leitura-da-enciclica-sobre-o-ambiente.html\" \/>\n<meta property=\"og:locale\" content=\"pt_BR\" \/>\n<meta property=\"og:type\" content=\"article\" \/>\n<meta property=\"og:title\" content=\"S\u00e3o Francisco: chave de leitura da Enc\u00edclica sobre o ambiente - Not\u00edcias - Franciscanos\" \/>\n<meta property=\"og:description\" content=\"Mensagem\" \/>\n<meta property=\"og:url\" content=\"https:\/\/franciscanos.org.br\/noticias\/sao-francisco-chave-de-leitura-da-enciclica-sobre-o-ambiente.html\" \/>\n<meta property=\"og:site_name\" content=\"Not\u00edcias - Franciscanos\" \/>\n<meta property=\"article:published_time\" content=\"2015-07-22T18:49:54+00:00\" \/>\n<meta property=\"article:modified_time\" content=\"2019-01-28T12:58:08+00:00\" \/>\n<meta property=\"og:image\" content=\"https:\/\/franciscanos.org.br\/noticias\/wp-content\/uploads\/2015\/07\/carta_18.jpg\" \/>\n\t<meta property=\"og:image:width\" content=\"273\" \/>\n\t<meta property=\"og:image:height\" content=\"181\" \/>\n\t<meta property=\"og:image:type\" content=\"image\/jpeg\" \/>\n<meta name=\"author\" content=\"admin\" \/>\n<meta name=\"twitter:card\" content=\"summary_large_image\" \/>\n<meta name=\"twitter:label1\" content=\"Escrito por\" \/>\n\t<meta name=\"twitter:data1\" content=\"admin\" \/>\n\t<meta name=\"twitter:label2\" content=\"Est. tempo de leitura\" \/>\n\t<meta name=\"twitter:data2\" content=\"3 minutos\" \/>\n<script type=\"application\/ld+json\" class=\"yoast-schema-graph\">{\"@context\":\"https:\/\/schema.org\",\"@graph\":[{\"@type\":\"WebSite\",\"@id\":\"https:\/\/franciscanos.org.br\/noticias\/#website\",\"url\":\"https:\/\/franciscanos.org.br\/noticias\/\",\"name\":\"Not\u00edcias - Franciscanos\",\"description\":\"Prov\u00edncia Franciscana da Imaculada Concei\u00e7\u00e3o do Brasil - Ordem dos Frades Menores - OFM\",\"potentialAction\":[{\"@type\":\"SearchAction\",\"target\":{\"@type\":\"EntryPoint\",\"urlTemplate\":\"https:\/\/franciscanos.org.br\/noticias\/?s={search_term_string}\"},\"query-input\":\"required name=search_term_string\"}],\"inLanguage\":\"pt-BR\"},{\"@type\":\"ImageObject\",\"inLanguage\":\"pt-BR\",\"@id\":\"https:\/\/franciscanos.org.br\/noticias\/sao-francisco-chave-de-leitura-da-enciclica-sobre-o-ambiente.html#primaryimage\",\"url\":\"https:\/\/franciscanos.org.br\/noticias\/wp-content\/uploads\/2015\/07\/carta_18.jpg\",\"contentUrl\":\"https:\/\/franciscanos.org.br\/noticias\/wp-content\/uploads\/2015\/07\/carta_18.jpg\",\"width\":273,\"height\":181},{\"@type\":\"WebPage\",\"@id\":\"https:\/\/franciscanos.org.br\/noticias\/sao-francisco-chave-de-leitura-da-enciclica-sobre-o-ambiente.html#webpage\",\"url\":\"https:\/\/franciscanos.org.br\/noticias\/sao-francisco-chave-de-leitura-da-enciclica-sobre-o-ambiente.html\",\"name\":\"S\u00e3o Francisco: chave de leitura da Enc\u00edclica sobre o ambiente - Not\u00edcias - Franciscanos\",\"isPartOf\":{\"@id\":\"https:\/\/franciscanos.org.br\/noticias\/#website\"},\"primaryImageOfPage\":{\"@id\":\"https:\/\/franciscanos.org.br\/noticias\/sao-francisco-chave-de-leitura-da-enciclica-sobre-o-ambiente.html#primaryimage\"},\"datePublished\":\"2015-07-22T18:49:54+00:00\",\"dateModified\":\"2019-01-28T12:58:08+00:00\",\"author\":{\"@id\":\"https:\/\/franciscanos.org.br\/noticias\/#\/schema\/person\/b38fbf43118f02820bd932f2e4b14ad3\"},\"breadcrumb\":{\"@id\":\"https:\/\/franciscanos.org.br\/noticias\/sao-francisco-chave-de-leitura-da-enciclica-sobre-o-ambiente.html#breadcrumb\"},\"inLanguage\":\"pt-BR\",\"potentialAction\":[{\"@type\":\"ReadAction\",\"target\":[\"https:\/\/franciscanos.org.br\/noticias\/sao-francisco-chave-de-leitura-da-enciclica-sobre-o-ambiente.html\"]}]},{\"@type\":\"BreadcrumbList\",\"@id\":\"https:\/\/franciscanos.org.br\/noticias\/sao-francisco-chave-de-leitura-da-enciclica-sobre-o-ambiente.html#breadcrumb\",\"itemListElement\":[{\"@type\":\"ListItem\",\"position\":1,\"name\":\"Home\",\"item\":\"https:\/\/franciscanos.org.br\/noticias\"},{\"@type\":\"ListItem\",\"position\":2,\"name\":\"S\u00e3o Francisco: chave de leitura da Enc\u00edclica sobre o ambiente\"}]},{\"@type\":\"Person\",\"@id\":\"https:\/\/franciscanos.org.br\/noticias\/#\/schema\/person\/b38fbf43118f02820bd932f2e4b14ad3\",\"name\":\"admin\",\"image\":{\"@type\":\"ImageObject\",\"inLanguage\":\"pt-BR\",\"@id\":\"https:\/\/franciscanos.org.br\/noticias\/#\/schema\/person\/image\/\",\"url\":\"https:\/\/secure.gravatar.com\/avatar\/e8495742d34d0ba6448ea1c628263b3e?s=96&d=mm&r=g\",\"contentUrl\":\"https:\/\/secure.gravatar.com\/avatar\/e8495742d34d0ba6448ea1c628263b3e?s=96&d=mm&r=g\",\"caption\":\"admin\"},\"url\":\"https:\/\/franciscanos.org.br\/noticias\/author\/admin\"}]}<\/script>\n<!-- \/ Yoast SEO plugin. -->","yoast_head_json":{"title":"S\u00e3o Francisco: chave de leitura da Enc\u00edclica sobre o ambiente - Not\u00edcias - Franciscanos","robots":{"index":"index","follow":"follow","max-snippet":"max-snippet:-1","max-image-preview":"max-image-preview:large","max-video-preview":"max-video-preview:-1"},"canonical":"https:\/\/franciscanos.org.br\/noticias\/sao-francisco-chave-de-leitura-da-enciclica-sobre-o-ambiente.html","og_locale":"pt_BR","og_type":"article","og_title":"S\u00e3o Francisco: chave de leitura da Enc\u00edclica sobre o ambiente - Not\u00edcias - Franciscanos","og_description":"Mensagem","og_url":"https:\/\/franciscanos.org.br\/noticias\/sao-francisco-chave-de-leitura-da-enciclica-sobre-o-ambiente.html","og_site_name":"Not\u00edcias - Franciscanos","article_published_time":"2015-07-22T18:49:54+00:00","article_modified_time":"2019-01-28T12:58:08+00:00","og_image":[{"width":273,"height":181,"url":"https:\/\/franciscanos.org.br\/noticias\/wp-content\/uploads\/2015\/07\/carta_18.jpg","type":"image\/jpeg"}],"author":"admin","twitter_card":"summary_large_image","twitter_misc":{"Escrito por":"admin","Est. tempo de leitura":"3 minutos"},"schema":{"@context":"https:\/\/schema.org","@graph":[{"@type":"WebSite","@id":"https:\/\/franciscanos.org.br\/noticias\/#website","url":"https:\/\/franciscanos.org.br\/noticias\/","name":"Not\u00edcias - Franciscanos","description":"Prov\u00edncia Franciscana da Imaculada Concei\u00e7\u00e3o do Brasil - Ordem dos Frades Menores - OFM","potentialAction":[{"@type":"SearchAction","target":{"@type":"EntryPoint","urlTemplate":"https:\/\/franciscanos.org.br\/noticias\/?s={search_term_string}"},"query-input":"required name=search_term_string"}],"inLanguage":"pt-BR"},{"@type":"ImageObject","inLanguage":"pt-BR","@id":"https:\/\/franciscanos.org.br\/noticias\/sao-francisco-chave-de-leitura-da-enciclica-sobre-o-ambiente.html#primaryimage","url":"https:\/\/franciscanos.org.br\/noticias\/wp-content\/uploads\/2015\/07\/carta_18.jpg","contentUrl":"https:\/\/franciscanos.org.br\/noticias\/wp-content\/uploads\/2015\/07\/carta_18.jpg","width":273,"height":181},{"@type":"WebPage","@id":"https:\/\/franciscanos.org.br\/noticias\/sao-francisco-chave-de-leitura-da-enciclica-sobre-o-ambiente.html#webpage","url":"https:\/\/franciscanos.org.br\/noticias\/sao-francisco-chave-de-leitura-da-enciclica-sobre-o-ambiente.html","name":"S\u00e3o Francisco: chave de leitura da Enc\u00edclica sobre o ambiente - Not\u00edcias - Franciscanos","isPartOf":{"@id":"https:\/\/franciscanos.org.br\/noticias\/#website"},"primaryImageOfPage":{"@id":"https:\/\/franciscanos.org.br\/noticias\/sao-francisco-chave-de-leitura-da-enciclica-sobre-o-ambiente.html#primaryimage"},"datePublished":"2015-07-22T18:49:54+00:00","dateModified":"2019-01-28T12:58:08+00:00","author":{"@id":"https:\/\/franciscanos.org.br\/noticias\/#\/schema\/person\/b38fbf43118f02820bd932f2e4b14ad3"},"breadcrumb":{"@id":"https:\/\/franciscanos.org.br\/noticias\/sao-francisco-chave-de-leitura-da-enciclica-sobre-o-ambiente.html#breadcrumb"},"inLanguage":"pt-BR","potentialAction":[{"@type":"ReadAction","target":["https:\/\/franciscanos.org.br\/noticias\/sao-francisco-chave-de-leitura-da-enciclica-sobre-o-ambiente.html"]}]},{"@type":"BreadcrumbList","@id":"https:\/\/franciscanos.org.br\/noticias\/sao-francisco-chave-de-leitura-da-enciclica-sobre-o-ambiente.html#breadcrumb","itemListElement":[{"@type":"ListItem","position":1,"name":"Home","item":"https:\/\/franciscanos.org.br\/noticias"},{"@type":"ListItem","position":2,"name":"S\u00e3o Francisco: chave de leitura da Enc\u00edclica sobre o ambiente"}]},{"@type":"Person","@id":"https:\/\/franciscanos.org.br\/noticias\/#\/schema\/person\/b38fbf43118f02820bd932f2e4b14ad3","name":"admin","image":{"@type":"ImageObject","inLanguage":"pt-BR","@id":"https:\/\/franciscanos.org.br\/noticias\/#\/schema\/person\/image\/","url":"https:\/\/secure.gravatar.com\/avatar\/e8495742d34d0ba6448ea1c628263b3e?s=96&d=mm&r=g","contentUrl":"https:\/\/secure.gravatar.com\/avatar\/e8495742d34d0ba6448ea1c628263b3e?s=96&d=mm&r=g","caption":"admin"},"url":"https:\/\/franciscanos.org.br\/noticias\/author\/admin"}]}},"_links":{"self":[{"href":"https:\/\/franciscanos.org.br\/noticias\/wp-json\/wp\/v2\/posts\/91104"}],"collection":[{"href":"https:\/\/franciscanos.org.br\/noticias\/wp-json\/wp\/v2\/posts"}],"about":[{"href":"https:\/\/franciscanos.org.br\/noticias\/wp-json\/wp\/v2\/types\/post"}],"author":[{"embeddable":true,"href":"https:\/\/franciscanos.org.br\/noticias\/wp-json\/wp\/v2\/users\/1"}],"replies":[{"embeddable":true,"href":"https:\/\/franciscanos.org.br\/noticias\/wp-json\/wp\/v2\/comments?post=91104"}],"version-history":[{"count":0,"href":"https:\/\/franciscanos.org.br\/noticias\/wp-json\/wp\/v2\/posts\/91104\/revisions"}],"wp:featuredmedia":[{"embeddable":true,"href":"https:\/\/franciscanos.org.br\/noticias\/wp-json\/wp\/v2\/media\/197012"}],"wp:attachment":[{"href":"https:\/\/franciscanos.org.br\/noticias\/wp-json\/wp\/v2\/media?parent=91104"}],"wp:term":[{"taxonomy":"category","embeddable":true,"href":"https:\/\/franciscanos.org.br\/noticias\/wp-json\/wp\/v2\/categories?post=91104"},{"taxonomy":"post_tag","embeddable":true,"href":"https:\/\/franciscanos.org.br\/noticias\/wp-json\/wp\/v2\/tags?post=91104"}],"curies":[{"name":"wp","href":"https:\/\/api.w.org\/{rel}","templated":true}]}}