{"id":91088,"date":"2015-07-22T08:31:14","date_gmt":"2015-07-22T11:31:14","guid":{"rendered":"http:\/\/franciscanos.org.br\/?p=91088"},"modified":"2020-02-06T11:18:52","modified_gmt":"2020-02-06T14:18:52","slug":"papa-francisco-concede-titulo-de-basilica-menor-ao-santuario-de-sao-sebastiao","status":"publish","type":"post","link":"https:\/\/franciscanos.org.br\/noticias\/papa-francisco-concede-titulo-de-basilica-menor-ao-santuario-de-sao-sebastiao.html","title":{"rendered":"Papa Francisco concede t\u00edtulo de Bas\u00edlica Menor ao Santu\u00e1rio de S\u00e3o Sebasti\u00e3o"},"content":{"rendered":"<p><a href=\"http:\/\/franciscanos.org.br\/wp-content\/uploads\/2015\/07\/Capuchinos-820.jpg\"><img loading=\"lazy\" src=\"http:\/\/franciscanos.org.br\/wp-content\/uploads\/2015\/07\/Capuchinos-820.jpg\" alt=\"Capuchinos-820\" width=\"820\" height=\"473\" \/><\/a><\/p>\n<p>O Santu\u00e1rio de S\u00e3o Sebasti\u00e3o, na Arquidiocese do Rio de Janeiro, foi elevado a Bas\u00edlica Menor. No dia 17 de julho, a Congrega\u00e7\u00e3o para o Culto Divino e a Disciplina dos\u00a0Sacramentos\u00a0autorizou o decreto que concede o t\u00edtulo \u00e0\u00a0Igreja\u00a0que fica localizada no bairro Tijuca.<\/p>\n<p>O presidente do Dicast\u00e9rio, Cardeal Robert Sarah, enviou uma carta ao Arcebispo do Rio, Cardeal Orani Jo\u00e3o Tempesta, na qual comunica a autoriza\u00e7\u00e3o. A Congrega\u00e7\u00e3o para o Culto Divino e a Disciplina dos Sacramentos autorizou no dia 17 de julho, o decreto que concede o t\u00edtulo de Bas\u00edlica Menor ao Santu\u00e1rio S\u00e3o Sebasti\u00e3o, situado na Tijuca, no Rio de Janeiro.<\/p>\n<p>\u201cA concess\u00e3o deste t\u00edtulo a esta importante Igreja, intensificando o v\u00ednculo particular com a Igreja de Roma e com o Santo Padre, quer promover a sua exemplaridade como verdadeiro centro de a\u00e7\u00e3o lit\u00fargica e pastoral na Diocese\u201d, afirma o comunicado.<\/p>\n<p>Uma Bas\u00edlica Menor \u00e9 uma Igreja com o t\u00edtulo concedido pelo Papa, considerada importante por diferentes motivos, tais como: venera\u00e7\u00e3o que lhe devotam os crist\u00e3os, transcend\u00eancia hist\u00f3rica e beleza art\u00edstica de sua arquitetura e decora\u00e7\u00e3o.<\/p>\n<p>O Santu\u00e1rio S\u00e3o Sebasti\u00e3o, no Rio de Janeiro, \u00e9 administrado pelos Frades Capuchinhos, e foi declarado arquidiocesano neste ano, durante as comemora\u00e7\u00f5es pelo dia do padroeiro, em 20 de janeiro. O templo possui especial valor afetivo para os cariocas, pois possui a guarda de tr\u00eas rel\u00edquias: o marco de funda\u00e7\u00e3o, os restos mortais do fundador da cidade, Est\u00e1cio de S\u00e1, e a imagem hist\u00f3rica de S\u00e3o Sebasti\u00e3o, padroeiro da Cidade do Rio de Janeiro que foi trazida por ele.<\/p>\n<p>Al\u00e9m da fraternidade dos frades capuchinhos, o santu\u00e1rio conta com a fraternidade franciscana secular de S\u00e3o Sebasti\u00e3o, fundada no dia primeiro de maio de 1860, no antigo Morro do Castelo, no Centro da Cidade, quando ainda n\u00e3o havia sido constitu\u00edda a par\u00f3quia. Com a demoli\u00e7\u00e3o do morro, no inicio do s\u00e9culo XX, a fraternidade e os frades capuchinhos se transferiram para a Tijuca.<\/p>\n<p>Os interessados em conhecer um pouco dos 155 anos de hist\u00f3ria da \u00a0fraternidade poder\u00e3o faz\u00ea-lo na reuni\u00e3o mensal que \u00e9 realizada sempre no primeiro domingo de cada m\u00eas, ap\u00f3s as missa de 8h30.\u00a0 O Santu\u00e1rio fica na Avenida Hadock Lobo, 266, Tijuca, Rio de Janeiro.\u00a0Mais informa\u00e7\u00f5es de como chegar a par\u00f3quia podem ser obtidas atrav\u00e9s do telefone (21) 2204-7900.<\/p>\n<h3><strong>Um pouco da hist\u00f3ria<\/strong><\/h3>\n<p>A Igreja de S\u00e3o Sebasti\u00e3o dos Capuchinhos, situada na Tijuca, Rio de Janeiro, foi inaugurada em 15 de agosto de 1931. Trazida da Igreja do Morro do Castelo, edificada em 1567, foi reconstru\u00edda por Salvador de S\u00e1 em 1583. Para o local foram transportados o que chamamos de \u201cRel\u00edquias Hist\u00f3ricas da Cidade\u201d: os restos mortais do fundador da cidade do Rio de Janeiro, Est\u00e1cio de S\u00e1, morto em 1567; o marco zero da cidade fundada em 1565, e a pequena imagem de S\u00e3o Sebasti\u00e3o de 1563.<\/p>\n<p>Em 1842, a Igreja de S\u00e3o Sebasti\u00e3o do Castelo fora entregue aos cuidados dos frades capuchinhos. Essa igreja sobreviveu at\u00e9 1922 quando foi demolida juntamente com o Morro do Castelo. Embora com isso o Rio de Janeiro tenha perdido uma das partes de sua hist\u00f3ria antiga, muitas coisas foram transferidas para a atual igreja da Tijuca.<\/p>\n<p>A Igreja de S\u00e3o Sebasti\u00e3o dos Capuchinhos foi elevada a par\u00f3quia em 9 de janeiro de 1947 pelo Cardeal Arcebispo Dom Jaime de Barros C\u00e2mara.No dia 8 de junho, instalou-se a nova par\u00f3quia de S\u00e3o Sebasti\u00e3o do Antigo Castelo tendo como primeiro p\u00e1roco o Frei Jacinto de Palazzolo Ofmcap. Foi dada novamente aos capuchinhos a guardiania das \u201cRel\u00edquias Hist\u00f3ricas da Cidade do Rio de Janeiro.<\/p>\n<p><strong>Cl\u00e1udio Santos, OFS, <\/strong><em>especial para este site<\/em><\/p>\n<p>&nbsp;<\/p>\n","protected":false},"excerpt":{"rendered":"<p>Nova Bas\u00edlica<\/p>\n","protected":false},"author":1,"featured_media":218592,"comment_status":"open","ping_status":"open","sticky":false,"template":"","format":"standard","meta":[],"categories":[1],"tags":[],"acf":[],"yoast_head":"<!-- This site is optimized with the Yoast SEO plugin v19.2 - https:\/\/yoast.com\/wordpress\/plugins\/seo\/ -->\n<title>Papa Francisco concede t\u00edtulo de Bas\u00edlica Menor ao Santu\u00e1rio de S\u00e3o Sebasti\u00e3o - Not\u00edcias - Franciscanos<\/title>\n<meta name=\"robots\" content=\"index, follow, max-snippet:-1, max-image-preview:large, max-video-preview:-1\" \/>\n<link rel=\"canonical\" href=\"https:\/\/franciscanos.org.br\/noticias\/papa-francisco-concede-titulo-de-basilica-menor-ao-santuario-de-sao-sebastiao.html\" \/>\n<meta property=\"og:locale\" content=\"pt_BR\" \/>\n<meta property=\"og:type\" content=\"article\" \/>\n<meta property=\"og:title\" content=\"Papa Francisco concede t\u00edtulo de Bas\u00edlica Menor ao Santu\u00e1rio de S\u00e3o Sebasti\u00e3o - Not\u00edcias - Franciscanos\" \/>\n<meta property=\"og:description\" content=\"Nova Bas\u00edlica\" \/>\n<meta property=\"og:url\" content=\"https:\/\/franciscanos.org.br\/noticias\/papa-francisco-concede-titulo-de-basilica-menor-ao-santuario-de-sao-sebastiao.html\" \/>\n<meta property=\"og:site_name\" content=\"Not\u00edcias - Franciscanos\" \/>\n<meta property=\"article:published_time\" content=\"2015-07-22T11:31:14+00:00\" \/>\n<meta property=\"article:modified_time\" content=\"2020-02-06T14:18:52+00:00\" \/>\n<meta property=\"og:image\" content=\"https:\/\/franciscanos.org.br\/noticias\/wp-content\/uploads\/2015\/07\/Capuchinos-820.jpg\" \/>\n\t<meta property=\"og:image:width\" content=\"273\" \/>\n\t<meta property=\"og:image:height\" content=\"181\" \/>\n\t<meta property=\"og:image:type\" content=\"image\/jpeg\" \/>\n<meta name=\"author\" content=\"admin\" \/>\n<meta name=\"twitter:card\" content=\"summary_large_image\" \/>\n<meta name=\"twitter:label1\" content=\"Escrito por\" \/>\n\t<meta name=\"twitter:data1\" content=\"admin\" \/>\n\t<meta name=\"twitter:label2\" content=\"Est. tempo de leitura\" \/>\n\t<meta name=\"twitter:data2\" content=\"3 minutos\" \/>\n<script type=\"application\/ld+json\" class=\"yoast-schema-graph\">{\"@context\":\"https:\/\/schema.org\",\"@graph\":[{\"@type\":\"WebSite\",\"@id\":\"https:\/\/franciscanos.org.br\/noticias\/#website\",\"url\":\"https:\/\/franciscanos.org.br\/noticias\/\",\"name\":\"Not\u00edcias - Franciscanos\",\"description\":\"Prov\u00edncia Franciscana da Imaculada Concei\u00e7\u00e3o do Brasil - Ordem dos Frades Menores - OFM\",\"potentialAction\":[{\"@type\":\"SearchAction\",\"target\":{\"@type\":\"EntryPoint\",\"urlTemplate\":\"https:\/\/franciscanos.org.br\/noticias\/?s={search_term_string}\"},\"query-input\":\"required name=search_term_string\"}],\"inLanguage\":\"pt-BR\"},{\"@type\":\"ImageObject\",\"inLanguage\":\"pt-BR\",\"@id\":\"https:\/\/franciscanos.org.br\/noticias\/papa-francisco-concede-titulo-de-basilica-menor-ao-santuario-de-sao-sebastiao.html#primaryimage\",\"url\":\"https:\/\/franciscanos.org.br\/noticias\/wp-content\/uploads\/2015\/07\/Capuchinos-820.jpg\",\"contentUrl\":\"https:\/\/franciscanos.org.br\/noticias\/wp-content\/uploads\/2015\/07\/Capuchinos-820.jpg\",\"width\":273,\"height\":181},{\"@type\":\"WebPage\",\"@id\":\"https:\/\/franciscanos.org.br\/noticias\/papa-francisco-concede-titulo-de-basilica-menor-ao-santuario-de-sao-sebastiao.html#webpage\",\"url\":\"https:\/\/franciscanos.org.br\/noticias\/papa-francisco-concede-titulo-de-basilica-menor-ao-santuario-de-sao-sebastiao.html\",\"name\":\"Papa Francisco concede t\u00edtulo de Bas\u00edlica Menor ao Santu\u00e1rio de S\u00e3o Sebasti\u00e3o - Not\u00edcias - Franciscanos\",\"isPartOf\":{\"@id\":\"https:\/\/franciscanos.org.br\/noticias\/#website\"},\"primaryImageOfPage\":{\"@id\":\"https:\/\/franciscanos.org.br\/noticias\/papa-francisco-concede-titulo-de-basilica-menor-ao-santuario-de-sao-sebastiao.html#primaryimage\"},\"datePublished\":\"2015-07-22T11:31:14+00:00\",\"dateModified\":\"2020-02-06T14:18:52+00:00\",\"author\":{\"@id\":\"https:\/\/franciscanos.org.br\/noticias\/#\/schema\/person\/b38fbf43118f02820bd932f2e4b14ad3\"},\"breadcrumb\":{\"@id\":\"https:\/\/franciscanos.org.br\/noticias\/papa-francisco-concede-titulo-de-basilica-menor-ao-santuario-de-sao-sebastiao.html#breadcrumb\"},\"inLanguage\":\"pt-BR\",\"potentialAction\":[{\"@type\":\"ReadAction\",\"target\":[\"https:\/\/franciscanos.org.br\/noticias\/papa-francisco-concede-titulo-de-basilica-menor-ao-santuario-de-sao-sebastiao.html\"]}]},{\"@type\":\"BreadcrumbList\",\"@id\":\"https:\/\/franciscanos.org.br\/noticias\/papa-francisco-concede-titulo-de-basilica-menor-ao-santuario-de-sao-sebastiao.html#breadcrumb\",\"itemListElement\":[{\"@type\":\"ListItem\",\"position\":1,\"name\":\"Home\",\"item\":\"https:\/\/franciscanos.org.br\/noticias\"},{\"@type\":\"ListItem\",\"position\":2,\"name\":\"Papa Francisco concede t\u00edtulo de Bas\u00edlica Menor ao Santu\u00e1rio de S\u00e3o Sebasti\u00e3o\"}]},{\"@type\":\"Person\",\"@id\":\"https:\/\/franciscanos.org.br\/noticias\/#\/schema\/person\/b38fbf43118f02820bd932f2e4b14ad3\",\"name\":\"admin\",\"image\":{\"@type\":\"ImageObject\",\"inLanguage\":\"pt-BR\",\"@id\":\"https:\/\/franciscanos.org.br\/noticias\/#\/schema\/person\/image\/\",\"url\":\"https:\/\/secure.gravatar.com\/avatar\/e8495742d34d0ba6448ea1c628263b3e?s=96&d=mm&r=g\",\"contentUrl\":\"https:\/\/secure.gravatar.com\/avatar\/e8495742d34d0ba6448ea1c628263b3e?s=96&d=mm&r=g\",\"caption\":\"admin\"},\"url\":\"https:\/\/franciscanos.org.br\/noticias\/author\/admin\"}]}<\/script>\n<!-- \/ Yoast SEO plugin. -->","yoast_head_json":{"title":"Papa Francisco concede t\u00edtulo de Bas\u00edlica Menor ao Santu\u00e1rio de S\u00e3o Sebasti\u00e3o - Not\u00edcias - Franciscanos","robots":{"index":"index","follow":"follow","max-snippet":"max-snippet:-1","max-image-preview":"max-image-preview:large","max-video-preview":"max-video-preview:-1"},"canonical":"https:\/\/franciscanos.org.br\/noticias\/papa-francisco-concede-titulo-de-basilica-menor-ao-santuario-de-sao-sebastiao.html","og_locale":"pt_BR","og_type":"article","og_title":"Papa Francisco concede t\u00edtulo de Bas\u00edlica Menor ao Santu\u00e1rio de S\u00e3o Sebasti\u00e3o - Not\u00edcias - Franciscanos","og_description":"Nova Bas\u00edlica","og_url":"https:\/\/franciscanos.org.br\/noticias\/papa-francisco-concede-titulo-de-basilica-menor-ao-santuario-de-sao-sebastiao.html","og_site_name":"Not\u00edcias - Franciscanos","article_published_time":"2015-07-22T11:31:14+00:00","article_modified_time":"2020-02-06T14:18:52+00:00","og_image":[{"width":273,"height":181,"url":"https:\/\/franciscanos.org.br\/noticias\/wp-content\/uploads\/2015\/07\/Capuchinos-820.jpg","type":"image\/jpeg"}],"author":"admin","twitter_card":"summary_large_image","twitter_misc":{"Escrito por":"admin","Est. tempo de leitura":"3 minutos"},"schema":{"@context":"https:\/\/schema.org","@graph":[{"@type":"WebSite","@id":"https:\/\/franciscanos.org.br\/noticias\/#website","url":"https:\/\/franciscanos.org.br\/noticias\/","name":"Not\u00edcias - Franciscanos","description":"Prov\u00edncia Franciscana da Imaculada Concei\u00e7\u00e3o do Brasil - Ordem dos Frades Menores - OFM","potentialAction":[{"@type":"SearchAction","target":{"@type":"EntryPoint","urlTemplate":"https:\/\/franciscanos.org.br\/noticias\/?s={search_term_string}"},"query-input":"required name=search_term_string"}],"inLanguage":"pt-BR"},{"@type":"ImageObject","inLanguage":"pt-BR","@id":"https:\/\/franciscanos.org.br\/noticias\/papa-francisco-concede-titulo-de-basilica-menor-ao-santuario-de-sao-sebastiao.html#primaryimage","url":"https:\/\/franciscanos.org.br\/noticias\/wp-content\/uploads\/2015\/07\/Capuchinos-820.jpg","contentUrl":"https:\/\/franciscanos.org.br\/noticias\/wp-content\/uploads\/2015\/07\/Capuchinos-820.jpg","width":273,"height":181},{"@type":"WebPage","@id":"https:\/\/franciscanos.org.br\/noticias\/papa-francisco-concede-titulo-de-basilica-menor-ao-santuario-de-sao-sebastiao.html#webpage","url":"https:\/\/franciscanos.org.br\/noticias\/papa-francisco-concede-titulo-de-basilica-menor-ao-santuario-de-sao-sebastiao.html","name":"Papa Francisco concede t\u00edtulo de Bas\u00edlica Menor ao Santu\u00e1rio de S\u00e3o Sebasti\u00e3o - Not\u00edcias - Franciscanos","isPartOf":{"@id":"https:\/\/franciscanos.org.br\/noticias\/#website"},"primaryImageOfPage":{"@id":"https:\/\/franciscanos.org.br\/noticias\/papa-francisco-concede-titulo-de-basilica-menor-ao-santuario-de-sao-sebastiao.html#primaryimage"},"datePublished":"2015-07-22T11:31:14+00:00","dateModified":"2020-02-06T14:18:52+00:00","author":{"@id":"https:\/\/franciscanos.org.br\/noticias\/#\/schema\/person\/b38fbf43118f02820bd932f2e4b14ad3"},"breadcrumb":{"@id":"https:\/\/franciscanos.org.br\/noticias\/papa-francisco-concede-titulo-de-basilica-menor-ao-santuario-de-sao-sebastiao.html#breadcrumb"},"inLanguage":"pt-BR","potentialAction":[{"@type":"ReadAction","target":["https:\/\/franciscanos.org.br\/noticias\/papa-francisco-concede-titulo-de-basilica-menor-ao-santuario-de-sao-sebastiao.html"]}]},{"@type":"BreadcrumbList","@id":"https:\/\/franciscanos.org.br\/noticias\/papa-francisco-concede-titulo-de-basilica-menor-ao-santuario-de-sao-sebastiao.html#breadcrumb","itemListElement":[{"@type":"ListItem","position":1,"name":"Home","item":"https:\/\/franciscanos.org.br\/noticias"},{"@type":"ListItem","position":2,"name":"Papa Francisco concede t\u00edtulo de Bas\u00edlica Menor ao Santu\u00e1rio de S\u00e3o Sebasti\u00e3o"}]},{"@type":"Person","@id":"https:\/\/franciscanos.org.br\/noticias\/#\/schema\/person\/b38fbf43118f02820bd932f2e4b14ad3","name":"admin","image":{"@type":"ImageObject","inLanguage":"pt-BR","@id":"https:\/\/franciscanos.org.br\/noticias\/#\/schema\/person\/image\/","url":"https:\/\/secure.gravatar.com\/avatar\/e8495742d34d0ba6448ea1c628263b3e?s=96&d=mm&r=g","contentUrl":"https:\/\/secure.gravatar.com\/avatar\/e8495742d34d0ba6448ea1c628263b3e?s=96&d=mm&r=g","caption":"admin"},"url":"https:\/\/franciscanos.org.br\/noticias\/author\/admin"}]}},"_links":{"self":[{"href":"https:\/\/franciscanos.org.br\/noticias\/wp-json\/wp\/v2\/posts\/91088"}],"collection":[{"href":"https:\/\/franciscanos.org.br\/noticias\/wp-json\/wp\/v2\/posts"}],"about":[{"href":"https:\/\/franciscanos.org.br\/noticias\/wp-json\/wp\/v2\/types\/post"}],"author":[{"embeddable":true,"href":"https:\/\/franciscanos.org.br\/noticias\/wp-json\/wp\/v2\/users\/1"}],"replies":[{"embeddable":true,"href":"https:\/\/franciscanos.org.br\/noticias\/wp-json\/wp\/v2\/comments?post=91088"}],"version-history":[{"count":0,"href":"https:\/\/franciscanos.org.br\/noticias\/wp-json\/wp\/v2\/posts\/91088\/revisions"}],"wp:featuredmedia":[{"embeddable":true,"href":"https:\/\/franciscanos.org.br\/noticias\/wp-json\/wp\/v2\/media\/218592"}],"wp:attachment":[{"href":"https:\/\/franciscanos.org.br\/noticias\/wp-json\/wp\/v2\/media?parent=91088"}],"wp:term":[{"taxonomy":"category","embeddable":true,"href":"https:\/\/franciscanos.org.br\/noticias\/wp-json\/wp\/v2\/categories?post=91088"},{"taxonomy":"post_tag","embeddable":true,"href":"https:\/\/franciscanos.org.br\/noticias\/wp-json\/wp\/v2\/tags?post=91088"}],"curies":[{"name":"wp","href":"https:\/\/api.w.org\/{rel}","templated":true}]}}