{"id":90712,"date":"2015-07-17T09:04:22","date_gmt":"2015-07-17T12:04:22","guid":{"rendered":"http:\/\/franciscanos.org.br\/?p=90712"},"modified":"2020-02-14T08:34:25","modified_gmt":"2020-02-14T11:34:25","slug":"vaticano-reconhece-milagre-de-pe-francisco-de-paula-victor","status":"publish","type":"post","link":"https:\/\/franciscanos.org.br\/noticias\/vaticano-reconhece-milagre-de-pe-francisco-de-paula-victor.html","title":{"rendered":"Reconhecido milagre de Pe. Francisco de Paula Victor"},"content":{"rendered":"<p><a href=\"http:\/\/franciscanos.org.br\/wp-content\/uploads\/2015\/07\/OTHER998326_Articolo.jpg\"><img loading=\"lazy\" class=\"alignright wp-image-90713\" src=\"http:\/\/franciscanos.org.br\/wp-content\/uploads\/2015\/07\/OTHER998326_Articolo.jpg\" alt=\"padrevitor\" width=\"374\" height=\"265\" \/><\/a><strong>Campanha<\/strong> &#8211; O Papa Francisco autorizou a Congrega\u00e7\u00e3o das Causas dos Santos, na sexta-feira (05\/06), a promulgar o Decreto concernente ao milagre atribu\u00eddo \u00e0 intercess\u00e3o de Francisco de Paula Victor. A sua caridade para com o pr\u00f3ximo o tornou popular.<\/p>\n<p>Padre Francisco de Paula Victor nasceu em Campanha, no sul de Minas, em 12 de abril de 1827, durante o per\u00edodo da escravid\u00e3o negra. Ao entrar para o Semin\u00e1rio, sofreu muito pelos preconceitos dos seus colegas, que o humilhavam e o maltratavam com servi\u00e7os bra\u00e7ais. Aos poucos, Victor foi conquistando a todos pela sua conduta \u00edntegra e grande humildade. Durante o seu minist\u00e9rio catequizou e instruiu o povo, edificando a Escola Sagrada Fam\u00edlia para crian\u00e7as e jovens.<\/p>\n<p>Ordenado em 14 de junho de 1851, Pe. Victor foi vig\u00e1rio paroquial, em Campanha, por 14 meses. Enviado como p\u00e1roco para Tr\u00eas Pontas, ali permaneceu por 53 anos, at\u00e9 a sua morte, aos 23 de setembro de 1905.<\/p>\n<p>A not\u00edcia abalou a cidade e toda a regi\u00e3o, que j\u00e1 o venerava. Seu corpo, que ficou exposto durante tr\u00eas dias, exalava agrad\u00e1vel perfume. Devido ao grande n\u00famero de pessoas que compareceram ao sepultamento, foi feita uma prociss\u00e3o pelas ruas da cidade, voltando novamente \u00e0 Matriz &#8211; por ele constru\u00edda -, onde foi enterrado.<\/p>\n<p>Sua fama de sacerdote virtuoso espalhou-se para al\u00e9m do territ\u00f3rio da par\u00f3quia. Em um pa\u00eds que muito tem lutado para superar os preconceitos raciais, a Causa de Beatifica\u00e7\u00e3o do Padre Victor enche de coragem a todos os que procuram ter uma vida justa e reta. Um santo negro orienta para Deus, que n\u00e3o faz acep\u00e7\u00e3o de pessoas, mas que a todos acolhe com ternura e compaix\u00e3o.<\/p>\n<p>O processo de Beatifica\u00e7\u00e3o teve in\u00edcio em 13 de julho de 1993 e complementado em agosto de 1998. A Congrega\u00e7\u00e3o das Causas dos Santos o aceitou em 2002. Bento XVI reconheceu a pr\u00e1tica das suas virtudes heroicas, aos 12 de maio de 2011. Hoje, o Papa Francisco autoriza a promulgar o Decreto concernente ao milagre atribu\u00eddo a este Servo de Deus, um milagre reconhecido pela cura inexplic\u00e1vel de um morador da cidade. A cura foi reconhecida por uma junta m\u00e9dica do Vaticano e por uma comiss\u00e3o de te\u00f3logos.<\/p>\n","protected":false},"excerpt":{"rendered":"<p>Causa dos Santos<\/p>\n","protected":false},"author":1,"featured_media":220421,"comment_status":"open","ping_status":"open","sticky":false,"template":"","format":"standard","meta":[],"categories":[1],"tags":[],"acf":[],"yoast_head":"<!-- This site is optimized with the Yoast SEO plugin v19.2 - https:\/\/yoast.com\/wordpress\/plugins\/seo\/ -->\n<title>Reconhecido milagre de Pe. Francisco de Paula Victor - Not\u00edcias - Franciscanos<\/title>\n<meta name=\"robots\" content=\"index, follow, max-snippet:-1, max-image-preview:large, max-video-preview:-1\" \/>\n<link rel=\"canonical\" href=\"https:\/\/franciscanos.org.br\/noticias\/vaticano-reconhece-milagre-de-pe-francisco-de-paula-victor.html\" \/>\n<meta property=\"og:locale\" content=\"pt_BR\" \/>\n<meta property=\"og:type\" content=\"article\" \/>\n<meta property=\"og:title\" content=\"Reconhecido milagre de Pe. Francisco de Paula Victor - Not\u00edcias - Franciscanos\" \/>\n<meta property=\"og:description\" content=\"Causa dos Santos\" \/>\n<meta property=\"og:url\" content=\"https:\/\/franciscanos.org.br\/noticias\/vaticano-reconhece-milagre-de-pe-francisco-de-paula-victor.html\" \/>\n<meta property=\"og:site_name\" content=\"Not\u00edcias - Franciscanos\" \/>\n<meta property=\"article:published_time\" content=\"2015-07-17T12:04:22+00:00\" \/>\n<meta property=\"article:modified_time\" content=\"2020-02-14T11:34:25+00:00\" \/>\n<meta property=\"og:image\" content=\"https:\/\/franciscanos.org.br\/noticias\/wp-content\/uploads\/2015\/07\/OTHER998326_Articolo.jpg\" \/>\n\t<meta property=\"og:image:width\" content=\"273\" \/>\n\t<meta property=\"og:image:height\" content=\"181\" \/>\n\t<meta property=\"og:image:type\" content=\"image\/jpeg\" \/>\n<meta name=\"author\" content=\"admin\" \/>\n<meta name=\"twitter:card\" content=\"summary_large_image\" \/>\n<meta name=\"twitter:label1\" content=\"Escrito por\" \/>\n\t<meta name=\"twitter:data1\" content=\"admin\" \/>\n\t<meta name=\"twitter:label2\" content=\"Est. tempo de leitura\" \/>\n\t<meta name=\"twitter:data2\" content=\"2 minutos\" \/>\n<script type=\"application\/ld+json\" class=\"yoast-schema-graph\">{\"@context\":\"https:\/\/schema.org\",\"@graph\":[{\"@type\":\"WebSite\",\"@id\":\"https:\/\/franciscanos.org.br\/noticias\/#website\",\"url\":\"https:\/\/franciscanos.org.br\/noticias\/\",\"name\":\"Not\u00edcias - Franciscanos\",\"description\":\"Prov\u00edncia Franciscana da Imaculada Concei\u00e7\u00e3o do Brasil - Ordem dos Frades Menores - OFM\",\"potentialAction\":[{\"@type\":\"SearchAction\",\"target\":{\"@type\":\"EntryPoint\",\"urlTemplate\":\"https:\/\/franciscanos.org.br\/noticias\/?s={search_term_string}\"},\"query-input\":\"required name=search_term_string\"}],\"inLanguage\":\"pt-BR\"},{\"@type\":\"ImageObject\",\"inLanguage\":\"pt-BR\",\"@id\":\"https:\/\/franciscanos.org.br\/noticias\/vaticano-reconhece-milagre-de-pe-francisco-de-paula-victor.html#primaryimage\",\"url\":\"https:\/\/franciscanos.org.br\/noticias\/wp-content\/uploads\/2015\/07\/OTHER998326_Articolo.jpg\",\"contentUrl\":\"https:\/\/franciscanos.org.br\/noticias\/wp-content\/uploads\/2015\/07\/OTHER998326_Articolo.jpg\",\"width\":273,\"height\":181},{\"@type\":\"WebPage\",\"@id\":\"https:\/\/franciscanos.org.br\/noticias\/vaticano-reconhece-milagre-de-pe-francisco-de-paula-victor.html#webpage\",\"url\":\"https:\/\/franciscanos.org.br\/noticias\/vaticano-reconhece-milagre-de-pe-francisco-de-paula-victor.html\",\"name\":\"Reconhecido milagre de Pe. Francisco de Paula Victor - Not\u00edcias - Franciscanos\",\"isPartOf\":{\"@id\":\"https:\/\/franciscanos.org.br\/noticias\/#website\"},\"primaryImageOfPage\":{\"@id\":\"https:\/\/franciscanos.org.br\/noticias\/vaticano-reconhece-milagre-de-pe-francisco-de-paula-victor.html#primaryimage\"},\"datePublished\":\"2015-07-17T12:04:22+00:00\",\"dateModified\":\"2020-02-14T11:34:25+00:00\",\"author\":{\"@id\":\"https:\/\/franciscanos.org.br\/noticias\/#\/schema\/person\/b38fbf43118f02820bd932f2e4b14ad3\"},\"breadcrumb\":{\"@id\":\"https:\/\/franciscanos.org.br\/noticias\/vaticano-reconhece-milagre-de-pe-francisco-de-paula-victor.html#breadcrumb\"},\"inLanguage\":\"pt-BR\",\"potentialAction\":[{\"@type\":\"ReadAction\",\"target\":[\"https:\/\/franciscanos.org.br\/noticias\/vaticano-reconhece-milagre-de-pe-francisco-de-paula-victor.html\"]}]},{\"@type\":\"BreadcrumbList\",\"@id\":\"https:\/\/franciscanos.org.br\/noticias\/vaticano-reconhece-milagre-de-pe-francisco-de-paula-victor.html#breadcrumb\",\"itemListElement\":[{\"@type\":\"ListItem\",\"position\":1,\"name\":\"Home\",\"item\":\"https:\/\/franciscanos.org.br\/noticias\"},{\"@type\":\"ListItem\",\"position\":2,\"name\":\"Reconhecido milagre de Pe. Francisco de Paula Victor\"}]},{\"@type\":\"Person\",\"@id\":\"https:\/\/franciscanos.org.br\/noticias\/#\/schema\/person\/b38fbf43118f02820bd932f2e4b14ad3\",\"name\":\"admin\",\"image\":{\"@type\":\"ImageObject\",\"inLanguage\":\"pt-BR\",\"@id\":\"https:\/\/franciscanos.org.br\/noticias\/#\/schema\/person\/image\/\",\"url\":\"https:\/\/secure.gravatar.com\/avatar\/e8495742d34d0ba6448ea1c628263b3e?s=96&d=mm&r=g\",\"contentUrl\":\"https:\/\/secure.gravatar.com\/avatar\/e8495742d34d0ba6448ea1c628263b3e?s=96&d=mm&r=g\",\"caption\":\"admin\"},\"url\":\"https:\/\/franciscanos.org.br\/noticias\/author\/admin\"}]}<\/script>\n<!-- \/ Yoast SEO plugin. -->","yoast_head_json":{"title":"Reconhecido milagre de Pe. Francisco de Paula Victor - Not\u00edcias - Franciscanos","robots":{"index":"index","follow":"follow","max-snippet":"max-snippet:-1","max-image-preview":"max-image-preview:large","max-video-preview":"max-video-preview:-1"},"canonical":"https:\/\/franciscanos.org.br\/noticias\/vaticano-reconhece-milagre-de-pe-francisco-de-paula-victor.html","og_locale":"pt_BR","og_type":"article","og_title":"Reconhecido milagre de Pe. Francisco de Paula Victor - Not\u00edcias - Franciscanos","og_description":"Causa dos Santos","og_url":"https:\/\/franciscanos.org.br\/noticias\/vaticano-reconhece-milagre-de-pe-francisco-de-paula-victor.html","og_site_name":"Not\u00edcias - Franciscanos","article_published_time":"2015-07-17T12:04:22+00:00","article_modified_time":"2020-02-14T11:34:25+00:00","og_image":[{"width":273,"height":181,"url":"https:\/\/franciscanos.org.br\/noticias\/wp-content\/uploads\/2015\/07\/OTHER998326_Articolo.jpg","type":"image\/jpeg"}],"author":"admin","twitter_card":"summary_large_image","twitter_misc":{"Escrito por":"admin","Est. tempo de leitura":"2 minutos"},"schema":{"@context":"https:\/\/schema.org","@graph":[{"@type":"WebSite","@id":"https:\/\/franciscanos.org.br\/noticias\/#website","url":"https:\/\/franciscanos.org.br\/noticias\/","name":"Not\u00edcias - Franciscanos","description":"Prov\u00edncia Franciscana da Imaculada Concei\u00e7\u00e3o do Brasil - Ordem dos Frades Menores - OFM","potentialAction":[{"@type":"SearchAction","target":{"@type":"EntryPoint","urlTemplate":"https:\/\/franciscanos.org.br\/noticias\/?s={search_term_string}"},"query-input":"required name=search_term_string"}],"inLanguage":"pt-BR"},{"@type":"ImageObject","inLanguage":"pt-BR","@id":"https:\/\/franciscanos.org.br\/noticias\/vaticano-reconhece-milagre-de-pe-francisco-de-paula-victor.html#primaryimage","url":"https:\/\/franciscanos.org.br\/noticias\/wp-content\/uploads\/2015\/07\/OTHER998326_Articolo.jpg","contentUrl":"https:\/\/franciscanos.org.br\/noticias\/wp-content\/uploads\/2015\/07\/OTHER998326_Articolo.jpg","width":273,"height":181},{"@type":"WebPage","@id":"https:\/\/franciscanos.org.br\/noticias\/vaticano-reconhece-milagre-de-pe-francisco-de-paula-victor.html#webpage","url":"https:\/\/franciscanos.org.br\/noticias\/vaticano-reconhece-milagre-de-pe-francisco-de-paula-victor.html","name":"Reconhecido milagre de Pe. Francisco de Paula Victor - Not\u00edcias - Franciscanos","isPartOf":{"@id":"https:\/\/franciscanos.org.br\/noticias\/#website"},"primaryImageOfPage":{"@id":"https:\/\/franciscanos.org.br\/noticias\/vaticano-reconhece-milagre-de-pe-francisco-de-paula-victor.html#primaryimage"},"datePublished":"2015-07-17T12:04:22+00:00","dateModified":"2020-02-14T11:34:25+00:00","author":{"@id":"https:\/\/franciscanos.org.br\/noticias\/#\/schema\/person\/b38fbf43118f02820bd932f2e4b14ad3"},"breadcrumb":{"@id":"https:\/\/franciscanos.org.br\/noticias\/vaticano-reconhece-milagre-de-pe-francisco-de-paula-victor.html#breadcrumb"},"inLanguage":"pt-BR","potentialAction":[{"@type":"ReadAction","target":["https:\/\/franciscanos.org.br\/noticias\/vaticano-reconhece-milagre-de-pe-francisco-de-paula-victor.html"]}]},{"@type":"BreadcrumbList","@id":"https:\/\/franciscanos.org.br\/noticias\/vaticano-reconhece-milagre-de-pe-francisco-de-paula-victor.html#breadcrumb","itemListElement":[{"@type":"ListItem","position":1,"name":"Home","item":"https:\/\/franciscanos.org.br\/noticias"},{"@type":"ListItem","position":2,"name":"Reconhecido milagre de Pe. Francisco de Paula Victor"}]},{"@type":"Person","@id":"https:\/\/franciscanos.org.br\/noticias\/#\/schema\/person\/b38fbf43118f02820bd932f2e4b14ad3","name":"admin","image":{"@type":"ImageObject","inLanguage":"pt-BR","@id":"https:\/\/franciscanos.org.br\/noticias\/#\/schema\/person\/image\/","url":"https:\/\/secure.gravatar.com\/avatar\/e8495742d34d0ba6448ea1c628263b3e?s=96&d=mm&r=g","contentUrl":"https:\/\/secure.gravatar.com\/avatar\/e8495742d34d0ba6448ea1c628263b3e?s=96&d=mm&r=g","caption":"admin"},"url":"https:\/\/franciscanos.org.br\/noticias\/author\/admin"}]}},"_links":{"self":[{"href":"https:\/\/franciscanos.org.br\/noticias\/wp-json\/wp\/v2\/posts\/90712"}],"collection":[{"href":"https:\/\/franciscanos.org.br\/noticias\/wp-json\/wp\/v2\/posts"}],"about":[{"href":"https:\/\/franciscanos.org.br\/noticias\/wp-json\/wp\/v2\/types\/post"}],"author":[{"embeddable":true,"href":"https:\/\/franciscanos.org.br\/noticias\/wp-json\/wp\/v2\/users\/1"}],"replies":[{"embeddable":true,"href":"https:\/\/franciscanos.org.br\/noticias\/wp-json\/wp\/v2\/comments?post=90712"}],"version-history":[{"count":0,"href":"https:\/\/franciscanos.org.br\/noticias\/wp-json\/wp\/v2\/posts\/90712\/revisions"}],"wp:featuredmedia":[{"embeddable":true,"href":"https:\/\/franciscanos.org.br\/noticias\/wp-json\/wp\/v2\/media\/220421"}],"wp:attachment":[{"href":"https:\/\/franciscanos.org.br\/noticias\/wp-json\/wp\/v2\/media?parent=90712"}],"wp:term":[{"taxonomy":"category","embeddable":true,"href":"https:\/\/franciscanos.org.br\/noticias\/wp-json\/wp\/v2\/categories?post=90712"},{"taxonomy":"post_tag","embeddable":true,"href":"https:\/\/franciscanos.org.br\/noticias\/wp-json\/wp\/v2\/tags?post=90712"}],"curies":[{"name":"wp","href":"https:\/\/api.w.org\/{rel}","templated":true}]}}