{"id":90689,"date":"2015-07-17T08:20:18","date_gmt":"2015-07-17T11:20:18","guid":{"rendered":"http:\/\/franciscanos.org.br\/?p=90689"},"modified":"2019-03-11T09:10:51","modified_gmt":"2019-03-11T12:10:51","slug":"quem-despertara-em-nos-a-compaixao","status":"publish","type":"post","link":"https:\/\/franciscanos.org.br\/noticias\/quem-despertara-em-nos-a-compaixao.html","title":{"rendered":"A necessidade das ovelhas \u00e9 mais importante do que a vontade do Pastor"},"content":{"rendered":"<h1><img loading=\"lazy\" class=\"alignnone size-full wp-image-196546\" src=\"https:\/\/franciscanos.org.br\/noticias\/wp-content\/uploads\/2015\/07\/ovelhas_18.jpg\" alt=\"\" width=\"820\" height=\"226\" srcset=\"https:\/\/franciscanos.org.br\/noticias\/wp-content\/uploads\/2015\/07\/ovelhas_18.jpg 820w, https:\/\/franciscanos.org.br\/noticias\/wp-content\/uploads\/2015\/07\/ovelhas_18-450x124.jpg 450w, https:\/\/franciscanos.org.br\/noticias\/wp-content\/uploads\/2015\/07\/ovelhas_18-768x212.jpg 768w, https:\/\/franciscanos.org.br\/noticias\/wp-content\/uploads\/2015\/07\/ovelhas_18-150x41.jpg 150w\" sizes=\"(max-width: 820px) 100vw, 820px\" \/><\/h1>\n<h1><strong style=\"font-size: 16px;\">Frei Gustavo Medella<\/strong><\/h1>\n<div id=\"texto\">\n<p>\u201cQuando a gente gosta \u00e9 claro que a gente cuida\u201d, escreveu o compositor Peninha, na m\u00fasica \u201cSozinho\u201d. As leituras B\u00edblicas deste 16\u00ba domingo do Tempo Comum, ao evocarem mais uma vez a figura do pastor, colocam em evid\u00eancia a atitude do cuidado, \u00e0 qual Deus nos chama atrav\u00e9s de Jesus Cristo. O pastor por excel\u00eancia, o Bom Pastor, apresenta-nos o caminho do servi\u00e7o gratuito e desinteressado, marcado pela aten\u00e7\u00e3o comprometida \u00e0s necessidades do outro.<\/p>\n<p>E d\u00f3i no cora\u00e7\u00e3o do Pai a constata\u00e7\u00e3o de que seus filhos e filhas n\u00e3o se deixaram tocar pela l\u00f3gica do cuidado. Conforme lemos em Jr 23,1-6, ainda que decepcionado pelos pastores que, em vez de cuidar do rebanho, cuidaram de si mesmos, o Senhor promete suscitar novos pastores, e mais, faz nascer o Descendente de Davi ao qual acorrer\u00e3o todos os povos. \u00c9 a profecia da vinda de Jesus, o Bom Pastor.<\/p>\n<p>No Evangelho (Mc 6,30-34), Jesus ensina que o improviso tamb\u00e9m faz parte da miss\u00e3o e n\u00e3o hesita em mudar os planos para atender \u00e0 multid\u00e3o, da qual teve pena. Queria estar em um lugar a s\u00f3s, mas a necessidade do povo venceu a sua pr\u00f3pria vontade.<\/p>\n<p>\u00c9 esta tamb\u00e9m a atitude que o Papa Francisco tem pedido \u00e0 Igreja. Saber colocar-se a servi\u00e7o do ser humano de hoje, deixando de lado a autorreferencialidade, tendo a coragem de vencer e superar posturas que n\u00e3o contribuem para a edifica\u00e7\u00e3o do Reino. Ouvir a voz do Papa Francisco \u00e9 condi\u00e7\u00e3o indispens\u00e1vel para sermos realmente fi\u00e9is a Cristo, nosso Bom Pastor.<\/p>\n<\/div>\n","protected":false},"excerpt":{"rendered":"<p>Liturgia dominical<\/p>\n","protected":false},"author":1,"featured_media":201362,"comment_status":"open","ping_status":"open","sticky":false,"template":"","format":"standard","meta":[],"categories":[1],"tags":[537],"acf":[],"yoast_head":"<!-- This site is optimized with the Yoast SEO plugin v19.2 - https:\/\/yoast.com\/wordpress\/plugins\/seo\/ -->\n<title>A necessidade das ovelhas \u00e9 mais importante do que a vontade do Pastor - Not\u00edcias - Franciscanos<\/title>\n<meta name=\"robots\" content=\"index, follow, max-snippet:-1, max-image-preview:large, max-video-preview:-1\" \/>\n<link rel=\"canonical\" href=\"https:\/\/franciscanos.org.br\/noticias\/quem-despertara-em-nos-a-compaixao.html\" \/>\n<meta property=\"og:locale\" content=\"pt_BR\" \/>\n<meta property=\"og:type\" content=\"article\" \/>\n<meta property=\"og:title\" content=\"A necessidade das ovelhas \u00e9 mais importante do que a vontade do Pastor - Not\u00edcias - Franciscanos\" \/>\n<meta property=\"og:description\" content=\"Liturgia dominical\" \/>\n<meta property=\"og:url\" content=\"https:\/\/franciscanos.org.br\/noticias\/quem-despertara-em-nos-a-compaixao.html\" \/>\n<meta property=\"og:site_name\" content=\"Not\u00edcias - Franciscanos\" \/>\n<meta property=\"article:published_time\" content=\"2015-07-17T11:20:18+00:00\" \/>\n<meta property=\"article:modified_time\" content=\"2019-03-11T12:10:51+00:00\" \/>\n<meta property=\"og:image\" content=\"https:\/\/franciscanos.org.br\/noticias\/wp-content\/uploads\/2015\/07\/ovelhas_18-1.jpg\" \/>\n\t<meta property=\"og:image:width\" content=\"273\" \/>\n\t<meta property=\"og:image:height\" content=\"181\" \/>\n\t<meta property=\"og:image:type\" content=\"image\/jpeg\" \/>\n<meta name=\"author\" content=\"admin\" \/>\n<meta name=\"twitter:card\" content=\"summary_large_image\" \/>\n<meta name=\"twitter:label1\" content=\"Escrito por\" \/>\n\t<meta name=\"twitter:data1\" content=\"admin\" \/>\n\t<meta name=\"twitter:label2\" content=\"Est. tempo de leitura\" \/>\n\t<meta name=\"twitter:data2\" content=\"1 minuto\" \/>\n<script type=\"application\/ld+json\" class=\"yoast-schema-graph\">{\"@context\":\"https:\/\/schema.org\",\"@graph\":[{\"@type\":\"WebSite\",\"@id\":\"https:\/\/franciscanos.org.br\/noticias\/#website\",\"url\":\"https:\/\/franciscanos.org.br\/noticias\/\",\"name\":\"Not\u00edcias - Franciscanos\",\"description\":\"Prov\u00edncia Franciscana da Imaculada Concei\u00e7\u00e3o do Brasil - Ordem dos Frades Menores - OFM\",\"potentialAction\":[{\"@type\":\"SearchAction\",\"target\":{\"@type\":\"EntryPoint\",\"urlTemplate\":\"https:\/\/franciscanos.org.br\/noticias\/?s={search_term_string}\"},\"query-input\":\"required name=search_term_string\"}],\"inLanguage\":\"pt-BR\"},{\"@type\":\"ImageObject\",\"inLanguage\":\"pt-BR\",\"@id\":\"https:\/\/franciscanos.org.br\/noticias\/quem-despertara-em-nos-a-compaixao.html#primaryimage\",\"url\":\"https:\/\/franciscanos.org.br\/noticias\/wp-content\/uploads\/2015\/07\/ovelhas_18-1.jpg\",\"contentUrl\":\"https:\/\/franciscanos.org.br\/noticias\/wp-content\/uploads\/2015\/07\/ovelhas_18-1.jpg\",\"width\":273,\"height\":181},{\"@type\":\"WebPage\",\"@id\":\"https:\/\/franciscanos.org.br\/noticias\/quem-despertara-em-nos-a-compaixao.html#webpage\",\"url\":\"https:\/\/franciscanos.org.br\/noticias\/quem-despertara-em-nos-a-compaixao.html\",\"name\":\"A necessidade das ovelhas \u00e9 mais importante do que a vontade do Pastor - Not\u00edcias - Franciscanos\",\"isPartOf\":{\"@id\":\"https:\/\/franciscanos.org.br\/noticias\/#website\"},\"primaryImageOfPage\":{\"@id\":\"https:\/\/franciscanos.org.br\/noticias\/quem-despertara-em-nos-a-compaixao.html#primaryimage\"},\"datePublished\":\"2015-07-17T11:20:18+00:00\",\"dateModified\":\"2019-03-11T12:10:51+00:00\",\"author\":{\"@id\":\"https:\/\/franciscanos.org.br\/noticias\/#\/schema\/person\/b38fbf43118f02820bd932f2e4b14ad3\"},\"breadcrumb\":{\"@id\":\"https:\/\/franciscanos.org.br\/noticias\/quem-despertara-em-nos-a-compaixao.html#breadcrumb\"},\"inLanguage\":\"pt-BR\",\"potentialAction\":[{\"@type\":\"ReadAction\",\"target\":[\"https:\/\/franciscanos.org.br\/noticias\/quem-despertara-em-nos-a-compaixao.html\"]}]},{\"@type\":\"BreadcrumbList\",\"@id\":\"https:\/\/franciscanos.org.br\/noticias\/quem-despertara-em-nos-a-compaixao.html#breadcrumb\",\"itemListElement\":[{\"@type\":\"ListItem\",\"position\":1,\"name\":\"Home\",\"item\":\"https:\/\/franciscanos.org.br\/noticias\"},{\"@type\":\"ListItem\",\"position\":2,\"name\":\"A necessidade das ovelhas \u00e9 mais importante do que a vontade do Pastor\"}]},{\"@type\":\"Person\",\"@id\":\"https:\/\/franciscanos.org.br\/noticias\/#\/schema\/person\/b38fbf43118f02820bd932f2e4b14ad3\",\"name\":\"admin\",\"image\":{\"@type\":\"ImageObject\",\"inLanguage\":\"pt-BR\",\"@id\":\"https:\/\/franciscanos.org.br\/noticias\/#\/schema\/person\/image\/\",\"url\":\"https:\/\/secure.gravatar.com\/avatar\/e8495742d34d0ba6448ea1c628263b3e?s=96&d=mm&r=g\",\"contentUrl\":\"https:\/\/secure.gravatar.com\/avatar\/e8495742d34d0ba6448ea1c628263b3e?s=96&d=mm&r=g\",\"caption\":\"admin\"},\"url\":\"https:\/\/franciscanos.org.br\/noticias\/author\/admin\"}]}<\/script>\n<!-- \/ Yoast SEO plugin. -->","yoast_head_json":{"title":"A necessidade das ovelhas \u00e9 mais importante do que a vontade do Pastor - Not\u00edcias - Franciscanos","robots":{"index":"index","follow":"follow","max-snippet":"max-snippet:-1","max-image-preview":"max-image-preview:large","max-video-preview":"max-video-preview:-1"},"canonical":"https:\/\/franciscanos.org.br\/noticias\/quem-despertara-em-nos-a-compaixao.html","og_locale":"pt_BR","og_type":"article","og_title":"A necessidade das ovelhas \u00e9 mais importante do que a vontade do Pastor - Not\u00edcias - Franciscanos","og_description":"Liturgia dominical","og_url":"https:\/\/franciscanos.org.br\/noticias\/quem-despertara-em-nos-a-compaixao.html","og_site_name":"Not\u00edcias - Franciscanos","article_published_time":"2015-07-17T11:20:18+00:00","article_modified_time":"2019-03-11T12:10:51+00:00","og_image":[{"width":273,"height":181,"url":"https:\/\/franciscanos.org.br\/noticias\/wp-content\/uploads\/2015\/07\/ovelhas_18-1.jpg","type":"image\/jpeg"}],"author":"admin","twitter_card":"summary_large_image","twitter_misc":{"Escrito por":"admin","Est. tempo de leitura":"1 minuto"},"schema":{"@context":"https:\/\/schema.org","@graph":[{"@type":"WebSite","@id":"https:\/\/franciscanos.org.br\/noticias\/#website","url":"https:\/\/franciscanos.org.br\/noticias\/","name":"Not\u00edcias - Franciscanos","description":"Prov\u00edncia Franciscana da Imaculada Concei\u00e7\u00e3o do Brasil - Ordem dos Frades Menores - OFM","potentialAction":[{"@type":"SearchAction","target":{"@type":"EntryPoint","urlTemplate":"https:\/\/franciscanos.org.br\/noticias\/?s={search_term_string}"},"query-input":"required name=search_term_string"}],"inLanguage":"pt-BR"},{"@type":"ImageObject","inLanguage":"pt-BR","@id":"https:\/\/franciscanos.org.br\/noticias\/quem-despertara-em-nos-a-compaixao.html#primaryimage","url":"https:\/\/franciscanos.org.br\/noticias\/wp-content\/uploads\/2015\/07\/ovelhas_18-1.jpg","contentUrl":"https:\/\/franciscanos.org.br\/noticias\/wp-content\/uploads\/2015\/07\/ovelhas_18-1.jpg","width":273,"height":181},{"@type":"WebPage","@id":"https:\/\/franciscanos.org.br\/noticias\/quem-despertara-em-nos-a-compaixao.html#webpage","url":"https:\/\/franciscanos.org.br\/noticias\/quem-despertara-em-nos-a-compaixao.html","name":"A necessidade das ovelhas \u00e9 mais importante do que a vontade do Pastor - Not\u00edcias - Franciscanos","isPartOf":{"@id":"https:\/\/franciscanos.org.br\/noticias\/#website"},"primaryImageOfPage":{"@id":"https:\/\/franciscanos.org.br\/noticias\/quem-despertara-em-nos-a-compaixao.html#primaryimage"},"datePublished":"2015-07-17T11:20:18+00:00","dateModified":"2019-03-11T12:10:51+00:00","author":{"@id":"https:\/\/franciscanos.org.br\/noticias\/#\/schema\/person\/b38fbf43118f02820bd932f2e4b14ad3"},"breadcrumb":{"@id":"https:\/\/franciscanos.org.br\/noticias\/quem-despertara-em-nos-a-compaixao.html#breadcrumb"},"inLanguage":"pt-BR","potentialAction":[{"@type":"ReadAction","target":["https:\/\/franciscanos.org.br\/noticias\/quem-despertara-em-nos-a-compaixao.html"]}]},{"@type":"BreadcrumbList","@id":"https:\/\/franciscanos.org.br\/noticias\/quem-despertara-em-nos-a-compaixao.html#breadcrumb","itemListElement":[{"@type":"ListItem","position":1,"name":"Home","item":"https:\/\/franciscanos.org.br\/noticias"},{"@type":"ListItem","position":2,"name":"A necessidade das ovelhas \u00e9 mais importante do que a vontade do Pastor"}]},{"@type":"Person","@id":"https:\/\/franciscanos.org.br\/noticias\/#\/schema\/person\/b38fbf43118f02820bd932f2e4b14ad3","name":"admin","image":{"@type":"ImageObject","inLanguage":"pt-BR","@id":"https:\/\/franciscanos.org.br\/noticias\/#\/schema\/person\/image\/","url":"https:\/\/secure.gravatar.com\/avatar\/e8495742d34d0ba6448ea1c628263b3e?s=96&d=mm&r=g","contentUrl":"https:\/\/secure.gravatar.com\/avatar\/e8495742d34d0ba6448ea1c628263b3e?s=96&d=mm&r=g","caption":"admin"},"url":"https:\/\/franciscanos.org.br\/noticias\/author\/admin"}]}},"_links":{"self":[{"href":"https:\/\/franciscanos.org.br\/noticias\/wp-json\/wp\/v2\/posts\/90689"}],"collection":[{"href":"https:\/\/franciscanos.org.br\/noticias\/wp-json\/wp\/v2\/posts"}],"about":[{"href":"https:\/\/franciscanos.org.br\/noticias\/wp-json\/wp\/v2\/types\/post"}],"author":[{"embeddable":true,"href":"https:\/\/franciscanos.org.br\/noticias\/wp-json\/wp\/v2\/users\/1"}],"replies":[{"embeddable":true,"href":"https:\/\/franciscanos.org.br\/noticias\/wp-json\/wp\/v2\/comments?post=90689"}],"version-history":[{"count":0,"href":"https:\/\/franciscanos.org.br\/noticias\/wp-json\/wp\/v2\/posts\/90689\/revisions"}],"wp:featuredmedia":[{"embeddable":true,"href":"https:\/\/franciscanos.org.br\/noticias\/wp-json\/wp\/v2\/media\/201362"}],"wp:attachment":[{"href":"https:\/\/franciscanos.org.br\/noticias\/wp-json\/wp\/v2\/media?parent=90689"}],"wp:term":[{"taxonomy":"category","embeddable":true,"href":"https:\/\/franciscanos.org.br\/noticias\/wp-json\/wp\/v2\/categories?post=90689"},{"taxonomy":"post_tag","embeddable":true,"href":"https:\/\/franciscanos.org.br\/noticias\/wp-json\/wp\/v2\/tags?post=90689"}],"curies":[{"name":"wp","href":"https:\/\/api.w.org\/{rel}","templated":true}]}}