{"id":90527,"date":"2015-07-14T10:24:32","date_gmt":"2015-07-14T13:24:32","guid":{"rendered":"http:\/\/franciscanos.org.br\/?p=90527"},"modified":"2019-01-24T09:44:41","modified_gmt":"2019-01-24T11:44:41","slug":"lancamentos-da-semana-5","status":"publish","type":"post","link":"https:\/\/franciscanos.org.br\/noticias\/lancamentos-da-semana-5.html","title":{"rendered":"Lan\u00e7amentos da semana"},"content":{"rendered":"<h3><strong><a href=\"http:\/\/franciscanos.org.br\/wp-content\/uploads\/2015\/07\/leitura-do-tao.jpg\"><img loading=\"lazy\" class=\"alignleft size-full wp-image-90529\" src=\"http:\/\/franciscanos.org.br\/wp-content\/uploads\/2015\/07\/leitura-do-tao.jpg\" alt=\"leitura-do-tao\" width=\"200\" height=\"315\" \/><\/a>Leitura do Tao<\/strong><\/h3>\n<p><strong>Marc Hal\u00e9vy<\/strong><\/p>\n<p>A corrente tao\u00edsta irrigou a hist\u00f3ria da cultura e da mentalidade chinesa preparando um solo f\u00e9rtil n\u00e3o apenas para os desenvolvimentos filos\u00f3ficos que lhe sucederam, como tamb\u00e9m para experi\u00eancias art\u00edsticas variadas, dentre as quais a poesia e caligrafia s\u00e3o as mais famosas. \u00c9 tamb\u00e9m um elemento central das pr\u00e1ticas chinesas no campo das artes marciais (cujas vers\u00f5es suaves s\u00e3o o tai-chi-chuan e o chi-gong), da dial\u00e9tica e da gastronomia, da medicina chinesa e da acupuntura.<\/p>\n<p>Ao longo do tempo, o Tao tornou-se, tamb\u00e9m \u2013 talvez principalmente \u2013 uma arte de viver. Uma arte feliz de viver. Quem nunca viu esses personagens divertidos, barrigudos, ostentados nos restaurantes chineses? S\u00e3o monges errantes, tao\u00edstas, amantes do riso e do vinho, grandes desbaratadores das vaidades humanas, cavaleiros maltrapilhos das causas filos\u00f3ficas e libert\u00e1rias.<\/p>\n<p>O objetivo deste livro \u00e9 ensinar a ler a unidade do Tao, a interdepend\u00eancia de tudo com tudo, a imperman\u00eancia de tudo, e tirar da\u00ed todas as consequ\u00eancias pr\u00e1ticas. Alguns dos ensinamentos s\u00e3o: Produzir todas as obras fecundas, mas n\u00e3o prender-se a elas. Fazer tudo o que \u00e9 poss\u00edvel fazer e deixar fluir. Prestar aten\u00e7\u00e3o ao real presente e viv\u00ea-lo plenamente, com plena aten\u00e7\u00e3o. Viver presente no presente. Estar todo inteiro naquilo que se faz, aqui e agora. N\u00e3o pensar em outra coisa a n\u00e3o ser naquilo que se faz. N\u00e3o dissociar, por conseguinte, o pensamento do ato. Nunca se deixar distrair, ou seja, nunca se deixar desviar do real presente.<\/p>\n<p style=\"padding-left: 30px;\"><strong>Marc Hal\u00e9vy<\/strong><em> \u00e9 estudioso de ci\u00eancias da complexidade e pesquisador das teorias fundamentais sobre a f\u00edsica dos processos. Analisa a evolu\u00e7\u00e3o do mundo humano e as mudan\u00e7as de paradigmas que se anunciam. Estudou Filosofia e Hist\u00f3ria das Religi\u00f5es e especializou-se na Kabala e no Tao-chia. Estuda a conex\u00e3o entre a F\u00edsica, a Evolu\u00e7\u00e3o humana, a Espiritualidade, a Filosofia e a Metaf\u00edsica.<\/em><\/p>\n<p><strong>N\u00ba DE P\u00c1GINAS:\u00a0144<\/strong><\/p>\n<p>&nbsp;<\/p>\n<h3><strong><a href=\"http:\/\/franciscanos.org.br\/wp-content\/uploads\/2015\/07\/a-brincadeira.jpg\"><img loading=\"lazy\" class=\"alignleft size-full wp-image-90530\" src=\"http:\/\/franciscanos.org.br\/wp-content\/uploads\/2015\/07\/a-brincadeira.jpg\" alt=\"a-brincadeira\" width=\"200\" height=\"317\" \/><\/a>A brincadeira<br \/>\n<\/strong><strong>A crian\u00e7a em desenvolvimento<\/strong><\/h3>\n<p><strong>Catherine Garvey<\/strong><\/p>\n<p>Desde sua publica\u00e7\u00e3o original na d\u00e9cada de 80, mudan\u00e7as dram\u00e1ticas econ\u00f4micas e sociais impuseram novas rotinas familiares e levaram a uma melhor compreens\u00e3o da brincadeira e de sua signific\u00e2ncia para a crian\u00e7a em desenvolvimento. Ao longo deste per\u00edodo, pesquisadores estudaram melhor o desenvolvimento infantil e ficaram ainda mais interessados na rela\u00e7\u00e3o entre a brincadeira e o bem-estar da crian\u00e7a.<\/p>\n<p>Nesta obra Catherine Garvey explora algumas das novas e promissoras dire\u00e7\u00f5es no estudo da brincadeira e resume as conclus\u00f5es da pesquisa recente.<\/p>\n<p>O objetivo deste livro \u00e9 mostrar o brincar da crian\u00e7a de uma nova maneira, mostrar sua natureza sistem\u00e1tica e governada por regras, que \u00e9, de uma s\u00f3 vez, o produto e o resqu\u00edcio da heran\u00e7a biol\u00f3gica do ser humano e de sua capacidade de criar cultura. O brincar \u00e9 mais frequente em um per\u00edodo de uma expans\u00e3o dram\u00e1tica do autoconhecimento, do conhecimento do mundo f\u00edsico e social e dos sistemas de comunica\u00e7\u00e3o: assim podemos ter a expectativa de que o brincar esteja complexamente relacionado com essas \u00e1reas de desenvolvimento.<\/p>\n<p style=\"padding-left: 30px;\"><strong>Catherine Garvey<\/strong> <em>\u00e9 docente de Psicologia na Universidade de Maine, Orono.<\/em><\/p>\n<p><strong>N\u00ba DE P\u00c1GINAS<\/strong><strong>:\u00a0304<\/strong><\/p>\n<p>&nbsp;<\/p>\n<h3><strong><a href=\"http:\/\/franciscanos.org.br\/wp-content\/uploads\/2015\/07\/do-eterno-no-homem.jpg\"><img loading=\"lazy\" class=\"alignleft size-full wp-image-90531\" src=\"http:\/\/franciscanos.org.br\/wp-content\/uploads\/2015\/07\/do-eterno-no-homem.jpg\" alt=\"do-eterno-no-homem\" width=\"200\" height=\"308\" \/><\/a>Do eterno no homem<\/strong><\/h3>\n<p><strong>Max Scheler<\/strong><\/p>\n<p>Esta obra cont\u00e9m ensaios e estudos dedicados em sua dimens\u00e3o essencial aos problemas da \u00e9tica e da filosofia da religi\u00e3o. Esses ensaios mostram como \u00e9 poss\u00edvel satisfazer a exig\u00eancia da hora a partir das fontes do esp\u00edrito no homem nas quais correm juntos o divino e o somente-humano, de modo que uma \u201cvita nuova\u201d se torne poss\u00edvel para aqueles que padeceram e adoeceram da maneira mais profunda desse tempo. Como <em>quest\u00e3o<\/em>, esse \u00e9 o elo espiritual que re\u00fane os ensaios aqui publicados.<\/p>\n<p>O primeiro tomo da obra, dedicado ao movimento filos\u00f3fico e religioso de pensamento, come\u00e7a com uma tentativa de analisar de maneira mais penetrante do que aconteceu at\u00e9 aqui o grande fen\u00f4meno de consci\u00eancia que \u00e9 o <em>arrependimento<\/em>.<\/p>\n<p>O segundo e o terceiro volumes da obra continuar\u00e3o sendo impressos de forma constante e os dois pr\u00f3ximos volumes \u2013 como esperamos \u2013 aparecer\u00e3o em breve. Em sua parte principal, o <em>segundo <\/em>fornecer\u00e1 um ensaio que est\u00e1 determinado a completar a <em>\u00c9tica <\/em>do autor. O terceiro tratar\u00e1 antes de tudo de maneira puramente objetiva e sistem\u00e1tica da <em>rela\u00e7\u00e3o entre amor e conhecimento<\/em>, devendo fornecer um fundamento derradeiro para uma \u201csociologia do conhecimento\u201d que o autor tem a inten\u00e7\u00e3o de apresentar mais tarde.<\/p>\n<p style=\"padding-left: 30px;\"><strong>Max Scheler<\/strong><em> nasceu em Munique a 22 de agosto de 1874 e morreu em Frankfurt a 19 de maio de 1928. Iniciou sua carreira de professor em Jena, ocasi\u00e3o em que conheceu a fenomenologia de Husserl. Em 1919 foi nomeado professor de filosofia em Col\u00f4nia. Inspirado em Husserl, Schele procura aplicar o m\u00e9todo fenomenol\u00f3gico ao mundo dos valores.<\/em><\/p>\n<p><strong>N\u00ba DE P\u00c1GINAS<\/strong><strong>:\u00a0680<\/strong><\/p>\n<p><strong><em>\u00a0<\/em><\/strong><\/p>\n<h3><strong><a href=\"http:\/\/franciscanos.org.br\/wp-content\/uploads\/2015\/07\/novo-lexico.jpg\"><img loading=\"lazy\" class=\"alignleft size-full wp-image-90532\" src=\"http:\/\/franciscanos.org.br\/wp-content\/uploads\/2015\/07\/novo-lexico.jpg\" alt=\"novo-lexico\" width=\"200\" height=\"254\" \/><\/a>Novo l\u00e9xico da teologia dogm\u00e1tica cat\u00f3lica<\/strong><\/h3>\n<p><strong>Wolfgang Beinert e Bertram Stubenrauch<\/strong><\/p>\n<p>Em 1987, fora publicada a primeira edi\u00e7\u00e3o do \u201cL\u00e9xico da teologia dogm\u00e1tica cat\u00f3lica\u201d, que teve uma recep\u00e7\u00e3o ampla e positiva, fato que se manifestou nas suas numerosas tradu\u00e7\u00f5es.<\/p>\n<p>Mas, para dar conta dos conhecimentos advindos das pesquisas dos \u00faltimos vinte anos, uma edi\u00e7\u00e3o revisada tornou-se imprescind\u00edvel. Wolfgang Beinert, o primeiro editor do \u201cL\u00e9xico\u201d, e Bertram Stubenrauch, como novo co-editor, optaram por uma revis\u00e3o completa, que justifica tamb\u00e9m o t\u00edtulo \u201c<em>Novo l\u00e9xico da teologia dogm\u00e1tica cat\u00f3lica<\/em>\u201d, com uma refer\u00eancia clara e consciente ao t\u00edtulo antigo.<\/p>\n<p>Este \u201cNovo l\u00e9xico da teologia dogm\u00e1tica cat\u00f3lica\u201d, al\u00e9m de conservar o prop\u00f3sito da obra inicial, adota tamb\u00e9m a mesma estrutura b\u00e1sica da constru\u00e7\u00e3o original. Nesta, as desvantagens de um dicion\u00e1rio (informa\u00e7\u00f5es isoladas, sem contexto) s\u00e3o compensadas pelas vantagens do manual (informa\u00e7\u00f5es contextualizadas). \u00a0Traz novos autoras e autores pertencentes \u00e0 atual gera\u00e7\u00e3o normativa de professores da teologia. Novo \u00e9 tamb\u00e9m o conjunto de verbetes, a reda\u00e7\u00e3o completa do texto e as refer\u00eancias bibliogr\u00e1ficas. \u00c9 uma obra indispens\u00e1vel para o estudo da Teologia e para todos aqueles que buscam adquirir e aperfei\u00e7oar sua compet\u00eancia teol\u00f3gica.<\/p>\n<p><strong>N\u00ba DE P\u00c1GINAS:\u00a0600<\/strong><\/p>\n<p><strong><em>\u00a0<\/em><\/strong><\/p>\n<h3><strong><a href=\"http:\/\/franciscanos.org.br\/wp-content\/uploads\/2015\/07\/uma-historia.jpg\"><img loading=\"lazy\" class=\"alignleft size-full wp-image-90533\" src=\"http:\/\/franciscanos.org.br\/wp-content\/uploads\/2015\/07\/uma-historia.jpg\" alt=\"uma-historia\" width=\"200\" height=\"306\" \/><\/a>Uma hist\u00f3ria do cora\u00e7\u00e3o<\/strong><\/h3>\n<p><strong>Ole Martin H\u00d8ystad<\/strong><\/p>\n<p>Apesar de o cora\u00e7\u00e3o ser o principal s\u00edmbolo do que significa ser um ser humano, h\u00e1 poucos livros especializados sobre este tema na literatura universal. Ole Martin H\u00f8ystad, com esta obra, preenche habilmente esta lacuna com uma investiga\u00e7\u00e3o fascinante sobre este lugar de tristeza, alegria e poder. Ao situar o cora\u00e7\u00e3o no centro metaf\u00f3rico e literal da hist\u00f3ria e da cultura humana, H\u00f8ystad tece hist\u00f3ria, mito e ci\u00eancia em uma narrativa envolvente.<\/p>\n<p><em>Segundo Prof. Drd. Arthur Meucci, que fez uma resenha sobre o livro:<\/em><\/p>\n<p><em>&#8211; \u201cA linguagem d\u00e1 testemunho de como o cora\u00e7\u00e3o \u00e9 importante na nossa autocompreens\u00e3o e na hist\u00f3ria cultural. Dificilmente h\u00e1 qualquer outra palavra nas l\u00ednguas germ\u00e2nicas que fa\u00e7a tanto parte de um conjunto de express\u00f5es como a palavra cora\u00e7\u00e3o\u201d. Na dif\u00edcil tarefa de entender a import\u00e2ncia cultural do cora\u00e7\u00e3o, o historiador Ole Martin H\u00f8ystad utilizou uma abordagem interdisciplinar que incluiu literatura, teologia e filosofia para realizar uma g\u00eanese deste \u00f3rg\u00e3o que j\u00e1 foi considerado respons\u00e1vel pelas paix\u00f5es e pensamentos. O autor percorreu as primeiras descri\u00e7\u00f5es sobre o cora\u00e7\u00e3o feitos pelas antigas civiliza\u00e7\u00f5es sum\u00e9ria, eg\u00edpcia, hebraica e grega em um percurso hist\u00f3rico que termina em dois expoentes da cultura germ\u00e2nica: o rom\u00e2ntico Goethe e o desiludido Nietzsche. Um ponto negativo \u00e9 ser euroc\u00eantrico, problema muito comum nos livros de hist\u00f3ria. Por\u00e9m, sua abordagem interdisciplinar do tema e sua linguagem sedutora fazem desta obra uma refer\u00eancia em ci\u00eancias humanas.<\/em><\/p>\n<p style=\"padding-left: 30px;\"><strong>Arthur Meucci <\/strong><em>\u00e9<\/em> Psicanalista, Bacharel e Mestre em Filosofia pela USP e Doutorando em Educa\u00e7\u00e3o e Hist\u00f3ria da Cultura pelo Mackenzie. Editor da Revista Espa\u00e7o \u00c9tica.<br \/>\n<strong>Ole Martin H\u00d8ystad <\/strong><em>\u00e9 professor de estudos culturais e de literatura na Telemark University College (TUC), Noruega. \u00c9 autor de diversos livros na \u00e1rea.<\/em><\/p>\n<p><strong>N\u00ba DE P\u00c1GINAS<\/strong><strong>:\u00a0344<\/strong><\/p>\n<p><em>\u00a0<\/em><\/p>\n<h3><strong><a href=\"http:\/\/franciscanos.org.br\/wp-content\/uploads\/2015\/07\/oracoes-ao-sagrado.jpg\"><img loading=\"lazy\" class=\"alignleft size-full wp-image-90534\" src=\"http:\/\/franciscanos.org.br\/wp-content\/uploads\/2015\/07\/oracoes-ao-sagrado.jpg\" alt=\"oracoes-ao-sagrado\" width=\"200\" height=\"304\" \/><\/a>Ora\u00e7\u00f5es ao Sagrado Cora\u00e7\u00e3o de Jesus<\/strong><\/h3>\n<p><strong>Ant\u00f4nio Francisco Bohn<\/strong><\/p>\n<p><em>Ora\u00e7\u00f5es ao Sagrado Cora\u00e7\u00e3o de Jesus<\/em> \u00e9 uma colet\u00e2nea de preces: agradecimento, confian\u00e7a, consagra\u00e7\u00e3o, cura, oferecimento e peti\u00e7\u00e3o. Destina-se aos devotos do Cora\u00e7\u00e3o misericordioso de Jesus e aos que n\u2019Ele buscam al\u00edvio, consolo e descanso.<\/p>\n<p style=\"padding-left: 30px;\"><strong>Ant\u00f4nio Francisco Bohn<\/strong><em> \u00e9 presb\u00edtero da Diocese de Blumenau e vig\u00e1rio paroquial em Lu\u00eds Alves (SC). Autor de Forma\u00e7\u00e3o de minist\u00e9rios \u2013 Chamados para evangelizar e servir (2007), Devocion\u00e1rio do Sagrado Cora\u00e7\u00e3o de Jesus (2007), Ora\u00e7\u00f5es ao Esp\u00edrito Santo (2011), Os jovens rezam (2012), Manual de forma\u00e7\u00e3o de ministros da Eucaristia (2012), Manual de forma\u00e7\u00e3o de equipes de liturgia (2012) e Manual de forma\u00e7\u00e3o de coroinhas (2012), publicados pela Editora Vozes.<\/em><\/p>\n<p><strong>N\u00ba DE P\u00c1GINAS:\u00a072<\/strong><\/p>\n","protected":false},"excerpt":{"rendered":"<p>Editora Vozes<\/p>\n","protected":false},"author":1,"featured_media":194592,"comment_status":"open","ping_status":"open","sticky":false,"template":"","format":"standard","meta":[],"categories":[1],"tags":[537],"acf":[],"yoast_head":"<!-- This site is optimized with the Yoast SEO plugin v19.2 - https:\/\/yoast.com\/wordpress\/plugins\/seo\/ -->\n<title>Lan\u00e7amentos da semana - Not\u00edcias - Franciscanos<\/title>\n<meta name=\"robots\" content=\"index, follow, max-snippet:-1, max-image-preview:large, max-video-preview:-1\" \/>\n<link rel=\"canonical\" href=\"https:\/\/franciscanos.org.br\/noticias\/lancamentos-da-semana-5.html\" \/>\n<meta property=\"og:locale\" content=\"pt_BR\" \/>\n<meta property=\"og:type\" content=\"article\" \/>\n<meta property=\"og:title\" content=\"Lan\u00e7amentos da semana - Not\u00edcias - Franciscanos\" \/>\n<meta property=\"og:description\" content=\"Editora Vozes\" \/>\n<meta property=\"og:url\" content=\"https:\/\/franciscanos.org.br\/noticias\/lancamentos-da-semana-5.html\" \/>\n<meta property=\"og:site_name\" content=\"Not\u00edcias - Franciscanos\" \/>\n<meta property=\"article:published_time\" content=\"2015-07-14T13:24:32+00:00\" \/>\n<meta property=\"article:modified_time\" content=\"2019-01-24T11:44:41+00:00\" \/>\n<meta property=\"og:image\" content=\"https:\/\/franciscanos.org.br\/noticias\/wp-content\/uploads\/2017\/11\/vozes.png\" \/>\n\t<meta property=\"og:image:width\" content=\"273\" \/>\n\t<meta property=\"og:image:height\" content=\"181\" \/>\n\t<meta property=\"og:image:type\" content=\"image\/png\" \/>\n<meta name=\"author\" content=\"admin\" \/>\n<meta name=\"twitter:card\" content=\"summary_large_image\" \/>\n<meta name=\"twitter:label1\" content=\"Escrito por\" \/>\n\t<meta name=\"twitter:data1\" content=\"admin\" \/>\n\t<meta name=\"twitter:label2\" content=\"Est. tempo de leitura\" \/>\n\t<meta name=\"twitter:data2\" content=\"8 minutos\" \/>\n<script type=\"application\/ld+json\" class=\"yoast-schema-graph\">{\"@context\":\"https:\/\/schema.org\",\"@graph\":[{\"@type\":\"WebSite\",\"@id\":\"https:\/\/franciscanos.org.br\/noticias\/#website\",\"url\":\"https:\/\/franciscanos.org.br\/noticias\/\",\"name\":\"Not\u00edcias - Franciscanos\",\"description\":\"Prov\u00edncia Franciscana da Imaculada Concei\u00e7\u00e3o do Brasil - Ordem dos Frades Menores - OFM\",\"potentialAction\":[{\"@type\":\"SearchAction\",\"target\":{\"@type\":\"EntryPoint\",\"urlTemplate\":\"https:\/\/franciscanos.org.br\/noticias\/?s={search_term_string}\"},\"query-input\":\"required name=search_term_string\"}],\"inLanguage\":\"pt-BR\"},{\"@type\":\"ImageObject\",\"inLanguage\":\"pt-BR\",\"@id\":\"https:\/\/franciscanos.org.br\/noticias\/lancamentos-da-semana-5.html#primaryimage\",\"url\":\"https:\/\/franciscanos.org.br\/noticias\/wp-content\/uploads\/2017\/11\/vozes.png\",\"contentUrl\":\"https:\/\/franciscanos.org.br\/noticias\/wp-content\/uploads\/2017\/11\/vozes.png\",\"width\":273,\"height\":181},{\"@type\":\"WebPage\",\"@id\":\"https:\/\/franciscanos.org.br\/noticias\/lancamentos-da-semana-5.html#webpage\",\"url\":\"https:\/\/franciscanos.org.br\/noticias\/lancamentos-da-semana-5.html\",\"name\":\"Lan\u00e7amentos da semana - Not\u00edcias - Franciscanos\",\"isPartOf\":{\"@id\":\"https:\/\/franciscanos.org.br\/noticias\/#website\"},\"primaryImageOfPage\":{\"@id\":\"https:\/\/franciscanos.org.br\/noticias\/lancamentos-da-semana-5.html#primaryimage\"},\"datePublished\":\"2015-07-14T13:24:32+00:00\",\"dateModified\":\"2019-01-24T11:44:41+00:00\",\"author\":{\"@id\":\"https:\/\/franciscanos.org.br\/noticias\/#\/schema\/person\/b38fbf43118f02820bd932f2e4b14ad3\"},\"breadcrumb\":{\"@id\":\"https:\/\/franciscanos.org.br\/noticias\/lancamentos-da-semana-5.html#breadcrumb\"},\"inLanguage\":\"pt-BR\",\"potentialAction\":[{\"@type\":\"ReadAction\",\"target\":[\"https:\/\/franciscanos.org.br\/noticias\/lancamentos-da-semana-5.html\"]}]},{\"@type\":\"BreadcrumbList\",\"@id\":\"https:\/\/franciscanos.org.br\/noticias\/lancamentos-da-semana-5.html#breadcrumb\",\"itemListElement\":[{\"@type\":\"ListItem\",\"position\":1,\"name\":\"Home\",\"item\":\"https:\/\/franciscanos.org.br\/noticias\"},{\"@type\":\"ListItem\",\"position\":2,\"name\":\"Lan\u00e7amentos da semana\"}]},{\"@type\":\"Person\",\"@id\":\"https:\/\/franciscanos.org.br\/noticias\/#\/schema\/person\/b38fbf43118f02820bd932f2e4b14ad3\",\"name\":\"admin\",\"image\":{\"@type\":\"ImageObject\",\"inLanguage\":\"pt-BR\",\"@id\":\"https:\/\/franciscanos.org.br\/noticias\/#\/schema\/person\/image\/\",\"url\":\"https:\/\/secure.gravatar.com\/avatar\/e8495742d34d0ba6448ea1c628263b3e?s=96&d=mm&r=g\",\"contentUrl\":\"https:\/\/secure.gravatar.com\/avatar\/e8495742d34d0ba6448ea1c628263b3e?s=96&d=mm&r=g\",\"caption\":\"admin\"},\"url\":\"https:\/\/franciscanos.org.br\/noticias\/author\/admin\"}]}<\/script>\n<!-- \/ Yoast SEO plugin. -->","yoast_head_json":{"title":"Lan\u00e7amentos da semana - Not\u00edcias - Franciscanos","robots":{"index":"index","follow":"follow","max-snippet":"max-snippet:-1","max-image-preview":"max-image-preview:large","max-video-preview":"max-video-preview:-1"},"canonical":"https:\/\/franciscanos.org.br\/noticias\/lancamentos-da-semana-5.html","og_locale":"pt_BR","og_type":"article","og_title":"Lan\u00e7amentos da semana - Not\u00edcias - Franciscanos","og_description":"Editora Vozes","og_url":"https:\/\/franciscanos.org.br\/noticias\/lancamentos-da-semana-5.html","og_site_name":"Not\u00edcias - Franciscanos","article_published_time":"2015-07-14T13:24:32+00:00","article_modified_time":"2019-01-24T11:44:41+00:00","og_image":[{"width":273,"height":181,"url":"https:\/\/franciscanos.org.br\/noticias\/wp-content\/uploads\/2017\/11\/vozes.png","type":"image\/png"}],"author":"admin","twitter_card":"summary_large_image","twitter_misc":{"Escrito por":"admin","Est. tempo de leitura":"8 minutos"},"schema":{"@context":"https:\/\/schema.org","@graph":[{"@type":"WebSite","@id":"https:\/\/franciscanos.org.br\/noticias\/#website","url":"https:\/\/franciscanos.org.br\/noticias\/","name":"Not\u00edcias - Franciscanos","description":"Prov\u00edncia Franciscana da Imaculada Concei\u00e7\u00e3o do Brasil - Ordem dos Frades Menores - OFM","potentialAction":[{"@type":"SearchAction","target":{"@type":"EntryPoint","urlTemplate":"https:\/\/franciscanos.org.br\/noticias\/?s={search_term_string}"},"query-input":"required name=search_term_string"}],"inLanguage":"pt-BR"},{"@type":"ImageObject","inLanguage":"pt-BR","@id":"https:\/\/franciscanos.org.br\/noticias\/lancamentos-da-semana-5.html#primaryimage","url":"https:\/\/franciscanos.org.br\/noticias\/wp-content\/uploads\/2017\/11\/vozes.png","contentUrl":"https:\/\/franciscanos.org.br\/noticias\/wp-content\/uploads\/2017\/11\/vozes.png","width":273,"height":181},{"@type":"WebPage","@id":"https:\/\/franciscanos.org.br\/noticias\/lancamentos-da-semana-5.html#webpage","url":"https:\/\/franciscanos.org.br\/noticias\/lancamentos-da-semana-5.html","name":"Lan\u00e7amentos da semana - Not\u00edcias - Franciscanos","isPartOf":{"@id":"https:\/\/franciscanos.org.br\/noticias\/#website"},"primaryImageOfPage":{"@id":"https:\/\/franciscanos.org.br\/noticias\/lancamentos-da-semana-5.html#primaryimage"},"datePublished":"2015-07-14T13:24:32+00:00","dateModified":"2019-01-24T11:44:41+00:00","author":{"@id":"https:\/\/franciscanos.org.br\/noticias\/#\/schema\/person\/b38fbf43118f02820bd932f2e4b14ad3"},"breadcrumb":{"@id":"https:\/\/franciscanos.org.br\/noticias\/lancamentos-da-semana-5.html#breadcrumb"},"inLanguage":"pt-BR","potentialAction":[{"@type":"ReadAction","target":["https:\/\/franciscanos.org.br\/noticias\/lancamentos-da-semana-5.html"]}]},{"@type":"BreadcrumbList","@id":"https:\/\/franciscanos.org.br\/noticias\/lancamentos-da-semana-5.html#breadcrumb","itemListElement":[{"@type":"ListItem","position":1,"name":"Home","item":"https:\/\/franciscanos.org.br\/noticias"},{"@type":"ListItem","position":2,"name":"Lan\u00e7amentos da semana"}]},{"@type":"Person","@id":"https:\/\/franciscanos.org.br\/noticias\/#\/schema\/person\/b38fbf43118f02820bd932f2e4b14ad3","name":"admin","image":{"@type":"ImageObject","inLanguage":"pt-BR","@id":"https:\/\/franciscanos.org.br\/noticias\/#\/schema\/person\/image\/","url":"https:\/\/secure.gravatar.com\/avatar\/e8495742d34d0ba6448ea1c628263b3e?s=96&d=mm&r=g","contentUrl":"https:\/\/secure.gravatar.com\/avatar\/e8495742d34d0ba6448ea1c628263b3e?s=96&d=mm&r=g","caption":"admin"},"url":"https:\/\/franciscanos.org.br\/noticias\/author\/admin"}]}},"_links":{"self":[{"href":"https:\/\/franciscanos.org.br\/noticias\/wp-json\/wp\/v2\/posts\/90527"}],"collection":[{"href":"https:\/\/franciscanos.org.br\/noticias\/wp-json\/wp\/v2\/posts"}],"about":[{"href":"https:\/\/franciscanos.org.br\/noticias\/wp-json\/wp\/v2\/types\/post"}],"author":[{"embeddable":true,"href":"https:\/\/franciscanos.org.br\/noticias\/wp-json\/wp\/v2\/users\/1"}],"replies":[{"embeddable":true,"href":"https:\/\/franciscanos.org.br\/noticias\/wp-json\/wp\/v2\/comments?post=90527"}],"version-history":[{"count":0,"href":"https:\/\/franciscanos.org.br\/noticias\/wp-json\/wp\/v2\/posts\/90527\/revisions"}],"wp:featuredmedia":[{"embeddable":true,"href":"https:\/\/franciscanos.org.br\/noticias\/wp-json\/wp\/v2\/media\/194592"}],"wp:attachment":[{"href":"https:\/\/franciscanos.org.br\/noticias\/wp-json\/wp\/v2\/media?parent=90527"}],"wp:term":[{"taxonomy":"category","embeddable":true,"href":"https:\/\/franciscanos.org.br\/noticias\/wp-json\/wp\/v2\/categories?post=90527"},{"taxonomy":"post_tag","embeddable":true,"href":"https:\/\/franciscanos.org.br\/noticias\/wp-json\/wp\/v2\/tags?post=90527"}],"curies":[{"name":"wp","href":"https:\/\/api.w.org\/{rel}","templated":true}]}}