{"id":90390,"date":"2015-07-10T20:47:07","date_gmt":"2015-07-10T23:47:07","guid":{"rendered":"http:\/\/franciscanos.org.br\/?p=90390"},"modified":"2020-02-14T08:25:37","modified_gmt":"2020-02-14T11:25:37","slug":"a-necessidade-das-ovelhas-e-mais-importante-do-que-a-vontade-do-pastor","status":"publish","type":"post","link":"https:\/\/franciscanos.org.br\/noticias\/a-necessidade-das-ovelhas-e-mais-importante-do-que-a-vontade-do-pastor.html","title":{"rendered":"Estilo de vida do evangelizador"},"content":{"rendered":"<p><img loading=\"lazy\" class=\"alignnone size-full wp-image-196565\" src=\"https:\/\/franciscanos.org.br\/noticias\/wp-content\/uploads\/2015\/07\/domingo_envio.jpg\" alt=\"\" width=\"820\" height=\"363\" srcset=\"https:\/\/franciscanos.org.br\/noticias\/wp-content\/uploads\/2015\/07\/domingo_envio.jpg 820w, https:\/\/franciscanos.org.br\/noticias\/wp-content\/uploads\/2015\/07\/domingo_envio-450x199.jpg 450w, https:\/\/franciscanos.org.br\/noticias\/wp-content\/uploads\/2015\/07\/domingo_envio-768x340.jpg 768w, https:\/\/franciscanos.org.br\/noticias\/wp-content\/uploads\/2015\/07\/domingo_envio-150x66.jpg 150w\" sizes=\"(max-width: 820px) 100vw, 820px\" \/><\/p>\n<p><strong>Jos\u00e9 Antonio Pagola<\/strong><\/p>\n<p>Jesus n\u00e3o envia seus disc\u00edpulos de qualquer maneira. Para colaborar em seu projeto do reino de Deus e prolongar sua miss\u00e3o, eles dever\u00e3o cuidar de seu estilo de vida. Caso contr\u00e1rio, poder\u00e3o fazer muitas coisas, mas n\u00e3o introduzir\u00e3o no mundo o esp\u00edrito de Jesus. Marcos nos recorda algumas de suas recomenda\u00e7\u00f5es.<\/p>\n<p>Em primeiro lugar, quem s\u00e3o eles para agir em nome de Jesus? Qual \u00e9 sua autoridade? De acordo com Marcos, ao envi\u00e1-los, Jesus &#8220;lhes d\u00e1 autoridade sobre os esp\u00edritos impuros&#8217;: N\u00e3o lhes d\u00e1 poder sobre as pessoas que ir\u00e3o encontrando em seu caminho. Ele lhes d\u00e1 autoridade para libert\u00e1-las do mal.<\/p>\n<p>Como sempre, Jesus est\u00e1 pensando num mundo mais sadio, libertado das for\u00e7as malignas que escravizam e desumanizam o ser humano. Seus disc\u00edpulos introduzir\u00e3o entre as pessoas sua for\u00e7a curadora. Eles abrir\u00e3o caminho na sociedade n\u00e3o utilizando um poder dominador, mas humanizando a vida, aliviando o sofrimento e fazendo crescer a liberdade e a fraternidade.<\/p>\n<p>S\u00f3 levar\u00e3o &#8220;bast\u00e3o&#8221; e &#8220;sand\u00e1lias&#8217;: Jesus os imagina como caminhantes. Nunca instalados. Sempre a caminho. N\u00e3o presos a nada nem a ningu\u00e9m. Apenas com o imprescind\u00edvel. Com essa agilidade que Jesus tinha para fazer-se presente onde algu\u00e9m precisava dele. O b\u00e1culo de Jesus n\u00e3o \u00e9 para mandar, mas para caminhar.<\/p>\n<p>N\u00e3o levar\u00e3o &#8220;nem p\u00e3o, nem alforje, nem dinheiro&#8217;: N\u00e3o devem viver obcecados por sua pr\u00f3pria seguran\u00e7a. Levam consigo algo mais importante: o Esp\u00edrito de Jesus, sua Palavra e sua Autoridade para humanizar a vida das pessoas. Curiosamente, Jesus n\u00e3o est\u00e1 pensando no que devem levar para serem eficazes, mas no que n\u00e3o devem levar. Para n\u00e3o acontecer que um dia se esque\u00e7am dos pobres e vivam fechados em seu pr\u00f3prio bem-estar.<\/p>\n<p>Tamb\u00e9m n\u00e3o levar\u00e3o &#8220;t\u00fanica de reserva&#8217;: Vestir-se-\u00e3o com a simplicidade dos pobres. N\u00e3o trar\u00e3o vestes sagradas, como os sacerdotes do templo. Tamb\u00e9m n\u00e3o se vestir\u00e3o como o Batista na solid\u00e3o do deserto. Ser\u00e3o profetas no meio das pessoas. Sua vida ser\u00e1 sinal de que Deus est\u00e1 pr\u00f3ximo de todos, sobretudo dos mais necessitados.<\/p>\n<p>Atrever-nos-emos algum dia a fazer, no interior da Igreja, um exame coletivo para deixar-nos iluminar por Jesus e ver como fomos nos afastando de seu esp\u00edrito quase sem dar-nos conta?<br \/>\n<em>Trecho do livro &#8220;O Caminho Aberto por Jesus&#8221;, de Jos\u00e9 Antonio Pagola, Editora Vozes.<\/em><\/p>\n","protected":false},"excerpt":{"rendered":"<p> Liturgia Dominical<\/p>\n","protected":false},"author":1,"featured_media":215136,"comment_status":"open","ping_status":"open","sticky":false,"template":"","format":"standard","meta":[],"categories":[1],"tags":[537],"acf":[],"yoast_head":"<!-- This site is optimized with the Yoast SEO plugin v19.2 - https:\/\/yoast.com\/wordpress\/plugins\/seo\/ -->\n<title>Estilo de vida do evangelizador - Not\u00edcias - Franciscanos<\/title>\n<meta name=\"robots\" content=\"index, follow, max-snippet:-1, max-image-preview:large, max-video-preview:-1\" \/>\n<link rel=\"canonical\" href=\"https:\/\/franciscanos.org.br\/noticias\/a-necessidade-das-ovelhas-e-mais-importante-do-que-a-vontade-do-pastor.html\" \/>\n<meta property=\"og:locale\" content=\"pt_BR\" \/>\n<meta property=\"og:type\" content=\"article\" \/>\n<meta property=\"og:title\" content=\"Estilo de vida do evangelizador - Not\u00edcias - Franciscanos\" \/>\n<meta property=\"og:description\" content=\"Liturgia Dominical\" \/>\n<meta property=\"og:url\" content=\"https:\/\/franciscanos.org.br\/noticias\/a-necessidade-das-ovelhas-e-mais-importante-do-que-a-vontade-do-pastor.html\" \/>\n<meta property=\"og:site_name\" content=\"Not\u00edcias - Franciscanos\" \/>\n<meta property=\"article:published_time\" content=\"2015-07-10T23:47:07+00:00\" \/>\n<meta property=\"article:modified_time\" content=\"2020-02-14T11:25:37+00:00\" \/>\n<meta property=\"og:image\" content=\"https:\/\/franciscanos.org.br\/noticias\/wp-content\/uploads\/2015\/07\/domingo_envio-1.jpg\" \/>\n\t<meta property=\"og:image:width\" content=\"273\" \/>\n\t<meta property=\"og:image:height\" content=\"181\" \/>\n\t<meta property=\"og:image:type\" content=\"image\/jpeg\" \/>\n<meta name=\"author\" content=\"admin\" \/>\n<meta name=\"twitter:card\" content=\"summary_large_image\" \/>\n<meta name=\"twitter:label1\" content=\"Escrito por\" \/>\n\t<meta name=\"twitter:data1\" content=\"admin\" \/>\n\t<meta name=\"twitter:label2\" content=\"Est. tempo de leitura\" \/>\n\t<meta name=\"twitter:data2\" content=\"2 minutos\" \/>\n<script type=\"application\/ld+json\" class=\"yoast-schema-graph\">{\"@context\":\"https:\/\/schema.org\",\"@graph\":[{\"@type\":\"WebSite\",\"@id\":\"https:\/\/franciscanos.org.br\/noticias\/#website\",\"url\":\"https:\/\/franciscanos.org.br\/noticias\/\",\"name\":\"Not\u00edcias - Franciscanos\",\"description\":\"Prov\u00edncia Franciscana da Imaculada Concei\u00e7\u00e3o do Brasil - Ordem dos Frades Menores - OFM\",\"potentialAction\":[{\"@type\":\"SearchAction\",\"target\":{\"@type\":\"EntryPoint\",\"urlTemplate\":\"https:\/\/franciscanos.org.br\/noticias\/?s={search_term_string}\"},\"query-input\":\"required name=search_term_string\"}],\"inLanguage\":\"pt-BR\"},{\"@type\":\"ImageObject\",\"inLanguage\":\"pt-BR\",\"@id\":\"https:\/\/franciscanos.org.br\/noticias\/a-necessidade-das-ovelhas-e-mais-importante-do-que-a-vontade-do-pastor.html#primaryimage\",\"url\":\"https:\/\/franciscanos.org.br\/noticias\/wp-content\/uploads\/2015\/07\/domingo_envio-1.jpg\",\"contentUrl\":\"https:\/\/franciscanos.org.br\/noticias\/wp-content\/uploads\/2015\/07\/domingo_envio-1.jpg\",\"width\":273,\"height\":181},{\"@type\":\"WebPage\",\"@id\":\"https:\/\/franciscanos.org.br\/noticias\/a-necessidade-das-ovelhas-e-mais-importante-do-que-a-vontade-do-pastor.html#webpage\",\"url\":\"https:\/\/franciscanos.org.br\/noticias\/a-necessidade-das-ovelhas-e-mais-importante-do-que-a-vontade-do-pastor.html\",\"name\":\"Estilo de vida do evangelizador - Not\u00edcias - Franciscanos\",\"isPartOf\":{\"@id\":\"https:\/\/franciscanos.org.br\/noticias\/#website\"},\"primaryImageOfPage\":{\"@id\":\"https:\/\/franciscanos.org.br\/noticias\/a-necessidade-das-ovelhas-e-mais-importante-do-que-a-vontade-do-pastor.html#primaryimage\"},\"datePublished\":\"2015-07-10T23:47:07+00:00\",\"dateModified\":\"2020-02-14T11:25:37+00:00\",\"author\":{\"@id\":\"https:\/\/franciscanos.org.br\/noticias\/#\/schema\/person\/b38fbf43118f02820bd932f2e4b14ad3\"},\"breadcrumb\":{\"@id\":\"https:\/\/franciscanos.org.br\/noticias\/a-necessidade-das-ovelhas-e-mais-importante-do-que-a-vontade-do-pastor.html#breadcrumb\"},\"inLanguage\":\"pt-BR\",\"potentialAction\":[{\"@type\":\"ReadAction\",\"target\":[\"https:\/\/franciscanos.org.br\/noticias\/a-necessidade-das-ovelhas-e-mais-importante-do-que-a-vontade-do-pastor.html\"]}]},{\"@type\":\"BreadcrumbList\",\"@id\":\"https:\/\/franciscanos.org.br\/noticias\/a-necessidade-das-ovelhas-e-mais-importante-do-que-a-vontade-do-pastor.html#breadcrumb\",\"itemListElement\":[{\"@type\":\"ListItem\",\"position\":1,\"name\":\"Home\",\"item\":\"https:\/\/franciscanos.org.br\/noticias\"},{\"@type\":\"ListItem\",\"position\":2,\"name\":\"Estilo de vida do evangelizador\"}]},{\"@type\":\"Person\",\"@id\":\"https:\/\/franciscanos.org.br\/noticias\/#\/schema\/person\/b38fbf43118f02820bd932f2e4b14ad3\",\"name\":\"admin\",\"image\":{\"@type\":\"ImageObject\",\"inLanguage\":\"pt-BR\",\"@id\":\"https:\/\/franciscanos.org.br\/noticias\/#\/schema\/person\/image\/\",\"url\":\"https:\/\/secure.gravatar.com\/avatar\/e8495742d34d0ba6448ea1c628263b3e?s=96&d=mm&r=g\",\"contentUrl\":\"https:\/\/secure.gravatar.com\/avatar\/e8495742d34d0ba6448ea1c628263b3e?s=96&d=mm&r=g\",\"caption\":\"admin\"},\"url\":\"https:\/\/franciscanos.org.br\/noticias\/author\/admin\"}]}<\/script>\n<!-- \/ Yoast SEO plugin. -->","yoast_head_json":{"title":"Estilo de vida do evangelizador - Not\u00edcias - Franciscanos","robots":{"index":"index","follow":"follow","max-snippet":"max-snippet:-1","max-image-preview":"max-image-preview:large","max-video-preview":"max-video-preview:-1"},"canonical":"https:\/\/franciscanos.org.br\/noticias\/a-necessidade-das-ovelhas-e-mais-importante-do-que-a-vontade-do-pastor.html","og_locale":"pt_BR","og_type":"article","og_title":"Estilo de vida do evangelizador - Not\u00edcias - Franciscanos","og_description":"Liturgia Dominical","og_url":"https:\/\/franciscanos.org.br\/noticias\/a-necessidade-das-ovelhas-e-mais-importante-do-que-a-vontade-do-pastor.html","og_site_name":"Not\u00edcias - Franciscanos","article_published_time":"2015-07-10T23:47:07+00:00","article_modified_time":"2020-02-14T11:25:37+00:00","og_image":[{"width":273,"height":181,"url":"https:\/\/franciscanos.org.br\/noticias\/wp-content\/uploads\/2015\/07\/domingo_envio-1.jpg","type":"image\/jpeg"}],"author":"admin","twitter_card":"summary_large_image","twitter_misc":{"Escrito por":"admin","Est. tempo de leitura":"2 minutos"},"schema":{"@context":"https:\/\/schema.org","@graph":[{"@type":"WebSite","@id":"https:\/\/franciscanos.org.br\/noticias\/#website","url":"https:\/\/franciscanos.org.br\/noticias\/","name":"Not\u00edcias - Franciscanos","description":"Prov\u00edncia Franciscana da Imaculada Concei\u00e7\u00e3o do Brasil - Ordem dos Frades Menores - OFM","potentialAction":[{"@type":"SearchAction","target":{"@type":"EntryPoint","urlTemplate":"https:\/\/franciscanos.org.br\/noticias\/?s={search_term_string}"},"query-input":"required name=search_term_string"}],"inLanguage":"pt-BR"},{"@type":"ImageObject","inLanguage":"pt-BR","@id":"https:\/\/franciscanos.org.br\/noticias\/a-necessidade-das-ovelhas-e-mais-importante-do-que-a-vontade-do-pastor.html#primaryimage","url":"https:\/\/franciscanos.org.br\/noticias\/wp-content\/uploads\/2015\/07\/domingo_envio-1.jpg","contentUrl":"https:\/\/franciscanos.org.br\/noticias\/wp-content\/uploads\/2015\/07\/domingo_envio-1.jpg","width":273,"height":181},{"@type":"WebPage","@id":"https:\/\/franciscanos.org.br\/noticias\/a-necessidade-das-ovelhas-e-mais-importante-do-que-a-vontade-do-pastor.html#webpage","url":"https:\/\/franciscanos.org.br\/noticias\/a-necessidade-das-ovelhas-e-mais-importante-do-que-a-vontade-do-pastor.html","name":"Estilo de vida do evangelizador - Not\u00edcias - Franciscanos","isPartOf":{"@id":"https:\/\/franciscanos.org.br\/noticias\/#website"},"primaryImageOfPage":{"@id":"https:\/\/franciscanos.org.br\/noticias\/a-necessidade-das-ovelhas-e-mais-importante-do-que-a-vontade-do-pastor.html#primaryimage"},"datePublished":"2015-07-10T23:47:07+00:00","dateModified":"2020-02-14T11:25:37+00:00","author":{"@id":"https:\/\/franciscanos.org.br\/noticias\/#\/schema\/person\/b38fbf43118f02820bd932f2e4b14ad3"},"breadcrumb":{"@id":"https:\/\/franciscanos.org.br\/noticias\/a-necessidade-das-ovelhas-e-mais-importante-do-que-a-vontade-do-pastor.html#breadcrumb"},"inLanguage":"pt-BR","potentialAction":[{"@type":"ReadAction","target":["https:\/\/franciscanos.org.br\/noticias\/a-necessidade-das-ovelhas-e-mais-importante-do-que-a-vontade-do-pastor.html"]}]},{"@type":"BreadcrumbList","@id":"https:\/\/franciscanos.org.br\/noticias\/a-necessidade-das-ovelhas-e-mais-importante-do-que-a-vontade-do-pastor.html#breadcrumb","itemListElement":[{"@type":"ListItem","position":1,"name":"Home","item":"https:\/\/franciscanos.org.br\/noticias"},{"@type":"ListItem","position":2,"name":"Estilo de vida do evangelizador"}]},{"@type":"Person","@id":"https:\/\/franciscanos.org.br\/noticias\/#\/schema\/person\/b38fbf43118f02820bd932f2e4b14ad3","name":"admin","image":{"@type":"ImageObject","inLanguage":"pt-BR","@id":"https:\/\/franciscanos.org.br\/noticias\/#\/schema\/person\/image\/","url":"https:\/\/secure.gravatar.com\/avatar\/e8495742d34d0ba6448ea1c628263b3e?s=96&d=mm&r=g","contentUrl":"https:\/\/secure.gravatar.com\/avatar\/e8495742d34d0ba6448ea1c628263b3e?s=96&d=mm&r=g","caption":"admin"},"url":"https:\/\/franciscanos.org.br\/noticias\/author\/admin"}]}},"_links":{"self":[{"href":"https:\/\/franciscanos.org.br\/noticias\/wp-json\/wp\/v2\/posts\/90390"}],"collection":[{"href":"https:\/\/franciscanos.org.br\/noticias\/wp-json\/wp\/v2\/posts"}],"about":[{"href":"https:\/\/franciscanos.org.br\/noticias\/wp-json\/wp\/v2\/types\/post"}],"author":[{"embeddable":true,"href":"https:\/\/franciscanos.org.br\/noticias\/wp-json\/wp\/v2\/users\/1"}],"replies":[{"embeddable":true,"href":"https:\/\/franciscanos.org.br\/noticias\/wp-json\/wp\/v2\/comments?post=90390"}],"version-history":[{"count":0,"href":"https:\/\/franciscanos.org.br\/noticias\/wp-json\/wp\/v2\/posts\/90390\/revisions"}],"wp:featuredmedia":[{"embeddable":true,"href":"https:\/\/franciscanos.org.br\/noticias\/wp-json\/wp\/v2\/media\/215136"}],"wp:attachment":[{"href":"https:\/\/franciscanos.org.br\/noticias\/wp-json\/wp\/v2\/media?parent=90390"}],"wp:term":[{"taxonomy":"category","embeddable":true,"href":"https:\/\/franciscanos.org.br\/noticias\/wp-json\/wp\/v2\/categories?post=90390"},{"taxonomy":"post_tag","embeddable":true,"href":"https:\/\/franciscanos.org.br\/noticias\/wp-json\/wp\/v2\/tags?post=90390"}],"curies":[{"name":"wp","href":"https:\/\/api.w.org\/{rel}","templated":true}]}}