{"id":90303,"date":"2015-07-09T09:58:33","date_gmt":"2015-07-09T12:58:33","guid":{"rendered":"http:\/\/franciscanos.org.br\/?p=90303"},"modified":"2020-06-10T14:16:48","modified_gmt":"2020-06-10T17:16:48","slug":"papa-chega-a-bolivia-e-defende-cultura-da-memoria","status":"publish","type":"post","link":"https:\/\/franciscanos.org.br\/noticias\/papa-chega-a-bolivia-e-defende-cultura-da-memoria.html","title":{"rendered":"Papa chega \u00e0 Bol\u00edvia e defende &#8216;cultura da mem\u00f3ria&#8217;"},"content":{"rendered":"<p><img loading=\"lazy\" class=\"alignnone size-full wp-image-226000\" src=\"https:\/\/franciscanos.org.br\/noticias\/wp-content\/uploads\/2015\/07\/bolivia_10_1.jpg\" alt=\"\" width=\"890\" height=\"501\" \/><\/p>\n<p><strong>La Paz<\/strong> \u2013\u00a0Jallalla Bol\u00edvia! Viva a Bol\u00edvia: com essas palavras, Francisco saudou a na\u00e7\u00e3o, ao finalmente pisar em solo boliviano. Em meio \u00e0s cores vibrantes das flores e dos trajes t\u00edpicos ind\u00edgenas, o Papa recebeu um colar ancestral do Presidente Evo Morales e se dirigiu a ele e ao povo com uma mensagem clara: \u201cSe o crescimento for apenas material, corre-se sempre o risco de voltar a criar novas diferen\u00e7as, de a abund\u00e2ncia de uns ser constru\u00edda sobre a escassez de outros. Por isso, al\u00e9m da transpar\u00eancia institucional, a coes\u00e3o social requer um esfor\u00e7o na educa\u00e7\u00e3o dos cidad\u00e3os\u201d.<\/p>\n<p>Palavras que falam n\u00e3o somente \u00e0 Bol\u00edvia, mas a toda a Am\u00e9rica Latina, inclusive ao Brasil, que vive um momento de expans\u00e3o econ\u00f4mica, mas n\u00e3o de expans\u00e3o cultural e educacional. A mesma t\u00f4nica foi dada ao discurso \u00e0s autoridades civis, desta vez na Catedral.<\/p>\n<p>O Papa pronunciou seu primeiro discurso em terras bolivianas no aeroporto de El Alto, no final da tarde desta quarta-feira (08\/07), na capital da Bol\u00edvia.<\/p>\n<p>Inclus\u00e3o<br \/>\nA Bol\u00edvia tem dado passos importantes na inclus\u00e3o de amplos setores na vida econ\u00f4mica, social e pol\u00edtica do Pa\u00eds, afirmou o Pont\u00edfice ao recordar que a Constitui\u00e7\u00e3o reconhece os direitos dos indiv\u00edduos, das minorias, do meio ambiente, e institui\u00e7\u00f5es sens\u00edveis a tais realidades.<\/p>\n<p>\u201cTudo isto requer um esp\u00edrito de coopera\u00e7\u00e3o dos cidad\u00e3os, de di\u00e1logo e participa\u00e7\u00e3o dos indiv\u00edduos e dos atores sociais nas quest\u00f5es de interesse comum. O progresso integral dum povo inclui o crescimento em valores das pessoas e a converg\u00eancia em ideais comuns que consigam unir vontades, sem excluir nem rejeitar ningu\u00e9m\u201d.<\/p>\n<p>Vazio<br \/>\nO Papa advertiu para os perigos de crescimento que n\u00e3o leva em considera\u00e7\u00e3o o ser humano na sua condi\u00e7\u00e3o integral.<\/p>\n<p>\u201cSe o crescimento for apenas material, corre-se sempre o risco de voltar a criar novas diferen\u00e7as, de a abund\u00e2ncia de uns ser constru\u00edda sobre a escassez de outros. Por isso, al\u00e9m da transpar\u00eancia institucional, a coes\u00e3o social requer um esfor\u00e7o na educa\u00e7\u00e3o dos cidad\u00e3os\u201d.<br \/>\nAo reiterar a op\u00e7\u00e3o preferencial e evang\u00e9lica da Igreja pelos \u00faltimos, Francisco cunhou a express\u00e3o \u201ccultura da mem\u00f3ria\u201d.<\/p>\n<p>Cultura da Mem\u00f3ria<br \/>\n\u201cCustodiar aos que hoje s\u00e3o descartados por tantos interesses que colocam ao centro da vida econ\u00f4mica o deus dinheiro. E s\u00e3o descartadas as crian\u00e7as e o jovens que s\u00e3o o futuro do Pa\u00eds, e os idosos que s\u00e3o a mem\u00f3ria. Por isso, temos que cuidar e proteg\u00ea-los, porque s\u00e3o nosso futuro\u201d.<\/p>\n<p>E finalizou: \u201cA Igreja opta por gerar com este cuidado uma \u201ccultura da mem\u00f3ria\u201d que garanta aos idosos n\u00e3o s\u00f3 a qualidade de vida nos seus \u00faltimos anos, assim como o calor e o carinho, como bem expressa a Constitui\u00e7\u00e3o da Bol\u00edvia\u201d.<\/p>\n<p>\u00cdNTEGRA DO DISCURSO<\/p>\n<p>No in\u00edcio desta visita pastoral, desejo dirigir a minha sauda\u00e7\u00e3o a todos os homens e mulheres da Bol\u00edvia, com cordiais votos de paz e prosperidade. Agrade\u00e7o ao Senhor Presidente do Estado Plurinacional da Bol\u00edvia a calorosa recep\u00e7\u00e3o que me deu e as suas am\u00e1veis palavras de boas-vindas. O meu agradecimento estende-se tamb\u00e9m aos Senhores Ministros e Autoridades do Estado, das For\u00e7as Armadas e da Pol\u00edcia Nacional, que tiveram a bondade de me virem receber. Aos meus Irm\u00e3os no Episcopado, aos sacerdotes, religiosos, religiosas e fi\u00e9is crist\u00e3os, a toda a Igreja que peregrina na Bol\u00edvia, quero expressar-lhes os meus sentimentos de comunh\u00e3o fraterna no Senhor. Reservo um lugar especial no cora\u00e7\u00e3o para os filhos desta terra que, por v\u00e1rias raz\u00f5es, tiveram de procurar \u201coutra terra\u201d para os abrigar, outro lugar onde esta m\u00e3e os torne fecundos e possibilite a vida.<\/p>\n<p>Sinto grande alegria por estar neste pa\u00eds de beleza singular, aben\u00e7oado por Deus nas suas distintas \u00e1reas: o planalto, os vales, as terras amaz\u00f4nicas, os desertos, os lagos incompar\u00e1veis. \u00c9 deste modo po\u00e9tico que o assinala o pre\u00e2mbulo da vossa Constitui\u00e7\u00e3o: \u201cEm tempos imemoriais, ergueram-se montanhas, deslocaram-se rios, formaram-se lagos. A nossa Amaz\u00f4nia, o nosso p\u00e2ntano, o nosso planalto e as nossas plan\u00edcies e vales cobriram-se de verdura e flores\u201d. Isto faz-me lembrar que \u201co mundo \u00e9 algo mais do que um problema a resolver; \u00e9 um mist\u00e9rio agrad\u00e1vel que contemplamos na alegria e no louvor\u00bb (LS 12 ). Mas, acima de tudo, \u00e9 uma terra aben\u00e7oada nas suas gentes, com a sua diversificada realidade cultural e \u00e9tnica, que constitui uma grande riqueza e um apelo permanente ao respeito m\u00fatuo e ao di\u00e1logo: povos nativos milen\u00e1rios e povos nativos contempor\u00e2neos. Quanta alegria nos d\u00e1 saber que a l\u00edngua castelhana, trazida para estas terras, convive agora com 36 idiomas nativos, amalgamando-se \u2013 como fazem o vermelho e o amarelo, nas flores nacionais de kantuta e patuj\u00fa \u2013 para conferir beleza e unidade ao que \u00e9 diverso. Nesta terra e neste povo, radicou-se fortemente o an\u00fancio do Evangelho, que, ao longo dos anos, foi iluminando a sociedade, contribuindo para o desenvolvimento do povo e promovendo a cultura.<br \/>\nVenho, como h\u00f3spede e peregrino, para confirmar a f\u00e9 dos crentes em Cristo ressuscitado, a fim de que todos n\u00f3s que acreditamos n\u2019Ele, enquanto peregrinamos nesta vida, sejamos testemunhas do seu amor, fermento de um mundo melhor e colaboremos na constru\u00e7\u00e3o duma sociedade mais justa e solid\u00e1ria.<\/p>\n<p>A Bol\u00edvia tem dado passos importantes na inclus\u00e3o de amplos sectores na vida econ\u00f3mica, social e pol\u00edtica do pa\u00eds. Tem uma Constitui\u00e7\u00e3o que reconhece os direitos dos indiv\u00edduos, das minorias, do meio ambiente, e institui\u00e7\u00f5es sens\u00edveis a tais realidades. Tudo isto requer um esp\u00edrito de coopera\u00e7\u00e3o dos cidad\u00e3os, de di\u00e1logo e participa\u00e7\u00e3o dos indiv\u00edduos e dos atores sociais nas quest\u00f5es de interesse comum. O progresso integral dum povo inclui o crescimento em valores das pessoas e a converg\u00eancia em ideais comuns que consigam unir vontades, sem excluir nem rejeitar ningu\u00e9m. Se o crescimento for apenas material, corre-se sempre o risco de voltar a criar novas diferen\u00e7as, de a abund\u00e2ncia de uns ser constru\u00edda sobre a escassez de outros. Por isso, al\u00e9m da transpar\u00eancia institucional, a coes\u00e3o social requer um esfor\u00e7o na educa\u00e7\u00e3o dos cidad\u00e3os.<br \/>\nNestes dias, gostaria de animar a voca\u00e7\u00e3o dos disc\u00edpulos de Cristo que \u00e9 comunicar a alegria do Evangelho, ser sal da terra e luz do mundo. A voz dos Pastores, que tem de ser prof\u00e9tica, fala \u00e0 sociedade em nome da Igreja M\u00e3e, partindo da sua op\u00e7\u00e3o evang\u00e9lica preferencial pelos \u00faltimos. A caridade fraterna, viva express\u00e3o do mandamento novo de Jesus, traduz-se em programas, obras e institui\u00e7\u00f5es que buscam a promo\u00e7\u00e3o integral da pessoa bem como o cuidado e a protec\u00e7\u00e3o dos mais vulner\u00e1veis. N\u00e3o se pode crer em Deus Pai sem ver um irm\u00e3o em cada pessoa, e n\u00e3o se pode seguir Jesus sem dar a vida por quem Ele morreu na cruz.<\/p>\n<p>Numa \u00e9poca em que se tende frequentemente a esquecer ou distorcer os valores fundamentais, a fam\u00edlia merece uma aten\u00e7\u00e3o especial dos respons\u00e1veis pelo bem comum, porque \u00e9 a c\u00e9lula b\u00e1sica da sociedade, que fornece s\u00f3lidos v\u00ednculos de uni\u00e3o sobre os quais se baseia a conviv\u00eancia humana e, com a gera\u00e7\u00e3o e educa\u00e7\u00e3o dos filhos, garante a renova\u00e7\u00e3o da sociedade.<\/p>\n<p>A Igreja sente tamb\u00e9m uma preocupa\u00e7\u00e3o especial pelos jovens que, comprometidos com a sua f\u00e9 e com grandes ideais, s\u00e3o uma promessa de futuro, \u201cvigias que anunciam a luz da alvorada e a nova primavera do Evangelho\u201d (Jo\u00e3o Paulo II, Mensagem para a XVIII Jornada Mundial da Juventude, 6). Cuidar das crian\u00e7as e fazer com que a juventude se comprometa em ideais nobres \u00e9 garantia de futuro para uma sociedade. Uma sociedade que encontra a sua estabilidade quando valoriza, admira e salvaguarda os seus maiores; quando opta por gerar uma \u201ccultura da mem\u00f3ria\u201d que garanta aos idosos n\u00e3o s\u00f3 a qualidade de vida nos seus \u00faltimos anos, mas tamb\u00e9m o carinho, como bem se exprime a vossa Constitui\u00e7\u00e3o.<\/p>\n<p>Senhor Presidente, queridos amigos, obrigado por estarem aqui! Estes dias permitir-nos-\u00e3o v\u00e1rios momentos de encontro, di\u00e1logo e celebra\u00e7\u00e3o da f\u00e9. Fa\u00e7o-o com alegria, por estar nesta p\u00e1tria que de si pr\u00f3pria diz ser pacifista, que promove a cultura da paz e o direito \u00e0 paz.<br \/>\nColoco esta visita sob o amparo da Sant\u00edssima Virgem de Copacabana, Rainha da Bol\u00edvia, pedindo-Lhe que proteja todos os seus filhos. Muito obrigado e que o Senhor vos aben\u00e7oe. Jallalla Bol\u00edvia!<\/p>\n<h3>Na Bol\u00edvia, Papa reza por jesu\u00edta assassinado na ditadura<\/h3>\n<p><strong><a href=\"http:\/\/franciscanos.org.br\/wp-content\/uploads\/2015\/07\/jesuita.jpg\"><img loading=\"lazy\" class=\"alignleft size-full wp-image-90323\" src=\"http:\/\/franciscanos.org.br\/wp-content\/uploads\/2015\/07\/jesuita.jpg\" alt=\"jesuita\" width=\"500\" height=\"372\" \/><\/a>La Paz<\/strong> \u2013 Ao chegar \u00e0 Bol\u00edvia nesta quarta-feira (08\/07), segunda etapa de sua viagem \u00e0 Am\u00e9rica Latina, no trajeto entre o aeroporto e La Paz, o Pont\u00edfice fez uma parada de alguns minutos no local simb\u00f3lico onde o sacerdote jesu\u00edta Luis Espinal Camps SJ foi assassinado pela ditadura de Garcia Meza, em 1980.<\/p>\n<p>&#8220;Boa tarde, queridos irm\u00e3os e irm\u00e3s. Parei aqui para saudar voc\u00eas mas, sobretudo, para recordar. Recordar um irm\u00e3o, um nosso irm\u00e3o, v\u00edtima de interesses que n\u00e3o queriam que se lutasse pela liberdade da Bol\u00edvia. P. Espinal pregou o Evangelho e esse Evangelho encomodou e, por isso, o eliminaram&#8221;, disse o Papa antes de proferir a seguinte ora\u00e7\u00e3o:<\/p>\n<p>&#8220;Que o Senhor tenha em sua Gl\u00f3ria ao Padre Luis Espinal, que pregou o Evangelho, este Evangelho que nos traz liberdade, que nos torna livres. Como todo filho de Deus, Jesus nos trouxe esta liberdade, e ele predicou este Evangelho. Que Jesus o tenha junto a Ele. D\u00ea-lhe, Senhor, o descanso Eterno e o fa\u00e7a brilhar para a luz que n\u00e3o tem fim. Que descanse em paz&#8221;, disse o Papa ao aben\u00e7oar todos os presentes.<\/p>\n<p><strong>Hist\u00f3ria<\/strong><br \/>\nPadre Luis, poeta, jornalista e cineasta, nasceu na Espanha em 2 de fevereiro de 1932. Entrou na Companhia de Jesus em 1949, sendo ordenado sacerdote em Barcelona em 1962. Enviado como mission\u00e1rio \u00e0 Bol\u00edvia em 1968, exerceu atividade pastoral em defesa dos oper\u00e1rios, tamb\u00e9m na m\u00eddia (R\u00e1dio Fides, televis\u00e3o, filmes e livros). Participou das lutas sociais e de uma greve de fome de 19 dias, ao lado das fam\u00edlias de mineradores, em 1977. Durante a ditadura de Luis Garcia Meza, um dos per\u00edodos mais sangrentos da hist\u00f3ria da Bol\u00edvia, Padre Luis foi preso em 21 de mar\u00e7o de 1980 por paramilitares. Seu corpo com sinal de viol\u00eancia foi encontrado no dia seguinte, no Km 8 da estrada para o monte Chacaltaya, ao longo do Rio Choqueyapu.<\/p>\n<p><strong><a href=\"http:\/\/franciscanos.org.br\/wp-content\/uploads\/2015\/07\/espinal_imagem.jpg\"><img loading=\"lazy\" class=\"alignright wp-image-90325 \" src=\"http:\/\/franciscanos.org.br\/wp-content\/uploads\/2015\/07\/espinal_imagem-719x1024.jpg\" alt=\"espinal_imagem\" width=\"348\" height=\"495\" \/><\/a>O parecer de jesu\u00edtas bolivianos<\/strong><br \/>\nA morte do jesu\u00edta provocou forte como\u00e7\u00e3o na popula\u00e7\u00e3o que participou em massa dos funerais realizados dia 24 de mar\u00e7o em La Paz. Em 2007, o Presidente Evo Morales declarou com um decreto o dia 21 de mar\u00e7o como \u201cDia do Cinema boliviano\u201d, em comemora\u00e7\u00e3o ao anivers\u00e1rio do assassinato de Luis Espinal, em reconhecimento pela sua luta pelos direitos humanos e pela democracia, e em reconhecimento pela sua contribui\u00e7\u00e3o ao cinema na Bol\u00edvia.<\/p>\n<p>Alguns jesu\u00edtas da Companhia de Jesus expressaram suas impress\u00f5es e sentimentos sobre o gesto de Francisco, reconhecendo que \u00e9 um reconhecimento do mart\u00edrio de uma pessoa como tantas outras que ofereceram sua vida na defesa dos direitos humanos, da f\u00e9 e da justi\u00e7a. O Diretor do grupo Fides, Eduardo P\u00e9rez, admitiu que inicialmente n\u00e3o achou conveniente participar da organiza\u00e7\u00e3o do ato, por\u00e9m, agora diz entender ser um gesto louv\u00e1vel de Francisco.<\/p>\n<p><strong>Simb\u00f3lico<\/strong><br \/>\nJ\u00e1 o antrop\u00f3logo e linguista Xavier Alb\u00f3, considerado o \u201cautor intelectual\u201d da homenagem. Considera-se feliz pelo gesto do Papa, n\u00e3o obstante seu desejo fosse levar o Papa Francisco at\u00e9 o local do assassinato. No entanto, a escassez de tempo impediu tal feito. \u201cPode n\u00e3o ser o mesmo local, por\u00e9m \u00e9 simb\u00f3lico, pois por l\u00e1 passou o corpo de Luis Espinal, j\u00e1 estava morto quando passou por l\u00e1. E me parece muito bom que agora passe por l\u00e1 o Papa Francisco\u201d.<\/p>\n<p>Para o ec\u00f4nomo, Fredy Quilo, a b\u00ean\u00e7\u00e3o de Francisco no local representa tamb\u00e9m um reconhecimento de todos os m\u00e1rtires da Am\u00e9rica Latina, cat\u00f3licos e n\u00e3o-cat\u00f3licos. J\u00e1 para o Vig\u00e1rio Judicial, Miguel Manzanera, ser\u00e1 dif\u00edcil apresentar o caso de Luis Espinal como mart\u00edrio, pois esteve associado a movimentos de car\u00e1ter socialista e revolucion\u00e1rios, devendo, portanto, ser mais reconhecido pelo exemplo de coragem e de amor ao pr\u00f3ximo e aos mais fracos.<\/p>\n<p><strong>Defensor da f\u00e9<\/strong><br \/>\nPara o te\u00f3logo V\u00edctor Colina, por sua vez, companheiro de Luis Espinal, com quem compartilhou muitas experi\u00eancias dentro da Companhia de Jesus, Espinal foi um homem profundamente crist\u00e3o, espiritual e de grande viv\u00eancia m\u00edstica, prof\u00e9tica. Para ele, o gesto do Papa &#8220;\u00e9 significativo, pois \u00e9 um reconhecimento de que Espinal n\u00e3o era um homem perigoso, que se envolveu onde n\u00e3o lhe dizia respeito, mas um homem que defendeu a f\u00e9 e a justi\u00e7a\u201d.<\/p>\n<p>Por fim, o Provincial da Companhia de Jesus na Bol\u00edvia, Osvaldo Chirveches reconheceu que Espinal \u201cn\u00e3o \u00e9 patrim\u00f4nio da congrega\u00e7\u00e3o, mas de todo o povo boliviano, as pessoas recordam dele com carinho, pois foi um excelente seguidor de Jesus. Ademais, o Papa Francisco conhece muito bem este acontecimento e por isto o brindar\u00e1 com uma ora\u00e7\u00e3o em mem\u00f3ria de Espinal\u201d.<\/p>\n<hr \/>\n<p><em>Fonte: R\u00e1dio Vaticano<\/em><\/p>\n","protected":false},"excerpt":{"rendered":"<p>Viagem Apost\u00f3lica \u00e0 Bol\u00edvia<\/p>\n","protected":false},"author":1,"featured_media":0,"comment_status":"open","ping_status":"open","sticky":false,"template":"","format":"standard","meta":[],"categories":[1428],"tags":[1140],"acf":[],"yoast_head":"<!-- This site is optimized with the Yoast SEO plugin v19.2 - https:\/\/yoast.com\/wordpress\/plugins\/seo\/ -->\n<title>Papa chega \u00e0 Bol\u00edvia e defende &#039;cultura da mem\u00f3ria&#039; - Not\u00edcias - Franciscanos<\/title>\n<meta name=\"robots\" content=\"index, follow, max-snippet:-1, max-image-preview:large, max-video-preview:-1\" \/>\n<link rel=\"canonical\" href=\"https:\/\/franciscanos.org.br\/noticias\/papa-chega-a-bolivia-e-defende-cultura-da-memoria.html\" \/>\n<meta property=\"og:locale\" content=\"pt_BR\" \/>\n<meta property=\"og:type\" content=\"article\" \/>\n<meta property=\"og:title\" content=\"Papa chega \u00e0 Bol\u00edvia e defende &#039;cultura da mem\u00f3ria&#039; - Not\u00edcias - Franciscanos\" \/>\n<meta property=\"og:description\" content=\"Viagem Apost\u00f3lica \u00e0 Bol\u00edvia\" \/>\n<meta property=\"og:url\" content=\"https:\/\/franciscanos.org.br\/noticias\/papa-chega-a-bolivia-e-defende-cultura-da-memoria.html\" \/>\n<meta property=\"og:site_name\" content=\"Not\u00edcias - Franciscanos\" \/>\n<meta property=\"article:published_time\" content=\"2015-07-09T12:58:33+00:00\" \/>\n<meta property=\"article:modified_time\" content=\"2020-06-10T17:16:48+00:00\" \/>\n<meta property=\"og:image\" content=\"https:\/\/franciscanos.org.br\/noticias\/wp-content\/uploads\/2015\/07\/bolivia_10_1.jpg\" \/>\n<meta name=\"author\" content=\"admin\" \/>\n<meta name=\"twitter:card\" content=\"summary_large_image\" \/>\n<meta name=\"twitter:label1\" content=\"Escrito por\" \/>\n\t<meta name=\"twitter:data1\" content=\"admin\" \/>\n\t<meta name=\"twitter:label2\" content=\"Est. tempo de leitura\" \/>\n\t<meta name=\"twitter:data2\" content=\"12 minutos\" \/>\n<script type=\"application\/ld+json\" class=\"yoast-schema-graph\">{\"@context\":\"https:\/\/schema.org\",\"@graph\":[{\"@type\":\"WebSite\",\"@id\":\"https:\/\/franciscanos.org.br\/noticias\/#website\",\"url\":\"https:\/\/franciscanos.org.br\/noticias\/\",\"name\":\"Not\u00edcias - Franciscanos\",\"description\":\"Prov\u00edncia Franciscana da Imaculada Concei\u00e7\u00e3o do Brasil - Ordem dos Frades Menores - OFM\",\"potentialAction\":[{\"@type\":\"SearchAction\",\"target\":{\"@type\":\"EntryPoint\",\"urlTemplate\":\"https:\/\/franciscanos.org.br\/noticias\/?s={search_term_string}\"},\"query-input\":\"required name=search_term_string\"}],\"inLanguage\":\"pt-BR\"},{\"@type\":\"ImageObject\",\"inLanguage\":\"pt-BR\",\"@id\":\"https:\/\/franciscanos.org.br\/noticias\/papa-chega-a-bolivia-e-defende-cultura-da-memoria.html#primaryimage\",\"url\":\"https:\/\/franciscanos.org.br\/noticias\/wp-content\/uploads\/2015\/07\/bolivia_10_1.jpg\",\"contentUrl\":\"https:\/\/franciscanos.org.br\/noticias\/wp-content\/uploads\/2015\/07\/bolivia_10_1.jpg\"},{\"@type\":\"WebPage\",\"@id\":\"https:\/\/franciscanos.org.br\/noticias\/papa-chega-a-bolivia-e-defende-cultura-da-memoria.html#webpage\",\"url\":\"https:\/\/franciscanos.org.br\/noticias\/papa-chega-a-bolivia-e-defende-cultura-da-memoria.html\",\"name\":\"Papa chega \u00e0 Bol\u00edvia e defende 'cultura da mem\u00f3ria' - Not\u00edcias - Franciscanos\",\"isPartOf\":{\"@id\":\"https:\/\/franciscanos.org.br\/noticias\/#website\"},\"primaryImageOfPage\":{\"@id\":\"https:\/\/franciscanos.org.br\/noticias\/papa-chega-a-bolivia-e-defende-cultura-da-memoria.html#primaryimage\"},\"datePublished\":\"2015-07-09T12:58:33+00:00\",\"dateModified\":\"2020-06-10T17:16:48+00:00\",\"author\":{\"@id\":\"https:\/\/franciscanos.org.br\/noticias\/#\/schema\/person\/b38fbf43118f02820bd932f2e4b14ad3\"},\"breadcrumb\":{\"@id\":\"https:\/\/franciscanos.org.br\/noticias\/papa-chega-a-bolivia-e-defende-cultura-da-memoria.html#breadcrumb\"},\"inLanguage\":\"pt-BR\",\"potentialAction\":[{\"@type\":\"ReadAction\",\"target\":[\"https:\/\/franciscanos.org.br\/noticias\/papa-chega-a-bolivia-e-defende-cultura-da-memoria.html\"]}]},{\"@type\":\"BreadcrumbList\",\"@id\":\"https:\/\/franciscanos.org.br\/noticias\/papa-chega-a-bolivia-e-defende-cultura-da-memoria.html#breadcrumb\",\"itemListElement\":[{\"@type\":\"ListItem\",\"position\":1,\"name\":\"Home\",\"item\":\"https:\/\/franciscanos.org.br\/noticias\"},{\"@type\":\"ListItem\",\"position\":2,\"name\":\"Papa chega \u00e0 Bol\u00edvia e defende &#8216;cultura da mem\u00f3ria&#8217;\"}]},{\"@type\":\"Person\",\"@id\":\"https:\/\/franciscanos.org.br\/noticias\/#\/schema\/person\/b38fbf43118f02820bd932f2e4b14ad3\",\"name\":\"admin\",\"image\":{\"@type\":\"ImageObject\",\"inLanguage\":\"pt-BR\",\"@id\":\"https:\/\/franciscanos.org.br\/noticias\/#\/schema\/person\/image\/\",\"url\":\"https:\/\/secure.gravatar.com\/avatar\/e8495742d34d0ba6448ea1c628263b3e?s=96&d=mm&r=g\",\"contentUrl\":\"https:\/\/secure.gravatar.com\/avatar\/e8495742d34d0ba6448ea1c628263b3e?s=96&d=mm&r=g\",\"caption\":\"admin\"},\"url\":\"https:\/\/franciscanos.org.br\/noticias\/author\/admin\"}]}<\/script>\n<!-- \/ Yoast SEO plugin. -->","yoast_head_json":{"title":"Papa chega \u00e0 Bol\u00edvia e defende 'cultura da mem\u00f3ria' - Not\u00edcias - Franciscanos","robots":{"index":"index","follow":"follow","max-snippet":"max-snippet:-1","max-image-preview":"max-image-preview:large","max-video-preview":"max-video-preview:-1"},"canonical":"https:\/\/franciscanos.org.br\/noticias\/papa-chega-a-bolivia-e-defende-cultura-da-memoria.html","og_locale":"pt_BR","og_type":"article","og_title":"Papa chega \u00e0 Bol\u00edvia e defende 'cultura da mem\u00f3ria' - Not\u00edcias - Franciscanos","og_description":"Viagem Apost\u00f3lica \u00e0 Bol\u00edvia","og_url":"https:\/\/franciscanos.org.br\/noticias\/papa-chega-a-bolivia-e-defende-cultura-da-memoria.html","og_site_name":"Not\u00edcias - Franciscanos","article_published_time":"2015-07-09T12:58:33+00:00","article_modified_time":"2020-06-10T17:16:48+00:00","og_image":[{"url":"https:\/\/franciscanos.org.br\/noticias\/wp-content\/uploads\/2015\/07\/bolivia_10_1.jpg"}],"author":"admin","twitter_card":"summary_large_image","twitter_misc":{"Escrito por":"admin","Est. tempo de leitura":"12 minutos"},"schema":{"@context":"https:\/\/schema.org","@graph":[{"@type":"WebSite","@id":"https:\/\/franciscanos.org.br\/noticias\/#website","url":"https:\/\/franciscanos.org.br\/noticias\/","name":"Not\u00edcias - Franciscanos","description":"Prov\u00edncia Franciscana da Imaculada Concei\u00e7\u00e3o do Brasil - Ordem dos Frades Menores - OFM","potentialAction":[{"@type":"SearchAction","target":{"@type":"EntryPoint","urlTemplate":"https:\/\/franciscanos.org.br\/noticias\/?s={search_term_string}"},"query-input":"required name=search_term_string"}],"inLanguage":"pt-BR"},{"@type":"ImageObject","inLanguage":"pt-BR","@id":"https:\/\/franciscanos.org.br\/noticias\/papa-chega-a-bolivia-e-defende-cultura-da-memoria.html#primaryimage","url":"https:\/\/franciscanos.org.br\/noticias\/wp-content\/uploads\/2015\/07\/bolivia_10_1.jpg","contentUrl":"https:\/\/franciscanos.org.br\/noticias\/wp-content\/uploads\/2015\/07\/bolivia_10_1.jpg"},{"@type":"WebPage","@id":"https:\/\/franciscanos.org.br\/noticias\/papa-chega-a-bolivia-e-defende-cultura-da-memoria.html#webpage","url":"https:\/\/franciscanos.org.br\/noticias\/papa-chega-a-bolivia-e-defende-cultura-da-memoria.html","name":"Papa chega \u00e0 Bol\u00edvia e defende 'cultura da mem\u00f3ria' - Not\u00edcias - Franciscanos","isPartOf":{"@id":"https:\/\/franciscanos.org.br\/noticias\/#website"},"primaryImageOfPage":{"@id":"https:\/\/franciscanos.org.br\/noticias\/papa-chega-a-bolivia-e-defende-cultura-da-memoria.html#primaryimage"},"datePublished":"2015-07-09T12:58:33+00:00","dateModified":"2020-06-10T17:16:48+00:00","author":{"@id":"https:\/\/franciscanos.org.br\/noticias\/#\/schema\/person\/b38fbf43118f02820bd932f2e4b14ad3"},"breadcrumb":{"@id":"https:\/\/franciscanos.org.br\/noticias\/papa-chega-a-bolivia-e-defende-cultura-da-memoria.html#breadcrumb"},"inLanguage":"pt-BR","potentialAction":[{"@type":"ReadAction","target":["https:\/\/franciscanos.org.br\/noticias\/papa-chega-a-bolivia-e-defende-cultura-da-memoria.html"]}]},{"@type":"BreadcrumbList","@id":"https:\/\/franciscanos.org.br\/noticias\/papa-chega-a-bolivia-e-defende-cultura-da-memoria.html#breadcrumb","itemListElement":[{"@type":"ListItem","position":1,"name":"Home","item":"https:\/\/franciscanos.org.br\/noticias"},{"@type":"ListItem","position":2,"name":"Papa chega \u00e0 Bol\u00edvia e defende &#8216;cultura da mem\u00f3ria&#8217;"}]},{"@type":"Person","@id":"https:\/\/franciscanos.org.br\/noticias\/#\/schema\/person\/b38fbf43118f02820bd932f2e4b14ad3","name":"admin","image":{"@type":"ImageObject","inLanguage":"pt-BR","@id":"https:\/\/franciscanos.org.br\/noticias\/#\/schema\/person\/image\/","url":"https:\/\/secure.gravatar.com\/avatar\/e8495742d34d0ba6448ea1c628263b3e?s=96&d=mm&r=g","contentUrl":"https:\/\/secure.gravatar.com\/avatar\/e8495742d34d0ba6448ea1c628263b3e?s=96&d=mm&r=g","caption":"admin"},"url":"https:\/\/franciscanos.org.br\/noticias\/author\/admin"}]}},"_links":{"self":[{"href":"https:\/\/franciscanos.org.br\/noticias\/wp-json\/wp\/v2\/posts\/90303"}],"collection":[{"href":"https:\/\/franciscanos.org.br\/noticias\/wp-json\/wp\/v2\/posts"}],"about":[{"href":"https:\/\/franciscanos.org.br\/noticias\/wp-json\/wp\/v2\/types\/post"}],"author":[{"embeddable":true,"href":"https:\/\/franciscanos.org.br\/noticias\/wp-json\/wp\/v2\/users\/1"}],"replies":[{"embeddable":true,"href":"https:\/\/franciscanos.org.br\/noticias\/wp-json\/wp\/v2\/comments?post=90303"}],"version-history":[{"count":2,"href":"https:\/\/franciscanos.org.br\/noticias\/wp-json\/wp\/v2\/posts\/90303\/revisions"}],"predecessor-version":[{"id":226003,"href":"https:\/\/franciscanos.org.br\/noticias\/wp-json\/wp\/v2\/posts\/90303\/revisions\/226003"}],"wp:attachment":[{"href":"https:\/\/franciscanos.org.br\/noticias\/wp-json\/wp\/v2\/media?parent=90303"}],"wp:term":[{"taxonomy":"category","embeddable":true,"href":"https:\/\/franciscanos.org.br\/noticias\/wp-json\/wp\/v2\/categories?post=90303"},{"taxonomy":"post_tag","embeddable":true,"href":"https:\/\/franciscanos.org.br\/noticias\/wp-json\/wp\/v2\/tags?post=90303"}],"curies":[{"name":"wp","href":"https:\/\/api.w.org\/{rel}","templated":true}]}}