{"id":9002,"date":"2011-12-13T07:50:00","date_gmt":"2011-12-13T09:50:00","guid":{"rendered":"http:\/\/new.franciscanos.org.br\/?p=9002"},"modified":"2020-06-11T18:26:44","modified_gmt":"2020-06-11T21:26:44","slug":"fraternidade-nossa-senhora-aparecida-tem-seis-irmaos-professos","status":"publish","type":"post","link":"https:\/\/franciscanos.org.br\/noticias\/fraternidade-nossa-senhora-aparecida-tem-seis-irmaos-professos.html","title":{"rendered":"Fraternidade Nossa Senhora Aparecida tem seis irm\u00e3os professos"},"content":{"rendered":"<p><a href=\"http:\/\/franciscanos.org.br\/wp-content\/uploads\/2011\/12\/1423_131211.jpg\"><img loading=\"lazy\" class=\"alignright size-full wp-image-9003\" title=\"OFS\" src=\"http:\/\/franciscanos.org.br\/wp-content\/uploads\/2011\/12\/1423_131211.jpg\" alt=\"\" width=\"350\" height=\"263\" \/><\/a><\/p>\n<p><strong>Nil\u00f3polis (RJ) &#8211;\u00a0<\/strong>O domingo que passou foi de grande alegria e emo\u00e7\u00e3o para os franciscanos seculares da Fraternidade Nossa Senhora Aparecida de Nil\u00f3polis. As fraternidades locais celebraram com entusiasmo a profiss\u00e3o definitiva dos irm\u00e3os da JUFRA M\u00e1rcio Bernardo, Luc\u00edlia Torre e Rafael Sant\u2019Ana e a profiss\u00e3o tempor\u00e1ria dos irm\u00e3os Cl\u00e1udio Santos, S\u00e9rgio Lib\u00f3rio Sales e Andr\u00e9 Lu\u00eds Avelino que ocorreu durante a Santa Missa presidida pelo frei Paulo Roberto Santos Santana, ofm.<\/p>\n<p>No in\u00edcio da celebra\u00e7\u00e3o, frei Paulo saudou a todas as fraternidades do Regional Sudeste II presentes e em sua homilia explicou o sentido e a import\u00e2ncia p\u00fablica do rito de profiss\u00e3o definitiva e tempor\u00e1ria dos irm\u00e3os da Ordem Franciscana Secular e o compromisso que assumem diante de Deus e da Igreja para o seguimento do carisma franciscano. Frei Paulo ressaltou que os votos firmados solenemente devem ser vividos com radicalidade e em esp\u00edrito de pobreza, obedi\u00eancia e castidade, sobretudo, aos irm\u00e3os e a fraternidade e no servi\u00e7o a Igreja levando com entusiasmo a Paz e o Bem ao mundo. Frei Paulo destacou que seu papel de assistente \u00e9 fazer com que a fraternidade zele por sua identidade franciscana e se mantenha fiel ao carisma deixado pelo Ser\u00e1fico Pai S\u00e3o Francisco e por Santa Clara.<\/p>\n<p>Logo ap\u00f3s foi deu-se in\u00edcio ao rito de profiss\u00e3o conduzido pelo ministro da fraternidade, Jefferson Eduardo dos Santos Machado e pela formadora T\u00e2mara Barreto. A singeleza do rito emocionou toda a comunidade presente que ao t\u00e9rmino aplaudiu calorosamente os professos.<\/p>\n<p>Os seis irm\u00e3os que se professaram escolheram como lema de profiss\u00e3o \u2018Viver e Anunciar o Evangelho\u2019, demonstra o desejo desses irm\u00e3os em \u201cobservar o Evangelho de Nosso Senhor Jesus Cristo segundo o exemplo de S\u00e3o Francisco, que f\u00eaz do Cristo o inspirador e o centro de sua vida com Deus e os homens\u201d.<\/p>\n<p><strong>Breve hist\u00f3ria da Ordem Franciscana Secular<\/strong><\/p>\n<p>A Ordem dos Frades Menores (OFM) nasceu em 1210, e a Ordem de Santa Clara (as Clarissas), em 1212. Foi tamb\u00e9m nessa \u00e9poca que nasceu a Ordem Franciscana Secular (OFS), tendo como ideal viver o Evangelho em todos os lugares onde se encontravam. Homens e mulheres, casados e solteiros, em meio \u00e0s fam\u00edlias, buscando viver o mesmo ideal que tanto atraiu Francisco de Assis. A Ordem foi aprovada pelo Papa Hon\u00f3rio III em 1221. Luqu\u00e9sio e Buonadona s\u00e3o considerados os primeiros franciscanos seculares que, segundo a tradi\u00e7\u00e3o, foi o primeiro casal que S\u00e3o Francisco aceitou na Ordem Secular daquele tempo.<\/p>\n<p>Hoje, mais do que nunca, os Franciscanos Seculares sentem-se comprometidos a viver o Evangelho cada dia e em toda circunst\u00e2ncia, segundo a pr\u00f3pria voca\u00e7\u00e3o e os dons recebidos. A OFS apresenta-se como uma experi\u00eancia de vida crist\u00e3, partilhada por mulheres e homens sem discrimina\u00e7\u00e3o, sendo hoje um verdadeiro ex\u00e9rcito franciscano de Deus espalhado por todo o mundo.<\/p>\n<p><em>\u201cA Ordem Franciscana Secular \u00e9 a mais antiga forma de organiza\u00e7\u00e3o de Leigos que, guiados pela Igreja, unidos em fraternidade e inspirando-se no ideal de S\u00e3o Francisco de Assis, se empenham em testemunhar com a vida o Evangelho de Jesus Cristo e se dedicam ao apostolado no estado laical\u201d.<\/em> (beato Jo\u00e3o Paulo II)<\/p>\n<p>&nbsp;<\/p>\n","protected":false},"excerpt":{"rendered":"<p>OFS Nil\u00f3polis<\/p>\n","protected":false},"author":1,"featured_media":210809,"comment_status":"closed","ping_status":"open","sticky":false,"template":"","format":"standard","meta":[],"categories":[1],"tags":[60],"acf":[],"yoast_head":"<!-- This site is optimized with the Yoast SEO plugin v19.2 - https:\/\/yoast.com\/wordpress\/plugins\/seo\/ -->\n<title>Fraternidade Nossa Senhora Aparecida tem seis irm\u00e3os professos - Not\u00edcias - Franciscanos<\/title>\n<meta name=\"robots\" content=\"index, follow, max-snippet:-1, max-image-preview:large, max-video-preview:-1\" \/>\n<link rel=\"canonical\" href=\"https:\/\/franciscanos.org.br\/noticias\/fraternidade-nossa-senhora-aparecida-tem-seis-irmaos-professos.html\" \/>\n<meta property=\"og:locale\" content=\"pt_BR\" \/>\n<meta property=\"og:type\" content=\"article\" \/>\n<meta property=\"og:title\" content=\"Fraternidade Nossa Senhora Aparecida tem seis irm\u00e3os professos - Not\u00edcias - Franciscanos\" \/>\n<meta property=\"og:description\" content=\"OFS Nil\u00f3polis\" \/>\n<meta property=\"og:url\" content=\"https:\/\/franciscanos.org.br\/noticias\/fraternidade-nossa-senhora-aparecida-tem-seis-irmaos-professos.html\" \/>\n<meta property=\"og:site_name\" content=\"Not\u00edcias - Franciscanos\" \/>\n<meta property=\"article:published_time\" content=\"2011-12-13T09:50:00+00:00\" \/>\n<meta property=\"article:modified_time\" content=\"2020-06-11T21:26:44+00:00\" \/>\n<meta property=\"og:image\" content=\"https:\/\/franciscanos.org.br\/noticias\/wp-content\/uploads\/2011\/12\/1423_131211.jpg\" \/>\n\t<meta property=\"og:image:width\" content=\"273\" \/>\n\t<meta property=\"og:image:height\" content=\"182\" \/>\n\t<meta property=\"og:image:type\" content=\"image\/jpeg\" \/>\n<meta name=\"author\" content=\"admin\" \/>\n<meta name=\"twitter:card\" content=\"summary_large_image\" \/>\n<meta name=\"twitter:label1\" content=\"Escrito por\" \/>\n\t<meta name=\"twitter:data1\" content=\"admin\" \/>\n\t<meta name=\"twitter:label2\" content=\"Est. tempo de leitura\" \/>\n\t<meta name=\"twitter:data2\" content=\"3 minutos\" \/>\n<script type=\"application\/ld+json\" class=\"yoast-schema-graph\">{\"@context\":\"https:\/\/schema.org\",\"@graph\":[{\"@type\":\"WebSite\",\"@id\":\"https:\/\/franciscanos.org.br\/noticias\/#website\",\"url\":\"https:\/\/franciscanos.org.br\/noticias\/\",\"name\":\"Not\u00edcias - Franciscanos\",\"description\":\"Prov\u00edncia Franciscana da Imaculada Concei\u00e7\u00e3o do Brasil - Ordem dos Frades Menores - OFM\",\"potentialAction\":[{\"@type\":\"SearchAction\",\"target\":{\"@type\":\"EntryPoint\",\"urlTemplate\":\"https:\/\/franciscanos.org.br\/noticias\/?s={search_term_string}\"},\"query-input\":\"required name=search_term_string\"}],\"inLanguage\":\"pt-BR\"},{\"@type\":\"ImageObject\",\"inLanguage\":\"pt-BR\",\"@id\":\"https:\/\/franciscanos.org.br\/noticias\/fraternidade-nossa-senhora-aparecida-tem-seis-irmaos-professos.html#primaryimage\",\"url\":\"https:\/\/franciscanos.org.br\/noticias\/wp-content\/uploads\/2011\/12\/1423_131211.jpg\",\"contentUrl\":\"https:\/\/franciscanos.org.br\/noticias\/wp-content\/uploads\/2011\/12\/1423_131211.jpg\",\"width\":273,\"height\":182,\"caption\":\"OLYMPUS DIGITAL CAMERA\"},{\"@type\":\"WebPage\",\"@id\":\"https:\/\/franciscanos.org.br\/noticias\/fraternidade-nossa-senhora-aparecida-tem-seis-irmaos-professos.html#webpage\",\"url\":\"https:\/\/franciscanos.org.br\/noticias\/fraternidade-nossa-senhora-aparecida-tem-seis-irmaos-professos.html\",\"name\":\"Fraternidade Nossa Senhora Aparecida tem seis irm\u00e3os professos - Not\u00edcias - Franciscanos\",\"isPartOf\":{\"@id\":\"https:\/\/franciscanos.org.br\/noticias\/#website\"},\"primaryImageOfPage\":{\"@id\":\"https:\/\/franciscanos.org.br\/noticias\/fraternidade-nossa-senhora-aparecida-tem-seis-irmaos-professos.html#primaryimage\"},\"datePublished\":\"2011-12-13T09:50:00+00:00\",\"dateModified\":\"2020-06-11T21:26:44+00:00\",\"author\":{\"@id\":\"https:\/\/franciscanos.org.br\/noticias\/#\/schema\/person\/b38fbf43118f02820bd932f2e4b14ad3\"},\"breadcrumb\":{\"@id\":\"https:\/\/franciscanos.org.br\/noticias\/fraternidade-nossa-senhora-aparecida-tem-seis-irmaos-professos.html#breadcrumb\"},\"inLanguage\":\"pt-BR\",\"potentialAction\":[{\"@type\":\"ReadAction\",\"target\":[\"https:\/\/franciscanos.org.br\/noticias\/fraternidade-nossa-senhora-aparecida-tem-seis-irmaos-professos.html\"]}]},{\"@type\":\"BreadcrumbList\",\"@id\":\"https:\/\/franciscanos.org.br\/noticias\/fraternidade-nossa-senhora-aparecida-tem-seis-irmaos-professos.html#breadcrumb\",\"itemListElement\":[{\"@type\":\"ListItem\",\"position\":1,\"name\":\"Home\",\"item\":\"https:\/\/franciscanos.org.br\/noticias\"},{\"@type\":\"ListItem\",\"position\":2,\"name\":\"Fraternidade Nossa Senhora Aparecida tem seis irm\u00e3os professos\"}]},{\"@type\":\"Person\",\"@id\":\"https:\/\/franciscanos.org.br\/noticias\/#\/schema\/person\/b38fbf43118f02820bd932f2e4b14ad3\",\"name\":\"admin\",\"image\":{\"@type\":\"ImageObject\",\"inLanguage\":\"pt-BR\",\"@id\":\"https:\/\/franciscanos.org.br\/noticias\/#\/schema\/person\/image\/\",\"url\":\"https:\/\/secure.gravatar.com\/avatar\/e8495742d34d0ba6448ea1c628263b3e?s=96&d=mm&r=g\",\"contentUrl\":\"https:\/\/secure.gravatar.com\/avatar\/e8495742d34d0ba6448ea1c628263b3e?s=96&d=mm&r=g\",\"caption\":\"admin\"},\"url\":\"https:\/\/franciscanos.org.br\/noticias\/author\/admin\"}]}<\/script>\n<!-- \/ Yoast SEO plugin. -->","yoast_head_json":{"title":"Fraternidade Nossa Senhora Aparecida tem seis irm\u00e3os professos - Not\u00edcias - Franciscanos","robots":{"index":"index","follow":"follow","max-snippet":"max-snippet:-1","max-image-preview":"max-image-preview:large","max-video-preview":"max-video-preview:-1"},"canonical":"https:\/\/franciscanos.org.br\/noticias\/fraternidade-nossa-senhora-aparecida-tem-seis-irmaos-professos.html","og_locale":"pt_BR","og_type":"article","og_title":"Fraternidade Nossa Senhora Aparecida tem seis irm\u00e3os professos - Not\u00edcias - Franciscanos","og_description":"OFS Nil\u00f3polis","og_url":"https:\/\/franciscanos.org.br\/noticias\/fraternidade-nossa-senhora-aparecida-tem-seis-irmaos-professos.html","og_site_name":"Not\u00edcias - Franciscanos","article_published_time":"2011-12-13T09:50:00+00:00","article_modified_time":"2020-06-11T21:26:44+00:00","og_image":[{"width":273,"height":182,"url":"https:\/\/franciscanos.org.br\/noticias\/wp-content\/uploads\/2011\/12\/1423_131211.jpg","type":"image\/jpeg"}],"author":"admin","twitter_card":"summary_large_image","twitter_misc":{"Escrito por":"admin","Est. tempo de leitura":"3 minutos"},"schema":{"@context":"https:\/\/schema.org","@graph":[{"@type":"WebSite","@id":"https:\/\/franciscanos.org.br\/noticias\/#website","url":"https:\/\/franciscanos.org.br\/noticias\/","name":"Not\u00edcias - Franciscanos","description":"Prov\u00edncia Franciscana da Imaculada Concei\u00e7\u00e3o do Brasil - Ordem dos Frades Menores - OFM","potentialAction":[{"@type":"SearchAction","target":{"@type":"EntryPoint","urlTemplate":"https:\/\/franciscanos.org.br\/noticias\/?s={search_term_string}"},"query-input":"required name=search_term_string"}],"inLanguage":"pt-BR"},{"@type":"ImageObject","inLanguage":"pt-BR","@id":"https:\/\/franciscanos.org.br\/noticias\/fraternidade-nossa-senhora-aparecida-tem-seis-irmaos-professos.html#primaryimage","url":"https:\/\/franciscanos.org.br\/noticias\/wp-content\/uploads\/2011\/12\/1423_131211.jpg","contentUrl":"https:\/\/franciscanos.org.br\/noticias\/wp-content\/uploads\/2011\/12\/1423_131211.jpg","width":273,"height":182,"caption":"OLYMPUS DIGITAL CAMERA"},{"@type":"WebPage","@id":"https:\/\/franciscanos.org.br\/noticias\/fraternidade-nossa-senhora-aparecida-tem-seis-irmaos-professos.html#webpage","url":"https:\/\/franciscanos.org.br\/noticias\/fraternidade-nossa-senhora-aparecida-tem-seis-irmaos-professos.html","name":"Fraternidade Nossa Senhora Aparecida tem seis irm\u00e3os professos - Not\u00edcias - Franciscanos","isPartOf":{"@id":"https:\/\/franciscanos.org.br\/noticias\/#website"},"primaryImageOfPage":{"@id":"https:\/\/franciscanos.org.br\/noticias\/fraternidade-nossa-senhora-aparecida-tem-seis-irmaos-professos.html#primaryimage"},"datePublished":"2011-12-13T09:50:00+00:00","dateModified":"2020-06-11T21:26:44+00:00","author":{"@id":"https:\/\/franciscanos.org.br\/noticias\/#\/schema\/person\/b38fbf43118f02820bd932f2e4b14ad3"},"breadcrumb":{"@id":"https:\/\/franciscanos.org.br\/noticias\/fraternidade-nossa-senhora-aparecida-tem-seis-irmaos-professos.html#breadcrumb"},"inLanguage":"pt-BR","potentialAction":[{"@type":"ReadAction","target":["https:\/\/franciscanos.org.br\/noticias\/fraternidade-nossa-senhora-aparecida-tem-seis-irmaos-professos.html"]}]},{"@type":"BreadcrumbList","@id":"https:\/\/franciscanos.org.br\/noticias\/fraternidade-nossa-senhora-aparecida-tem-seis-irmaos-professos.html#breadcrumb","itemListElement":[{"@type":"ListItem","position":1,"name":"Home","item":"https:\/\/franciscanos.org.br\/noticias"},{"@type":"ListItem","position":2,"name":"Fraternidade Nossa Senhora Aparecida tem seis irm\u00e3os professos"}]},{"@type":"Person","@id":"https:\/\/franciscanos.org.br\/noticias\/#\/schema\/person\/b38fbf43118f02820bd932f2e4b14ad3","name":"admin","image":{"@type":"ImageObject","inLanguage":"pt-BR","@id":"https:\/\/franciscanos.org.br\/noticias\/#\/schema\/person\/image\/","url":"https:\/\/secure.gravatar.com\/avatar\/e8495742d34d0ba6448ea1c628263b3e?s=96&d=mm&r=g","contentUrl":"https:\/\/secure.gravatar.com\/avatar\/e8495742d34d0ba6448ea1c628263b3e?s=96&d=mm&r=g","caption":"admin"},"url":"https:\/\/franciscanos.org.br\/noticias\/author\/admin"}]}},"_links":{"self":[{"href":"https:\/\/franciscanos.org.br\/noticias\/wp-json\/wp\/v2\/posts\/9002"}],"collection":[{"href":"https:\/\/franciscanos.org.br\/noticias\/wp-json\/wp\/v2\/posts"}],"about":[{"href":"https:\/\/franciscanos.org.br\/noticias\/wp-json\/wp\/v2\/types\/post"}],"author":[{"embeddable":true,"href":"https:\/\/franciscanos.org.br\/noticias\/wp-json\/wp\/v2\/users\/1"}],"replies":[{"embeddable":true,"href":"https:\/\/franciscanos.org.br\/noticias\/wp-json\/wp\/v2\/comments?post=9002"}],"version-history":[{"count":1,"href":"https:\/\/franciscanos.org.br\/noticias\/wp-json\/wp\/v2\/posts\/9002\/revisions"}],"predecessor-version":[{"id":226475,"href":"https:\/\/franciscanos.org.br\/noticias\/wp-json\/wp\/v2\/posts\/9002\/revisions\/226475"}],"wp:featuredmedia":[{"embeddable":true,"href":"https:\/\/franciscanos.org.br\/noticias\/wp-json\/wp\/v2\/media\/210809"}],"wp:attachment":[{"href":"https:\/\/franciscanos.org.br\/noticias\/wp-json\/wp\/v2\/media?parent=9002"}],"wp:term":[{"taxonomy":"category","embeddable":true,"href":"https:\/\/franciscanos.org.br\/noticias\/wp-json\/wp\/v2\/categories?post=9002"},{"taxonomy":"post_tag","embeddable":true,"href":"https:\/\/franciscanos.org.br\/noticias\/wp-json\/wp\/v2\/tags?post=9002"}],"curies":[{"name":"wp","href":"https:\/\/api.w.org\/{rel}","templated":true}]}}