{"id":89993,"date":"2015-07-05T08:58:03","date_gmt":"2015-07-05T11:58:03","guid":{"rendered":"http:\/\/franciscanos.org.br\/?p=89993"},"modified":"2021-07-05T20:21:42","modified_gmt":"2021-07-05T23:21:42","slug":"concerto-encerra-fim-de-semana-em-petropolis","status":"publish","type":"post","link":"https:\/\/franciscanos.org.br\/noticias\/concerto-encerra-fim-de-semana-em-petropolis.html","title":{"rendered":"Concerto encerra fim de semana em Petr\u00f3polis"},"content":{"rendered":"<p><strong>\u00a0<img loading=\"lazy\" class=\"alignnone wp-image-89994 size-full\" src=\"http:\/\/franciscanos.org.br\/wp-content\/uploads\/2015\/07\/Concerto.jpg\" alt=\"Concerto\" width=\"820\" height=\"370\" \/><\/strong><\/p>\n<p><em>Apresenta\u00e7\u00e3o contar\u00e1 a hist\u00f3ria do Imp\u00e9rio no Museu Imperial<\/em><\/p>\n<p><strong>\u00a0<\/strong>A maior festa de Petr\u00f3polis, a Bauernfest, ser\u00e1 encerrada, neste domingo (5), com uma apresenta\u00e7\u00e3o especial dos Canarinhos de Petr\u00f3polis. O concerto, intitulado \u201cO imp\u00e9rio brasileiro e sua m\u00fasica\u201d, ser\u00e1 apresentado, \u00e0s 16h, no Museu Imperial. Os ingressos custam R$20 e j\u00e1 est\u00e3o \u00e0 venda na bilheteria do Museu.<\/p>\n<p><a href=\"http:\/\/franciscanos.org.br\/wp-content\/uploads\/2015\/07\/concerto2.jpg\"><img loading=\"lazy\" class=\"alignright size-full wp-image-89995\" src=\"http:\/\/franciscanos.org.br\/wp-content\/uploads\/2015\/07\/concerto2.jpg\" alt=\"concerto2\" width=\"500\" height=\"333\" \/><\/a>O concerto, idealizado pelo Instituto dos Meninos Cantores de Petr\u00f3polis, faz parte do projeto Tour da Experi\u00eancia, desenvolvido pelo Minist\u00e9rio do Turismo, em parceria com o Sebrae e o Instituto Marca Brasil.<\/p>\n<p>Durante a apresenta\u00e7\u00e3o, ser\u00e3o revelados detalhes do per\u00edodo do Imp\u00e9rio, mostrando a import\u00e2ncia da m\u00fasica coral na cultura brasileira e enaltecendo o incentivo de d. Pedro II \u00e0s manifesta\u00e7\u00f5es culturais. O espet\u00e1culo, envolvente, traz onze grandes obras da m\u00fasica nacional.<\/p>\n<p>O canarinho Lucas Mathias reviver\u00e1 o mordomo-mor do Pal\u00e1cio Imperial, contando \u2013 entre uma can\u00e7\u00e3o e outra &#8211; hist\u00f3rias desconhecidas do grande p\u00fablico.\u00a0 No repert\u00f3rio do concerto estar\u00e3o, entre outras can\u00e7\u00f5es o \u201cHino da Independ\u00eancia\u201d, a modinha \u201cVoc\u00ea trata o amor em brinco\u201d (Marcos Portugal), \u201cCoro dos Ca\u00e7adores\u201d da \u00f3pera \u201cO Guarani\u201d (Carlos Gomes) e \u201cLacrimosa\u201d (R\u00e9quiem de Mozart). O Coro \u00e9 acompanhado pelo pianista Ramon Theobald.<\/p>\n<p>\u201cEsperamos um bom p\u00fablico para a apresenta\u00e7\u00e3o. O concerto permite aproximar os Canarinhos de turistas e petropolitanos, que podem conhecer melhor o nosso trabalho e a hist\u00f3ria do Brasil\u201d, diz o Maestro do Coral e Diretor Art\u00edstico do Instituto dos Meninos Cantores de Petr\u00f3polis (IMCP), Marco Aur\u00e9lio Lischt, adiantando que <em>uma s\u00e9rie de apresenta\u00e7\u00f5es em parceria com o Museu Imperial est\u00e1 sendo programada.<\/em><\/p>\n<p>Os ingressos, que custam R$20, podem ser adquiridos na bilheteria do Museu Imperial. Estudantes e idosos pagam meia entrada.<\/p>\n","protected":false},"excerpt":{"rendered":"<p>Canarinhos de Petr\u00f3polis<\/p>\n","protected":false},"author":1,"featured_media":210054,"comment_status":"open","ping_status":"open","sticky":false,"template":"","format":"standard","meta":[],"categories":[1],"tags":[1378],"acf":[],"yoast_head":"<!-- This site is optimized with the Yoast SEO plugin v19.2 - https:\/\/yoast.com\/wordpress\/plugins\/seo\/ -->\n<title>Concerto encerra fim de semana em Petr\u00f3polis - Not\u00edcias - Franciscanos<\/title>\n<meta name=\"robots\" content=\"index, follow, max-snippet:-1, max-image-preview:large, max-video-preview:-1\" \/>\n<link rel=\"canonical\" href=\"https:\/\/franciscanos.org.br\/noticias\/concerto-encerra-fim-de-semana-em-petropolis.html\" \/>\n<meta property=\"og:locale\" content=\"pt_BR\" \/>\n<meta property=\"og:type\" content=\"article\" \/>\n<meta property=\"og:title\" content=\"Concerto encerra fim de semana em Petr\u00f3polis - Not\u00edcias - Franciscanos\" \/>\n<meta property=\"og:description\" content=\"Canarinhos de Petr\u00f3polis\" \/>\n<meta property=\"og:url\" content=\"https:\/\/franciscanos.org.br\/noticias\/concerto-encerra-fim-de-semana-em-petropolis.html\" \/>\n<meta property=\"og:site_name\" content=\"Not\u00edcias - Franciscanos\" \/>\n<meta property=\"article:published_time\" content=\"2015-07-05T11:58:03+00:00\" \/>\n<meta property=\"article:modified_time\" content=\"2021-07-05T23:21:42+00:00\" \/>\n<meta property=\"og:image\" content=\"https:\/\/franciscanos.org.br\/noticias\/wp-content\/uploads\/2015\/07\/Concerto.jpg\" \/>\n\t<meta property=\"og:image:width\" content=\"273\" \/>\n\t<meta property=\"og:image:height\" content=\"181\" \/>\n\t<meta property=\"og:image:type\" content=\"image\/jpeg\" \/>\n<meta name=\"author\" content=\"admin\" \/>\n<meta name=\"twitter:card\" content=\"summary_large_image\" \/>\n<meta name=\"twitter:label1\" content=\"Escrito por\" \/>\n\t<meta name=\"twitter:data1\" content=\"admin\" \/>\n\t<meta name=\"twitter:label2\" content=\"Est. tempo de leitura\" \/>\n\t<meta name=\"twitter:data2\" content=\"2 minutos\" \/>\n<script type=\"application\/ld+json\" class=\"yoast-schema-graph\">{\"@context\":\"https:\/\/schema.org\",\"@graph\":[{\"@type\":\"WebSite\",\"@id\":\"https:\/\/franciscanos.org.br\/noticias\/#website\",\"url\":\"https:\/\/franciscanos.org.br\/noticias\/\",\"name\":\"Not\u00edcias - Franciscanos\",\"description\":\"Prov\u00edncia Franciscana da Imaculada Concei\u00e7\u00e3o do Brasil - Ordem dos Frades Menores - OFM\",\"potentialAction\":[{\"@type\":\"SearchAction\",\"target\":{\"@type\":\"EntryPoint\",\"urlTemplate\":\"https:\/\/franciscanos.org.br\/noticias\/?s={search_term_string}\"},\"query-input\":\"required name=search_term_string\"}],\"inLanguage\":\"pt-BR\"},{\"@type\":\"ImageObject\",\"inLanguage\":\"pt-BR\",\"@id\":\"https:\/\/franciscanos.org.br\/noticias\/concerto-encerra-fim-de-semana-em-petropolis.html#primaryimage\",\"url\":\"https:\/\/franciscanos.org.br\/noticias\/wp-content\/uploads\/2015\/07\/Concerto.jpg\",\"contentUrl\":\"https:\/\/franciscanos.org.br\/noticias\/wp-content\/uploads\/2015\/07\/Concerto.jpg\",\"width\":273,\"height\":181},{\"@type\":\"WebPage\",\"@id\":\"https:\/\/franciscanos.org.br\/noticias\/concerto-encerra-fim-de-semana-em-petropolis.html#webpage\",\"url\":\"https:\/\/franciscanos.org.br\/noticias\/concerto-encerra-fim-de-semana-em-petropolis.html\",\"name\":\"Concerto encerra fim de semana em Petr\u00f3polis - Not\u00edcias - Franciscanos\",\"isPartOf\":{\"@id\":\"https:\/\/franciscanos.org.br\/noticias\/#website\"},\"primaryImageOfPage\":{\"@id\":\"https:\/\/franciscanos.org.br\/noticias\/concerto-encerra-fim-de-semana-em-petropolis.html#primaryimage\"},\"datePublished\":\"2015-07-05T11:58:03+00:00\",\"dateModified\":\"2021-07-05T23:21:42+00:00\",\"author\":{\"@id\":\"https:\/\/franciscanos.org.br\/noticias\/#\/schema\/person\/b38fbf43118f02820bd932f2e4b14ad3\"},\"breadcrumb\":{\"@id\":\"https:\/\/franciscanos.org.br\/noticias\/concerto-encerra-fim-de-semana-em-petropolis.html#breadcrumb\"},\"inLanguage\":\"pt-BR\",\"potentialAction\":[{\"@type\":\"ReadAction\",\"target\":[\"https:\/\/franciscanos.org.br\/noticias\/concerto-encerra-fim-de-semana-em-petropolis.html\"]}]},{\"@type\":\"BreadcrumbList\",\"@id\":\"https:\/\/franciscanos.org.br\/noticias\/concerto-encerra-fim-de-semana-em-petropolis.html#breadcrumb\",\"itemListElement\":[{\"@type\":\"ListItem\",\"position\":1,\"name\":\"Home\",\"item\":\"https:\/\/franciscanos.org.br\/noticias\"},{\"@type\":\"ListItem\",\"position\":2,\"name\":\"Concerto encerra fim de semana em Petr\u00f3polis\"}]},{\"@type\":\"Person\",\"@id\":\"https:\/\/franciscanos.org.br\/noticias\/#\/schema\/person\/b38fbf43118f02820bd932f2e4b14ad3\",\"name\":\"admin\",\"image\":{\"@type\":\"ImageObject\",\"inLanguage\":\"pt-BR\",\"@id\":\"https:\/\/franciscanos.org.br\/noticias\/#\/schema\/person\/image\/\",\"url\":\"https:\/\/secure.gravatar.com\/avatar\/e8495742d34d0ba6448ea1c628263b3e?s=96&d=mm&r=g\",\"contentUrl\":\"https:\/\/secure.gravatar.com\/avatar\/e8495742d34d0ba6448ea1c628263b3e?s=96&d=mm&r=g\",\"caption\":\"admin\"},\"url\":\"https:\/\/franciscanos.org.br\/noticias\/author\/admin\"}]}<\/script>\n<!-- \/ Yoast SEO plugin. -->","yoast_head_json":{"title":"Concerto encerra fim de semana em Petr\u00f3polis - Not\u00edcias - Franciscanos","robots":{"index":"index","follow":"follow","max-snippet":"max-snippet:-1","max-image-preview":"max-image-preview:large","max-video-preview":"max-video-preview:-1"},"canonical":"https:\/\/franciscanos.org.br\/noticias\/concerto-encerra-fim-de-semana-em-petropolis.html","og_locale":"pt_BR","og_type":"article","og_title":"Concerto encerra fim de semana em Petr\u00f3polis - Not\u00edcias - Franciscanos","og_description":"Canarinhos de Petr\u00f3polis","og_url":"https:\/\/franciscanos.org.br\/noticias\/concerto-encerra-fim-de-semana-em-petropolis.html","og_site_name":"Not\u00edcias - Franciscanos","article_published_time":"2015-07-05T11:58:03+00:00","article_modified_time":"2021-07-05T23:21:42+00:00","og_image":[{"width":273,"height":181,"url":"https:\/\/franciscanos.org.br\/noticias\/wp-content\/uploads\/2015\/07\/Concerto.jpg","type":"image\/jpeg"}],"author":"admin","twitter_card":"summary_large_image","twitter_misc":{"Escrito por":"admin","Est. tempo de leitura":"2 minutos"},"schema":{"@context":"https:\/\/schema.org","@graph":[{"@type":"WebSite","@id":"https:\/\/franciscanos.org.br\/noticias\/#website","url":"https:\/\/franciscanos.org.br\/noticias\/","name":"Not\u00edcias - Franciscanos","description":"Prov\u00edncia Franciscana da Imaculada Concei\u00e7\u00e3o do Brasil - Ordem dos Frades Menores - OFM","potentialAction":[{"@type":"SearchAction","target":{"@type":"EntryPoint","urlTemplate":"https:\/\/franciscanos.org.br\/noticias\/?s={search_term_string}"},"query-input":"required name=search_term_string"}],"inLanguage":"pt-BR"},{"@type":"ImageObject","inLanguage":"pt-BR","@id":"https:\/\/franciscanos.org.br\/noticias\/concerto-encerra-fim-de-semana-em-petropolis.html#primaryimage","url":"https:\/\/franciscanos.org.br\/noticias\/wp-content\/uploads\/2015\/07\/Concerto.jpg","contentUrl":"https:\/\/franciscanos.org.br\/noticias\/wp-content\/uploads\/2015\/07\/Concerto.jpg","width":273,"height":181},{"@type":"WebPage","@id":"https:\/\/franciscanos.org.br\/noticias\/concerto-encerra-fim-de-semana-em-petropolis.html#webpage","url":"https:\/\/franciscanos.org.br\/noticias\/concerto-encerra-fim-de-semana-em-petropolis.html","name":"Concerto encerra fim de semana em Petr\u00f3polis - Not\u00edcias - Franciscanos","isPartOf":{"@id":"https:\/\/franciscanos.org.br\/noticias\/#website"},"primaryImageOfPage":{"@id":"https:\/\/franciscanos.org.br\/noticias\/concerto-encerra-fim-de-semana-em-petropolis.html#primaryimage"},"datePublished":"2015-07-05T11:58:03+00:00","dateModified":"2021-07-05T23:21:42+00:00","author":{"@id":"https:\/\/franciscanos.org.br\/noticias\/#\/schema\/person\/b38fbf43118f02820bd932f2e4b14ad3"},"breadcrumb":{"@id":"https:\/\/franciscanos.org.br\/noticias\/concerto-encerra-fim-de-semana-em-petropolis.html#breadcrumb"},"inLanguage":"pt-BR","potentialAction":[{"@type":"ReadAction","target":["https:\/\/franciscanos.org.br\/noticias\/concerto-encerra-fim-de-semana-em-petropolis.html"]}]},{"@type":"BreadcrumbList","@id":"https:\/\/franciscanos.org.br\/noticias\/concerto-encerra-fim-de-semana-em-petropolis.html#breadcrumb","itemListElement":[{"@type":"ListItem","position":1,"name":"Home","item":"https:\/\/franciscanos.org.br\/noticias"},{"@type":"ListItem","position":2,"name":"Concerto encerra fim de semana em Petr\u00f3polis"}]},{"@type":"Person","@id":"https:\/\/franciscanos.org.br\/noticias\/#\/schema\/person\/b38fbf43118f02820bd932f2e4b14ad3","name":"admin","image":{"@type":"ImageObject","inLanguage":"pt-BR","@id":"https:\/\/franciscanos.org.br\/noticias\/#\/schema\/person\/image\/","url":"https:\/\/secure.gravatar.com\/avatar\/e8495742d34d0ba6448ea1c628263b3e?s=96&d=mm&r=g","contentUrl":"https:\/\/secure.gravatar.com\/avatar\/e8495742d34d0ba6448ea1c628263b3e?s=96&d=mm&r=g","caption":"admin"},"url":"https:\/\/franciscanos.org.br\/noticias\/author\/admin"}]}},"_links":{"self":[{"href":"https:\/\/franciscanos.org.br\/noticias\/wp-json\/wp\/v2\/posts\/89993"}],"collection":[{"href":"https:\/\/franciscanos.org.br\/noticias\/wp-json\/wp\/v2\/posts"}],"about":[{"href":"https:\/\/franciscanos.org.br\/noticias\/wp-json\/wp\/v2\/types\/post"}],"author":[{"embeddable":true,"href":"https:\/\/franciscanos.org.br\/noticias\/wp-json\/wp\/v2\/users\/1"}],"replies":[{"embeddable":true,"href":"https:\/\/franciscanos.org.br\/noticias\/wp-json\/wp\/v2\/comments?post=89993"}],"version-history":[{"count":1,"href":"https:\/\/franciscanos.org.br\/noticias\/wp-json\/wp\/v2\/posts\/89993\/revisions"}],"predecessor-version":[{"id":232923,"href":"https:\/\/franciscanos.org.br\/noticias\/wp-json\/wp\/v2\/posts\/89993\/revisions\/232923"}],"wp:featuredmedia":[{"embeddable":true,"href":"https:\/\/franciscanos.org.br\/noticias\/wp-json\/wp\/v2\/media\/210054"}],"wp:attachment":[{"href":"https:\/\/franciscanos.org.br\/noticias\/wp-json\/wp\/v2\/media?parent=89993"}],"wp:term":[{"taxonomy":"category","embeddable":true,"href":"https:\/\/franciscanos.org.br\/noticias\/wp-json\/wp\/v2\/categories?post=89993"},{"taxonomy":"post_tag","embeddable":true,"href":"https:\/\/franciscanos.org.br\/noticias\/wp-json\/wp\/v2\/tags?post=89993"}],"curies":[{"name":"wp","href":"https:\/\/api.w.org\/{rel}","templated":true}]}}