{"id":89829,"date":"2015-07-02T13:50:51","date_gmt":"2015-07-02T16:50:51","guid":{"rendered":"http:\/\/franciscanos.org.br\/?p=89829"},"modified":"2019-04-17T14:22:07","modified_gmt":"2019-04-17T17:22:07","slug":"pe-que-da-fruta-e-o-que-mais-leva-pedrada","status":"publish","type":"post","link":"https:\/\/franciscanos.org.br\/noticias\/pe-que-da-fruta-e-o-que-mais-leva-pedrada.html","title":{"rendered":"&#8220;P\u00e9 que d\u00e1 fruta \u00e9 o que mais leva pedrada&#8221;"},"content":{"rendered":"<p><img loading=\"lazy\" class=\"alignnone size-full wp-image-196595\" src=\"https:\/\/franciscanos.org.br\/noticias\/wp-content\/uploads\/2015\/07\/liturgia-820.jpg\" alt=\"\" width=\"820\" height=\"472\" srcset=\"https:\/\/franciscanos.org.br\/noticias\/wp-content\/uploads\/2015\/07\/liturgia-820.jpg 820w, https:\/\/franciscanos.org.br\/noticias\/wp-content\/uploads\/2015\/07\/liturgia-820-450x259.jpg 450w, https:\/\/franciscanos.org.br\/noticias\/wp-content\/uploads\/2015\/07\/liturgia-820-768x442.jpg 768w, https:\/\/franciscanos.org.br\/noticias\/wp-content\/uploads\/2015\/07\/liturgia-820-150x86.jpg 150w\" sizes=\"(max-width: 820px) 100vw, 820px\" \/><\/p>\n<p><strong>Frei Gustavo Medella<\/strong><\/p>\n<p>Eu n\u00e3o entendo nada de armas ou de instru\u00e7\u00f5es de seguran\u00e7a para conflitos armados, mas j\u00e1 vi em filmes e em alguns programas de televis\u00e3o que, em tiroteios, o melhor a se fazer \u00e9 permanecer em casa e colocar-se deitado no ch\u00e3o. Ir \u00e0 janela para espiar o que acontece, nem pensar! Quem fica de p\u00e9 se exp\u00f5e, e o risco de ser alvejado aumenta.<\/p>\n<p>Algo semelhante acontece com o profeta, conforme se percebe na liturgia deste fim de semana. Ele n\u00e3o fica deitado no pr\u00f3prio comodismo, mas o Esp\u00edrito do Senhor o coloca de p\u00e9 (cf. Ez 2,2), n\u00e3o para \u201cdisparar\u201d tiros que matam, mas para proferir Palavras de Vida, muitas vezes desagrad\u00e1veis e inc\u00f4modas para quem est\u00e1 acostumado a certas situa\u00e7\u00f5es j\u00e1 estabelecidas &#8211; nem sempre as mais justas &#8211; com privil\u00e9gio para poucos e sacrif\u00edcios para muitos.<\/p>\n<p>Ao assumir sua miss\u00e3o de an\u00fancio e den\u00fancia, colocado de p\u00e9 pelo Senhor, o profeta passa a ser alvo recorrente de quem n\u00e3o quer que as coisas mudem. E \u00e9 com esta resist\u00eancia que Jesus sofre. Incomodados pelos prod\u00edgios de vida e salva\u00e7\u00e3o operados pelo Filho de Deus, seus conterr\u00e2neos, aqueles que lhe s\u00e3o mais pr\u00f3ximos e que teriam a chance de am\u00e1-lo e conhec\u00ea-lo em profundidade, preferem se desfazer do Filho de Deus, assumindo um \u201ccomplexo de vira-latas\u201d, segundo o qual, do meio daquele povo simples n\u00e3o seria conceb\u00edvel sair algu\u00e9m que se destacasse tanto (Cf. . \u00c9 o velho costume que muitos grupos t\u00eam de se nivelar por baixo.<\/p>\n<p>Mas \u00e9 assim mesmo&#8230; P\u00e9 que produz fruto \u00e9 justamente aquele que leva pedrada. O mais importante \u00e9 que n\u00e3o desanimemos do seguimento de Jesus Cristo, ainda que venham pedras, tiros, cobras e lagartos, afinal \u00e9 o Senhor quem nos p\u00f5e de p\u00e9. Tampouco percamos o senso de discernimento e a humildade, afinal, toda nossa for\u00e7a \u00e9 dom de Deus, Aquele que se disp\u00f5e a agir em nossa fraqueza (Cf. 2Cor 12,9).<\/p>\n","protected":false},"excerpt":{"rendered":"<p>Liturgia dominical<\/p>\n","protected":false},"author":1,"featured_media":202559,"comment_status":"open","ping_status":"open","sticky":false,"template":"","format":"standard","meta":[],"categories":[1],"tags":[537],"acf":[],"yoast_head":"<!-- This site is optimized with the Yoast SEO plugin v19.2 - https:\/\/yoast.com\/wordpress\/plugins\/seo\/ -->\n<title>&quot;P\u00e9 que d\u00e1 fruta \u00e9 o que mais leva pedrada&quot; - Not\u00edcias - Franciscanos<\/title>\n<meta name=\"robots\" content=\"index, follow, max-snippet:-1, max-image-preview:large, max-video-preview:-1\" \/>\n<link rel=\"canonical\" href=\"https:\/\/franciscanos.org.br\/noticias\/pe-que-da-fruta-e-o-que-mais-leva-pedrada.html\" \/>\n<meta property=\"og:locale\" content=\"pt_BR\" \/>\n<meta property=\"og:type\" content=\"article\" \/>\n<meta property=\"og:title\" content=\"&quot;P\u00e9 que d\u00e1 fruta \u00e9 o que mais leva pedrada&quot; - Not\u00edcias - Franciscanos\" \/>\n<meta property=\"og:description\" content=\"Liturgia dominical\" \/>\n<meta property=\"og:url\" content=\"https:\/\/franciscanos.org.br\/noticias\/pe-que-da-fruta-e-o-que-mais-leva-pedrada.html\" \/>\n<meta property=\"og:site_name\" content=\"Not\u00edcias - Franciscanos\" \/>\n<meta property=\"article:published_time\" content=\"2015-07-02T16:50:51+00:00\" \/>\n<meta property=\"article:modified_time\" content=\"2019-04-17T17:22:07+00:00\" \/>\n<meta property=\"og:image\" content=\"https:\/\/franciscanos.org.br\/noticias\/wp-content\/uploads\/2015\/07\/liturgia-820-1.jpg\" \/>\n\t<meta property=\"og:image:width\" content=\"273\" \/>\n\t<meta property=\"og:image:height\" content=\"181\" \/>\n\t<meta property=\"og:image:type\" content=\"image\/jpeg\" \/>\n<meta name=\"author\" content=\"admin\" \/>\n<meta name=\"twitter:card\" content=\"summary_large_image\" \/>\n<meta name=\"twitter:label1\" content=\"Escrito por\" \/>\n\t<meta name=\"twitter:data1\" content=\"admin\" \/>\n\t<meta name=\"twitter:label2\" content=\"Est. tempo de leitura\" \/>\n\t<meta name=\"twitter:data2\" content=\"2 minutos\" \/>\n<script type=\"application\/ld+json\" class=\"yoast-schema-graph\">{\"@context\":\"https:\/\/schema.org\",\"@graph\":[{\"@type\":\"WebSite\",\"@id\":\"https:\/\/franciscanos.org.br\/noticias\/#website\",\"url\":\"https:\/\/franciscanos.org.br\/noticias\/\",\"name\":\"Not\u00edcias - Franciscanos\",\"description\":\"Prov\u00edncia Franciscana da Imaculada Concei\u00e7\u00e3o do Brasil - Ordem dos Frades Menores - OFM\",\"potentialAction\":[{\"@type\":\"SearchAction\",\"target\":{\"@type\":\"EntryPoint\",\"urlTemplate\":\"https:\/\/franciscanos.org.br\/noticias\/?s={search_term_string}\"},\"query-input\":\"required name=search_term_string\"}],\"inLanguage\":\"pt-BR\"},{\"@type\":\"ImageObject\",\"inLanguage\":\"pt-BR\",\"@id\":\"https:\/\/franciscanos.org.br\/noticias\/pe-que-da-fruta-e-o-que-mais-leva-pedrada.html#primaryimage\",\"url\":\"https:\/\/franciscanos.org.br\/noticias\/wp-content\/uploads\/2015\/07\/liturgia-820-1.jpg\",\"contentUrl\":\"https:\/\/franciscanos.org.br\/noticias\/wp-content\/uploads\/2015\/07\/liturgia-820-1.jpg\",\"width\":273,\"height\":181},{\"@type\":\"WebPage\",\"@id\":\"https:\/\/franciscanos.org.br\/noticias\/pe-que-da-fruta-e-o-que-mais-leva-pedrada.html#webpage\",\"url\":\"https:\/\/franciscanos.org.br\/noticias\/pe-que-da-fruta-e-o-que-mais-leva-pedrada.html\",\"name\":\"\\\"P\u00e9 que d\u00e1 fruta \u00e9 o que mais leva pedrada\\\" - Not\u00edcias - Franciscanos\",\"isPartOf\":{\"@id\":\"https:\/\/franciscanos.org.br\/noticias\/#website\"},\"primaryImageOfPage\":{\"@id\":\"https:\/\/franciscanos.org.br\/noticias\/pe-que-da-fruta-e-o-que-mais-leva-pedrada.html#primaryimage\"},\"datePublished\":\"2015-07-02T16:50:51+00:00\",\"dateModified\":\"2019-04-17T17:22:07+00:00\",\"author\":{\"@id\":\"https:\/\/franciscanos.org.br\/noticias\/#\/schema\/person\/b38fbf43118f02820bd932f2e4b14ad3\"},\"breadcrumb\":{\"@id\":\"https:\/\/franciscanos.org.br\/noticias\/pe-que-da-fruta-e-o-que-mais-leva-pedrada.html#breadcrumb\"},\"inLanguage\":\"pt-BR\",\"potentialAction\":[{\"@type\":\"ReadAction\",\"target\":[\"https:\/\/franciscanos.org.br\/noticias\/pe-que-da-fruta-e-o-que-mais-leva-pedrada.html\"]}]},{\"@type\":\"BreadcrumbList\",\"@id\":\"https:\/\/franciscanos.org.br\/noticias\/pe-que-da-fruta-e-o-que-mais-leva-pedrada.html#breadcrumb\",\"itemListElement\":[{\"@type\":\"ListItem\",\"position\":1,\"name\":\"Home\",\"item\":\"https:\/\/franciscanos.org.br\/noticias\"},{\"@type\":\"ListItem\",\"position\":2,\"name\":\"&#8220;P\u00e9 que d\u00e1 fruta \u00e9 o que mais leva pedrada&#8221;\"}]},{\"@type\":\"Person\",\"@id\":\"https:\/\/franciscanos.org.br\/noticias\/#\/schema\/person\/b38fbf43118f02820bd932f2e4b14ad3\",\"name\":\"admin\",\"image\":{\"@type\":\"ImageObject\",\"inLanguage\":\"pt-BR\",\"@id\":\"https:\/\/franciscanos.org.br\/noticias\/#\/schema\/person\/image\/\",\"url\":\"https:\/\/secure.gravatar.com\/avatar\/e8495742d34d0ba6448ea1c628263b3e?s=96&d=mm&r=g\",\"contentUrl\":\"https:\/\/secure.gravatar.com\/avatar\/e8495742d34d0ba6448ea1c628263b3e?s=96&d=mm&r=g\",\"caption\":\"admin\"},\"url\":\"https:\/\/franciscanos.org.br\/noticias\/author\/admin\"}]}<\/script>\n<!-- \/ Yoast SEO plugin. -->","yoast_head_json":{"title":"\"P\u00e9 que d\u00e1 fruta \u00e9 o que mais leva pedrada\" - Not\u00edcias - Franciscanos","robots":{"index":"index","follow":"follow","max-snippet":"max-snippet:-1","max-image-preview":"max-image-preview:large","max-video-preview":"max-video-preview:-1"},"canonical":"https:\/\/franciscanos.org.br\/noticias\/pe-que-da-fruta-e-o-que-mais-leva-pedrada.html","og_locale":"pt_BR","og_type":"article","og_title":"\"P\u00e9 que d\u00e1 fruta \u00e9 o que mais leva pedrada\" - Not\u00edcias - Franciscanos","og_description":"Liturgia dominical","og_url":"https:\/\/franciscanos.org.br\/noticias\/pe-que-da-fruta-e-o-que-mais-leva-pedrada.html","og_site_name":"Not\u00edcias - Franciscanos","article_published_time":"2015-07-02T16:50:51+00:00","article_modified_time":"2019-04-17T17:22:07+00:00","og_image":[{"width":273,"height":181,"url":"https:\/\/franciscanos.org.br\/noticias\/wp-content\/uploads\/2015\/07\/liturgia-820-1.jpg","type":"image\/jpeg"}],"author":"admin","twitter_card":"summary_large_image","twitter_misc":{"Escrito por":"admin","Est. tempo de leitura":"2 minutos"},"schema":{"@context":"https:\/\/schema.org","@graph":[{"@type":"WebSite","@id":"https:\/\/franciscanos.org.br\/noticias\/#website","url":"https:\/\/franciscanos.org.br\/noticias\/","name":"Not\u00edcias - Franciscanos","description":"Prov\u00edncia Franciscana da Imaculada Concei\u00e7\u00e3o do Brasil - Ordem dos Frades Menores - OFM","potentialAction":[{"@type":"SearchAction","target":{"@type":"EntryPoint","urlTemplate":"https:\/\/franciscanos.org.br\/noticias\/?s={search_term_string}"},"query-input":"required name=search_term_string"}],"inLanguage":"pt-BR"},{"@type":"ImageObject","inLanguage":"pt-BR","@id":"https:\/\/franciscanos.org.br\/noticias\/pe-que-da-fruta-e-o-que-mais-leva-pedrada.html#primaryimage","url":"https:\/\/franciscanos.org.br\/noticias\/wp-content\/uploads\/2015\/07\/liturgia-820-1.jpg","contentUrl":"https:\/\/franciscanos.org.br\/noticias\/wp-content\/uploads\/2015\/07\/liturgia-820-1.jpg","width":273,"height":181},{"@type":"WebPage","@id":"https:\/\/franciscanos.org.br\/noticias\/pe-que-da-fruta-e-o-que-mais-leva-pedrada.html#webpage","url":"https:\/\/franciscanos.org.br\/noticias\/pe-que-da-fruta-e-o-que-mais-leva-pedrada.html","name":"\"P\u00e9 que d\u00e1 fruta \u00e9 o que mais leva pedrada\" - Not\u00edcias - Franciscanos","isPartOf":{"@id":"https:\/\/franciscanos.org.br\/noticias\/#website"},"primaryImageOfPage":{"@id":"https:\/\/franciscanos.org.br\/noticias\/pe-que-da-fruta-e-o-que-mais-leva-pedrada.html#primaryimage"},"datePublished":"2015-07-02T16:50:51+00:00","dateModified":"2019-04-17T17:22:07+00:00","author":{"@id":"https:\/\/franciscanos.org.br\/noticias\/#\/schema\/person\/b38fbf43118f02820bd932f2e4b14ad3"},"breadcrumb":{"@id":"https:\/\/franciscanos.org.br\/noticias\/pe-que-da-fruta-e-o-que-mais-leva-pedrada.html#breadcrumb"},"inLanguage":"pt-BR","potentialAction":[{"@type":"ReadAction","target":["https:\/\/franciscanos.org.br\/noticias\/pe-que-da-fruta-e-o-que-mais-leva-pedrada.html"]}]},{"@type":"BreadcrumbList","@id":"https:\/\/franciscanos.org.br\/noticias\/pe-que-da-fruta-e-o-que-mais-leva-pedrada.html#breadcrumb","itemListElement":[{"@type":"ListItem","position":1,"name":"Home","item":"https:\/\/franciscanos.org.br\/noticias"},{"@type":"ListItem","position":2,"name":"&#8220;P\u00e9 que d\u00e1 fruta \u00e9 o que mais leva pedrada&#8221;"}]},{"@type":"Person","@id":"https:\/\/franciscanos.org.br\/noticias\/#\/schema\/person\/b38fbf43118f02820bd932f2e4b14ad3","name":"admin","image":{"@type":"ImageObject","inLanguage":"pt-BR","@id":"https:\/\/franciscanos.org.br\/noticias\/#\/schema\/person\/image\/","url":"https:\/\/secure.gravatar.com\/avatar\/e8495742d34d0ba6448ea1c628263b3e?s=96&d=mm&r=g","contentUrl":"https:\/\/secure.gravatar.com\/avatar\/e8495742d34d0ba6448ea1c628263b3e?s=96&d=mm&r=g","caption":"admin"},"url":"https:\/\/franciscanos.org.br\/noticias\/author\/admin"}]}},"_links":{"self":[{"href":"https:\/\/franciscanos.org.br\/noticias\/wp-json\/wp\/v2\/posts\/89829"}],"collection":[{"href":"https:\/\/franciscanos.org.br\/noticias\/wp-json\/wp\/v2\/posts"}],"about":[{"href":"https:\/\/franciscanos.org.br\/noticias\/wp-json\/wp\/v2\/types\/post"}],"author":[{"embeddable":true,"href":"https:\/\/franciscanos.org.br\/noticias\/wp-json\/wp\/v2\/users\/1"}],"replies":[{"embeddable":true,"href":"https:\/\/franciscanos.org.br\/noticias\/wp-json\/wp\/v2\/comments?post=89829"}],"version-history":[{"count":0,"href":"https:\/\/franciscanos.org.br\/noticias\/wp-json\/wp\/v2\/posts\/89829\/revisions"}],"wp:featuredmedia":[{"embeddable":true,"href":"https:\/\/franciscanos.org.br\/noticias\/wp-json\/wp\/v2\/media\/202559"}],"wp:attachment":[{"href":"https:\/\/franciscanos.org.br\/noticias\/wp-json\/wp\/v2\/media?parent=89829"}],"wp:term":[{"taxonomy":"category","embeddable":true,"href":"https:\/\/franciscanos.org.br\/noticias\/wp-json\/wp\/v2\/categories?post=89829"},{"taxonomy":"post_tag","embeddable":true,"href":"https:\/\/franciscanos.org.br\/noticias\/wp-json\/wp\/v2\/tags?post=89829"}],"curies":[{"name":"wp","href":"https:\/\/api.w.org\/{rel}","templated":true}]}}