{"id":89669,"date":"2015-06-30T10:27:50","date_gmt":"2015-06-30T13:27:50","guid":{"rendered":"http:\/\/franciscanos.org.br\/?p=89669"},"modified":"2019-01-24T10:36:43","modified_gmt":"2019-01-24T12:36:43","slug":"lancamentos-da-semana-4","status":"publish","type":"post","link":"https:\/\/franciscanos.org.br\/noticias\/lancamentos-da-semana-4.html","title":{"rendered":"Lan\u00e7amentos da semana"},"content":{"rendered":"<h3><strong><a href=\"http:\/\/franciscanos.org.br\/wp-content\/uploads\/2015\/06\/novena.jpg\"><img loading=\"lazy\" class=\"alignleft size-full wp-image-89671\" src=\"http:\/\/franciscanos.org.br\/wp-content\/uploads\/2015\/06\/novena.jpg\" alt=\"novena\" width=\"200\" height=\"306\" \/><\/a>Novena para ganhar coragem de tomar uma decis\u00e3o<\/strong><\/h3>\n<p><strong>Frei Felipinho<\/strong><\/p>\n<p>Esta novena foi escrita para que sua vida se encha de sucesso e de alegria, sabendo tomar decis\u00f5es certas e na hora certa. Ela vai at\u00e9 \u00e0s ra\u00edzes dos problemas e, atrav\u00e9s da ora\u00e7\u00e3o, corrige nossas falhas, confiando no Deus cheio de bondade e de amor, que pode iluminar voc\u00ea de maneira total.<\/p>\n<p style=\"padding-left: 30px;\"><strong>Felipe Gabriel Alves<\/strong> <em>conhecido como Frei Felipinho \u00e9 franciscano e atualmente trabalha na R\u00e1dio Celinauta e na TV Sudoeste, em Pato Branco, PR. Sempre voltado para a juventude, teve a felicidade de acompanhar a recupera\u00e7\u00e3o de jovens viciados nas comunidades terap\u00eauticas Daytop, The Family (ambas nos EEUU) e Mondo X, na It\u00e1lia. Trabalhou mais de um ano com o Pe. Aroldo Rahm, nas Fazendas do Senhor Jesus, com sede em Campinas SP e dava assist\u00eancia religiosa na Comunidade S\u00e3o Francisco, dirigida pelo psic\u00f3logo Toni Florestan, em S\u00e3o Jos\u00e9 dos Campos (SP). Publicou diversos livros, entre eles diversas novenas editadas pela Ed. Vozes, todas elas de cunho bem popular, baseadas na b\u00edblia e na Psicologia moderna.<\/em><\/p>\n<p><strong>N\u00ba DE P\u00c1GINAS: 32<\/strong><\/p>\n<p>&nbsp;<\/p>\n<h3><strong><a href=\"http:\/\/franciscanos.org.br\/wp-content\/uploads\/2015\/06\/quando-voce.jpg\"><img loading=\"lazy\" class=\"alignleft size-full wp-image-89672\" src=\"http:\/\/franciscanos.org.br\/wp-content\/uploads\/2015\/06\/quando-voce.jpg\" alt=\"quando-voce\" width=\"200\" height=\"314\" \/><\/a>Quando voc\u00ea faz o que eu quero<\/strong><\/h3>\n<p><strong>Como voc\u00ea toma suas decis\u00f5es e como pode influenciar a decis\u00e3o dos outros<\/strong><\/p>\n<p><strong>Henrik Fexeus<\/strong><\/p>\n<p>Do mesmo autor do best-seller \u201cA arte de ler mentes\u201d, Henrik Fexeus fala agora sobre a influ\u00eancia e sobre como podemos lidar com ela. Segundo o autor, do momento em que abre os olhos pela amanh\u00e3 at\u00e9 quando vai dormir voc\u00ea est\u00e1 exposto a um fluxo intermin\u00e1vel de tentativas de persuas\u00e3o e influ\u00eancia. E \u00e9 claro que voc\u00ea, por sua vez, influencia as coisas ao redor com os seus atos.<br \/>\nCom seu estilo inconfund\u00edvel e cheio de humor, Fexeus mostra como funciona esse belo ciclo de feedback, apresenta fatos fascinantes e diversas t\u00e9cnicas de manipula\u00e7\u00e3o, e oferece as ferramentas certas para que voc\u00ea perceba quando algu\u00e9m est\u00e1 tentando influenci\u00e1-lo.<\/p>\n<p>Segundo ele: \u201cAs t\u00e9cnicas que voc\u00ea precisa para mudar as atitudes e opini\u00f5es dos outros est\u00e3o aqui. Talvez quem precise mudar seja voc\u00ea, e voc\u00ea gostaria de melhorar a sua autoimagem. Espero que, depois de ler este livro, seja mais f\u00e1cil perceber quando algu\u00e9m est\u00e1 tentando influenciar voc\u00ea a fazer algo que n\u00e3o deseja. E em todos esses casos o motivo para o seu comportamento de fato nada tem a ver com as suas pr\u00f3prias prefer\u00eancias ou opini\u00f5es, a sua atitude nada mais \u00e9 do que o resultado do esfor\u00e7o de outra pessoa para fazer voc\u00ea agir assim. Ao estar ciente disso, torna-se mais f\u00e1cil recuar e pensar se voc\u00ea quer mesmo comprar aquele objeto ou concordar com aquela ideia. \u201c<\/p>\n<p style=\"padding-left: 30px;\"><strong>Henrik Fexeus<\/strong> <em>nasceu em 1971, em \u00d6rebro, na Su\u00e9cia, e hoje vive em Estocolmo. Foi uma crian\u00e7a diferente e dif\u00edcil desde o come\u00e7o. Ao ir para a escola, come\u00e7ou a interessar-se pela magia. Isso fez de seus anos na escola um verdadeiro teste, n\u00e3o tanto para ele pr\u00f3prio, mas para as outras crian\u00e7as. Na adolesc\u00eancia, descobriu que a m\u00e1gica \u00e9, realmente, uma esp\u00e9cie de influ\u00eancia inconsciente, uma maneira de controlar o que os outros acreditam e o modo como agem. Ainda hoje ele se pergunta por que ningu\u00e9m lhe disse, na \u00e9poca, como esse conhecimento era \u00fatil para abordar as garotas. Dedicou-se a conhecer o modo como influenciamos uns aos outros, estudou comunica\u00e7\u00e3o, habilidades mentais como hipnose, teatro, m\u00e1gica e psicologia, al\u00e9m da influ\u00eancia da m\u00eddia, da publicidade e propaganda e o mimetismo. Algumas pessoas acham que ele \u00e9 um homem perigoso, por causa de suas habilidades, mas o autor prefere descrever-se como um indiv\u00edduo legal e tranquilo, e afirma que gosta das pessoas, especialmente daquelas que fazem o que ele deseja que fa\u00e7am. \u00c9 autor de \u201cA arte de ler mentes\u201d, best-seller traduzido em dezenas de pa\u00edses.<\/em><\/p>\n<p><strong>N\u00ba DE P\u00c1GINAS: 320<\/strong><\/p>\n<p>&nbsp;<\/p>\n<h3><strong><a href=\"http:\/\/franciscanos.org.br\/wp-content\/uploads\/2015\/06\/a-vida-entre.jpg\"><img loading=\"lazy\" class=\"alignleft size-full wp-image-89673\" src=\"http:\/\/franciscanos.org.br\/wp-content\/uploads\/2015\/06\/a-vida-entre.jpg\" alt=\"a-vida-entre\" width=\"200\" height=\"298\" \/><\/a>A vida entre os Antros e outros ensaios<\/strong><\/h3>\n<p><strong>Clifford Geertz<\/strong><\/p>\n<p>Esta colet\u00e2nea de ensaios \u00e9 uma an\u00e1lise cr\u00edtica do livro Darkness in El Dorado: How Scientists and Journalists Devastated the Amazon (2001), de Patrick Tierney, que faz uma den\u00fancia s\u00e9ria sobre a pr\u00e1tica antropol\u00f3gica e de pesquisadores cient\u00edficos entre os ianom\u00e2mis na Amaz\u00f4nia venezuelana, de meados da d\u00e9cada de 1960 at\u00e9 meados da d\u00e9cada de 1990. O termo \u2018anthro(s)\u2019, que ocorre no t\u00edtulo e no ensaio, \u00e9 a forma abreviada de \u2018anthropologist(s)\u2019, utilizada pelos ind\u00edgenas (e, informalmente, no meio acad\u00eamico) para se referirem aos antrop\u00f3logos.<\/p>\n<p style=\"padding-left: 30px;\"><strong>Clifford Geertz<\/strong> <em>(S\u00e3o Francisco, 1926 \u2013 Filad\u00e9lfia, 2006) obteve seu Ph.D em Antropologia em 1949 e, desde ent\u00e3o, conduziu extensas pesquisas de campo, das quais se originaram seus livros, escritos essencialmente sob a forma de ensaio. Suas principais pesquisas ocorreram na Indon\u00e9sia e no Marrocos. Foi professor de Ci\u00eancias Sociais na C\u00e1tedra Harold F. Linder, no Institute for Advanced Study, Princeton, NJ \u2013 EUA e durante d\u00e9cadas considerado o antrop\u00f3logo mais influente dos Estados Unidos.<\/em><\/p>\n<p><strong>N\u00ba DE P\u00c1GINAS: 304<\/strong><\/p>\n<p>&nbsp;<\/p>\n<h3><strong><a href=\"http:\/\/franciscanos.org.br\/wp-content\/uploads\/2015\/06\/dimensoes.jpg\"><img loading=\"lazy\" class=\"alignleft size-full wp-image-89674\" src=\"http:\/\/franciscanos.org.br\/wp-content\/uploads\/2015\/06\/dimensoes.jpg\" alt=\"dimensoes\" width=\"200\" height=\"316\" \/><\/a>Dimens\u00f5es do cuidar \u2013 Uma vis\u00e3o integral<\/strong><\/h3>\n<p><strong>Jean-Yves Leloup e Roberto Crema (Coordenadores)<\/strong><\/p>\n<p>A presente obra re\u00fane colaboradores empenhados em desenvolver o cuidado como um processo de bem-estar psicossom\u00e1tico, social, ambiental e espiritual. Est\u00e1 \u00e9 uma tarefa que se estende a todos. Oferece uma vis\u00e3o hol\u00edstica da tem\u00e1tica da sa\u00fade e do cuidado como resposta \u00e0 convoca\u00e7\u00e3o feita h\u00e1 d\u00e9cadas para que todas as pessoas se transformem em agentes cuidadores da vida integral e do planeta.<\/p>\n<p>O col\u00e9gio Internacional dos Terapeutas (CIT), que congrega terapeutas empenhados na tarefa premente do cuidar do ser, fundamenta-se em 10 princ\u00edpios, que s\u00e3o: O postulado antropol\u00f3gico; A \u00e9tica da ben\u00e7\u00e3o; O sil\u00eancio; O estudo; A gratuidade; A reciclagem; O reconhecimento da incompletude; O anamnese essencial; O despertar da presen\u00e7a; A fraternidade.<\/p>\n<p><strong>Participam como autores das reflex\u00f5es aqui propostas:<\/strong>\u00a0<em>Acely G. Hovelacque; Alexandra Reschke; Dulce Magalh\u00e3es; F\u00e1tima Limaverde; Jacques van de Moortele; Jean-Yves Leloup; Kak\u00e1 Wer\u00e1; Marco Aur\u00e9lio Bilibio Carvalho; Marcos Arruda; Moacir Amaral; Regina Stella Quintas Fittipaldi; Roberto Crema; Thierry Genevay.<\/em><\/p>\n<p><strong>N\u00ba DE P\u00c1GINAS: 184<\/strong><\/p>\n<p>&nbsp;<\/p>\n<h3><strong><a href=\"http:\/\/franciscanos.org.br\/wp-content\/uploads\/2015\/06\/elogio.jpg\"><img loading=\"lazy\" class=\"alignleft size-full wp-image-89675\" src=\"http:\/\/franciscanos.org.br\/wp-content\/uploads\/2015\/06\/elogio.jpg\" alt=\"elogio\" width=\"200\" height=\"329\" \/><\/a>Elogio da loucura<\/strong><\/h3>\n<p><strong>Erasmo de Roterd\u00e3<\/strong><\/p>\n<p>Elogio da loucura \u00e9 considerada, hoje, uma das obras mais influentes sobre a literatura do mundo ocidental e um dos catalisadores da Reforma Protestante.<\/p>\n<p>O autor concebeu as grandes linhas desta obra durante suas viagens de trem entre a It\u00e1lia e a Alemanha, em seguida, revisou e desenvolveu seu trabalho, originalmente escrito em uma semana, durante sua estadia na resid\u00eancia de Thomas Morus (autor de Utopia), em Bucklersbury, Inglaterra. Para surpresa do pr\u00f3prio, a obra teve uma grande difus\u00e3o e conheceu um imediato sucesso e prest\u00edgio.<\/p>\n<p style=\"padding-left: 30px;\"><strong>Desid\u00e9rio Erasmo<\/strong> <em>nasceu em Roterd\u00e3 (Holanda) em 1466 e morreu na Basil\u00e9ia, Su\u00ed\u00e7a, em 1536. Famoso escritor humanista, cujas ideias marcaram o Renascimento, foi homem influente, de vasta cultura e forma\u00e7\u00e3o cat\u00f3lica, e um dos maiores cr\u00edticos do dogmatismo e da moral do clero. Entre seus escritos, de imagina\u00e7\u00e3o inteligente, clareza descritiva e estilo sat\u00edrico, destaca-se O Elogio da Loucura, escrito em 1509, um discurso em que a Loucura discorre com agudez e lucidez sobre assuntos cotidianos mostrando a limita\u00e7\u00e3o das ci\u00eancias e a insensatez da raz\u00e3o.<\/em><\/p>\n<p><strong>N\u00ba DE P\u00c1GINAS: 128<\/strong><\/p>\n","protected":false},"excerpt":{"rendered":"<p>Editora Vozes<\/p>\n","protected":false},"author":1,"featured_media":194592,"comment_status":"open","ping_status":"open","sticky":false,"template":"","format":"standard","meta":[],"categories":[1],"tags":[238],"acf":[],"yoast_head":"<!-- This site is optimized with the Yoast SEO plugin v19.2 - https:\/\/yoast.com\/wordpress\/plugins\/seo\/ -->\n<title>Lan\u00e7amentos da semana - Not\u00edcias - Franciscanos<\/title>\n<meta name=\"robots\" content=\"index, follow, max-snippet:-1, max-image-preview:large, max-video-preview:-1\" \/>\n<link rel=\"canonical\" href=\"https:\/\/franciscanos.org.br\/noticias\/lancamentos-da-semana-4.html\" \/>\n<meta property=\"og:locale\" content=\"pt_BR\" \/>\n<meta property=\"og:type\" content=\"article\" \/>\n<meta property=\"og:title\" content=\"Lan\u00e7amentos da semana - Not\u00edcias - Franciscanos\" \/>\n<meta property=\"og:description\" content=\"Editora Vozes\" \/>\n<meta property=\"og:url\" content=\"https:\/\/franciscanos.org.br\/noticias\/lancamentos-da-semana-4.html\" \/>\n<meta property=\"og:site_name\" content=\"Not\u00edcias - Franciscanos\" \/>\n<meta property=\"article:published_time\" content=\"2015-06-30T13:27:50+00:00\" \/>\n<meta property=\"article:modified_time\" content=\"2019-01-24T12:36:43+00:00\" \/>\n<meta property=\"og:image\" content=\"https:\/\/franciscanos.org.br\/noticias\/wp-content\/uploads\/2017\/11\/vozes.png\" \/>\n\t<meta property=\"og:image:width\" content=\"273\" \/>\n\t<meta property=\"og:image:height\" content=\"181\" \/>\n\t<meta property=\"og:image:type\" content=\"image\/png\" \/>\n<meta name=\"author\" content=\"admin\" \/>\n<meta name=\"twitter:card\" content=\"summary_large_image\" \/>\n<meta name=\"twitter:label1\" content=\"Escrito por\" \/>\n\t<meta name=\"twitter:data1\" content=\"admin\" \/>\n\t<meta name=\"twitter:label2\" content=\"Est. tempo de leitura\" \/>\n\t<meta name=\"twitter:data2\" content=\"6 minutos\" \/>\n<script type=\"application\/ld+json\" class=\"yoast-schema-graph\">{\"@context\":\"https:\/\/schema.org\",\"@graph\":[{\"@type\":\"WebSite\",\"@id\":\"https:\/\/franciscanos.org.br\/noticias\/#website\",\"url\":\"https:\/\/franciscanos.org.br\/noticias\/\",\"name\":\"Not\u00edcias - Franciscanos\",\"description\":\"Prov\u00edncia Franciscana da Imaculada Concei\u00e7\u00e3o do Brasil - Ordem dos Frades Menores - OFM\",\"potentialAction\":[{\"@type\":\"SearchAction\",\"target\":{\"@type\":\"EntryPoint\",\"urlTemplate\":\"https:\/\/franciscanos.org.br\/noticias\/?s={search_term_string}\"},\"query-input\":\"required name=search_term_string\"}],\"inLanguage\":\"pt-BR\"},{\"@type\":\"ImageObject\",\"inLanguage\":\"pt-BR\",\"@id\":\"https:\/\/franciscanos.org.br\/noticias\/lancamentos-da-semana-4.html#primaryimage\",\"url\":\"https:\/\/franciscanos.org.br\/noticias\/wp-content\/uploads\/2017\/11\/vozes.png\",\"contentUrl\":\"https:\/\/franciscanos.org.br\/noticias\/wp-content\/uploads\/2017\/11\/vozes.png\",\"width\":273,\"height\":181},{\"@type\":\"WebPage\",\"@id\":\"https:\/\/franciscanos.org.br\/noticias\/lancamentos-da-semana-4.html#webpage\",\"url\":\"https:\/\/franciscanos.org.br\/noticias\/lancamentos-da-semana-4.html\",\"name\":\"Lan\u00e7amentos da semana - Not\u00edcias - Franciscanos\",\"isPartOf\":{\"@id\":\"https:\/\/franciscanos.org.br\/noticias\/#website\"},\"primaryImageOfPage\":{\"@id\":\"https:\/\/franciscanos.org.br\/noticias\/lancamentos-da-semana-4.html#primaryimage\"},\"datePublished\":\"2015-06-30T13:27:50+00:00\",\"dateModified\":\"2019-01-24T12:36:43+00:00\",\"author\":{\"@id\":\"https:\/\/franciscanos.org.br\/noticias\/#\/schema\/person\/b38fbf43118f02820bd932f2e4b14ad3\"},\"breadcrumb\":{\"@id\":\"https:\/\/franciscanos.org.br\/noticias\/lancamentos-da-semana-4.html#breadcrumb\"},\"inLanguage\":\"pt-BR\",\"potentialAction\":[{\"@type\":\"ReadAction\",\"target\":[\"https:\/\/franciscanos.org.br\/noticias\/lancamentos-da-semana-4.html\"]}]},{\"@type\":\"BreadcrumbList\",\"@id\":\"https:\/\/franciscanos.org.br\/noticias\/lancamentos-da-semana-4.html#breadcrumb\",\"itemListElement\":[{\"@type\":\"ListItem\",\"position\":1,\"name\":\"Home\",\"item\":\"https:\/\/franciscanos.org.br\/noticias\"},{\"@type\":\"ListItem\",\"position\":2,\"name\":\"Lan\u00e7amentos da semana\"}]},{\"@type\":\"Person\",\"@id\":\"https:\/\/franciscanos.org.br\/noticias\/#\/schema\/person\/b38fbf43118f02820bd932f2e4b14ad3\",\"name\":\"admin\",\"image\":{\"@type\":\"ImageObject\",\"inLanguage\":\"pt-BR\",\"@id\":\"https:\/\/franciscanos.org.br\/noticias\/#\/schema\/person\/image\/\",\"url\":\"https:\/\/secure.gravatar.com\/avatar\/e8495742d34d0ba6448ea1c628263b3e?s=96&d=mm&r=g\",\"contentUrl\":\"https:\/\/secure.gravatar.com\/avatar\/e8495742d34d0ba6448ea1c628263b3e?s=96&d=mm&r=g\",\"caption\":\"admin\"},\"url\":\"https:\/\/franciscanos.org.br\/noticias\/author\/admin\"}]}<\/script>\n<!-- \/ Yoast SEO plugin. -->","yoast_head_json":{"title":"Lan\u00e7amentos da semana - Not\u00edcias - Franciscanos","robots":{"index":"index","follow":"follow","max-snippet":"max-snippet:-1","max-image-preview":"max-image-preview:large","max-video-preview":"max-video-preview:-1"},"canonical":"https:\/\/franciscanos.org.br\/noticias\/lancamentos-da-semana-4.html","og_locale":"pt_BR","og_type":"article","og_title":"Lan\u00e7amentos da semana - Not\u00edcias - Franciscanos","og_description":"Editora Vozes","og_url":"https:\/\/franciscanos.org.br\/noticias\/lancamentos-da-semana-4.html","og_site_name":"Not\u00edcias - Franciscanos","article_published_time":"2015-06-30T13:27:50+00:00","article_modified_time":"2019-01-24T12:36:43+00:00","og_image":[{"width":273,"height":181,"url":"https:\/\/franciscanos.org.br\/noticias\/wp-content\/uploads\/2017\/11\/vozes.png","type":"image\/png"}],"author":"admin","twitter_card":"summary_large_image","twitter_misc":{"Escrito por":"admin","Est. tempo de leitura":"6 minutos"},"schema":{"@context":"https:\/\/schema.org","@graph":[{"@type":"WebSite","@id":"https:\/\/franciscanos.org.br\/noticias\/#website","url":"https:\/\/franciscanos.org.br\/noticias\/","name":"Not\u00edcias - Franciscanos","description":"Prov\u00edncia Franciscana da Imaculada Concei\u00e7\u00e3o do Brasil - Ordem dos Frades Menores - OFM","potentialAction":[{"@type":"SearchAction","target":{"@type":"EntryPoint","urlTemplate":"https:\/\/franciscanos.org.br\/noticias\/?s={search_term_string}"},"query-input":"required name=search_term_string"}],"inLanguage":"pt-BR"},{"@type":"ImageObject","inLanguage":"pt-BR","@id":"https:\/\/franciscanos.org.br\/noticias\/lancamentos-da-semana-4.html#primaryimage","url":"https:\/\/franciscanos.org.br\/noticias\/wp-content\/uploads\/2017\/11\/vozes.png","contentUrl":"https:\/\/franciscanos.org.br\/noticias\/wp-content\/uploads\/2017\/11\/vozes.png","width":273,"height":181},{"@type":"WebPage","@id":"https:\/\/franciscanos.org.br\/noticias\/lancamentos-da-semana-4.html#webpage","url":"https:\/\/franciscanos.org.br\/noticias\/lancamentos-da-semana-4.html","name":"Lan\u00e7amentos da semana - Not\u00edcias - Franciscanos","isPartOf":{"@id":"https:\/\/franciscanos.org.br\/noticias\/#website"},"primaryImageOfPage":{"@id":"https:\/\/franciscanos.org.br\/noticias\/lancamentos-da-semana-4.html#primaryimage"},"datePublished":"2015-06-30T13:27:50+00:00","dateModified":"2019-01-24T12:36:43+00:00","author":{"@id":"https:\/\/franciscanos.org.br\/noticias\/#\/schema\/person\/b38fbf43118f02820bd932f2e4b14ad3"},"breadcrumb":{"@id":"https:\/\/franciscanos.org.br\/noticias\/lancamentos-da-semana-4.html#breadcrumb"},"inLanguage":"pt-BR","potentialAction":[{"@type":"ReadAction","target":["https:\/\/franciscanos.org.br\/noticias\/lancamentos-da-semana-4.html"]}]},{"@type":"BreadcrumbList","@id":"https:\/\/franciscanos.org.br\/noticias\/lancamentos-da-semana-4.html#breadcrumb","itemListElement":[{"@type":"ListItem","position":1,"name":"Home","item":"https:\/\/franciscanos.org.br\/noticias"},{"@type":"ListItem","position":2,"name":"Lan\u00e7amentos da semana"}]},{"@type":"Person","@id":"https:\/\/franciscanos.org.br\/noticias\/#\/schema\/person\/b38fbf43118f02820bd932f2e4b14ad3","name":"admin","image":{"@type":"ImageObject","inLanguage":"pt-BR","@id":"https:\/\/franciscanos.org.br\/noticias\/#\/schema\/person\/image\/","url":"https:\/\/secure.gravatar.com\/avatar\/e8495742d34d0ba6448ea1c628263b3e?s=96&d=mm&r=g","contentUrl":"https:\/\/secure.gravatar.com\/avatar\/e8495742d34d0ba6448ea1c628263b3e?s=96&d=mm&r=g","caption":"admin"},"url":"https:\/\/franciscanos.org.br\/noticias\/author\/admin"}]}},"_links":{"self":[{"href":"https:\/\/franciscanos.org.br\/noticias\/wp-json\/wp\/v2\/posts\/89669"}],"collection":[{"href":"https:\/\/franciscanos.org.br\/noticias\/wp-json\/wp\/v2\/posts"}],"about":[{"href":"https:\/\/franciscanos.org.br\/noticias\/wp-json\/wp\/v2\/types\/post"}],"author":[{"embeddable":true,"href":"https:\/\/franciscanos.org.br\/noticias\/wp-json\/wp\/v2\/users\/1"}],"replies":[{"embeddable":true,"href":"https:\/\/franciscanos.org.br\/noticias\/wp-json\/wp\/v2\/comments?post=89669"}],"version-history":[{"count":0,"href":"https:\/\/franciscanos.org.br\/noticias\/wp-json\/wp\/v2\/posts\/89669\/revisions"}],"wp:featuredmedia":[{"embeddable":true,"href":"https:\/\/franciscanos.org.br\/noticias\/wp-json\/wp\/v2\/media\/194592"}],"wp:attachment":[{"href":"https:\/\/franciscanos.org.br\/noticias\/wp-json\/wp\/v2\/media?parent=89669"}],"wp:term":[{"taxonomy":"category","embeddable":true,"href":"https:\/\/franciscanos.org.br\/noticias\/wp-json\/wp\/v2\/categories?post=89669"},{"taxonomy":"post_tag","embeddable":true,"href":"https:\/\/franciscanos.org.br\/noticias\/wp-json\/wp\/v2\/tags?post=89669"}],"curies":[{"name":"wp","href":"https:\/\/api.w.org\/{rel}","templated":true}]}}