{"id":89506,"date":"2015-06-26T11:23:38","date_gmt":"2015-06-26T14:23:38","guid":{"rendered":"http:\/\/franciscanos.org.br\/?p=89506"},"modified":"2019-02-27T11:54:52","modified_gmt":"2019-02-27T14:54:52","slug":"o-encanto-dos-homens-bons","status":"publish","type":"post","link":"https:\/\/franciscanos.org.br\/noticias\/o-encanto-dos-homens-bons.html","title":{"rendered":"Solenidade de Pedro e Paulo: O encanto dos homens bons"},"content":{"rendered":"<p><img loading=\"lazy\" class=\"alignnone size-full wp-image-196612\" src=\"https:\/\/franciscanos.org.br\/noticias\/wp-content\/uploads\/2015\/06\/pedro_paulo.jpg\" alt=\"\" width=\"820\" height=\"385\" srcset=\"https:\/\/franciscanos.org.br\/noticias\/wp-content\/uploads\/2015\/06\/pedro_paulo.jpg 820w, https:\/\/franciscanos.org.br\/noticias\/wp-content\/uploads\/2015\/06\/pedro_paulo-450x211.jpg 450w, https:\/\/franciscanos.org.br\/noticias\/wp-content\/uploads\/2015\/06\/pedro_paulo-768x361.jpg 768w, https:\/\/franciscanos.org.br\/noticias\/wp-content\/uploads\/2015\/06\/pedro_paulo-150x70.jpg 150w\" sizes=\"(max-width: 820px) 100vw, 820px\" \/><\/p>\n<p><strong>Frei Gustavo Medella<\/strong><\/p>\n<p>\u201cO correr da vida embrulha tudo.\u00a0A vida \u00e9 assim: esquenta e esfria,\u00a0aperta e da\u00ed afrouxa, sossega e depois desinquieta. O que ela quer da gente \u00e9 coragem.\u201d \u2013 Guimar\u00e3es Rosa, em\u00a0<em>Grande Sert\u00e3o<\/em>: veredas.<\/p>\n<p>Coragem. Eis a virtude que n\u00e3o falta nos dois personagens celebrados na liturgia deste domingo: S\u00e3o Pedro e S\u00e3o Paulo. Verdadeiros her\u00f3is, n\u00e3o sa\u00eddos das hist\u00f3rias em quadrinhos, mas forjados nas duras consequ\u00eancias de terem assumido o seguimento de Cristo. Persegui\u00e7\u00e3o, incompreens\u00e3o, dificuldades materiais, pris\u00f5es, a\u00e7oites, longas viagens a p\u00e9, conflitos para administrar. Tiveram suas reca\u00eddas: Paulo perseguia impiedosamente os crist\u00e3os; Pedro negou Jesus por tr\u00eas vezes e chegou a ser chamado de \u201cSatan\u00e1s\u201d pelo mestre. Mostraram-se humanos, demasiadamente humanos. Talvez a\u00ed habite a firmeza e a seguran\u00e7a que estes homens at\u00e9 hoje transmitem \u00e0 Igreja. Chegaram ao mart\u00edrio: Pedro, crucificado, e Paulo, decapitado. Um pela cruz; outro pela espada. Mesmo entre uma e outra, jamais ficaram \u201cem cima do muro\u201d. Souberam decidir e entregaram-se sem reserva.<\/p>\n<p>Pedro e Paulo d\u00e3o a dimens\u00e3o de qu\u00e3o exigente \u00e9 o caminho do seguimento de Jesus. Servem de est\u00edmulo a todos os que decidem abra\u00e7ar com a vida e o cora\u00e7\u00e3o esta aventura. Mostram que a resposta \u00e0 pergunta do Mestre &#8211; \u201cE v\u00f3s, quem dizeis que eu sou?\u201d &#8211; \u00e9 dada e reafirmada dia a dia, por palavras e atitudes, numa senten\u00e7a assinada com o sangue, se necess\u00e1rio for. Tornaram-se grandes e se eternizaram, confirmando a m\u00e1xima liter\u00e1ria do mesmo Guimar\u00e3es Rosa com quem abrimos esta reflex\u00e3o: \u201cOs homens bons n\u00e3o morrem. Ficam encantados\u201d.<\/p>\n","protected":false},"excerpt":{"rendered":"<p>Liturgia dominical<\/p>\n","protected":false},"author":1,"featured_media":200723,"comment_status":"open","ping_status":"open","sticky":false,"template":"","format":"standard","meta":[],"categories":[1],"tags":[537],"acf":[],"yoast_head":"<!-- This site is optimized with the Yoast SEO plugin v19.2 - https:\/\/yoast.com\/wordpress\/plugins\/seo\/ -->\n<title>Solenidade de Pedro e Paulo: O encanto dos homens bons - Not\u00edcias - Franciscanos<\/title>\n<meta name=\"robots\" content=\"index, follow, max-snippet:-1, max-image-preview:large, max-video-preview:-1\" \/>\n<link rel=\"canonical\" href=\"https:\/\/franciscanos.org.br\/noticias\/o-encanto-dos-homens-bons.html\" \/>\n<meta property=\"og:locale\" content=\"pt_BR\" \/>\n<meta property=\"og:type\" content=\"article\" \/>\n<meta property=\"og:title\" content=\"Solenidade de Pedro e Paulo: O encanto dos homens bons - Not\u00edcias - Franciscanos\" \/>\n<meta property=\"og:description\" content=\"Liturgia dominical\" \/>\n<meta property=\"og:url\" content=\"https:\/\/franciscanos.org.br\/noticias\/o-encanto-dos-homens-bons.html\" \/>\n<meta property=\"og:site_name\" content=\"Not\u00edcias - Franciscanos\" \/>\n<meta property=\"article:published_time\" content=\"2015-06-26T14:23:38+00:00\" \/>\n<meta property=\"article:modified_time\" content=\"2019-02-27T14:54:52+00:00\" \/>\n<meta property=\"og:image\" content=\"https:\/\/franciscanos.org.br\/noticias\/wp-content\/uploads\/2015\/06\/pedro_paulo-1.jpg\" \/>\n\t<meta property=\"og:image:width\" content=\"273\" \/>\n\t<meta property=\"og:image:height\" content=\"181\" \/>\n\t<meta property=\"og:image:type\" content=\"image\/jpeg\" \/>\n<meta name=\"author\" content=\"admin\" \/>\n<meta name=\"twitter:card\" content=\"summary_large_image\" \/>\n<meta name=\"twitter:label1\" content=\"Escrito por\" \/>\n\t<meta name=\"twitter:data1\" content=\"admin\" \/>\n\t<meta name=\"twitter:label2\" content=\"Est. tempo de leitura\" \/>\n\t<meta name=\"twitter:data2\" content=\"1 minuto\" \/>\n<script type=\"application\/ld+json\" class=\"yoast-schema-graph\">{\"@context\":\"https:\/\/schema.org\",\"@graph\":[{\"@type\":\"WebSite\",\"@id\":\"https:\/\/franciscanos.org.br\/noticias\/#website\",\"url\":\"https:\/\/franciscanos.org.br\/noticias\/\",\"name\":\"Not\u00edcias - Franciscanos\",\"description\":\"Prov\u00edncia Franciscana da Imaculada Concei\u00e7\u00e3o do Brasil - Ordem dos Frades Menores - OFM\",\"potentialAction\":[{\"@type\":\"SearchAction\",\"target\":{\"@type\":\"EntryPoint\",\"urlTemplate\":\"https:\/\/franciscanos.org.br\/noticias\/?s={search_term_string}\"},\"query-input\":\"required name=search_term_string\"}],\"inLanguage\":\"pt-BR\"},{\"@type\":\"ImageObject\",\"inLanguage\":\"pt-BR\",\"@id\":\"https:\/\/franciscanos.org.br\/noticias\/o-encanto-dos-homens-bons.html#primaryimage\",\"url\":\"https:\/\/franciscanos.org.br\/noticias\/wp-content\/uploads\/2015\/06\/pedro_paulo-1.jpg\",\"contentUrl\":\"https:\/\/franciscanos.org.br\/noticias\/wp-content\/uploads\/2015\/06\/pedro_paulo-1.jpg\",\"width\":273,\"height\":181},{\"@type\":\"WebPage\",\"@id\":\"https:\/\/franciscanos.org.br\/noticias\/o-encanto-dos-homens-bons.html#webpage\",\"url\":\"https:\/\/franciscanos.org.br\/noticias\/o-encanto-dos-homens-bons.html\",\"name\":\"Solenidade de Pedro e Paulo: O encanto dos homens bons - Not\u00edcias - Franciscanos\",\"isPartOf\":{\"@id\":\"https:\/\/franciscanos.org.br\/noticias\/#website\"},\"primaryImageOfPage\":{\"@id\":\"https:\/\/franciscanos.org.br\/noticias\/o-encanto-dos-homens-bons.html#primaryimage\"},\"datePublished\":\"2015-06-26T14:23:38+00:00\",\"dateModified\":\"2019-02-27T14:54:52+00:00\",\"author\":{\"@id\":\"https:\/\/franciscanos.org.br\/noticias\/#\/schema\/person\/b38fbf43118f02820bd932f2e4b14ad3\"},\"breadcrumb\":{\"@id\":\"https:\/\/franciscanos.org.br\/noticias\/o-encanto-dos-homens-bons.html#breadcrumb\"},\"inLanguage\":\"pt-BR\",\"potentialAction\":[{\"@type\":\"ReadAction\",\"target\":[\"https:\/\/franciscanos.org.br\/noticias\/o-encanto-dos-homens-bons.html\"]}]},{\"@type\":\"BreadcrumbList\",\"@id\":\"https:\/\/franciscanos.org.br\/noticias\/o-encanto-dos-homens-bons.html#breadcrumb\",\"itemListElement\":[{\"@type\":\"ListItem\",\"position\":1,\"name\":\"Home\",\"item\":\"https:\/\/franciscanos.org.br\/noticias\"},{\"@type\":\"ListItem\",\"position\":2,\"name\":\"Solenidade de Pedro e Paulo: O encanto dos homens bons\"}]},{\"@type\":\"Person\",\"@id\":\"https:\/\/franciscanos.org.br\/noticias\/#\/schema\/person\/b38fbf43118f02820bd932f2e4b14ad3\",\"name\":\"admin\",\"image\":{\"@type\":\"ImageObject\",\"inLanguage\":\"pt-BR\",\"@id\":\"https:\/\/franciscanos.org.br\/noticias\/#\/schema\/person\/image\/\",\"url\":\"https:\/\/secure.gravatar.com\/avatar\/e8495742d34d0ba6448ea1c628263b3e?s=96&d=mm&r=g\",\"contentUrl\":\"https:\/\/secure.gravatar.com\/avatar\/e8495742d34d0ba6448ea1c628263b3e?s=96&d=mm&r=g\",\"caption\":\"admin\"},\"url\":\"https:\/\/franciscanos.org.br\/noticias\/author\/admin\"}]}<\/script>\n<!-- \/ Yoast SEO plugin. -->","yoast_head_json":{"title":"Solenidade de Pedro e Paulo: O encanto dos homens bons - Not\u00edcias - Franciscanos","robots":{"index":"index","follow":"follow","max-snippet":"max-snippet:-1","max-image-preview":"max-image-preview:large","max-video-preview":"max-video-preview:-1"},"canonical":"https:\/\/franciscanos.org.br\/noticias\/o-encanto-dos-homens-bons.html","og_locale":"pt_BR","og_type":"article","og_title":"Solenidade de Pedro e Paulo: O encanto dos homens bons - Not\u00edcias - Franciscanos","og_description":"Liturgia dominical","og_url":"https:\/\/franciscanos.org.br\/noticias\/o-encanto-dos-homens-bons.html","og_site_name":"Not\u00edcias - Franciscanos","article_published_time":"2015-06-26T14:23:38+00:00","article_modified_time":"2019-02-27T14:54:52+00:00","og_image":[{"width":273,"height":181,"url":"https:\/\/franciscanos.org.br\/noticias\/wp-content\/uploads\/2015\/06\/pedro_paulo-1.jpg","type":"image\/jpeg"}],"author":"admin","twitter_card":"summary_large_image","twitter_misc":{"Escrito por":"admin","Est. tempo de leitura":"1 minuto"},"schema":{"@context":"https:\/\/schema.org","@graph":[{"@type":"WebSite","@id":"https:\/\/franciscanos.org.br\/noticias\/#website","url":"https:\/\/franciscanos.org.br\/noticias\/","name":"Not\u00edcias - Franciscanos","description":"Prov\u00edncia Franciscana da Imaculada Concei\u00e7\u00e3o do Brasil - Ordem dos Frades Menores - OFM","potentialAction":[{"@type":"SearchAction","target":{"@type":"EntryPoint","urlTemplate":"https:\/\/franciscanos.org.br\/noticias\/?s={search_term_string}"},"query-input":"required name=search_term_string"}],"inLanguage":"pt-BR"},{"@type":"ImageObject","inLanguage":"pt-BR","@id":"https:\/\/franciscanos.org.br\/noticias\/o-encanto-dos-homens-bons.html#primaryimage","url":"https:\/\/franciscanos.org.br\/noticias\/wp-content\/uploads\/2015\/06\/pedro_paulo-1.jpg","contentUrl":"https:\/\/franciscanos.org.br\/noticias\/wp-content\/uploads\/2015\/06\/pedro_paulo-1.jpg","width":273,"height":181},{"@type":"WebPage","@id":"https:\/\/franciscanos.org.br\/noticias\/o-encanto-dos-homens-bons.html#webpage","url":"https:\/\/franciscanos.org.br\/noticias\/o-encanto-dos-homens-bons.html","name":"Solenidade de Pedro e Paulo: O encanto dos homens bons - Not\u00edcias - Franciscanos","isPartOf":{"@id":"https:\/\/franciscanos.org.br\/noticias\/#website"},"primaryImageOfPage":{"@id":"https:\/\/franciscanos.org.br\/noticias\/o-encanto-dos-homens-bons.html#primaryimage"},"datePublished":"2015-06-26T14:23:38+00:00","dateModified":"2019-02-27T14:54:52+00:00","author":{"@id":"https:\/\/franciscanos.org.br\/noticias\/#\/schema\/person\/b38fbf43118f02820bd932f2e4b14ad3"},"breadcrumb":{"@id":"https:\/\/franciscanos.org.br\/noticias\/o-encanto-dos-homens-bons.html#breadcrumb"},"inLanguage":"pt-BR","potentialAction":[{"@type":"ReadAction","target":["https:\/\/franciscanos.org.br\/noticias\/o-encanto-dos-homens-bons.html"]}]},{"@type":"BreadcrumbList","@id":"https:\/\/franciscanos.org.br\/noticias\/o-encanto-dos-homens-bons.html#breadcrumb","itemListElement":[{"@type":"ListItem","position":1,"name":"Home","item":"https:\/\/franciscanos.org.br\/noticias"},{"@type":"ListItem","position":2,"name":"Solenidade de Pedro e Paulo: O encanto dos homens bons"}]},{"@type":"Person","@id":"https:\/\/franciscanos.org.br\/noticias\/#\/schema\/person\/b38fbf43118f02820bd932f2e4b14ad3","name":"admin","image":{"@type":"ImageObject","inLanguage":"pt-BR","@id":"https:\/\/franciscanos.org.br\/noticias\/#\/schema\/person\/image\/","url":"https:\/\/secure.gravatar.com\/avatar\/e8495742d34d0ba6448ea1c628263b3e?s=96&d=mm&r=g","contentUrl":"https:\/\/secure.gravatar.com\/avatar\/e8495742d34d0ba6448ea1c628263b3e?s=96&d=mm&r=g","caption":"admin"},"url":"https:\/\/franciscanos.org.br\/noticias\/author\/admin"}]}},"_links":{"self":[{"href":"https:\/\/franciscanos.org.br\/noticias\/wp-json\/wp\/v2\/posts\/89506"}],"collection":[{"href":"https:\/\/franciscanos.org.br\/noticias\/wp-json\/wp\/v2\/posts"}],"about":[{"href":"https:\/\/franciscanos.org.br\/noticias\/wp-json\/wp\/v2\/types\/post"}],"author":[{"embeddable":true,"href":"https:\/\/franciscanos.org.br\/noticias\/wp-json\/wp\/v2\/users\/1"}],"replies":[{"embeddable":true,"href":"https:\/\/franciscanos.org.br\/noticias\/wp-json\/wp\/v2\/comments?post=89506"}],"version-history":[{"count":0,"href":"https:\/\/franciscanos.org.br\/noticias\/wp-json\/wp\/v2\/posts\/89506\/revisions"}],"wp:featuredmedia":[{"embeddable":true,"href":"https:\/\/franciscanos.org.br\/noticias\/wp-json\/wp\/v2\/media\/200723"}],"wp:attachment":[{"href":"https:\/\/franciscanos.org.br\/noticias\/wp-json\/wp\/v2\/media?parent=89506"}],"wp:term":[{"taxonomy":"category","embeddable":true,"href":"https:\/\/franciscanos.org.br\/noticias\/wp-json\/wp\/v2\/categories?post=89506"},{"taxonomy":"post_tag","embeddable":true,"href":"https:\/\/franciscanos.org.br\/noticias\/wp-json\/wp\/v2\/tags?post=89506"}],"curies":[{"name":"wp","href":"https:\/\/api.w.org\/{rel}","templated":true}]}}