{"id":89476,"date":"2015-06-26T10:14:42","date_gmt":"2015-06-26T13:14:42","guid":{"rendered":"http:\/\/franciscanos.org.br\/?p=89476"},"modified":"2020-06-10T14:39:00","modified_gmt":"2020-06-10T17:39:00","slug":"casa-bom-samaritano-e-inaugurada-com-grande-festa","status":"publish","type":"post","link":"https:\/\/franciscanos.org.br\/noticias\/casa-bom-samaritano-e-inaugurada-com-grande-festa.html","title":{"rendered":"Casa Bom Samaritano \u00e9 inaugurada com grande festa"},"content":{"rendered":"<p><a href=\"http:\/\/franciscanos.org.br\/wp-content\/uploads\/2015\/06\/duque-820.jpg\"><img loading=\"lazy\" src=\"http:\/\/franciscanos.org.br\/wp-content\/uploads\/2015\/06\/duque-820.jpg\" alt=\"duque-820\" width=\"820\" height=\"431\" \/><\/a><\/p>\n<p>A Diocese de Duque de Caxias inaugurou, no \u00faltimo s\u00e1bado, a &#8216;Casa de Conviv\u00eancia das Pastorais Sociais Bom Samaritano&#8217;, no bairro Beira Mar, Cidade de Duque de Caxias, Baixada Fluminense do Estado do Rio de Janeiro. O espa\u00e7o foi inaugurado com a santa missa presidida pelo bispo diocesano, Dom Tarc\u00edsio Nascentes dos Santos, e concelebrada pelos padres da diocese Julio Ger\u00f4ncio e Jos\u00e9 Policarpo; e pelo padre M\u00e1rio Geremia, mission\u00e1rio escalabrianiano e assessor da Pastoral do Migrantes da Arquidiocese do Rio de Janeiro, e pelos di\u00e1conos Manuel Raimundo, Raimundo Siebra e Sebasti\u00e3o Bernardino.<\/p>\n<p>A &#8216;Casa Bom Samaritano&#8217; foi criada pela diocese para funcionar como um centro de conviv\u00eancia e articula\u00e7\u00e3o das pastorais sociais e organismos que desenvolvem a\u00e7\u00f5es espec\u00edficas no campo sociopol\u00edtico, al\u00e9m da realiza\u00e7\u00e3o de atividades de forma\u00e7\u00e3o, retiros espirituais e para o atendimento e encaminhamento de pessoas que necessitam de assist\u00eancia social. A casa tem como lema &#8216;informar, formar, articular e transformar&#8217; e contar\u00e1 com plant\u00f5es de atendimento durante toda a semana com as diferentes pastorais sociais que atuam na diocese.<\/p>\n<p><a href=\"http:\/\/franciscanos.org.br\/wp-content\/uploads\/2015\/06\/duque-02.jpg\"><img loading=\"lazy\" class=\"alignright wp-image-89479 \" src=\"http:\/\/franciscanos.org.br\/wp-content\/uploads\/2015\/06\/duque-02.jpg\" alt=\"duque-02\" width=\"479\" height=\"404\" \/><\/a>Em sua homilia, Dom Tarcisio Nascentes destacou a import\u00e2ncia da articula\u00e7\u00e3o entre as urg\u00eancias definidas pelas Diretrizes da A\u00e7\u00e3o Evangelizadora da Igreja no Brasil (2015-2019) aprovadas, neste ano, pela Confer\u00eancia Nacional dos Bispos do Brasil e o empenho da a\u00e7\u00e3o social diocesana que n\u00e3o \u00e9 consequ\u00eancia de uma ideologia, mas do nosso encontro com o Senhor\u00a0 Jesus atrav\u00e9s da eucaristia. O prelado fez men\u00e7\u00e3o a Exorta\u00e7\u00e3o Apost\u00f3lica\u00a0Evangelii Gaudium (do latim, Alegria do Evangelho), do Papa Francisco, bem como a outros documentos do papa em\u00e9rito Bento XVI e de S\u00e3o Jo\u00e3o Paulo II, para destacar a dimens\u00e3o social da Evangeliza\u00e7\u00e3o que torna o Reino de Deus presente no mundo.<\/p>\n<p>Antes do encerramento da missa, Dom Tarc\u00edsio aben\u00e7ou a nova capela do Sant\u00edssimo Sacramento e as depend\u00eancias da Casa Bom Samaritano. Ap\u00f3s a b\u00ean\u00e7\u00e3o final os presentes foram brindados com uma recep\u00e7\u00e3o contendo doces, salgados e sucos preparados com receitas da Pastoral da Crian\u00e7a.<\/p>\n<p>A Fraternidade Santo Ant\u00f4nio, vinculada \u00e0 Ordem Franciscana Secular do Brasil esteve presente a missa inaugural, pois, h\u00e1 um ano, o Servi\u00e7o Franciscano de Atendimento e Prote\u00e7\u00e3o \u00e0 Popula\u00e7\u00e3o em Situa\u00e7\u00e3o de Rua, que atua junto aos moradores em situa\u00e7\u00e3o de rua do Centro de Duque de Caxias (RJ). A fraternidade promove, quinzenalmente, em parceria com a Pastoral do Povo da Rua (PPR), jantares para promover o conv\u00edvio e a solidariedade visando fortalecer os v\u00ednculos afetivos sejam eles familiares e\/ou comunit\u00e1rios dessas pessoas, oferecendo servi\u00e7os de qualidade que promovam a dignidade humana.<\/p>\n<p>O servi\u00e7o tem como objetivo contribuir para a conscientiza\u00e7\u00e3o, mobiliza\u00e7\u00e3o e organiza\u00e7\u00e3o da popula\u00e7\u00e3o em situa\u00e7\u00e3o de rua contra a\u00e7\u00f5es violentas e discriminat\u00f3rias e propor a elabora\u00e7\u00e3o de pol\u00edticas p\u00fablicas que efetivem seus direitos sociais. Para isso, o servi\u00e7o busca apoiar a pr\u00e1tica da cidadania, enfatizar a participa\u00e7\u00e3o em movimentos sociais e outros espa\u00e7os de interven\u00e7\u00e3o em pol\u00edticas p\u00fablicas. Busca-se ainda promover a\u00e7\u00f5es de respeito \u00e0s pessoas em situa\u00e7\u00e3o de rua, aplicando uma metodologia participativa e fortalecendo a espiritualidade dentro da m\u00edstica franciscana.<\/p>\n<p>Al\u00e9m dos jantares e do dos momentos de conv\u00edvio, a fraternidade tem debatido pol\u00edticas p\u00fablicas na cidade como a cria\u00e7\u00e3o do Comit\u00ea Intersetorial de Acompanhamento e Monitoramento da Popula\u00e7\u00e3o em Situa\u00e7\u00e3o de Rua, previsto no Decreto Federal n\u00ba. 7053, de 23 de dezembro de 2009, que institui a Pol\u00edtica Nacional em Situa\u00e7\u00e3o de Rua. A Pol\u00edtica Nacional \u00e9 estruturada pelo princ\u00edpio da igualdade, expresso na Constitui\u00e7\u00e3o Brasileira, e define a necessidade de a\u00e7\u00f5es articuladas entre todas as \u00e1reas do governo, para que sejam implementadas a\u00e7\u00f5es efetivas que possibilitem a constru\u00e7\u00e3o da autonomia das pessoas em situa\u00e7\u00e3o de rua.<\/p>\n<p>Entre as defini\u00e7\u00f5es da Pol\u00edtica Nacional est\u00e1 a inclus\u00e3o dessas pessoas no Cadastro \u00danico para Programas Sociais, para viabilizar a implementa\u00e7\u00e3o de pol\u00edticas sociais voltadas para o atendimento dessa popula\u00e7\u00e3o. Essa pol\u00edtica, garante ainda, o acesso amplo, simplificado e seguro aos servi\u00e7os e programas que integram as pol\u00edticas p\u00fablicas de sa\u00fade, educa\u00e7\u00e3o, previd\u00eancia, assist\u00eancia social, moradia, seguran\u00e7a, cultura, esporte, lazer, trabalho e renda.<\/p>\n<p>Al\u00e9m do Servi\u00e7o Franciscano de Atendimento e Prote\u00e7\u00e3o \u00e0 Popula\u00e7\u00e3o em Situa\u00e7\u00e3o de Rua, o espa\u00e7o contar\u00e1 com os seguintes organismos diocesanos: Pastoral da DST\/AIDS, Pastoral Oper\u00e1ria, Pastoral da Sa\u00fade, Pastoral da Crian\u00e7a, Pastoral Carcer\u00e1ria e a Pastoral do Povo da Rua. As reuni\u00f5es gerais mensais ser\u00e3o realizadas no 3\u00ba s\u00e1bado, das 15h00 \u00e0s 17h00.<\/p>\n<p><em>A &#8216;Casa Bom Samaritano&#8217; fica na Rua Jo\u00e3o Petras de Barro, 86, bairro Beira Mar (atr\u00e1s do CINETRAN, na Rodovia Presidente Washington Lu\u00eds), Duque de Caxias (RJ).<\/em><\/p>\n","protected":false},"excerpt":{"rendered":"<p>OFS de Duque de Caxias<\/p>\n","protected":false},"author":1,"featured_media":220273,"comment_status":"open","ping_status":"open","sticky":false,"template":"","format":"standard","meta":[],"categories":[1],"tags":[60],"acf":[],"yoast_head":"<!-- This site is optimized with the Yoast SEO plugin v19.2 - https:\/\/yoast.com\/wordpress\/plugins\/seo\/ -->\n<title>Casa Bom Samaritano \u00e9 inaugurada com grande festa - Not\u00edcias - Franciscanos<\/title>\n<meta name=\"robots\" content=\"index, follow, max-snippet:-1, max-image-preview:large, max-video-preview:-1\" \/>\n<link rel=\"canonical\" href=\"https:\/\/franciscanos.org.br\/noticias\/casa-bom-samaritano-e-inaugurada-com-grande-festa.html\" \/>\n<meta property=\"og:locale\" content=\"pt_BR\" \/>\n<meta property=\"og:type\" content=\"article\" \/>\n<meta property=\"og:title\" content=\"Casa Bom Samaritano \u00e9 inaugurada com grande festa - Not\u00edcias - Franciscanos\" \/>\n<meta property=\"og:description\" content=\"OFS de Duque de Caxias\" \/>\n<meta property=\"og:url\" content=\"https:\/\/franciscanos.org.br\/noticias\/casa-bom-samaritano-e-inaugurada-com-grande-festa.html\" \/>\n<meta property=\"og:site_name\" content=\"Not\u00edcias - Franciscanos\" \/>\n<meta property=\"article:published_time\" content=\"2015-06-26T13:14:42+00:00\" \/>\n<meta property=\"article:modified_time\" content=\"2020-06-10T17:39:00+00:00\" \/>\n<meta property=\"og:image\" content=\"https:\/\/franciscanos.org.br\/noticias\/wp-content\/uploads\/2015\/06\/duque-820-1.jpg\" \/>\n\t<meta property=\"og:image:width\" content=\"273\" \/>\n\t<meta property=\"og:image:height\" content=\"181\" \/>\n\t<meta property=\"og:image:type\" content=\"image\/jpeg\" \/>\n<meta name=\"author\" content=\"admin\" \/>\n<meta name=\"twitter:card\" content=\"summary_large_image\" \/>\n<meta name=\"twitter:label1\" content=\"Escrito por\" \/>\n\t<meta name=\"twitter:data1\" content=\"admin\" \/>\n\t<meta name=\"twitter:label2\" content=\"Est. tempo de leitura\" \/>\n\t<meta name=\"twitter:data2\" content=\"4 minutos\" \/>\n<script type=\"application\/ld+json\" class=\"yoast-schema-graph\">{\"@context\":\"https:\/\/schema.org\",\"@graph\":[{\"@type\":\"WebSite\",\"@id\":\"https:\/\/franciscanos.org.br\/noticias\/#website\",\"url\":\"https:\/\/franciscanos.org.br\/noticias\/\",\"name\":\"Not\u00edcias - Franciscanos\",\"description\":\"Prov\u00edncia Franciscana da Imaculada Concei\u00e7\u00e3o do Brasil - Ordem dos Frades Menores - OFM\",\"potentialAction\":[{\"@type\":\"SearchAction\",\"target\":{\"@type\":\"EntryPoint\",\"urlTemplate\":\"https:\/\/franciscanos.org.br\/noticias\/?s={search_term_string}\"},\"query-input\":\"required name=search_term_string\"}],\"inLanguage\":\"pt-BR\"},{\"@type\":\"ImageObject\",\"inLanguage\":\"pt-BR\",\"@id\":\"https:\/\/franciscanos.org.br\/noticias\/casa-bom-samaritano-e-inaugurada-com-grande-festa.html#primaryimage\",\"url\":\"https:\/\/franciscanos.org.br\/noticias\/wp-content\/uploads\/2015\/06\/duque-820-1.jpg\",\"contentUrl\":\"https:\/\/franciscanos.org.br\/noticias\/wp-content\/uploads\/2015\/06\/duque-820-1.jpg\",\"width\":273,\"height\":181},{\"@type\":\"WebPage\",\"@id\":\"https:\/\/franciscanos.org.br\/noticias\/casa-bom-samaritano-e-inaugurada-com-grande-festa.html#webpage\",\"url\":\"https:\/\/franciscanos.org.br\/noticias\/casa-bom-samaritano-e-inaugurada-com-grande-festa.html\",\"name\":\"Casa Bom Samaritano \u00e9 inaugurada com grande festa - Not\u00edcias - Franciscanos\",\"isPartOf\":{\"@id\":\"https:\/\/franciscanos.org.br\/noticias\/#website\"},\"primaryImageOfPage\":{\"@id\":\"https:\/\/franciscanos.org.br\/noticias\/casa-bom-samaritano-e-inaugurada-com-grande-festa.html#primaryimage\"},\"datePublished\":\"2015-06-26T13:14:42+00:00\",\"dateModified\":\"2020-06-10T17:39:00+00:00\",\"author\":{\"@id\":\"https:\/\/franciscanos.org.br\/noticias\/#\/schema\/person\/b38fbf43118f02820bd932f2e4b14ad3\"},\"breadcrumb\":{\"@id\":\"https:\/\/franciscanos.org.br\/noticias\/casa-bom-samaritano-e-inaugurada-com-grande-festa.html#breadcrumb\"},\"inLanguage\":\"pt-BR\",\"potentialAction\":[{\"@type\":\"ReadAction\",\"target\":[\"https:\/\/franciscanos.org.br\/noticias\/casa-bom-samaritano-e-inaugurada-com-grande-festa.html\"]}]},{\"@type\":\"BreadcrumbList\",\"@id\":\"https:\/\/franciscanos.org.br\/noticias\/casa-bom-samaritano-e-inaugurada-com-grande-festa.html#breadcrumb\",\"itemListElement\":[{\"@type\":\"ListItem\",\"position\":1,\"name\":\"Home\",\"item\":\"https:\/\/franciscanos.org.br\/noticias\"},{\"@type\":\"ListItem\",\"position\":2,\"name\":\"Casa Bom Samaritano \u00e9 inaugurada com grande festa\"}]},{\"@type\":\"Person\",\"@id\":\"https:\/\/franciscanos.org.br\/noticias\/#\/schema\/person\/b38fbf43118f02820bd932f2e4b14ad3\",\"name\":\"admin\",\"image\":{\"@type\":\"ImageObject\",\"inLanguage\":\"pt-BR\",\"@id\":\"https:\/\/franciscanos.org.br\/noticias\/#\/schema\/person\/image\/\",\"url\":\"https:\/\/secure.gravatar.com\/avatar\/e8495742d34d0ba6448ea1c628263b3e?s=96&d=mm&r=g\",\"contentUrl\":\"https:\/\/secure.gravatar.com\/avatar\/e8495742d34d0ba6448ea1c628263b3e?s=96&d=mm&r=g\",\"caption\":\"admin\"},\"url\":\"https:\/\/franciscanos.org.br\/noticias\/author\/admin\"}]}<\/script>\n<!-- \/ Yoast SEO plugin. -->","yoast_head_json":{"title":"Casa Bom Samaritano \u00e9 inaugurada com grande festa - Not\u00edcias - Franciscanos","robots":{"index":"index","follow":"follow","max-snippet":"max-snippet:-1","max-image-preview":"max-image-preview:large","max-video-preview":"max-video-preview:-1"},"canonical":"https:\/\/franciscanos.org.br\/noticias\/casa-bom-samaritano-e-inaugurada-com-grande-festa.html","og_locale":"pt_BR","og_type":"article","og_title":"Casa Bom Samaritano \u00e9 inaugurada com grande festa - Not\u00edcias - Franciscanos","og_description":"OFS de Duque de Caxias","og_url":"https:\/\/franciscanos.org.br\/noticias\/casa-bom-samaritano-e-inaugurada-com-grande-festa.html","og_site_name":"Not\u00edcias - Franciscanos","article_published_time":"2015-06-26T13:14:42+00:00","article_modified_time":"2020-06-10T17:39:00+00:00","og_image":[{"width":273,"height":181,"url":"https:\/\/franciscanos.org.br\/noticias\/wp-content\/uploads\/2015\/06\/duque-820-1.jpg","type":"image\/jpeg"}],"author":"admin","twitter_card":"summary_large_image","twitter_misc":{"Escrito por":"admin","Est. tempo de leitura":"4 minutos"},"schema":{"@context":"https:\/\/schema.org","@graph":[{"@type":"WebSite","@id":"https:\/\/franciscanos.org.br\/noticias\/#website","url":"https:\/\/franciscanos.org.br\/noticias\/","name":"Not\u00edcias - Franciscanos","description":"Prov\u00edncia Franciscana da Imaculada Concei\u00e7\u00e3o do Brasil - Ordem dos Frades Menores - OFM","potentialAction":[{"@type":"SearchAction","target":{"@type":"EntryPoint","urlTemplate":"https:\/\/franciscanos.org.br\/noticias\/?s={search_term_string}"},"query-input":"required name=search_term_string"}],"inLanguage":"pt-BR"},{"@type":"ImageObject","inLanguage":"pt-BR","@id":"https:\/\/franciscanos.org.br\/noticias\/casa-bom-samaritano-e-inaugurada-com-grande-festa.html#primaryimage","url":"https:\/\/franciscanos.org.br\/noticias\/wp-content\/uploads\/2015\/06\/duque-820-1.jpg","contentUrl":"https:\/\/franciscanos.org.br\/noticias\/wp-content\/uploads\/2015\/06\/duque-820-1.jpg","width":273,"height":181},{"@type":"WebPage","@id":"https:\/\/franciscanos.org.br\/noticias\/casa-bom-samaritano-e-inaugurada-com-grande-festa.html#webpage","url":"https:\/\/franciscanos.org.br\/noticias\/casa-bom-samaritano-e-inaugurada-com-grande-festa.html","name":"Casa Bom Samaritano \u00e9 inaugurada com grande festa - Not\u00edcias - Franciscanos","isPartOf":{"@id":"https:\/\/franciscanos.org.br\/noticias\/#website"},"primaryImageOfPage":{"@id":"https:\/\/franciscanos.org.br\/noticias\/casa-bom-samaritano-e-inaugurada-com-grande-festa.html#primaryimage"},"datePublished":"2015-06-26T13:14:42+00:00","dateModified":"2020-06-10T17:39:00+00:00","author":{"@id":"https:\/\/franciscanos.org.br\/noticias\/#\/schema\/person\/b38fbf43118f02820bd932f2e4b14ad3"},"breadcrumb":{"@id":"https:\/\/franciscanos.org.br\/noticias\/casa-bom-samaritano-e-inaugurada-com-grande-festa.html#breadcrumb"},"inLanguage":"pt-BR","potentialAction":[{"@type":"ReadAction","target":["https:\/\/franciscanos.org.br\/noticias\/casa-bom-samaritano-e-inaugurada-com-grande-festa.html"]}]},{"@type":"BreadcrumbList","@id":"https:\/\/franciscanos.org.br\/noticias\/casa-bom-samaritano-e-inaugurada-com-grande-festa.html#breadcrumb","itemListElement":[{"@type":"ListItem","position":1,"name":"Home","item":"https:\/\/franciscanos.org.br\/noticias"},{"@type":"ListItem","position":2,"name":"Casa Bom Samaritano \u00e9 inaugurada com grande festa"}]},{"@type":"Person","@id":"https:\/\/franciscanos.org.br\/noticias\/#\/schema\/person\/b38fbf43118f02820bd932f2e4b14ad3","name":"admin","image":{"@type":"ImageObject","inLanguage":"pt-BR","@id":"https:\/\/franciscanos.org.br\/noticias\/#\/schema\/person\/image\/","url":"https:\/\/secure.gravatar.com\/avatar\/e8495742d34d0ba6448ea1c628263b3e?s=96&d=mm&r=g","contentUrl":"https:\/\/secure.gravatar.com\/avatar\/e8495742d34d0ba6448ea1c628263b3e?s=96&d=mm&r=g","caption":"admin"},"url":"https:\/\/franciscanos.org.br\/noticias\/author\/admin"}]}},"_links":{"self":[{"href":"https:\/\/franciscanos.org.br\/noticias\/wp-json\/wp\/v2\/posts\/89476"}],"collection":[{"href":"https:\/\/franciscanos.org.br\/noticias\/wp-json\/wp\/v2\/posts"}],"about":[{"href":"https:\/\/franciscanos.org.br\/noticias\/wp-json\/wp\/v2\/types\/post"}],"author":[{"embeddable":true,"href":"https:\/\/franciscanos.org.br\/noticias\/wp-json\/wp\/v2\/users\/1"}],"replies":[{"embeddable":true,"href":"https:\/\/franciscanos.org.br\/noticias\/wp-json\/wp\/v2\/comments?post=89476"}],"version-history":[{"count":1,"href":"https:\/\/franciscanos.org.br\/noticias\/wp-json\/wp\/v2\/posts\/89476\/revisions"}],"predecessor-version":[{"id":226020,"href":"https:\/\/franciscanos.org.br\/noticias\/wp-json\/wp\/v2\/posts\/89476\/revisions\/226020"}],"wp:featuredmedia":[{"embeddable":true,"href":"https:\/\/franciscanos.org.br\/noticias\/wp-json\/wp\/v2\/media\/220273"}],"wp:attachment":[{"href":"https:\/\/franciscanos.org.br\/noticias\/wp-json\/wp\/v2\/media?parent=89476"}],"wp:term":[{"taxonomy":"category","embeddable":true,"href":"https:\/\/franciscanos.org.br\/noticias\/wp-json\/wp\/v2\/categories?post=89476"},{"taxonomy":"post_tag","embeddable":true,"href":"https:\/\/franciscanos.org.br\/noticias\/wp-json\/wp\/v2\/tags?post=89476"}],"curies":[{"name":"wp","href":"https:\/\/api.w.org\/{rel}","templated":true}]}}