{"id":89237,"date":"2015-06-21T16:53:04","date_gmt":"2015-06-21T19:53:04","guid":{"rendered":"http:\/\/franciscanos.org.br\/?p=89237"},"modified":"2020-06-10T14:43:12","modified_gmt":"2020-06-10T17:43:12","slug":"papa-reza-diante-do-santo-sudario","status":"publish","type":"post","link":"https:\/\/franciscanos.org.br\/noticias\/papa-reza-diante-do-santo-sudario.html","title":{"rendered":"Papa reza diante do Santo Sud\u00e1rio"},"content":{"rendered":"<p><strong><img loading=\"lazy\" src=\"http:\/\/franciscanos.org.br\/wp-content\/uploads\/2015\/06\/missa.jpg\" alt=\"missa\" width=\"820\" height=\"468\" \/><\/strong><\/p>\n<p><strong>Turim<\/strong>\u00a0 \u2013 Na manh\u00e3 deste domingo (21\/6), o\u00a0 Papa Francisco chegou a Turim, na sua sexta viagem pastoral em territ\u00f3rio italiano. Ap\u00f3s a chegada ao Aeroporto de Caselle, Francisco encontrou o mundo do trabalho, seu primeiro compromisso oficial. Ap\u00f3s, dirigiu-se \u00e0 Catedral de Turim, onde chegou por volta das 9h15, para um dos momentos mais esperados da viagem, a ora\u00e7\u00e3o diante do Sud\u00e1rio.<\/p>\n<p>O Santo Padre deteve-se em profunda ora\u00e7\u00e3o silenciosa diante do Sud\u00e1rio por mais de 5 minutos. Ap\u00f3s, aproximou-se da teca exposta atr\u00e1s do altar, tocando o vidro que protege o manto sagrado.<\/p>\n<p>Em seguida, o Papa parou por alguns instantes diante do t\u00famulo do Beato Piergiorgio Frassati, proclamado por Jo\u00e3o Paulo II como protetor da Jornada Mundial da Juventude. Na Catedral estavam presentes autoridades religiosas, monjas de clausura e sacerdotes, al\u00e9m de alguns parentes do Beato Frassati.<\/p>\n<p>Ao final da visita, que durou cerca de 20 minutos, o Pont\u00edfice dirigiu-se de Papam\u00f3vel at\u00e9 a Pra\u00e7a Vit\u00f3rio, para a celebra\u00e7\u00e3o da missa\u00a0 e a ora\u00e7\u00e3o do Angelus com os milhares de fieis que transformaram a cidade piemontesa em uma \u201cgrande bas\u00edlica a c\u00e9u aberto\u201d. Durante o trajeto, Bergoglio fez v\u00e1rias paradas, saudando doentes e crian\u00e7as.<\/p>\n<p>Anteriormente, o Papa Bento XVI havia visitado o Santo Sud\u00e1rio em 2012, enquanto S\u00e3o Jo\u00e3o Paulo II o fez em 1998, quando o chamou de \u201c Espelho do Evangelho\u201d, por ajudar a compreender e meditar a Paix\u00e3o de Jesus.<\/p>\n<p><strong>\u00cdNTEGRA DA HOMILIA<\/strong><\/p>\n<p>Em sua homilia, o Papa partiu da liturgia do dia, cujas leituras mostram como \u00e9 grande o amor de Deus por n\u00f3s: \u00e9 um amor fiel, um amor que recria tudo, um amor est\u00e1vel e seguro.<\/p>\n<p>O Salmo nos convida a agradecer ao Senhor, porque \u201c\u00e9 eterno o seu amor\u201d. Eis um verdadeiro exemplo de amor fiel, de fidelidade. Trata-se, disse o Pont\u00edfice, de um amor que nunca falta:<\/p>\n<p>&#8220;Jesus encarna este amor e dele \u00e9 Testemunha. Ele jamais se cansa de querer-nos bem, de suportar-nos, de perdoar-nos e, assim, nos acompanha no caminho da vida, segundo a promessa que fez aos disc\u00edpulos: \u201cEu estarei convosco todos os dias, at\u00e9 fim do mundo\u201d. Por amor, ele se fez homem; por amor, ele morreu e ressuscitou e, por amor, ele sempre est\u00e1 ao nosso lado, nos momentos mais bonitos e naqueles mais dif\u00edceis\u201d.<\/p>\n<p>Jesus, frisou o Papa, nos ama sempre, at\u00e9 o fim, sem limites e sem medida. Ele ama a todos. A fidelidade de Jesus n\u00e3o se rende, nem mesmo diante da nossa infidelidade. Jesus permanece fiel, mesmo quando erramos e nos espera para nos perdoar: Ele \u00e9 o rosto do Pai misericordioso. Eis o amor fiel!<\/p>\n<p>A seguir, o Santo Padre ressaltou um segundo aspecto da Liturgia de hoje: o amor de Deus recria tudo, ou seja, renova todas as coisas. Reconhecer as pr\u00f3prias limita\u00e7\u00f5es, as pr\u00f3prias fraquezas, \u00e9 a porta que abre ao perd\u00e3o de Jesus, ao seu amor, que nos renova em profundidade e nos recria. E ponderou:<\/p>\n<p>\u201cA salva\u00e7\u00e3o pode entrar no cora\u00e7\u00e3o se nos abrirmos \u00e0 verdade e reconhecermos os nossos erros, os nossos pecados; desta forma, fazemos uma bela experi\u00eancia daquele que veio, n\u00e3o para os s\u00e3os, mas para os enfermos; n\u00e3o para os justos, mas para os pecadores; experimentamos a sua paci\u00eancia, a sua ternura, o seu desejo de salvar a todos\u201d.<\/p>\n<p>E o Pont\u00edfice perguntou: Mas, qual \u00e9 o seu sinal? E respondeu: \u201cO sinal \u00e9 que somos &#8216;renovados&#8217; e transformados pelo amor de Deus; fomos despojados das vestes deterioradas e velhas dos rancores e das inimizades, para sermos revestidos da t\u00fanica limpa da mansid\u00e3o, da benevol\u00eancia, do servi\u00e7o aos outros, da paz no cora\u00e7\u00e3o, daquela pr\u00f3pria dos filhos de Deus.<\/p>\n<p>O esp\u00edrito do mundo, recordou o Papa, est\u00e1 sempre \u00e0 busca de novidade, mas somente a fidelidade de Jesus \u00e9 capaz da verdadeira novidade: tornar-nos homens novos.<\/p>\n<p>Portanto, o amor de Deus \u00e9 est\u00e1vel e seguro. O Senhor vai ao encontro do homem e lhe oferece a rocha do seu amor, \u00e0 qual cada um pode ancorar, na certeza de n\u00e3o sucumbir. Quantas vezes pensamos que n\u00e3o ir\u00edamos conseguir! Ele est\u00e1 ao nosso lado, com a m\u00e3o estendida e o cora\u00e7\u00e3o aberto. Neste sentido, o Bispo de Roma levantou uma s\u00e9rie de quest\u00f5es em rela\u00e7\u00e3o ao nosso amor para com Deus e considerou:<\/p>\n<p>\u201cTamb\u00e9m n\u00f3s, crist\u00e3os, corremos o risco de deixar-nos paralisar pelo medo do futuro, buscando a certeza em coisas que passam ou em modelos de uma sociedade obtusa, que tende mais a excluir, que incluir. Nesta terra, cresceram tantos Santos e Beatos, que acolheram o amor de Deus e o difundiram pelo mundo: santos livres e obstinados\u201d!<\/p>\n<p>Nas pegadas dessas testemunhas, aconselhou o Pont\u00edfice, tamb\u00e9m n\u00f3s podemos compartilhar as dificuldades de tanta gente, das fam\u00edlias, especialmente daquelas mais fr\u00e1geis e sofridas pela crise econ\u00f4mica. As fam\u00edlias precisam sentir o carinho materno da Igreja para prosseguir na vida conjugal, na educa\u00e7\u00e3o dos filhos, no cuidados dos idosos, como tamb\u00e9m na transmiss\u00e3o da f\u00e9 \u00e0s jovens gera\u00e7\u00f5es.<\/p>\n<p>Por fim, ap\u00f3s fazer um exame de consci\u00eancia de como vivemos a novidade, o Santo Padre pediu ao Esp\u00edrito Santo nos ajude a sermos sempre conscientes deste amor \u201crochoso\u201d, que nos torna capazes de n\u00e3o nos fechar, diante das dificuldades, mas de enfrentar a vida com coragem e encarar o futuro com esperan\u00e7a.<\/p>\n<p>Como outrora, no Lago da Galileia, tamb\u00e9m hoje, no mar da nossa exist\u00eancia, Jesus \u00e9 aquele que vence as for\u00e7as do mal e as amea\u00e7as do desespero. Ele d\u00e1 a sua paz a todos, sobretudo aos tantos irm\u00e3os e irm\u00e3s que fogem das guerras e das persegui\u00e7\u00f5es em busca de paz e liberdade.<\/p>\n<p><strong>ANGELUS<\/strong><\/p>\n<p>Ap\u00f3s a solene concelebra\u00e7\u00e3o Eucar\u00edstica, na Pra\u00e7a Vit\u00f3rio Veneto, no centro de Turim, o Papa Francisco passou \u00e0 ora\u00e7\u00e3o do Angelus, antes da qual pronunciou sua alocu\u00e7\u00e3o dominical.<\/p>\n<p>O seu pensamento se dirigiu, antes de tudo, \u00e0 Virgem Maria, M\u00e3e amorosa e zelosa para com todos os seus filhos, que Jesus os confiou a Ela, da Cruz, ao se oferecer com um grande gesto de amor. O \u00edcone deste amor \u00e9 o Sud\u00e1rio, disse o Papa, que continua a atrair tanta gente aqui para Turim:<\/p>\n<p>\u201cO Sud\u00e1rio atrai pelo rosto e o corpo martirizado de Jesus, mas, ao mesmo tempo, conduz ao rosto de cada pessoa sofredora e perseguida injustamente. Ele nos conduz para a mesma dire\u00e7\u00e3o do dom de amor de Jesus: \u201c<em>Caritas Christi urget nos<\/em>\u201d \u2013 o Amor de Cristo nos interpela! Esta palavra de S\u00e3o Paulo se tornou o lema de S\u00e3o Jos\u00e9 Benedito Cotolengo\u201d.<\/p>\n<p>Evocando o ardor apost\u00f3lico de tantos sacerdotes santos desta terra, partindo de Dom Bosco, do qual recordamos o bicenten\u00e1rio de nascimento, o Pont\u00edfice cumprimentou, com gratid\u00e3o, os sacerdotes e os religiosos presentes, e os admoestou:<\/p>\n<p>\u201cVoc\u00eas se dedicam, com afinco, ao trabalho pastoral e est\u00e3o ao lado das pessoas e dos seus problemas. Encorajo-os, pois, a continuar, com alegria, seu minist\u00e9rio, visando sempre o essencial no an\u00fancio do Evangelho. Agrade\u00e7o tamb\u00e9m a presen\u00e7a dos irm\u00e3os Bispos do Piemonte e os exorto a permanecer sempre ao lado dos seus sacerdotes, com carinho paternal e calorosa proximidade\u201d.<\/p>\n<p>O Bispo de Roma concluiu sua alocu\u00e7\u00e3o mariana, consagrando, \u00e0 Virgem Santa, a cidade de Turim, o seu territ\u00f3rio e os que nele habitam, para que possam viver na justi\u00e7a, na paz e na fraternidade. A Ela consagrou, de modo particular, as fam\u00edlias, os jovens, os idosos, os prisioneiros e todos os sofredores, com especial aten\u00e7\u00e3o aos doentes de leucemia!<\/p>\n<p>Ao t\u00e9rmino da celebra\u00e7\u00e3o Eucar\u00edstica, o Pont\u00edfice se deslocou para o Arcebispado. No caminho, foi cumprimentado por uma grupo de cadetes da Escola de Forma\u00e7\u00e3o Militar.<\/p>\n<p>No arcebispado, Francisco almo\u00e7a com um grupo de jovens presidi\u00e1rios, do C\u00e1rcere de Menores de Turim, como tamb\u00e9m com alguns imigrantes, sem teto e uma fam\u00edlia de Ciganos.<\/p>\n<p><strong>SEGUNDO DIA DA VISTA<\/strong><\/p>\n<p>Nesta segunda-feira, 22, um dos momentos mais esperados, com a visita ao Templo Valdense. Um evento hist\u00f3rico, pois \u00e9 a primeira vez que um Papa visita o local. Ap\u00f3s, de forma privada, encontrar\u00e1 no arcebispado alguns de seus familiares, com os quais celebrar\u00e1 a Missa e almo\u00e7ar\u00e1. Antes de deixar o arcebispado, o Papa encontrar\u00e1 brevemente os membros do Comit\u00ea da Ostens\u00e3o, os organizadores e apoiadores da visita \u00e0 cidade do Piemonte. Ao se transferir ao aeroporto de Turim, receber\u00e1 ao longo do percurso a sauda\u00e7\u00e3o dos jovens do \u201cVer\u00e3o Jovens\u201d. A chegada no Aeroporto de Ciampino, em Roma, est\u00e1 prevista para as 17h30.<\/p>\n<hr \/>\n<p><em>Fonte: R\u00e1dio Vaticano<\/em><\/p>\n","protected":false},"excerpt":{"rendered":"<p>Viagem Apost\u00f3lica a Turim<\/p>\n","protected":false},"author":1,"featured_media":202233,"comment_status":"open","ping_status":"open","sticky":false,"template":"","format":"standard","meta":[],"categories":[1428],"tags":[1140],"acf":[],"yoast_head":"<!-- This site is optimized with the Yoast SEO plugin v19.2 - https:\/\/yoast.com\/wordpress\/plugins\/seo\/ -->\n<title>Papa reza diante do Santo Sud\u00e1rio - Not\u00edcias - Franciscanos<\/title>\n<meta name=\"robots\" content=\"index, follow, max-snippet:-1, max-image-preview:large, max-video-preview:-1\" \/>\n<link rel=\"canonical\" href=\"https:\/\/franciscanos.org.br\/noticias\/papa-reza-diante-do-santo-sudario.html\" \/>\n<meta property=\"og:locale\" content=\"pt_BR\" \/>\n<meta property=\"og:type\" content=\"article\" \/>\n<meta property=\"og:title\" content=\"Papa reza diante do Santo Sud\u00e1rio - Not\u00edcias - Franciscanos\" \/>\n<meta property=\"og:description\" content=\"Viagem Apost\u00f3lica a Turim\" \/>\n<meta property=\"og:url\" content=\"https:\/\/franciscanos.org.br\/noticias\/papa-reza-diante-do-santo-sudario.html\" \/>\n<meta property=\"og:site_name\" content=\"Not\u00edcias - Franciscanos\" \/>\n<meta property=\"article:published_time\" content=\"2015-06-21T19:53:04+00:00\" \/>\n<meta property=\"article:modified_time\" content=\"2020-06-10T17:43:12+00:00\" \/>\n<meta property=\"og:image\" content=\"https:\/\/franciscanos.org.br\/noticias\/wp-content\/uploads\/2015\/06\/missa.jpg\" \/>\n\t<meta property=\"og:image:width\" content=\"273\" \/>\n\t<meta property=\"og:image:height\" content=\"181\" \/>\n\t<meta property=\"og:image:type\" content=\"image\/jpeg\" \/>\n<meta name=\"author\" content=\"admin\" \/>\n<meta name=\"twitter:card\" content=\"summary_large_image\" \/>\n<meta name=\"twitter:label1\" content=\"Escrito por\" \/>\n\t<meta name=\"twitter:data1\" content=\"admin\" \/>\n\t<meta name=\"twitter:label2\" content=\"Est. tempo de leitura\" \/>\n\t<meta name=\"twitter:data2\" content=\"8 minutos\" \/>\n<script type=\"application\/ld+json\" class=\"yoast-schema-graph\">{\"@context\":\"https:\/\/schema.org\",\"@graph\":[{\"@type\":\"WebSite\",\"@id\":\"https:\/\/franciscanos.org.br\/noticias\/#website\",\"url\":\"https:\/\/franciscanos.org.br\/noticias\/\",\"name\":\"Not\u00edcias - Franciscanos\",\"description\":\"Prov\u00edncia Franciscana da Imaculada Concei\u00e7\u00e3o do Brasil - Ordem dos Frades Menores - OFM\",\"potentialAction\":[{\"@type\":\"SearchAction\",\"target\":{\"@type\":\"EntryPoint\",\"urlTemplate\":\"https:\/\/franciscanos.org.br\/noticias\/?s={search_term_string}\"},\"query-input\":\"required name=search_term_string\"}],\"inLanguage\":\"pt-BR\"},{\"@type\":\"ImageObject\",\"inLanguage\":\"pt-BR\",\"@id\":\"https:\/\/franciscanos.org.br\/noticias\/papa-reza-diante-do-santo-sudario.html#primaryimage\",\"url\":\"https:\/\/franciscanos.org.br\/noticias\/wp-content\/uploads\/2015\/06\/missa.jpg\",\"contentUrl\":\"https:\/\/franciscanos.org.br\/noticias\/wp-content\/uploads\/2015\/06\/missa.jpg\",\"width\":273,\"height\":181},{\"@type\":\"WebPage\",\"@id\":\"https:\/\/franciscanos.org.br\/noticias\/papa-reza-diante-do-santo-sudario.html#webpage\",\"url\":\"https:\/\/franciscanos.org.br\/noticias\/papa-reza-diante-do-santo-sudario.html\",\"name\":\"Papa reza diante do Santo Sud\u00e1rio - Not\u00edcias - Franciscanos\",\"isPartOf\":{\"@id\":\"https:\/\/franciscanos.org.br\/noticias\/#website\"},\"primaryImageOfPage\":{\"@id\":\"https:\/\/franciscanos.org.br\/noticias\/papa-reza-diante-do-santo-sudario.html#primaryimage\"},\"datePublished\":\"2015-06-21T19:53:04+00:00\",\"dateModified\":\"2020-06-10T17:43:12+00:00\",\"author\":{\"@id\":\"https:\/\/franciscanos.org.br\/noticias\/#\/schema\/person\/b38fbf43118f02820bd932f2e4b14ad3\"},\"breadcrumb\":{\"@id\":\"https:\/\/franciscanos.org.br\/noticias\/papa-reza-diante-do-santo-sudario.html#breadcrumb\"},\"inLanguage\":\"pt-BR\",\"potentialAction\":[{\"@type\":\"ReadAction\",\"target\":[\"https:\/\/franciscanos.org.br\/noticias\/papa-reza-diante-do-santo-sudario.html\"]}]},{\"@type\":\"BreadcrumbList\",\"@id\":\"https:\/\/franciscanos.org.br\/noticias\/papa-reza-diante-do-santo-sudario.html#breadcrumb\",\"itemListElement\":[{\"@type\":\"ListItem\",\"position\":1,\"name\":\"Home\",\"item\":\"https:\/\/franciscanos.org.br\/noticias\"},{\"@type\":\"ListItem\",\"position\":2,\"name\":\"Papa reza diante do Santo Sud\u00e1rio\"}]},{\"@type\":\"Person\",\"@id\":\"https:\/\/franciscanos.org.br\/noticias\/#\/schema\/person\/b38fbf43118f02820bd932f2e4b14ad3\",\"name\":\"admin\",\"image\":{\"@type\":\"ImageObject\",\"inLanguage\":\"pt-BR\",\"@id\":\"https:\/\/franciscanos.org.br\/noticias\/#\/schema\/person\/image\/\",\"url\":\"https:\/\/secure.gravatar.com\/avatar\/e8495742d34d0ba6448ea1c628263b3e?s=96&d=mm&r=g\",\"contentUrl\":\"https:\/\/secure.gravatar.com\/avatar\/e8495742d34d0ba6448ea1c628263b3e?s=96&d=mm&r=g\",\"caption\":\"admin\"},\"url\":\"https:\/\/franciscanos.org.br\/noticias\/author\/admin\"}]}<\/script>\n<!-- \/ Yoast SEO plugin. -->","yoast_head_json":{"title":"Papa reza diante do Santo Sud\u00e1rio - Not\u00edcias - Franciscanos","robots":{"index":"index","follow":"follow","max-snippet":"max-snippet:-1","max-image-preview":"max-image-preview:large","max-video-preview":"max-video-preview:-1"},"canonical":"https:\/\/franciscanos.org.br\/noticias\/papa-reza-diante-do-santo-sudario.html","og_locale":"pt_BR","og_type":"article","og_title":"Papa reza diante do Santo Sud\u00e1rio - Not\u00edcias - Franciscanos","og_description":"Viagem Apost\u00f3lica a Turim","og_url":"https:\/\/franciscanos.org.br\/noticias\/papa-reza-diante-do-santo-sudario.html","og_site_name":"Not\u00edcias - Franciscanos","article_published_time":"2015-06-21T19:53:04+00:00","article_modified_time":"2020-06-10T17:43:12+00:00","og_image":[{"width":273,"height":181,"url":"https:\/\/franciscanos.org.br\/noticias\/wp-content\/uploads\/2015\/06\/missa.jpg","type":"image\/jpeg"}],"author":"admin","twitter_card":"summary_large_image","twitter_misc":{"Escrito por":"admin","Est. tempo de leitura":"8 minutos"},"schema":{"@context":"https:\/\/schema.org","@graph":[{"@type":"WebSite","@id":"https:\/\/franciscanos.org.br\/noticias\/#website","url":"https:\/\/franciscanos.org.br\/noticias\/","name":"Not\u00edcias - Franciscanos","description":"Prov\u00edncia Franciscana da Imaculada Concei\u00e7\u00e3o do Brasil - Ordem dos Frades Menores - OFM","potentialAction":[{"@type":"SearchAction","target":{"@type":"EntryPoint","urlTemplate":"https:\/\/franciscanos.org.br\/noticias\/?s={search_term_string}"},"query-input":"required name=search_term_string"}],"inLanguage":"pt-BR"},{"@type":"ImageObject","inLanguage":"pt-BR","@id":"https:\/\/franciscanos.org.br\/noticias\/papa-reza-diante-do-santo-sudario.html#primaryimage","url":"https:\/\/franciscanos.org.br\/noticias\/wp-content\/uploads\/2015\/06\/missa.jpg","contentUrl":"https:\/\/franciscanos.org.br\/noticias\/wp-content\/uploads\/2015\/06\/missa.jpg","width":273,"height":181},{"@type":"WebPage","@id":"https:\/\/franciscanos.org.br\/noticias\/papa-reza-diante-do-santo-sudario.html#webpage","url":"https:\/\/franciscanos.org.br\/noticias\/papa-reza-diante-do-santo-sudario.html","name":"Papa reza diante do Santo Sud\u00e1rio - Not\u00edcias - Franciscanos","isPartOf":{"@id":"https:\/\/franciscanos.org.br\/noticias\/#website"},"primaryImageOfPage":{"@id":"https:\/\/franciscanos.org.br\/noticias\/papa-reza-diante-do-santo-sudario.html#primaryimage"},"datePublished":"2015-06-21T19:53:04+00:00","dateModified":"2020-06-10T17:43:12+00:00","author":{"@id":"https:\/\/franciscanos.org.br\/noticias\/#\/schema\/person\/b38fbf43118f02820bd932f2e4b14ad3"},"breadcrumb":{"@id":"https:\/\/franciscanos.org.br\/noticias\/papa-reza-diante-do-santo-sudario.html#breadcrumb"},"inLanguage":"pt-BR","potentialAction":[{"@type":"ReadAction","target":["https:\/\/franciscanos.org.br\/noticias\/papa-reza-diante-do-santo-sudario.html"]}]},{"@type":"BreadcrumbList","@id":"https:\/\/franciscanos.org.br\/noticias\/papa-reza-diante-do-santo-sudario.html#breadcrumb","itemListElement":[{"@type":"ListItem","position":1,"name":"Home","item":"https:\/\/franciscanos.org.br\/noticias"},{"@type":"ListItem","position":2,"name":"Papa reza diante do Santo Sud\u00e1rio"}]},{"@type":"Person","@id":"https:\/\/franciscanos.org.br\/noticias\/#\/schema\/person\/b38fbf43118f02820bd932f2e4b14ad3","name":"admin","image":{"@type":"ImageObject","inLanguage":"pt-BR","@id":"https:\/\/franciscanos.org.br\/noticias\/#\/schema\/person\/image\/","url":"https:\/\/secure.gravatar.com\/avatar\/e8495742d34d0ba6448ea1c628263b3e?s=96&d=mm&r=g","contentUrl":"https:\/\/secure.gravatar.com\/avatar\/e8495742d34d0ba6448ea1c628263b3e?s=96&d=mm&r=g","caption":"admin"},"url":"https:\/\/franciscanos.org.br\/noticias\/author\/admin"}]}},"_links":{"self":[{"href":"https:\/\/franciscanos.org.br\/noticias\/wp-json\/wp\/v2\/posts\/89237"}],"collection":[{"href":"https:\/\/franciscanos.org.br\/noticias\/wp-json\/wp\/v2\/posts"}],"about":[{"href":"https:\/\/franciscanos.org.br\/noticias\/wp-json\/wp\/v2\/types\/post"}],"author":[{"embeddable":true,"href":"https:\/\/franciscanos.org.br\/noticias\/wp-json\/wp\/v2\/users\/1"}],"replies":[{"embeddable":true,"href":"https:\/\/franciscanos.org.br\/noticias\/wp-json\/wp\/v2\/comments?post=89237"}],"version-history":[{"count":1,"href":"https:\/\/franciscanos.org.br\/noticias\/wp-json\/wp\/v2\/posts\/89237\/revisions"}],"predecessor-version":[{"id":226025,"href":"https:\/\/franciscanos.org.br\/noticias\/wp-json\/wp\/v2\/posts\/89237\/revisions\/226025"}],"wp:featuredmedia":[{"embeddable":true,"href":"https:\/\/franciscanos.org.br\/noticias\/wp-json\/wp\/v2\/media\/202233"}],"wp:attachment":[{"href":"https:\/\/franciscanos.org.br\/noticias\/wp-json\/wp\/v2\/media?parent=89237"}],"wp:term":[{"taxonomy":"category","embeddable":true,"href":"https:\/\/franciscanos.org.br\/noticias\/wp-json\/wp\/v2\/categories?post=89237"},{"taxonomy":"post_tag","embeddable":true,"href":"https:\/\/franciscanos.org.br\/noticias\/wp-json\/wp\/v2\/tags?post=89237"}],"curies":[{"name":"wp","href":"https:\/\/api.w.org\/{rel}","templated":true}]}}