{"id":89196,"date":"2015-06-19T09:27:53","date_gmt":"2015-06-19T12:27:53","guid":{"rendered":"http:\/\/franciscanos.org.br\/?p=89196"},"modified":"2020-06-10T14:43:42","modified_gmt":"2020-06-10T17:43:42","slug":"repercussoes-sobre-a-enciclica-do-papa-francisco","status":"publish","type":"post","link":"https:\/\/franciscanos.org.br\/noticias\/repercussoes-sobre-a-enciclica-do-papa-francisco.html","title":{"rendered":"Repercuss\u00f5es sobre a Enc\u00edclica do Papa Francisco"},"content":{"rendered":"<p><img loading=\"lazy\" src=\"http:\/\/franciscanos.org.br\/wp-content\/uploads\/2015\/06\/enciclica_21.jpg\" alt=\"enciclica_21\" width=\"820\" height=\"447\" \/><br \/>\n<strong>Cidade do Vaticano<\/strong> \u2013 V\u00e1rios presidentes, a ONU e diversas organiza\u00e7\u00f5es ecologistas e religiosas acolheram com elogios a Enc\u00edclica Laudato si, a primeira escrita inteiramente pelo Papa Francisco, que descreve os riscos das mudan\u00e7as clim\u00e1ticas e analisa seus efeitos sobre o homem e o meio ambiente, cunhando o termo \u2018ecologia integral\u2019.<\/p>\n<p>O Presidente dos EUA, Barack Obama, saudou a mensagem \u2018forte e clara\u2019 de Francisco, que exortou os potentes do mundo a agirem com mais rapidez para salvar o planeta, amea\u00e7ado de devasta\u00e7\u00e3o pelas mudan\u00e7as clim\u00e1ticas e o consumismo.<br \/>\n\u201cAdmiro profundamente a decis\u00e3o do Papa de convidar \u00e0 a\u00e7\u00e3o contra mudan\u00e7as clim\u00e1ticas de forma clara, forte e com toda a autoridade moral que sua posi\u00e7\u00e3o lhe confere\u201d, disse Obama. \u201cTemos uma profunda responsabilidade de proteger nossos filhos e os filhos de nossos filhos dos efeitos danosos das mudan\u00e7as clim\u00e1ticas\u201d, sublinhou Obama em um comunicado, observando que os EUA \u201cdevem ser um l\u00edder neste esfor\u00e7o\u201d.<\/p>\n<p>O Presidente franc\u00eas Fran\u00e7ois Hollande espera que a \u201cvoz especial\u201d do Papa Francisco seja ouvida em todos os continentes, indo al\u00e9m do \u00e2mbito dos crist\u00e3os. \u201cEnquanto a Fran\u00e7a se prepara para receber as negocia\u00e7\u00f5es clim\u00e1ticas, sa\u00fado este chamado \u00e0 opini\u00e3o p\u00fablica mundial e a seus governantes\u201d, acrescentou Hollande em nota. Para o Presidente franc\u00eas, \u201ca Enc\u00edclica do Papa Francisco volta a colocar o tema ecol\u00f3gico em una perspectiva humanista\u201d.<\/p>\n<p>A Presidente do Chile, Michelle Bachelet, prop\u00f4s a cria\u00e7\u00e3o de uma alian\u00e7a p\u00fablico-privada que afronte de forma conjunta as mudan\u00e7as clim\u00e1ticas que amea\u00e7am seu pa\u00eds, aonde j\u00e1 se come\u00e7am a ver as consequ\u00eancias. Participando da inaugura\u00e7\u00e3o em Santiago de uma confer\u00eancia do F\u00f3rum Global de Crescimento Verde da Am\u00e9rica Latina e Caribe, a Presidente assegurou que o compromisso dos poderes p\u00fablicos \u201cn\u00e3o \u00e9 suficiente\u201d para deter as altera\u00e7\u00f5es do clima. \u201cN\u00e3o basta o setor p\u00fablico agir: deve haver uma alian\u00e7a p\u00fablico-privada e com o conjunto da sociedade\u201d, apontou.<\/p>\n<p>Bachelet afirmou que o fen\u00f4meno chegou para ficar, no Chile e no planeta: \u201cN\u00f3s o vivemos em fins de mar\u00e7o, com a inesperada chuva no deserto de Atacama, o mais \u00e1rido do mundo, que provocou deslizamentos de terra e inunda\u00e7\u00f5es que deixaram milhares de pessoas desalojadas. Tivemos uma seca que se arrastou anos e grande parte de nosso territ\u00f3rio est\u00e1 desertificado\u201d.<\/p>\n<p>&#8220;O Papa, como v\u00e1rios de seus antecessores, relan\u00e7a a doutrina social da Igreja, mas com um tom mais cr\u00edtico ao denunciar a submiss\u00e3o da pol\u00edtica \u00e0 tecnologia e aos centros de poder financeiros&#8221;, sustenta, por sua vez, Marco Politi, entre os bi\u00f3grafos de Francisco. O pont\u00edfice latino-americano, que chegou do &#8220;fim do mundo&#8221;, como ele mesmo afirma, que conhece sua terra, localizada na fronteira do polo sul, e que observou a pobrezas e as desigualdades da Am\u00e9rica Latina, ataca principalmente um modelo de desenvolvimento injusto.<\/p>\n<p><strong>FAO<\/strong><br \/>\nA Organiza\u00e7\u00e3o da ONU para Alimenta\u00e7\u00e3o e Agricultura, FAO, considerou um \u2018marco\u2019 a Enc\u00edclica e pediu mudan\u00e7as globais para enfrentar os efeitos das altera\u00e7\u00f5es do clima. O Diretor da divis\u00e3o de Clima da FAO, Martin Frick, disse que o documento rec\u00e9m-publicado \u00e9 \u201crealmente um marco porque nunca um Papa falou t\u00e3o diretamente sobre o meio ambiente\u201d.<\/p>\n<p>\u201cO modelo de neg\u00f3cios do \u00faltimo s\u00e9culo funcionou, tirou muita gente da pobreza e criou processos tecnol\u00f3gicos fant\u00e1sticos, mas ignorou completamente os limites do planeta\u201d, destacou Frick.<\/p>\n<p>Tamb\u00e9m o Diretor executivo do Programa das Na\u00e7\u00f5es Unidas para o Meio Ambiente (PNUMA), Achim Steiner, agradeceu o chamado do Papa, \u201cque ressoa n\u00e3o apenas entre os cat\u00f3licos, mas em meio a todos os povos da Terra. A ci\u00eancia e a religi\u00e3o est\u00e1 alinhadas neste campo: agora \u00e9 o momento de atuar\u201d, disse.<\/p>\n<p>O Fundo Mundial para a Natureza (WWF) assinalou que a Enc\u00edclica \u00e9 \u201cum chamado \u00e0 a\u00e7\u00e3o de todos, em todos os lugares; e a ong ecologista Greenpeace qualificou como &#8220;valiosa&#8221; a interven\u00e7\u00e3o do Pont\u00edfice \u201cna luta comum da humanidade para prevenir a cat\u00e1strofe da mudan\u00e7as clim\u00e1ticas\u201d.<\/p>\n","protected":false},"excerpt":{"rendered":"<p>&#8220;Laudato si'&#8221;<\/p>\n","protected":false},"author":1,"featured_media":207443,"comment_status":"open","ping_status":"open","sticky":false,"template":"","format":"standard","meta":[],"categories":[1428],"tags":[701],"acf":[],"yoast_head":"<!-- This site is optimized with the Yoast SEO plugin v19.2 - https:\/\/yoast.com\/wordpress\/plugins\/seo\/ -->\n<title>Repercuss\u00f5es sobre a Enc\u00edclica do Papa Francisco - Not\u00edcias - Franciscanos<\/title>\n<meta name=\"robots\" content=\"index, follow, max-snippet:-1, max-image-preview:large, max-video-preview:-1\" \/>\n<link rel=\"canonical\" href=\"https:\/\/franciscanos.org.br\/noticias\/repercussoes-sobre-a-enciclica-do-papa-francisco.html\" \/>\n<meta property=\"og:locale\" content=\"pt_BR\" \/>\n<meta property=\"og:type\" content=\"article\" \/>\n<meta property=\"og:title\" content=\"Repercuss\u00f5es sobre a Enc\u00edclica do Papa Francisco - Not\u00edcias - Franciscanos\" \/>\n<meta property=\"og:description\" content=\"&quot;Laudato si&#039;&quot;\" \/>\n<meta property=\"og:url\" content=\"https:\/\/franciscanos.org.br\/noticias\/repercussoes-sobre-a-enciclica-do-papa-francisco.html\" \/>\n<meta property=\"og:site_name\" content=\"Not\u00edcias - Franciscanos\" \/>\n<meta property=\"article:published_time\" content=\"2015-06-19T12:27:53+00:00\" \/>\n<meta property=\"article:modified_time\" content=\"2020-06-10T17:43:42+00:00\" \/>\n<meta property=\"og:image\" content=\"https:\/\/franciscanos.org.br\/noticias\/wp-content\/uploads\/2015\/06\/enciclica_21.jpg\" \/>\n\t<meta property=\"og:image:width\" content=\"273\" \/>\n\t<meta property=\"og:image:height\" content=\"181\" \/>\n\t<meta property=\"og:image:type\" content=\"image\/jpeg\" \/>\n<meta name=\"author\" content=\"admin\" \/>\n<meta name=\"twitter:card\" content=\"summary_large_image\" \/>\n<meta name=\"twitter:label1\" content=\"Escrito por\" \/>\n\t<meta name=\"twitter:data1\" content=\"admin\" \/>\n\t<meta name=\"twitter:label2\" content=\"Est. tempo de leitura\" \/>\n\t<meta name=\"twitter:data2\" content=\"4 minutos\" \/>\n<script type=\"application\/ld+json\" class=\"yoast-schema-graph\">{\"@context\":\"https:\/\/schema.org\",\"@graph\":[{\"@type\":\"WebSite\",\"@id\":\"https:\/\/franciscanos.org.br\/noticias\/#website\",\"url\":\"https:\/\/franciscanos.org.br\/noticias\/\",\"name\":\"Not\u00edcias - Franciscanos\",\"description\":\"Prov\u00edncia Franciscana da Imaculada Concei\u00e7\u00e3o do Brasil - Ordem dos Frades Menores - OFM\",\"potentialAction\":[{\"@type\":\"SearchAction\",\"target\":{\"@type\":\"EntryPoint\",\"urlTemplate\":\"https:\/\/franciscanos.org.br\/noticias\/?s={search_term_string}\"},\"query-input\":\"required name=search_term_string\"}],\"inLanguage\":\"pt-BR\"},{\"@type\":\"ImageObject\",\"inLanguage\":\"pt-BR\",\"@id\":\"https:\/\/franciscanos.org.br\/noticias\/repercussoes-sobre-a-enciclica-do-papa-francisco.html#primaryimage\",\"url\":\"https:\/\/franciscanos.org.br\/noticias\/wp-content\/uploads\/2015\/06\/enciclica_21.jpg\",\"contentUrl\":\"https:\/\/franciscanos.org.br\/noticias\/wp-content\/uploads\/2015\/06\/enciclica_21.jpg\",\"width\":273,\"height\":181},{\"@type\":\"WebPage\",\"@id\":\"https:\/\/franciscanos.org.br\/noticias\/repercussoes-sobre-a-enciclica-do-papa-francisco.html#webpage\",\"url\":\"https:\/\/franciscanos.org.br\/noticias\/repercussoes-sobre-a-enciclica-do-papa-francisco.html\",\"name\":\"Repercuss\u00f5es sobre a Enc\u00edclica do Papa Francisco - Not\u00edcias - Franciscanos\",\"isPartOf\":{\"@id\":\"https:\/\/franciscanos.org.br\/noticias\/#website\"},\"primaryImageOfPage\":{\"@id\":\"https:\/\/franciscanos.org.br\/noticias\/repercussoes-sobre-a-enciclica-do-papa-francisco.html#primaryimage\"},\"datePublished\":\"2015-06-19T12:27:53+00:00\",\"dateModified\":\"2020-06-10T17:43:42+00:00\",\"author\":{\"@id\":\"https:\/\/franciscanos.org.br\/noticias\/#\/schema\/person\/b38fbf43118f02820bd932f2e4b14ad3\"},\"breadcrumb\":{\"@id\":\"https:\/\/franciscanos.org.br\/noticias\/repercussoes-sobre-a-enciclica-do-papa-francisco.html#breadcrumb\"},\"inLanguage\":\"pt-BR\",\"potentialAction\":[{\"@type\":\"ReadAction\",\"target\":[\"https:\/\/franciscanos.org.br\/noticias\/repercussoes-sobre-a-enciclica-do-papa-francisco.html\"]}]},{\"@type\":\"BreadcrumbList\",\"@id\":\"https:\/\/franciscanos.org.br\/noticias\/repercussoes-sobre-a-enciclica-do-papa-francisco.html#breadcrumb\",\"itemListElement\":[{\"@type\":\"ListItem\",\"position\":1,\"name\":\"Home\",\"item\":\"https:\/\/franciscanos.org.br\/noticias\"},{\"@type\":\"ListItem\",\"position\":2,\"name\":\"Repercuss\u00f5es sobre a Enc\u00edclica do Papa Francisco\"}]},{\"@type\":\"Person\",\"@id\":\"https:\/\/franciscanos.org.br\/noticias\/#\/schema\/person\/b38fbf43118f02820bd932f2e4b14ad3\",\"name\":\"admin\",\"image\":{\"@type\":\"ImageObject\",\"inLanguage\":\"pt-BR\",\"@id\":\"https:\/\/franciscanos.org.br\/noticias\/#\/schema\/person\/image\/\",\"url\":\"https:\/\/secure.gravatar.com\/avatar\/e8495742d34d0ba6448ea1c628263b3e?s=96&d=mm&r=g\",\"contentUrl\":\"https:\/\/secure.gravatar.com\/avatar\/e8495742d34d0ba6448ea1c628263b3e?s=96&d=mm&r=g\",\"caption\":\"admin\"},\"url\":\"https:\/\/franciscanos.org.br\/noticias\/author\/admin\"}]}<\/script>\n<!-- \/ Yoast SEO plugin. -->","yoast_head_json":{"title":"Repercuss\u00f5es sobre a Enc\u00edclica do Papa Francisco - Not\u00edcias - Franciscanos","robots":{"index":"index","follow":"follow","max-snippet":"max-snippet:-1","max-image-preview":"max-image-preview:large","max-video-preview":"max-video-preview:-1"},"canonical":"https:\/\/franciscanos.org.br\/noticias\/repercussoes-sobre-a-enciclica-do-papa-francisco.html","og_locale":"pt_BR","og_type":"article","og_title":"Repercuss\u00f5es sobre a Enc\u00edclica do Papa Francisco - Not\u00edcias - Franciscanos","og_description":"\"Laudato si'\"","og_url":"https:\/\/franciscanos.org.br\/noticias\/repercussoes-sobre-a-enciclica-do-papa-francisco.html","og_site_name":"Not\u00edcias - Franciscanos","article_published_time":"2015-06-19T12:27:53+00:00","article_modified_time":"2020-06-10T17:43:42+00:00","og_image":[{"width":273,"height":181,"url":"https:\/\/franciscanos.org.br\/noticias\/wp-content\/uploads\/2015\/06\/enciclica_21.jpg","type":"image\/jpeg"}],"author":"admin","twitter_card":"summary_large_image","twitter_misc":{"Escrito por":"admin","Est. tempo de leitura":"4 minutos"},"schema":{"@context":"https:\/\/schema.org","@graph":[{"@type":"WebSite","@id":"https:\/\/franciscanos.org.br\/noticias\/#website","url":"https:\/\/franciscanos.org.br\/noticias\/","name":"Not\u00edcias - Franciscanos","description":"Prov\u00edncia Franciscana da Imaculada Concei\u00e7\u00e3o do Brasil - Ordem dos Frades Menores - OFM","potentialAction":[{"@type":"SearchAction","target":{"@type":"EntryPoint","urlTemplate":"https:\/\/franciscanos.org.br\/noticias\/?s={search_term_string}"},"query-input":"required name=search_term_string"}],"inLanguage":"pt-BR"},{"@type":"ImageObject","inLanguage":"pt-BR","@id":"https:\/\/franciscanos.org.br\/noticias\/repercussoes-sobre-a-enciclica-do-papa-francisco.html#primaryimage","url":"https:\/\/franciscanos.org.br\/noticias\/wp-content\/uploads\/2015\/06\/enciclica_21.jpg","contentUrl":"https:\/\/franciscanos.org.br\/noticias\/wp-content\/uploads\/2015\/06\/enciclica_21.jpg","width":273,"height":181},{"@type":"WebPage","@id":"https:\/\/franciscanos.org.br\/noticias\/repercussoes-sobre-a-enciclica-do-papa-francisco.html#webpage","url":"https:\/\/franciscanos.org.br\/noticias\/repercussoes-sobre-a-enciclica-do-papa-francisco.html","name":"Repercuss\u00f5es sobre a Enc\u00edclica do Papa Francisco - Not\u00edcias - Franciscanos","isPartOf":{"@id":"https:\/\/franciscanos.org.br\/noticias\/#website"},"primaryImageOfPage":{"@id":"https:\/\/franciscanos.org.br\/noticias\/repercussoes-sobre-a-enciclica-do-papa-francisco.html#primaryimage"},"datePublished":"2015-06-19T12:27:53+00:00","dateModified":"2020-06-10T17:43:42+00:00","author":{"@id":"https:\/\/franciscanos.org.br\/noticias\/#\/schema\/person\/b38fbf43118f02820bd932f2e4b14ad3"},"breadcrumb":{"@id":"https:\/\/franciscanos.org.br\/noticias\/repercussoes-sobre-a-enciclica-do-papa-francisco.html#breadcrumb"},"inLanguage":"pt-BR","potentialAction":[{"@type":"ReadAction","target":["https:\/\/franciscanos.org.br\/noticias\/repercussoes-sobre-a-enciclica-do-papa-francisco.html"]}]},{"@type":"BreadcrumbList","@id":"https:\/\/franciscanos.org.br\/noticias\/repercussoes-sobre-a-enciclica-do-papa-francisco.html#breadcrumb","itemListElement":[{"@type":"ListItem","position":1,"name":"Home","item":"https:\/\/franciscanos.org.br\/noticias"},{"@type":"ListItem","position":2,"name":"Repercuss\u00f5es sobre a Enc\u00edclica do Papa Francisco"}]},{"@type":"Person","@id":"https:\/\/franciscanos.org.br\/noticias\/#\/schema\/person\/b38fbf43118f02820bd932f2e4b14ad3","name":"admin","image":{"@type":"ImageObject","inLanguage":"pt-BR","@id":"https:\/\/franciscanos.org.br\/noticias\/#\/schema\/person\/image\/","url":"https:\/\/secure.gravatar.com\/avatar\/e8495742d34d0ba6448ea1c628263b3e?s=96&d=mm&r=g","contentUrl":"https:\/\/secure.gravatar.com\/avatar\/e8495742d34d0ba6448ea1c628263b3e?s=96&d=mm&r=g","caption":"admin"},"url":"https:\/\/franciscanos.org.br\/noticias\/author\/admin"}]}},"_links":{"self":[{"href":"https:\/\/franciscanos.org.br\/noticias\/wp-json\/wp\/v2\/posts\/89196"}],"collection":[{"href":"https:\/\/franciscanos.org.br\/noticias\/wp-json\/wp\/v2\/posts"}],"about":[{"href":"https:\/\/franciscanos.org.br\/noticias\/wp-json\/wp\/v2\/types\/post"}],"author":[{"embeddable":true,"href":"https:\/\/franciscanos.org.br\/noticias\/wp-json\/wp\/v2\/users\/1"}],"replies":[{"embeddable":true,"href":"https:\/\/franciscanos.org.br\/noticias\/wp-json\/wp\/v2\/comments?post=89196"}],"version-history":[{"count":1,"href":"https:\/\/franciscanos.org.br\/noticias\/wp-json\/wp\/v2\/posts\/89196\/revisions"}],"predecessor-version":[{"id":226026,"href":"https:\/\/franciscanos.org.br\/noticias\/wp-json\/wp\/v2\/posts\/89196\/revisions\/226026"}],"wp:featuredmedia":[{"embeddable":true,"href":"https:\/\/franciscanos.org.br\/noticias\/wp-json\/wp\/v2\/media\/207443"}],"wp:attachment":[{"href":"https:\/\/franciscanos.org.br\/noticias\/wp-json\/wp\/v2\/media?parent=89196"}],"wp:term":[{"taxonomy":"category","embeddable":true,"href":"https:\/\/franciscanos.org.br\/noticias\/wp-json\/wp\/v2\/categories?post=89196"},{"taxonomy":"post_tag","embeddable":true,"href":"https:\/\/franciscanos.org.br\/noticias\/wp-json\/wp\/v2\/tags?post=89196"}],"curies":[{"name":"wp","href":"https:\/\/api.w.org\/{rel}","templated":true}]}}