{"id":89181,"date":"2015-06-20T08:46:44","date_gmt":"2015-06-20T11:46:44","guid":{"rendered":"http:\/\/franciscanos.org.br\/?p=89181"},"modified":"2019-12-09T11:12:03","modified_gmt":"2019-12-09T14:12:03","slug":"liturgia-dominical-o-deus-que-acalma-o-mar-mas-nao-se-afasta-das-tormentas","status":"publish","type":"post","link":"https:\/\/franciscanos.org.br\/noticias\/liturgia-dominical-o-deus-que-acalma-o-mar-mas-nao-se-afasta-das-tormentas.html","title":{"rendered":"O Deus que acalma o mar, mas n\u00e3o se afasta das tormentas"},"content":{"rendered":"<p><img loading=\"lazy\" class=\"alignnone size-full wp-image-196631\" src=\"https:\/\/franciscanos.org.br\/noticias\/wp-content\/uploads\/2015\/06\/liturgia_21.jpg\" alt=\"\" width=\"820\" height=\"397\" srcset=\"https:\/\/franciscanos.org.br\/noticias\/wp-content\/uploads\/2015\/06\/liturgia_21.jpg 820w, https:\/\/franciscanos.org.br\/noticias\/wp-content\/uploads\/2015\/06\/liturgia_21-450x218.jpg 450w, https:\/\/franciscanos.org.br\/noticias\/wp-content\/uploads\/2015\/06\/liturgia_21-768x372.jpg 768w, https:\/\/franciscanos.org.br\/noticias\/wp-content\/uploads\/2015\/06\/liturgia_21-150x73.jpg 150w\" sizes=\"(max-width: 820px) 100vw, 820px\" \/><\/p>\n<p><strong>Frei Gustavo Medella<\/strong><\/p>\n<p>\u201cJesus dormindo sobre um travesseiro\u201d (Cf. Mc 4,38). Certamente improvisado para oferecer um pouco de conforto \u00e0quele que n\u00e3o tem onde reclinar a cabe\u00e7a (Cf. Mt 8,20). Travesseiro \u00e9 sin\u00f4nimo de parada, de repouso, de conversa consigo mesmo. Consultar o travesseiro \u00e9 ouvir a pr\u00f3pria consci\u00eancia. E onde Deus escolhe repousar? Numa barca \u00e0 deriva, balan\u00e7ada fortemente pelos ventos e pelas ondas, entre disc\u00edpulos temerosos, que manifestam duplo espanto: primeiro pela for\u00e7a da tormenta e, segundo, pela aparente tranquilidade de Jesus, que \u00e0 primeira vista n\u00e3o se importa muito com o que est\u00e1 acontecendo.<\/p>\n<p>Jesus \u00e9 Deus que escolhe habitar entre os tumultos humanos, vivendo em meio \u00e0s tormentas que povoam os cora\u00e7\u00f5es inquietos que navegam os mares nem sempre calmos da exist\u00eancia. Do meio da tempestade chamam pelo Mestre e manifestam a Ele todo medo e afli\u00e7\u00e3o. Diante do apelo, Jesus se comove a faz valer a autoridade daquele que pode dizer ao mar: \u201cAqui cessa a arrog\u00e2ncia das tuas ondas\u201d (J\u00f3 38,11). A tempestade se acalma e as \u00e1guas se tornam mansas. Os disc\u00edpulos se sentem mais seguros, mas o medo n\u00e3o lhes deixa o cora\u00e7\u00e3o, afinal ainda n\u00e3o tinham se dado conta de quem era Jesus de fato, e por isso a pergunta admirada: \u201cQuem \u00e9 este, a quem at\u00e9 o vento e o mar obedecem? (Mc 4,41)\u201d.<\/p>\n<p>Conhecer Jesus de verdade \u00e9 um processo din\u00e2mico, que n\u00e3o se resume em acumular informa\u00e7\u00f5es e impress\u00f5es sobre o Filho de Deus. Implica em viver experi\u00eancias na companhia \u00edntima do Mestre, atravessando com Ele, inclusive, momentos de medo e inseguran\u00e7a. Significa t\u00ea-lo presente no dia a dia e fazer quest\u00e3o de cultivar esta proximidade, lembrando que Jesus n\u00e3o se reduz a um amigo influente e poderoso com quem se pode contar para obter vantagens e benef\u00edcios pessoais. \u00c9 um companheiro que se faz um com aqueles que com Ele escolhem caminhar, que se disp\u00f5e a carregar os mais pesados fardos para fazer acontecer o projeto do Reino sonhado pelo Pai, aceitando, inclusive, substituir o pr\u00f3prio travesseiro por uma terr\u00edvel e torturante coroa de espinhos que lhe devora o cr\u00e2nio recostado no madeiro da cruz. Nada de conforto, nada de paz, nada de calmaria. Eis a beleza do amor de Deus: aquele que livra seus filhos de tempestades n\u00e3o se furta em abra\u00e7ar o sofrimento, a humilha\u00e7\u00e3o e a dor para se manter fiel at\u00e9 o fim ao projeto de uma nova humanidade, salva e remida no sangue de Cristo.<\/p>\n","protected":false},"excerpt":{"rendered":"<p>Liturgia dominical<\/p>\n","protected":false},"author":1,"featured_media":214875,"comment_status":"open","ping_status":"open","sticky":false,"template":"","format":"standard","meta":[],"categories":[1],"tags":[537],"acf":[],"yoast_head":"<!-- This site is optimized with the Yoast SEO plugin v19.2 - https:\/\/yoast.com\/wordpress\/plugins\/seo\/ -->\n<title>O Deus que acalma o mar, mas n\u00e3o se afasta das tormentas - Not\u00edcias - Franciscanos<\/title>\n<meta name=\"robots\" content=\"index, follow, max-snippet:-1, max-image-preview:large, max-video-preview:-1\" \/>\n<link rel=\"canonical\" href=\"https:\/\/franciscanos.org.br\/noticias\/liturgia-dominical-o-deus-que-acalma-o-mar-mas-nao-se-afasta-das-tormentas.html\" \/>\n<meta property=\"og:locale\" content=\"pt_BR\" \/>\n<meta property=\"og:type\" content=\"article\" \/>\n<meta property=\"og:title\" content=\"O Deus que acalma o mar, mas n\u00e3o se afasta das tormentas - Not\u00edcias - Franciscanos\" \/>\n<meta property=\"og:description\" content=\"Liturgia dominical\" \/>\n<meta property=\"og:url\" content=\"https:\/\/franciscanos.org.br\/noticias\/liturgia-dominical-o-deus-que-acalma-o-mar-mas-nao-se-afasta-das-tormentas.html\" \/>\n<meta property=\"og:site_name\" content=\"Not\u00edcias - Franciscanos\" \/>\n<meta property=\"article:published_time\" content=\"2015-06-20T11:46:44+00:00\" \/>\n<meta property=\"article:modified_time\" content=\"2019-12-09T14:12:03+00:00\" \/>\n<meta property=\"og:image\" content=\"https:\/\/franciscanos.org.br\/noticias\/wp-content\/uploads\/2015\/06\/liturgia_21-1.jpg\" \/>\n\t<meta property=\"og:image:width\" content=\"273\" \/>\n\t<meta property=\"og:image:height\" content=\"181\" \/>\n\t<meta property=\"og:image:type\" content=\"image\/jpeg\" \/>\n<meta name=\"author\" content=\"admin\" \/>\n<meta name=\"twitter:card\" content=\"summary_large_image\" \/>\n<meta name=\"twitter:label1\" content=\"Escrito por\" \/>\n\t<meta name=\"twitter:data1\" content=\"admin\" \/>\n\t<meta name=\"twitter:label2\" content=\"Est. tempo de leitura\" \/>\n\t<meta name=\"twitter:data2\" content=\"2 minutos\" \/>\n<script type=\"application\/ld+json\" class=\"yoast-schema-graph\">{\"@context\":\"https:\/\/schema.org\",\"@graph\":[{\"@type\":\"WebSite\",\"@id\":\"https:\/\/franciscanos.org.br\/noticias\/#website\",\"url\":\"https:\/\/franciscanos.org.br\/noticias\/\",\"name\":\"Not\u00edcias - Franciscanos\",\"description\":\"Prov\u00edncia Franciscana da Imaculada Concei\u00e7\u00e3o do Brasil - Ordem dos Frades Menores - OFM\",\"potentialAction\":[{\"@type\":\"SearchAction\",\"target\":{\"@type\":\"EntryPoint\",\"urlTemplate\":\"https:\/\/franciscanos.org.br\/noticias\/?s={search_term_string}\"},\"query-input\":\"required name=search_term_string\"}],\"inLanguage\":\"pt-BR\"},{\"@type\":\"ImageObject\",\"inLanguage\":\"pt-BR\",\"@id\":\"https:\/\/franciscanos.org.br\/noticias\/liturgia-dominical-o-deus-que-acalma-o-mar-mas-nao-se-afasta-das-tormentas.html#primaryimage\",\"url\":\"https:\/\/franciscanos.org.br\/noticias\/wp-content\/uploads\/2015\/06\/liturgia_21-1.jpg\",\"contentUrl\":\"https:\/\/franciscanos.org.br\/noticias\/wp-content\/uploads\/2015\/06\/liturgia_21-1.jpg\",\"width\":273,\"height\":181},{\"@type\":\"WebPage\",\"@id\":\"https:\/\/franciscanos.org.br\/noticias\/liturgia-dominical-o-deus-que-acalma-o-mar-mas-nao-se-afasta-das-tormentas.html#webpage\",\"url\":\"https:\/\/franciscanos.org.br\/noticias\/liturgia-dominical-o-deus-que-acalma-o-mar-mas-nao-se-afasta-das-tormentas.html\",\"name\":\"O Deus que acalma o mar, mas n\u00e3o se afasta das tormentas - Not\u00edcias - Franciscanos\",\"isPartOf\":{\"@id\":\"https:\/\/franciscanos.org.br\/noticias\/#website\"},\"primaryImageOfPage\":{\"@id\":\"https:\/\/franciscanos.org.br\/noticias\/liturgia-dominical-o-deus-que-acalma-o-mar-mas-nao-se-afasta-das-tormentas.html#primaryimage\"},\"datePublished\":\"2015-06-20T11:46:44+00:00\",\"dateModified\":\"2019-12-09T14:12:03+00:00\",\"author\":{\"@id\":\"https:\/\/franciscanos.org.br\/noticias\/#\/schema\/person\/b38fbf43118f02820bd932f2e4b14ad3\"},\"breadcrumb\":{\"@id\":\"https:\/\/franciscanos.org.br\/noticias\/liturgia-dominical-o-deus-que-acalma-o-mar-mas-nao-se-afasta-das-tormentas.html#breadcrumb\"},\"inLanguage\":\"pt-BR\",\"potentialAction\":[{\"@type\":\"ReadAction\",\"target\":[\"https:\/\/franciscanos.org.br\/noticias\/liturgia-dominical-o-deus-que-acalma-o-mar-mas-nao-se-afasta-das-tormentas.html\"]}]},{\"@type\":\"BreadcrumbList\",\"@id\":\"https:\/\/franciscanos.org.br\/noticias\/liturgia-dominical-o-deus-que-acalma-o-mar-mas-nao-se-afasta-das-tormentas.html#breadcrumb\",\"itemListElement\":[{\"@type\":\"ListItem\",\"position\":1,\"name\":\"Home\",\"item\":\"https:\/\/franciscanos.org.br\/noticias\"},{\"@type\":\"ListItem\",\"position\":2,\"name\":\"O Deus que acalma o mar, mas n\u00e3o se afasta das tormentas\"}]},{\"@type\":\"Person\",\"@id\":\"https:\/\/franciscanos.org.br\/noticias\/#\/schema\/person\/b38fbf43118f02820bd932f2e4b14ad3\",\"name\":\"admin\",\"image\":{\"@type\":\"ImageObject\",\"inLanguage\":\"pt-BR\",\"@id\":\"https:\/\/franciscanos.org.br\/noticias\/#\/schema\/person\/image\/\",\"url\":\"https:\/\/secure.gravatar.com\/avatar\/e8495742d34d0ba6448ea1c628263b3e?s=96&d=mm&r=g\",\"contentUrl\":\"https:\/\/secure.gravatar.com\/avatar\/e8495742d34d0ba6448ea1c628263b3e?s=96&d=mm&r=g\",\"caption\":\"admin\"},\"url\":\"https:\/\/franciscanos.org.br\/noticias\/author\/admin\"}]}<\/script>\n<!-- \/ Yoast SEO plugin. -->","yoast_head_json":{"title":"O Deus que acalma o mar, mas n\u00e3o se afasta das tormentas - Not\u00edcias - Franciscanos","robots":{"index":"index","follow":"follow","max-snippet":"max-snippet:-1","max-image-preview":"max-image-preview:large","max-video-preview":"max-video-preview:-1"},"canonical":"https:\/\/franciscanos.org.br\/noticias\/liturgia-dominical-o-deus-que-acalma-o-mar-mas-nao-se-afasta-das-tormentas.html","og_locale":"pt_BR","og_type":"article","og_title":"O Deus que acalma o mar, mas n\u00e3o se afasta das tormentas - Not\u00edcias - Franciscanos","og_description":"Liturgia dominical","og_url":"https:\/\/franciscanos.org.br\/noticias\/liturgia-dominical-o-deus-que-acalma-o-mar-mas-nao-se-afasta-das-tormentas.html","og_site_name":"Not\u00edcias - Franciscanos","article_published_time":"2015-06-20T11:46:44+00:00","article_modified_time":"2019-12-09T14:12:03+00:00","og_image":[{"width":273,"height":181,"url":"https:\/\/franciscanos.org.br\/noticias\/wp-content\/uploads\/2015\/06\/liturgia_21-1.jpg","type":"image\/jpeg"}],"author":"admin","twitter_card":"summary_large_image","twitter_misc":{"Escrito por":"admin","Est. tempo de leitura":"2 minutos"},"schema":{"@context":"https:\/\/schema.org","@graph":[{"@type":"WebSite","@id":"https:\/\/franciscanos.org.br\/noticias\/#website","url":"https:\/\/franciscanos.org.br\/noticias\/","name":"Not\u00edcias - Franciscanos","description":"Prov\u00edncia Franciscana da Imaculada Concei\u00e7\u00e3o do Brasil - Ordem dos Frades Menores - OFM","potentialAction":[{"@type":"SearchAction","target":{"@type":"EntryPoint","urlTemplate":"https:\/\/franciscanos.org.br\/noticias\/?s={search_term_string}"},"query-input":"required name=search_term_string"}],"inLanguage":"pt-BR"},{"@type":"ImageObject","inLanguage":"pt-BR","@id":"https:\/\/franciscanos.org.br\/noticias\/liturgia-dominical-o-deus-que-acalma-o-mar-mas-nao-se-afasta-das-tormentas.html#primaryimage","url":"https:\/\/franciscanos.org.br\/noticias\/wp-content\/uploads\/2015\/06\/liturgia_21-1.jpg","contentUrl":"https:\/\/franciscanos.org.br\/noticias\/wp-content\/uploads\/2015\/06\/liturgia_21-1.jpg","width":273,"height":181},{"@type":"WebPage","@id":"https:\/\/franciscanos.org.br\/noticias\/liturgia-dominical-o-deus-que-acalma-o-mar-mas-nao-se-afasta-das-tormentas.html#webpage","url":"https:\/\/franciscanos.org.br\/noticias\/liturgia-dominical-o-deus-que-acalma-o-mar-mas-nao-se-afasta-das-tormentas.html","name":"O Deus que acalma o mar, mas n\u00e3o se afasta das tormentas - Not\u00edcias - Franciscanos","isPartOf":{"@id":"https:\/\/franciscanos.org.br\/noticias\/#website"},"primaryImageOfPage":{"@id":"https:\/\/franciscanos.org.br\/noticias\/liturgia-dominical-o-deus-que-acalma-o-mar-mas-nao-se-afasta-das-tormentas.html#primaryimage"},"datePublished":"2015-06-20T11:46:44+00:00","dateModified":"2019-12-09T14:12:03+00:00","author":{"@id":"https:\/\/franciscanos.org.br\/noticias\/#\/schema\/person\/b38fbf43118f02820bd932f2e4b14ad3"},"breadcrumb":{"@id":"https:\/\/franciscanos.org.br\/noticias\/liturgia-dominical-o-deus-que-acalma-o-mar-mas-nao-se-afasta-das-tormentas.html#breadcrumb"},"inLanguage":"pt-BR","potentialAction":[{"@type":"ReadAction","target":["https:\/\/franciscanos.org.br\/noticias\/liturgia-dominical-o-deus-que-acalma-o-mar-mas-nao-se-afasta-das-tormentas.html"]}]},{"@type":"BreadcrumbList","@id":"https:\/\/franciscanos.org.br\/noticias\/liturgia-dominical-o-deus-que-acalma-o-mar-mas-nao-se-afasta-das-tormentas.html#breadcrumb","itemListElement":[{"@type":"ListItem","position":1,"name":"Home","item":"https:\/\/franciscanos.org.br\/noticias"},{"@type":"ListItem","position":2,"name":"O Deus que acalma o mar, mas n\u00e3o se afasta das tormentas"}]},{"@type":"Person","@id":"https:\/\/franciscanos.org.br\/noticias\/#\/schema\/person\/b38fbf43118f02820bd932f2e4b14ad3","name":"admin","image":{"@type":"ImageObject","inLanguage":"pt-BR","@id":"https:\/\/franciscanos.org.br\/noticias\/#\/schema\/person\/image\/","url":"https:\/\/secure.gravatar.com\/avatar\/e8495742d34d0ba6448ea1c628263b3e?s=96&d=mm&r=g","contentUrl":"https:\/\/secure.gravatar.com\/avatar\/e8495742d34d0ba6448ea1c628263b3e?s=96&d=mm&r=g","caption":"admin"},"url":"https:\/\/franciscanos.org.br\/noticias\/author\/admin"}]}},"_links":{"self":[{"href":"https:\/\/franciscanos.org.br\/noticias\/wp-json\/wp\/v2\/posts\/89181"}],"collection":[{"href":"https:\/\/franciscanos.org.br\/noticias\/wp-json\/wp\/v2\/posts"}],"about":[{"href":"https:\/\/franciscanos.org.br\/noticias\/wp-json\/wp\/v2\/types\/post"}],"author":[{"embeddable":true,"href":"https:\/\/franciscanos.org.br\/noticias\/wp-json\/wp\/v2\/users\/1"}],"replies":[{"embeddable":true,"href":"https:\/\/franciscanos.org.br\/noticias\/wp-json\/wp\/v2\/comments?post=89181"}],"version-history":[{"count":0,"href":"https:\/\/franciscanos.org.br\/noticias\/wp-json\/wp\/v2\/posts\/89181\/revisions"}],"wp:featuredmedia":[{"embeddable":true,"href":"https:\/\/franciscanos.org.br\/noticias\/wp-json\/wp\/v2\/media\/214875"}],"wp:attachment":[{"href":"https:\/\/franciscanos.org.br\/noticias\/wp-json\/wp\/v2\/media?parent=89181"}],"wp:term":[{"taxonomy":"category","embeddable":true,"href":"https:\/\/franciscanos.org.br\/noticias\/wp-json\/wp\/v2\/categories?post=89181"},{"taxonomy":"post_tag","embeddable":true,"href":"https:\/\/franciscanos.org.br\/noticias\/wp-json\/wp\/v2\/tags?post=89181"}],"curies":[{"name":"wp","href":"https:\/\/api.w.org\/{rel}","templated":true}]}}