{"id":89144,"date":"2015-06-18T13:22:11","date_gmt":"2015-06-18T16:22:11","guid":{"rendered":"http:\/\/franciscanos.org.br\/?p=89144"},"modified":"2020-06-25T08:41:50","modified_gmt":"2020-06-25T11:41:50","slug":"card-hummes-laudato-si-vale-tambem-para-quem-ja-destruiu","status":"publish","type":"post","link":"https:\/\/franciscanos.org.br\/noticias\/card-hummes-laudato-si-vale-tambem-para-quem-ja-destruiu.html","title":{"rendered":"&#8220;Laudato Si&#8217; vale tamb\u00e9m para quem j\u00e1 destruiu&#8221;"},"content":{"rendered":"<div id=\"attachment_89146\" style=\"width: 510px\" class=\"wp-caption alignright\"><a href=\"http:\/\/franciscanos.org.br\/wp-content\/uploads\/2015\/06\/bilhete.jpg\"><img aria-describedby=\"caption-attachment-89146\" loading=\"lazy\" class=\"wp-image-89146 size-full\" src=\"http:\/\/franciscanos.org.br\/wp-content\/uploads\/2015\/06\/bilhete.jpg\" alt=\"bilhete\" width=\"500\" height=\"247\" \/><\/a><p id=\"caption-attachment-89146\" class=\"wp-caption-text\">Bilhete do Papa Francisco para o Cardeal Hummes<\/p><\/div>\n<p>Na apresenta\u00e7\u00e3o \u00e0 imprensa da Enc\u00edclica do Papa Francisco sobre o cuidado da casa comum, Laudato si, o Padre Federico Lombardi, Diretor da Sala de Imprensa da Santa S\u00e9, informou aos jornalistas que o Pr\u00f3prio Papa enviou, dois dias atr\u00e1s, uma c\u00f3pia integral do documento a todos os Bispos do mundo. Como sinal de cortesia e de inaugura\u00e7\u00e3o desta nova forma de envio, o Pont\u00edfice anexou um bilhete escrito de pr\u00f3prio punho, em v\u00e1rias l\u00ednguas, a cada um.<\/p>\n<p>A <strong>R\u00e1dio Vaticano<\/strong> contatou o Cardeal Cl\u00e1udio Hummes, franciscano, atual Presidente da Comiss\u00e3o Episcopal para a Amaz\u00f4nia, para ouvir a sua primeira rea\u00e7\u00e3o \u00e0 Enc\u00edclica Laudato si.<\/p>\n<p>\u201cA Enc\u00edclica vale para todo o mundo e talvez, de modo mais particular, para aqueles que j\u00e1 destru\u00edram suas matas e n\u00e3o cuidaram suficientemente de suas terras. O Papa indica muito bem que h\u00e1 realmente uma d\u00edvida entre o Norte e o Sul nesta quest\u00e3o ecol\u00f3gica; ele fala da necessidade de termos um governo mundial muito mais eficaz, muito mais eficiente, que seja capaz de preservar o ambiente mundial, para que n\u00e3o seja devastado. O que ele est\u00e1 dizendo com isso \u00e9 que as grandes institui\u00e7\u00f5es de governo mundial, como a ONU e outras afins, n\u00e3o est\u00e3o tendo a for\u00e7a suficiente para governar o mundo nesta quest\u00e3o ecol\u00f3gica que \u00e9 grave, urgente&#8230; embora nem tudo esteja perdido, como o Papa diz. Temos esperan\u00e7a, muito se pode fazer e se deve fazer o quanto antes para proteger, para preservar o planeta, as florestas, as \u00e1guas\u201d.<br \/>\n\u201cCreio que de fato a popula\u00e7\u00e3o est\u00e1 consciente, mas os que t\u00eam o poder na m\u00e3o, o poder pol\u00edtico, econ\u00f4mico, est\u00e3o de fato se deixando impressionar muito pouco por este desastre ecol\u00f3gico que todos estamos assistindo\u201d.<\/p>\n<p>\u201cN\u00e3o \u00e9 apenas uma quest\u00e3o t\u00e9cnica, tecnol\u00f3gica, n\u00e3o&#8230; todos sabemos o que isso tem a ver com as quest\u00f5es da justi\u00e7a social, com a quest\u00e3o da distribui\u00e7\u00e3o dos bens, enfim&#8230; a Enc\u00edclica est\u00e1 unida fortemente \u00e0 quest\u00e3o dos pobres, da pobreza, da mis\u00e9ria no mundo, e por isso mesmo, a Igreja n\u00e3o tem como n\u00e3o se pronunciar, como n\u00e3o tomar uma posi\u00e7\u00e3o\u201d.<\/p>\n<p>\u201cQuest\u00f5es \u00e9ticas est\u00e3o em jogo, sem falar, claro do aspecto religioso, pois nossa f\u00e9 nos fala de como Deus criou o mundo e o entregou a n\u00f3s, n\u00e3o para devastar e destruir, mas para cuidar, para proteger, cultivar, colher os frutos desta terra que nos foi dada. Isso tem uma dimens\u00e3o religiosa, uma dimens\u00e3o \u00e9tica, uma dimens\u00e3o humana profunda, porque todas as criaturas est\u00e3o unidas. O Papa coloca isso muito bem na \u2018ecologia integral\u2019 de que fala; somos todos unidos, n\u00e3o podemos separar a quest\u00e3o humana da ecol\u00f3gica\u201d.<\/p>\n<p>&nbsp;<\/p>\n","protected":false},"excerpt":{"rendered":"<p>Nova enc\u00edclica do Papa Francisco<\/p>\n","protected":false},"author":1,"featured_media":220141,"comment_status":"open","ping_status":"open","sticky":false,"template":"","format":"standard","meta":[],"categories":[1],"tags":[701],"acf":[],"yoast_head":"<!-- This site is optimized with the Yoast SEO plugin v19.2 - https:\/\/yoast.com\/wordpress\/plugins\/seo\/ -->\n<title>&quot;Laudato Si&#039; vale tamb\u00e9m para quem j\u00e1 destruiu&quot; - Not\u00edcias - Franciscanos<\/title>\n<meta name=\"robots\" content=\"index, follow, max-snippet:-1, max-image-preview:large, max-video-preview:-1\" \/>\n<link rel=\"canonical\" href=\"https:\/\/franciscanos.org.br\/noticias\/card-hummes-laudato-si-vale-tambem-para-quem-ja-destruiu.html\" \/>\n<meta property=\"og:locale\" content=\"pt_BR\" \/>\n<meta property=\"og:type\" content=\"article\" \/>\n<meta property=\"og:title\" content=\"&quot;Laudato Si&#039; vale tamb\u00e9m para quem j\u00e1 destruiu&quot; - Not\u00edcias - Franciscanos\" \/>\n<meta property=\"og:description\" content=\"Nova enc\u00edclica do Papa Francisco\" \/>\n<meta property=\"og:url\" content=\"https:\/\/franciscanos.org.br\/noticias\/card-hummes-laudato-si-vale-tambem-para-quem-ja-destruiu.html\" \/>\n<meta property=\"og:site_name\" content=\"Not\u00edcias - Franciscanos\" \/>\n<meta property=\"article:published_time\" content=\"2015-06-18T16:22:11+00:00\" \/>\n<meta property=\"article:modified_time\" content=\"2020-06-25T11:41:50+00:00\" \/>\n<meta property=\"og:image\" content=\"https:\/\/franciscanos.org.br\/noticias\/wp-content\/uploads\/2016\/04\/papa_29-1.jpg\" \/>\n\t<meta property=\"og:image:width\" content=\"273\" \/>\n\t<meta property=\"og:image:height\" content=\"181\" \/>\n\t<meta property=\"og:image:type\" content=\"image\/jpeg\" \/>\n<meta name=\"author\" content=\"admin\" \/>\n<meta name=\"twitter:card\" content=\"summary_large_image\" \/>\n<meta name=\"twitter:label1\" content=\"Escrito por\" \/>\n\t<meta name=\"twitter:data1\" content=\"admin\" \/>\n\t<meta name=\"twitter:label2\" content=\"Est. tempo de leitura\" \/>\n\t<meta name=\"twitter:data2\" content=\"3 minutos\" \/>\n<script type=\"application\/ld+json\" class=\"yoast-schema-graph\">{\"@context\":\"https:\/\/schema.org\",\"@graph\":[{\"@type\":\"WebSite\",\"@id\":\"https:\/\/franciscanos.org.br\/noticias\/#website\",\"url\":\"https:\/\/franciscanos.org.br\/noticias\/\",\"name\":\"Not\u00edcias - Franciscanos\",\"description\":\"Prov\u00edncia Franciscana da Imaculada Concei\u00e7\u00e3o do Brasil - Ordem dos Frades Menores - OFM\",\"potentialAction\":[{\"@type\":\"SearchAction\",\"target\":{\"@type\":\"EntryPoint\",\"urlTemplate\":\"https:\/\/franciscanos.org.br\/noticias\/?s={search_term_string}\"},\"query-input\":\"required name=search_term_string\"}],\"inLanguage\":\"pt-BR\"},{\"@type\":\"ImageObject\",\"inLanguage\":\"pt-BR\",\"@id\":\"https:\/\/franciscanos.org.br\/noticias\/card-hummes-laudato-si-vale-tambem-para-quem-ja-destruiu.html#primaryimage\",\"url\":\"https:\/\/franciscanos.org.br\/noticias\/wp-content\/uploads\/2016\/04\/papa_29-1.jpg\",\"contentUrl\":\"https:\/\/franciscanos.org.br\/noticias\/wp-content\/uploads\/2016\/04\/papa_29-1.jpg\",\"width\":273,\"height\":181},{\"@type\":\"WebPage\",\"@id\":\"https:\/\/franciscanos.org.br\/noticias\/card-hummes-laudato-si-vale-tambem-para-quem-ja-destruiu.html#webpage\",\"url\":\"https:\/\/franciscanos.org.br\/noticias\/card-hummes-laudato-si-vale-tambem-para-quem-ja-destruiu.html\",\"name\":\"\\\"Laudato Si' vale tamb\u00e9m para quem j\u00e1 destruiu\\\" - Not\u00edcias - Franciscanos\",\"isPartOf\":{\"@id\":\"https:\/\/franciscanos.org.br\/noticias\/#website\"},\"primaryImageOfPage\":{\"@id\":\"https:\/\/franciscanos.org.br\/noticias\/card-hummes-laudato-si-vale-tambem-para-quem-ja-destruiu.html#primaryimage\"},\"datePublished\":\"2015-06-18T16:22:11+00:00\",\"dateModified\":\"2020-06-25T11:41:50+00:00\",\"author\":{\"@id\":\"https:\/\/franciscanos.org.br\/noticias\/#\/schema\/person\/b38fbf43118f02820bd932f2e4b14ad3\"},\"breadcrumb\":{\"@id\":\"https:\/\/franciscanos.org.br\/noticias\/card-hummes-laudato-si-vale-tambem-para-quem-ja-destruiu.html#breadcrumb\"},\"inLanguage\":\"pt-BR\",\"potentialAction\":[{\"@type\":\"ReadAction\",\"target\":[\"https:\/\/franciscanos.org.br\/noticias\/card-hummes-laudato-si-vale-tambem-para-quem-ja-destruiu.html\"]}]},{\"@type\":\"BreadcrumbList\",\"@id\":\"https:\/\/franciscanos.org.br\/noticias\/card-hummes-laudato-si-vale-tambem-para-quem-ja-destruiu.html#breadcrumb\",\"itemListElement\":[{\"@type\":\"ListItem\",\"position\":1,\"name\":\"Home\",\"item\":\"https:\/\/franciscanos.org.br\/noticias\"},{\"@type\":\"ListItem\",\"position\":2,\"name\":\"&#8220;Laudato Si&#8217; vale tamb\u00e9m para quem j\u00e1 destruiu&#8221;\"}]},{\"@type\":\"Person\",\"@id\":\"https:\/\/franciscanos.org.br\/noticias\/#\/schema\/person\/b38fbf43118f02820bd932f2e4b14ad3\",\"name\":\"admin\",\"image\":{\"@type\":\"ImageObject\",\"inLanguage\":\"pt-BR\",\"@id\":\"https:\/\/franciscanos.org.br\/noticias\/#\/schema\/person\/image\/\",\"url\":\"https:\/\/secure.gravatar.com\/avatar\/e8495742d34d0ba6448ea1c628263b3e?s=96&d=mm&r=g\",\"contentUrl\":\"https:\/\/secure.gravatar.com\/avatar\/e8495742d34d0ba6448ea1c628263b3e?s=96&d=mm&r=g\",\"caption\":\"admin\"},\"url\":\"https:\/\/franciscanos.org.br\/noticias\/author\/admin\"}]}<\/script>\n<!-- \/ Yoast SEO plugin. -->","yoast_head_json":{"title":"\"Laudato Si' vale tamb\u00e9m para quem j\u00e1 destruiu\" - Not\u00edcias - Franciscanos","robots":{"index":"index","follow":"follow","max-snippet":"max-snippet:-1","max-image-preview":"max-image-preview:large","max-video-preview":"max-video-preview:-1"},"canonical":"https:\/\/franciscanos.org.br\/noticias\/card-hummes-laudato-si-vale-tambem-para-quem-ja-destruiu.html","og_locale":"pt_BR","og_type":"article","og_title":"\"Laudato Si' vale tamb\u00e9m para quem j\u00e1 destruiu\" - Not\u00edcias - Franciscanos","og_description":"Nova enc\u00edclica do Papa Francisco","og_url":"https:\/\/franciscanos.org.br\/noticias\/card-hummes-laudato-si-vale-tambem-para-quem-ja-destruiu.html","og_site_name":"Not\u00edcias - Franciscanos","article_published_time":"2015-06-18T16:22:11+00:00","article_modified_time":"2020-06-25T11:41:50+00:00","og_image":[{"width":273,"height":181,"url":"https:\/\/franciscanos.org.br\/noticias\/wp-content\/uploads\/2016\/04\/papa_29-1.jpg","type":"image\/jpeg"}],"author":"admin","twitter_card":"summary_large_image","twitter_misc":{"Escrito por":"admin","Est. tempo de leitura":"3 minutos"},"schema":{"@context":"https:\/\/schema.org","@graph":[{"@type":"WebSite","@id":"https:\/\/franciscanos.org.br\/noticias\/#website","url":"https:\/\/franciscanos.org.br\/noticias\/","name":"Not\u00edcias - Franciscanos","description":"Prov\u00edncia Franciscana da Imaculada Concei\u00e7\u00e3o do Brasil - Ordem dos Frades Menores - OFM","potentialAction":[{"@type":"SearchAction","target":{"@type":"EntryPoint","urlTemplate":"https:\/\/franciscanos.org.br\/noticias\/?s={search_term_string}"},"query-input":"required name=search_term_string"}],"inLanguage":"pt-BR"},{"@type":"ImageObject","inLanguage":"pt-BR","@id":"https:\/\/franciscanos.org.br\/noticias\/card-hummes-laudato-si-vale-tambem-para-quem-ja-destruiu.html#primaryimage","url":"https:\/\/franciscanos.org.br\/noticias\/wp-content\/uploads\/2016\/04\/papa_29-1.jpg","contentUrl":"https:\/\/franciscanos.org.br\/noticias\/wp-content\/uploads\/2016\/04\/papa_29-1.jpg","width":273,"height":181},{"@type":"WebPage","@id":"https:\/\/franciscanos.org.br\/noticias\/card-hummes-laudato-si-vale-tambem-para-quem-ja-destruiu.html#webpage","url":"https:\/\/franciscanos.org.br\/noticias\/card-hummes-laudato-si-vale-tambem-para-quem-ja-destruiu.html","name":"\"Laudato Si' vale tamb\u00e9m para quem j\u00e1 destruiu\" - Not\u00edcias - Franciscanos","isPartOf":{"@id":"https:\/\/franciscanos.org.br\/noticias\/#website"},"primaryImageOfPage":{"@id":"https:\/\/franciscanos.org.br\/noticias\/card-hummes-laudato-si-vale-tambem-para-quem-ja-destruiu.html#primaryimage"},"datePublished":"2015-06-18T16:22:11+00:00","dateModified":"2020-06-25T11:41:50+00:00","author":{"@id":"https:\/\/franciscanos.org.br\/noticias\/#\/schema\/person\/b38fbf43118f02820bd932f2e4b14ad3"},"breadcrumb":{"@id":"https:\/\/franciscanos.org.br\/noticias\/card-hummes-laudato-si-vale-tambem-para-quem-ja-destruiu.html#breadcrumb"},"inLanguage":"pt-BR","potentialAction":[{"@type":"ReadAction","target":["https:\/\/franciscanos.org.br\/noticias\/card-hummes-laudato-si-vale-tambem-para-quem-ja-destruiu.html"]}]},{"@type":"BreadcrumbList","@id":"https:\/\/franciscanos.org.br\/noticias\/card-hummes-laudato-si-vale-tambem-para-quem-ja-destruiu.html#breadcrumb","itemListElement":[{"@type":"ListItem","position":1,"name":"Home","item":"https:\/\/franciscanos.org.br\/noticias"},{"@type":"ListItem","position":2,"name":"&#8220;Laudato Si&#8217; vale tamb\u00e9m para quem j\u00e1 destruiu&#8221;"}]},{"@type":"Person","@id":"https:\/\/franciscanos.org.br\/noticias\/#\/schema\/person\/b38fbf43118f02820bd932f2e4b14ad3","name":"admin","image":{"@type":"ImageObject","inLanguage":"pt-BR","@id":"https:\/\/franciscanos.org.br\/noticias\/#\/schema\/person\/image\/","url":"https:\/\/secure.gravatar.com\/avatar\/e8495742d34d0ba6448ea1c628263b3e?s=96&d=mm&r=g","contentUrl":"https:\/\/secure.gravatar.com\/avatar\/e8495742d34d0ba6448ea1c628263b3e?s=96&d=mm&r=g","caption":"admin"},"url":"https:\/\/franciscanos.org.br\/noticias\/author\/admin"}]}},"_links":{"self":[{"href":"https:\/\/franciscanos.org.br\/noticias\/wp-json\/wp\/v2\/posts\/89144"}],"collection":[{"href":"https:\/\/franciscanos.org.br\/noticias\/wp-json\/wp\/v2\/posts"}],"about":[{"href":"https:\/\/franciscanos.org.br\/noticias\/wp-json\/wp\/v2\/types\/post"}],"author":[{"embeddable":true,"href":"https:\/\/franciscanos.org.br\/noticias\/wp-json\/wp\/v2\/users\/1"}],"replies":[{"embeddable":true,"href":"https:\/\/franciscanos.org.br\/noticias\/wp-json\/wp\/v2\/comments?post=89144"}],"version-history":[{"count":1,"href":"https:\/\/franciscanos.org.br\/noticias\/wp-json\/wp\/v2\/posts\/89144\/revisions"}],"predecessor-version":[{"id":226744,"href":"https:\/\/franciscanos.org.br\/noticias\/wp-json\/wp\/v2\/posts\/89144\/revisions\/226744"}],"wp:featuredmedia":[{"embeddable":true,"href":"https:\/\/franciscanos.org.br\/noticias\/wp-json\/wp\/v2\/media\/220141"}],"wp:attachment":[{"href":"https:\/\/franciscanos.org.br\/noticias\/wp-json\/wp\/v2\/media?parent=89144"}],"wp:term":[{"taxonomy":"category","embeddable":true,"href":"https:\/\/franciscanos.org.br\/noticias\/wp-json\/wp\/v2\/categories?post=89144"},{"taxonomy":"post_tag","embeddable":true,"href":"https:\/\/franciscanos.org.br\/noticias\/wp-json\/wp\/v2\/tags?post=89144"}],"curies":[{"name":"wp","href":"https:\/\/api.w.org\/{rel}","templated":true}]}}