{"id":89032,"date":"2015-06-17T07:38:03","date_gmt":"2015-06-17T10:38:03","guid":{"rendered":"http:\/\/franciscanos.org.br\/?p=89032"},"modified":"2020-06-10T14:45:18","modified_gmt":"2020-06-10T17:45:18","slug":"franciscanos-laudato-si-e-alegria-e-responsabilidade","status":"publish","type":"post","link":"https:\/\/franciscanos.org.br\/noticias\/franciscanos-laudato-si-e-alegria-e-responsabilidade.html","title":{"rendered":"Fr. Nestor: &#8216;Laudato Si&#8221; \u00e9 alegria e responsabilidade"},"content":{"rendered":"<p><img loading=\"lazy\" src=\"http:\/\/franciscanos.org.br\/wp-content\/uploads\/2015\/06\/papa-820.jpg\" alt=\"papa-820\" width=\"820\" height=\"513\" \/><\/p>\n<p><strong>Cidade do Vaticano<\/strong> \u2013 Francisco de Assis, o Padroeiro da Ecologia, que serviu de inspira\u00e7\u00e3o para Jorge Mario Bergoglio na escolha de seu nome de Pont\u00edfice, volta a protagonizar na hist\u00f3ria da Igreja com a nova Enc\u00edclica do Papa. O t\u00edtulo do documento, &#8220;Laudato Si&#8221;, significa &#8220;Louvado Sejas&#8221;, e \u00e9 a frase inicial do C\u00e2ntico das Criaturas de S\u00e3o Francisco de Assis, escrito em 1225 e tido como o texto mais antigo da literatura italiana.<\/p>\n<p><a href=\"http:\/\/franciscanos.org.br\/wp-content\/uploads\/2015\/06\/francisco_17_enciclica.jpg\"><img loading=\"lazy\" class=\"alignright size-full wp-image-89033\" src=\"http:\/\/franciscanos.org.br\/wp-content\/uploads\/2015\/06\/francisco_17_enciclica.jpg\" alt=\"francisco_17_enciclica\" width=\"371\" height=\"700\" \/><\/a>Na imin\u00eancia da publica\u00e7\u00e3o oficial, marcada para esta quinta-feira (18\/06), no Vaticano, Nestor In\u00e1cio Schwerz, OFM, comenta o que este evento representa para a Ordem e a fam\u00edlia franciscana em geral.<\/p>\n<p>\u201cPara n\u00f3s \u00e9 uma grande alegria poder ver que o Papa Francisco bebe da espiritualidade de S\u00e3o Francisco de Assis. Ent\u00e3o, esta liga\u00e7\u00e3o que sempre se faz: \u2018o Papa Francisco e Francisco de Assis\u2019 \u00e9 para n\u00f3s um motivo de particular alegria, mas mais do que isto, representa uma grande responsabilidade, quer dizer, n\u00f3s mesmos temos que aprofundar a nossa pr\u00f3pria espiritualidade, sobretudo em di\u00e1logo com o mundo de hoje. Sabemos que Francisco tinha toda essa rela\u00e7\u00e3o fraterna, de ternura, de cuidado para com todas as criaturas, a come\u00e7ar pela criatura humana, principalmente as mais feridas, machucadas e exclu\u00eddas, como no caso dos leprosos&#8230; mas tamb\u00e9m com todas as criaturas, mesmo o vermezinho que ele recolhe na estrada, a pomba que ele quer deixar voar e n\u00e3o deixar ir at\u00e9 o mercado&#8230; todos os epis\u00f3dios que temos em nossas biografias de S\u00e3o Francisco e que nos encantam na rela\u00e7\u00e3o dele com todas as criaturas! Sabemos, por\u00e9m, que n\u00e3o podemos ficar numa linguagem muito espiritualista, muito rom\u00e2ntica, porque a quest\u00e3o da ecologia \u00e9 uma realidade muito s\u00e9ria e desafiadora. Esta inspira\u00e7\u00e3o franciscana tem muita luz para oferecer neste sentido\u201d.<\/p>\n<p>Frei Nestor foi, at\u00e9 o Cap\u00edtulo Geral da Ordem dos Frades Menores, encerrado no dia 7 de junho, Definidor Geral para a Am\u00e9rica Latina. A partir de julho, ele ser\u00e1 o Visitador Geral desta Prov\u00edncia Franciscana da Imaculada Concei\u00e7\u00e3o.<\/p>\n<p><strong>&#8220;Esta nossa &#8216;casa&#8217; est\u00e1 sendo arruinada&#8221;<\/strong><\/p>\n<p>No final da Audi\u00eancia Geral desta quarta-feira, falando diante de 25 mil pessoas na Pra\u00e7a S\u00e3o Pedro, o Papa recordou que nesta quinta-feira (18\/06), ser\u00e1 publicada a Enc\u00edclica &#8220;Laudato si, sobre o cuidado da casa comum\u201d.<\/p>\n<p>\u201cEsta nossa \u2018casa\u2019 est\u00e1 sendo arruinada e isso prejudica a todos, especialmente os mais pobres. Portanto, o meu apelo \u00e9 \u00e0 responsabilidade, com base na tarefa que Deus deu ao ser humano na cria\u00e7\u00e3o: &#8216;cultivar e preservar&#8217; o &#8216;jardim&#8217; em que ele o colocou (cfr Gen 2,15). Convido todos a acolher com \u00e2nimo aberto este Documento, que est\u00e1 em sintonia com a Doutrina Social da Igreja\u201d, disse o Pont\u00edfice.<\/p>\n<p>Bomba clim\u00e1tica<\/p>\n<p>\u201cA Enc\u00edclica do Papa Francisco chega num momento-chave para o desenvolvimento. A Caritas espera que nos d\u00ea todo o \u00edmpeto e a inspira\u00e7\u00e3o necess\u00e1ria para alcan\u00e7ar a transforma\u00e7\u00e3o da mudan\u00e7a clim\u00e1tica \u00e0 mudan\u00e7a pessoal e pol\u00edtica. Em meados dos anos 80 n\u00e3o sab\u00edamos se \u00edamos ser eliminados da terra a qualquer momento\u201d, escreve Michelle Hough, da Caritas Internacional.<\/p>\n<p>Nesse sentido, refere que passados 30 anos a bomba que caiu \u201cn\u00e3o \u00e9 nuclear mas clim\u00e1tica\u201d, com eventos extremos como \u201co aumento do n\u00edvel do mar, o degelo da calote polar e as pessoas que cada vez se tornam sem-abrigo e passam fome\u201d. Michelle Hough destaca que pelas informa\u00e7\u00f5es recolhidas, a Enc\u00edclica do Papa Francisco vai encorajar a olhar para a rela\u00e7\u00e3o com o meio ambiente e a viver com simplicidade.<\/p>\n<p>A Caritas Internacional est\u00e1 animada com a publica\u00e7\u00e3o da Enc\u00edclica e contextualiza que muitas organiza\u00e7\u00f5es do bra\u00e7o caritativo da Igreja Cat\u00f3lica em todo o mundo trabalham sobre o clima e o meio ambiente e exemplifica que, com as comunidades, distribuem ajuda durante o per\u00edodo da seca e dos tuf\u00f5es, auxiliando as pessoas a reconstru\u00edrem as suas casas, os meios de subsist\u00eancia e a reduzir o impacto dos desastres.<\/p>\n<p>Michelle Hough adianta tamb\u00e9m que trabalham com comunidades devastadas por ind\u00fastrias extrativas e promovem uma mudan\u00e7a fundamental nas quest\u00f5es pol\u00edticas pessoais e ambientais. Neste contexto, a Caritas Internacional relaciona o tema do documento do Papa com o tema de trabalho da institui\u00e7\u00e3o para os pr\u00f3ximos quatro anos \u2013 \u201cUma fam\u00edlia humana, cuidando de cria\u00e7\u00e3o\u201d.<\/p>\n<p><strong>LEIA TAMB\u00c9M<\/strong>: <a href=\"http:\/\/franciscanos.org.br\/?p=89002\">EXPECTATIVA PELA PUBLICA\u00c7\u00c3O DA ENC\u00cdCLICA<\/a><\/p>\n<p><strong>O luto na Fam\u00edlia<\/strong><\/p>\n<p>Como de costume, o Papa fez seu ingresso na Pra\u00e7a S. Pedro de papam\u00f3vel, para, assim, ter a oportunidade de saudar de perto os fi\u00e9is oriundos de v\u00e1rias partes do mundo.<br \/>\nJ\u00e1 diante da Bas\u00edlica, Francisco deu sequ\u00eancia a seu ciclo de catequeses sobre a fam\u00edlia, falando desta vez sobre o luto \u2013 experi\u00eancia que n\u00e3o poupa sequer um n\u00facleo familiar.<\/p>\n<p>A morte faz parte da vida, disse o Papa, mas quando se d\u00e1 na fam\u00edlia, \u00e9 muito dif\u00edcil v\u00ea-la como algo natural. Para os pais, perder o pr\u00f3prio filho \u00e9 algo \u201cdesolador\u201d, que contradiz a natureza elementar das rela\u00e7\u00f5es que d\u00e3o sentido \u00e0 pr\u00f3pria fam\u00edlia. Francisco falou de sua experi\u00eancia com os fi\u00e9is que participam da missa na Casa Santa Marta quando alguns pais, ao falarem da morte do pr\u00f3prio filho, t\u00eam \u201co olhar entristecido\u201d.<\/p>\n<p>\u201cA morte toca e quando \u00e9 um filho, toca profundamente\u201d, disse. A perda de um filho \u00e9 como parar o tempo, onde passado e futuro n\u00e3o se distinguem mais. Toda a fam\u00edlia fica paralisada. O mesmo acontece para o menor que fica \u00f3rf\u00e3o e, com sofrimento, se pergunta quando voltar\u00e1 seu pai ou sua m\u00e3e.<\/p>\n<p>\u201cNesses casos, a morte \u00e9 como um buraco negro que se abre na vida das fam\u00edlias e \u00e0 qual n\u00e3o podemos dar qualquer explica\u00e7\u00e3o.\u201d E, \u00e0s vezes, acaba-se por culpar ou negar Deus. \u201cEu os entendo\u201d, disse Francisco, porque se trata de uma grande dor.<\/p>\n<p>Todavia, prosseguiu o Pont\u00edfice, a morte f\u00edsica tem \u201cc\u00famplices\u201d, que s\u00e3o at\u00e9 piores do que ela, como o \u00f3dio, a inveja, a soberba e a avareza. O pecado faz com que esta realidade seja ainda mais dolorosa e injusta.<\/p>\n<p>\u201cPensemos na absurda \u2018normalidade\u2019 com a qual, em certos momentos e lugares, os eventos que acrescentam horror \u00e0 morte s\u00e3o provocados pelo \u00f3dio e pela indiferen\u00e7a de outros seres humanos. O Senhor nos liberte de nos acostumamo-nos a isso!\u201d<\/p>\n<p>Jesus nos ensina a n\u00e3o temer a morte, mas tamb\u00e9m a vivenci\u00e1-la de forma humana. Ele mesmo chorou e ficou turbado ao compartilhar o luto de uma fam\u00edlia querida. A esperan\u00e7a nasce das palavras de Cristo \u00e0 vi\u00fava que perdeu seu filho: \u201cJesus o restituiu \u00e0 sua m\u00e3e\u201d. \u201cEsta \u00e9 a nossa esperan\u00e7a, que o Senhor nos restituir\u00e1 todos os nossos caros\u201d, disse o Papa.<\/p>\n<p>Se nos deixarmos amparar por esta f\u00e9, a experi\u00eancia do luto pode gerar uma solidariedade mais forte dos elos familiares, uma nova fraternidade com as fam\u00edlias que nascem e renascem na esperan\u00e7a. Esta f\u00e9 nos protege seja do niilismo, seja das falsas consola\u00e7\u00f5es supersticiosas e nos confirma que a morte n\u00e3o tem a \u00faltima palavra.<\/p>\n<p>Por isso, \u00e9 necess\u00e1rio que os pastores e todos os crist\u00e3os expressam de maneira mais concreta o sentido da f\u00e9 junto \u00e0s fam\u00edlias em luto. E nos inspirar naquelas fam\u00edlias que encontraram for\u00e7as para perseverar na f\u00e9 e no amor, testemunhando que o trabalho de amor de Deus \u00e9 mais forte que a morte. \u201cE lembremo-nos daquele gesto de Jesus, quando nos reencontraremos com os nossos caros e a morte ser\u00e1 definitivamente derrotada.\u201d<\/p>\n","protected":false},"excerpt":{"rendered":"<p>Enc\u00edclica<\/p>\n","protected":false},"author":1,"featured_media":200766,"comment_status":"open","ping_status":"open","sticky":false,"template":"","format":"standard","meta":[],"categories":[1428],"tags":[701],"acf":[],"yoast_head":"<!-- This site is optimized with the Yoast SEO plugin v19.2 - https:\/\/yoast.com\/wordpress\/plugins\/seo\/ -->\n<title>Fr. Nestor: &#039;Laudato Si&#039;&#039; \u00e9 alegria e responsabilidade - Not\u00edcias - Franciscanos<\/title>\n<meta name=\"robots\" content=\"index, follow, max-snippet:-1, max-image-preview:large, max-video-preview:-1\" \/>\n<link rel=\"canonical\" href=\"https:\/\/franciscanos.org.br\/noticias\/franciscanos-laudato-si-e-alegria-e-responsabilidade.html\" \/>\n<meta property=\"og:locale\" content=\"pt_BR\" \/>\n<meta property=\"og:type\" content=\"article\" \/>\n<meta property=\"og:title\" content=\"Fr. Nestor: &#039;Laudato Si&#039;&#039; \u00e9 alegria e responsabilidade - Not\u00edcias - Franciscanos\" \/>\n<meta property=\"og:description\" content=\"Enc\u00edclica\" \/>\n<meta property=\"og:url\" content=\"https:\/\/franciscanos.org.br\/noticias\/franciscanos-laudato-si-e-alegria-e-responsabilidade.html\" \/>\n<meta property=\"og:site_name\" content=\"Not\u00edcias - Franciscanos\" \/>\n<meta property=\"article:published_time\" content=\"2015-06-17T10:38:03+00:00\" \/>\n<meta property=\"article:modified_time\" content=\"2020-06-10T17:45:18+00:00\" \/>\n<meta property=\"og:image\" content=\"https:\/\/franciscanos.org.br\/noticias\/wp-content\/uploads\/2015\/06\/papa-820.jpg\" \/>\n\t<meta property=\"og:image:width\" content=\"273\" \/>\n\t<meta property=\"og:image:height\" content=\"181\" \/>\n\t<meta property=\"og:image:type\" content=\"image\/jpeg\" \/>\n<meta name=\"author\" content=\"admin\" \/>\n<meta name=\"twitter:card\" content=\"summary_large_image\" \/>\n<meta name=\"twitter:label1\" content=\"Escrito por\" \/>\n\t<meta name=\"twitter:data1\" content=\"admin\" \/>\n\t<meta name=\"twitter:label2\" content=\"Est. tempo de leitura\" \/>\n\t<meta name=\"twitter:data2\" content=\"7 minutos\" \/>\n<script type=\"application\/ld+json\" class=\"yoast-schema-graph\">{\"@context\":\"https:\/\/schema.org\",\"@graph\":[{\"@type\":\"WebSite\",\"@id\":\"https:\/\/franciscanos.org.br\/noticias\/#website\",\"url\":\"https:\/\/franciscanos.org.br\/noticias\/\",\"name\":\"Not\u00edcias - Franciscanos\",\"description\":\"Prov\u00edncia Franciscana da Imaculada Concei\u00e7\u00e3o do Brasil - Ordem dos Frades Menores - OFM\",\"potentialAction\":[{\"@type\":\"SearchAction\",\"target\":{\"@type\":\"EntryPoint\",\"urlTemplate\":\"https:\/\/franciscanos.org.br\/noticias\/?s={search_term_string}\"},\"query-input\":\"required name=search_term_string\"}],\"inLanguage\":\"pt-BR\"},{\"@type\":\"ImageObject\",\"inLanguage\":\"pt-BR\",\"@id\":\"https:\/\/franciscanos.org.br\/noticias\/franciscanos-laudato-si-e-alegria-e-responsabilidade.html#primaryimage\",\"url\":\"https:\/\/franciscanos.org.br\/noticias\/wp-content\/uploads\/2015\/06\/papa-820.jpg\",\"contentUrl\":\"https:\/\/franciscanos.org.br\/noticias\/wp-content\/uploads\/2015\/06\/papa-820.jpg\",\"width\":273,\"height\":181},{\"@type\":\"WebPage\",\"@id\":\"https:\/\/franciscanos.org.br\/noticias\/franciscanos-laudato-si-e-alegria-e-responsabilidade.html#webpage\",\"url\":\"https:\/\/franciscanos.org.br\/noticias\/franciscanos-laudato-si-e-alegria-e-responsabilidade.html\",\"name\":\"Fr. Nestor: 'Laudato Si'' \u00e9 alegria e responsabilidade - Not\u00edcias - Franciscanos\",\"isPartOf\":{\"@id\":\"https:\/\/franciscanos.org.br\/noticias\/#website\"},\"primaryImageOfPage\":{\"@id\":\"https:\/\/franciscanos.org.br\/noticias\/franciscanos-laudato-si-e-alegria-e-responsabilidade.html#primaryimage\"},\"datePublished\":\"2015-06-17T10:38:03+00:00\",\"dateModified\":\"2020-06-10T17:45:18+00:00\",\"author\":{\"@id\":\"https:\/\/franciscanos.org.br\/noticias\/#\/schema\/person\/b38fbf43118f02820bd932f2e4b14ad3\"},\"breadcrumb\":{\"@id\":\"https:\/\/franciscanos.org.br\/noticias\/franciscanos-laudato-si-e-alegria-e-responsabilidade.html#breadcrumb\"},\"inLanguage\":\"pt-BR\",\"potentialAction\":[{\"@type\":\"ReadAction\",\"target\":[\"https:\/\/franciscanos.org.br\/noticias\/franciscanos-laudato-si-e-alegria-e-responsabilidade.html\"]}]},{\"@type\":\"BreadcrumbList\",\"@id\":\"https:\/\/franciscanos.org.br\/noticias\/franciscanos-laudato-si-e-alegria-e-responsabilidade.html#breadcrumb\",\"itemListElement\":[{\"@type\":\"ListItem\",\"position\":1,\"name\":\"Home\",\"item\":\"https:\/\/franciscanos.org.br\/noticias\"},{\"@type\":\"ListItem\",\"position\":2,\"name\":\"Fr. Nestor: &#8216;Laudato Si&#8221; \u00e9 alegria e responsabilidade\"}]},{\"@type\":\"Person\",\"@id\":\"https:\/\/franciscanos.org.br\/noticias\/#\/schema\/person\/b38fbf43118f02820bd932f2e4b14ad3\",\"name\":\"admin\",\"image\":{\"@type\":\"ImageObject\",\"inLanguage\":\"pt-BR\",\"@id\":\"https:\/\/franciscanos.org.br\/noticias\/#\/schema\/person\/image\/\",\"url\":\"https:\/\/secure.gravatar.com\/avatar\/e8495742d34d0ba6448ea1c628263b3e?s=96&d=mm&r=g\",\"contentUrl\":\"https:\/\/secure.gravatar.com\/avatar\/e8495742d34d0ba6448ea1c628263b3e?s=96&d=mm&r=g\",\"caption\":\"admin\"},\"url\":\"https:\/\/franciscanos.org.br\/noticias\/author\/admin\"}]}<\/script>\n<!-- \/ Yoast SEO plugin. -->","yoast_head_json":{"title":"Fr. Nestor: 'Laudato Si'' \u00e9 alegria e responsabilidade - Not\u00edcias - Franciscanos","robots":{"index":"index","follow":"follow","max-snippet":"max-snippet:-1","max-image-preview":"max-image-preview:large","max-video-preview":"max-video-preview:-1"},"canonical":"https:\/\/franciscanos.org.br\/noticias\/franciscanos-laudato-si-e-alegria-e-responsabilidade.html","og_locale":"pt_BR","og_type":"article","og_title":"Fr. Nestor: 'Laudato Si'' \u00e9 alegria e responsabilidade - Not\u00edcias - Franciscanos","og_description":"Enc\u00edclica","og_url":"https:\/\/franciscanos.org.br\/noticias\/franciscanos-laudato-si-e-alegria-e-responsabilidade.html","og_site_name":"Not\u00edcias - Franciscanos","article_published_time":"2015-06-17T10:38:03+00:00","article_modified_time":"2020-06-10T17:45:18+00:00","og_image":[{"width":273,"height":181,"url":"https:\/\/franciscanos.org.br\/noticias\/wp-content\/uploads\/2015\/06\/papa-820.jpg","type":"image\/jpeg"}],"author":"admin","twitter_card":"summary_large_image","twitter_misc":{"Escrito por":"admin","Est. tempo de leitura":"7 minutos"},"schema":{"@context":"https:\/\/schema.org","@graph":[{"@type":"WebSite","@id":"https:\/\/franciscanos.org.br\/noticias\/#website","url":"https:\/\/franciscanos.org.br\/noticias\/","name":"Not\u00edcias - Franciscanos","description":"Prov\u00edncia Franciscana da Imaculada Concei\u00e7\u00e3o do Brasil - Ordem dos Frades Menores - OFM","potentialAction":[{"@type":"SearchAction","target":{"@type":"EntryPoint","urlTemplate":"https:\/\/franciscanos.org.br\/noticias\/?s={search_term_string}"},"query-input":"required name=search_term_string"}],"inLanguage":"pt-BR"},{"@type":"ImageObject","inLanguage":"pt-BR","@id":"https:\/\/franciscanos.org.br\/noticias\/franciscanos-laudato-si-e-alegria-e-responsabilidade.html#primaryimage","url":"https:\/\/franciscanos.org.br\/noticias\/wp-content\/uploads\/2015\/06\/papa-820.jpg","contentUrl":"https:\/\/franciscanos.org.br\/noticias\/wp-content\/uploads\/2015\/06\/papa-820.jpg","width":273,"height":181},{"@type":"WebPage","@id":"https:\/\/franciscanos.org.br\/noticias\/franciscanos-laudato-si-e-alegria-e-responsabilidade.html#webpage","url":"https:\/\/franciscanos.org.br\/noticias\/franciscanos-laudato-si-e-alegria-e-responsabilidade.html","name":"Fr. Nestor: 'Laudato Si'' \u00e9 alegria e responsabilidade - Not\u00edcias - Franciscanos","isPartOf":{"@id":"https:\/\/franciscanos.org.br\/noticias\/#website"},"primaryImageOfPage":{"@id":"https:\/\/franciscanos.org.br\/noticias\/franciscanos-laudato-si-e-alegria-e-responsabilidade.html#primaryimage"},"datePublished":"2015-06-17T10:38:03+00:00","dateModified":"2020-06-10T17:45:18+00:00","author":{"@id":"https:\/\/franciscanos.org.br\/noticias\/#\/schema\/person\/b38fbf43118f02820bd932f2e4b14ad3"},"breadcrumb":{"@id":"https:\/\/franciscanos.org.br\/noticias\/franciscanos-laudato-si-e-alegria-e-responsabilidade.html#breadcrumb"},"inLanguage":"pt-BR","potentialAction":[{"@type":"ReadAction","target":["https:\/\/franciscanos.org.br\/noticias\/franciscanos-laudato-si-e-alegria-e-responsabilidade.html"]}]},{"@type":"BreadcrumbList","@id":"https:\/\/franciscanos.org.br\/noticias\/franciscanos-laudato-si-e-alegria-e-responsabilidade.html#breadcrumb","itemListElement":[{"@type":"ListItem","position":1,"name":"Home","item":"https:\/\/franciscanos.org.br\/noticias"},{"@type":"ListItem","position":2,"name":"Fr. Nestor: &#8216;Laudato Si&#8221; \u00e9 alegria e responsabilidade"}]},{"@type":"Person","@id":"https:\/\/franciscanos.org.br\/noticias\/#\/schema\/person\/b38fbf43118f02820bd932f2e4b14ad3","name":"admin","image":{"@type":"ImageObject","inLanguage":"pt-BR","@id":"https:\/\/franciscanos.org.br\/noticias\/#\/schema\/person\/image\/","url":"https:\/\/secure.gravatar.com\/avatar\/e8495742d34d0ba6448ea1c628263b3e?s=96&d=mm&r=g","contentUrl":"https:\/\/secure.gravatar.com\/avatar\/e8495742d34d0ba6448ea1c628263b3e?s=96&d=mm&r=g","caption":"admin"},"url":"https:\/\/franciscanos.org.br\/noticias\/author\/admin"}]}},"_links":{"self":[{"href":"https:\/\/franciscanos.org.br\/noticias\/wp-json\/wp\/v2\/posts\/89032"}],"collection":[{"href":"https:\/\/franciscanos.org.br\/noticias\/wp-json\/wp\/v2\/posts"}],"about":[{"href":"https:\/\/franciscanos.org.br\/noticias\/wp-json\/wp\/v2\/types\/post"}],"author":[{"embeddable":true,"href":"https:\/\/franciscanos.org.br\/noticias\/wp-json\/wp\/v2\/users\/1"}],"replies":[{"embeddable":true,"href":"https:\/\/franciscanos.org.br\/noticias\/wp-json\/wp\/v2\/comments?post=89032"}],"version-history":[{"count":1,"href":"https:\/\/franciscanos.org.br\/noticias\/wp-json\/wp\/v2\/posts\/89032\/revisions"}],"predecessor-version":[{"id":226030,"href":"https:\/\/franciscanos.org.br\/noticias\/wp-json\/wp\/v2\/posts\/89032\/revisions\/226030"}],"wp:featuredmedia":[{"embeddable":true,"href":"https:\/\/franciscanos.org.br\/noticias\/wp-json\/wp\/v2\/media\/200766"}],"wp:attachment":[{"href":"https:\/\/franciscanos.org.br\/noticias\/wp-json\/wp\/v2\/media?parent=89032"}],"wp:term":[{"taxonomy":"category","embeddable":true,"href":"https:\/\/franciscanos.org.br\/noticias\/wp-json\/wp\/v2\/categories?post=89032"},{"taxonomy":"post_tag","embeddable":true,"href":"https:\/\/franciscanos.org.br\/noticias\/wp-json\/wp\/v2\/tags?post=89032"}],"curies":[{"name":"wp","href":"https:\/\/api.w.org\/{rel}","templated":true}]}}