{"id":88829,"date":"2015-06-15T12:50:20","date_gmt":"2015-06-15T15:50:20","guid":{"rendered":"http:\/\/franciscanos.org.br\/?p=88829"},"modified":"2021-04-19T22:30:26","modified_gmt":"2021-04-20T01:30:26","slug":"encontro-vocacional-reune-21-jovens-no-sagrado","status":"publish","type":"post","link":"https:\/\/franciscanos.org.br\/noticias\/encontro-vocacional-reune-21-jovens-no-sagrado.html","title":{"rendered":"Petr\u00f3polis: Encontro vocacional re\u00fane 21 jovens no Sagrado"},"content":{"rendered":"<p><img loading=\"lazy\" src=\"http:\/\/franciscanos.org.br\/wp-content\/uploads\/2015\/06\/sav2.jpg\" alt=\"sav2\" width=\"820\" height=\"344\" \/><\/p>\n<p><strong>Frei Je\u00e2 Paulo Andrade\u00a0<\/strong><\/p>\n<p><strong>Petr\u00f3polis (RJ)<\/strong> &#8211; De 12 a 14 de junho aconteceu em Petr\u00f3polis, no Convento do Sagrado Cora\u00e7\u00e3o de Jesus, o encontro vocacional com jovens dos estados do Norte da Prov\u00edncia, Rio de Janeiro e Esp\u00edrito Santo. Ao todo estiveram presentes sete jovens vocacionados advindos das fraternidades do Rio e dez do Esp\u00edrito Santo, mais particularmente das cidades que comp\u00f5em a Grande Vit\u00f3ria. Os aspirantes &#8211; quatro no total &#8211; das Fraternidades de Acolhimento Vocacional (FAV) de S\u00e3o Jo\u00e3o do Meriti e Vila Velha tamb\u00e9m marcaram presen\u00e7a.<\/p>\n<p><a href=\"http:\/\/franciscanos.org.br\/wp-content\/uploads\/2015\/06\/sav1.jpg\"><img loading=\"lazy\" class=\"alignright size-full wp-image-88830\" src=\"http:\/\/franciscanos.org.br\/wp-content\/uploads\/2015\/06\/sav1.jpg\" alt=\"sav1\" width=\"416\" height=\"450\" \/><\/a>Os dois dias foram de intenso conv\u00edvio, partilha de experi\u00eancia de vida e conhecimento do carisma e espiritualidade franciscana com fortes momentos de ora\u00e7\u00e3o e devo\u00e7\u00e3o. No s\u00e1bado \u00e0 tarde foi feita uma visita \u00e0 fraternidade Nossa Senhora de Guadalupe no bairro Osvaldo Cruz. Eles puderam perceber nessa fraternidade inserida a beleza do ser franciscano, que n\u00e3o est\u00e1 no lugar, espa\u00e7o f\u00edsico, mas na inten\u00e7\u00e3o e experi\u00eancia de quem a\u00ed vive. Frei Sandro Roberto da Costa, coordenador da Fraternidade, falou sobre as muitas atividades que s\u00e3o desenvolvidas na comunidade e a presen\u00e7a franciscana ajuda n\u00e3o s\u00f3 o povo, mas tamb\u00e9m os frades. Apesar dos muitos degraus, os vocacionados gostaram muito da acolhida simples e fraterna. Esse passeio terminou com um momento mariano no Trono de F\u00e1tima.<\/p>\n<p>O encontro preparado pelo Servi\u00e7o de Anima\u00e7\u00e3o Vocacional (SAV) &#8211; que tem como animador Frei Diego A. de Melo &#8211; \u00a0 foi muito bem avaliado pelos vocacionados que voltam para suas atividades com o vigor renovado e uma busca ainda mais clara sobre o seu chamado vocacional. \u00c0 Fraternidade do Sagrado um agradecimento especial, que, mesmo em meio aos festejos de Santo Ant\u00f4nio e do Sagrado Cora\u00e7\u00e3o de Jesus, possibilitou uma calorosa acolhida, num ambiente fraterno e familiar. Que os frades da Prov\u00edncia possam se entusiasmar com a alegria do chamado desses jovens e ajud\u00e1-los no discernimento vocacional.<\/p>\n<p><img loading=\"lazy\" src=\"http:\/\/franciscanos.org.br\/wp-content\/uploads\/2015\/06\/sav3.jpg\" alt=\"sav3\" width=\"820\" height=\"295\" \/><\/p>\n","protected":false},"excerpt":{"rendered":"<p>SAV<\/p>\n","protected":false},"author":1,"featured_media":217723,"comment_status":"open","ping_status":"open","sticky":false,"template":"","format":"standard","meta":[],"categories":[1],"tags":[190],"acf":[],"yoast_head":"<!-- This site is optimized with the Yoast SEO plugin v19.2 - https:\/\/yoast.com\/wordpress\/plugins\/seo\/ -->\n<title>Petr\u00f3polis: Encontro vocacional re\u00fane 21 jovens no Sagrado - Not\u00edcias - Franciscanos<\/title>\n<meta name=\"robots\" content=\"index, follow, max-snippet:-1, max-image-preview:large, max-video-preview:-1\" \/>\n<link rel=\"canonical\" href=\"https:\/\/franciscanos.org.br\/noticias\/encontro-vocacional-reune-21-jovens-no-sagrado.html\" \/>\n<meta property=\"og:locale\" content=\"pt_BR\" \/>\n<meta property=\"og:type\" content=\"article\" \/>\n<meta property=\"og:title\" content=\"Petr\u00f3polis: Encontro vocacional re\u00fane 21 jovens no Sagrado - Not\u00edcias - Franciscanos\" \/>\n<meta property=\"og:description\" content=\"SAV\" \/>\n<meta property=\"og:url\" content=\"https:\/\/franciscanos.org.br\/noticias\/encontro-vocacional-reune-21-jovens-no-sagrado.html\" \/>\n<meta property=\"og:site_name\" content=\"Not\u00edcias - Franciscanos\" \/>\n<meta property=\"article:published_time\" content=\"2015-06-15T15:50:20+00:00\" \/>\n<meta property=\"article:modified_time\" content=\"2021-04-20T01:30:26+00:00\" \/>\n<meta property=\"og:image\" content=\"https:\/\/franciscanos.org.br\/noticias\/wp-content\/uploads\/2015\/06\/sav1.jpg\" \/>\n\t<meta property=\"og:image:width\" content=\"273\" \/>\n\t<meta property=\"og:image:height\" content=\"181\" \/>\n\t<meta property=\"og:image:type\" content=\"image\/jpeg\" \/>\n<meta name=\"author\" content=\"admin\" \/>\n<meta name=\"twitter:card\" content=\"summary_large_image\" \/>\n<meta name=\"twitter:label1\" content=\"Escrito por\" \/>\n\t<meta name=\"twitter:data1\" content=\"admin\" \/>\n\t<meta name=\"twitter:label2\" content=\"Est. tempo de leitura\" \/>\n\t<meta name=\"twitter:data2\" content=\"2 minutos\" \/>\n<script type=\"application\/ld+json\" class=\"yoast-schema-graph\">{\"@context\":\"https:\/\/schema.org\",\"@graph\":[{\"@type\":\"WebSite\",\"@id\":\"https:\/\/franciscanos.org.br\/noticias\/#website\",\"url\":\"https:\/\/franciscanos.org.br\/noticias\/\",\"name\":\"Not\u00edcias - Franciscanos\",\"description\":\"Prov\u00edncia Franciscana da Imaculada Concei\u00e7\u00e3o do Brasil - Ordem dos Frades Menores - OFM\",\"potentialAction\":[{\"@type\":\"SearchAction\",\"target\":{\"@type\":\"EntryPoint\",\"urlTemplate\":\"https:\/\/franciscanos.org.br\/noticias\/?s={search_term_string}\"},\"query-input\":\"required name=search_term_string\"}],\"inLanguage\":\"pt-BR\"},{\"@type\":\"ImageObject\",\"inLanguage\":\"pt-BR\",\"@id\":\"https:\/\/franciscanos.org.br\/noticias\/encontro-vocacional-reune-21-jovens-no-sagrado.html#primaryimage\",\"url\":\"https:\/\/franciscanos.org.br\/noticias\/wp-content\/uploads\/2015\/06\/sav1.jpg\",\"contentUrl\":\"https:\/\/franciscanos.org.br\/noticias\/wp-content\/uploads\/2015\/06\/sav1.jpg\",\"width\":273,\"height\":181},{\"@type\":\"WebPage\",\"@id\":\"https:\/\/franciscanos.org.br\/noticias\/encontro-vocacional-reune-21-jovens-no-sagrado.html#webpage\",\"url\":\"https:\/\/franciscanos.org.br\/noticias\/encontro-vocacional-reune-21-jovens-no-sagrado.html\",\"name\":\"Petr\u00f3polis: Encontro vocacional re\u00fane 21 jovens no Sagrado - Not\u00edcias - Franciscanos\",\"isPartOf\":{\"@id\":\"https:\/\/franciscanos.org.br\/noticias\/#website\"},\"primaryImageOfPage\":{\"@id\":\"https:\/\/franciscanos.org.br\/noticias\/encontro-vocacional-reune-21-jovens-no-sagrado.html#primaryimage\"},\"datePublished\":\"2015-06-15T15:50:20+00:00\",\"dateModified\":\"2021-04-20T01:30:26+00:00\",\"author\":{\"@id\":\"https:\/\/franciscanos.org.br\/noticias\/#\/schema\/person\/b38fbf43118f02820bd932f2e4b14ad3\"},\"breadcrumb\":{\"@id\":\"https:\/\/franciscanos.org.br\/noticias\/encontro-vocacional-reune-21-jovens-no-sagrado.html#breadcrumb\"},\"inLanguage\":\"pt-BR\",\"potentialAction\":[{\"@type\":\"ReadAction\",\"target\":[\"https:\/\/franciscanos.org.br\/noticias\/encontro-vocacional-reune-21-jovens-no-sagrado.html\"]}]},{\"@type\":\"BreadcrumbList\",\"@id\":\"https:\/\/franciscanos.org.br\/noticias\/encontro-vocacional-reune-21-jovens-no-sagrado.html#breadcrumb\",\"itemListElement\":[{\"@type\":\"ListItem\",\"position\":1,\"name\":\"Home\",\"item\":\"https:\/\/franciscanos.org.br\/noticias\"},{\"@type\":\"ListItem\",\"position\":2,\"name\":\"Petr\u00f3polis: Encontro vocacional re\u00fane 21 jovens no Sagrado\"}]},{\"@type\":\"Person\",\"@id\":\"https:\/\/franciscanos.org.br\/noticias\/#\/schema\/person\/b38fbf43118f02820bd932f2e4b14ad3\",\"name\":\"admin\",\"image\":{\"@type\":\"ImageObject\",\"inLanguage\":\"pt-BR\",\"@id\":\"https:\/\/franciscanos.org.br\/noticias\/#\/schema\/person\/image\/\",\"url\":\"https:\/\/secure.gravatar.com\/avatar\/e8495742d34d0ba6448ea1c628263b3e?s=96&d=mm&r=g\",\"contentUrl\":\"https:\/\/secure.gravatar.com\/avatar\/e8495742d34d0ba6448ea1c628263b3e?s=96&d=mm&r=g\",\"caption\":\"admin\"},\"url\":\"https:\/\/franciscanos.org.br\/noticias\/author\/admin\"}]}<\/script>\n<!-- \/ Yoast SEO plugin. -->","yoast_head_json":{"title":"Petr\u00f3polis: Encontro vocacional re\u00fane 21 jovens no Sagrado - Not\u00edcias - Franciscanos","robots":{"index":"index","follow":"follow","max-snippet":"max-snippet:-1","max-image-preview":"max-image-preview:large","max-video-preview":"max-video-preview:-1"},"canonical":"https:\/\/franciscanos.org.br\/noticias\/encontro-vocacional-reune-21-jovens-no-sagrado.html","og_locale":"pt_BR","og_type":"article","og_title":"Petr\u00f3polis: Encontro vocacional re\u00fane 21 jovens no Sagrado - Not\u00edcias - Franciscanos","og_description":"SAV","og_url":"https:\/\/franciscanos.org.br\/noticias\/encontro-vocacional-reune-21-jovens-no-sagrado.html","og_site_name":"Not\u00edcias - Franciscanos","article_published_time":"2015-06-15T15:50:20+00:00","article_modified_time":"2021-04-20T01:30:26+00:00","og_image":[{"width":273,"height":181,"url":"https:\/\/franciscanos.org.br\/noticias\/wp-content\/uploads\/2015\/06\/sav1.jpg","type":"image\/jpeg"}],"author":"admin","twitter_card":"summary_large_image","twitter_misc":{"Escrito por":"admin","Est. tempo de leitura":"2 minutos"},"schema":{"@context":"https:\/\/schema.org","@graph":[{"@type":"WebSite","@id":"https:\/\/franciscanos.org.br\/noticias\/#website","url":"https:\/\/franciscanos.org.br\/noticias\/","name":"Not\u00edcias - Franciscanos","description":"Prov\u00edncia Franciscana da Imaculada Concei\u00e7\u00e3o do Brasil - Ordem dos Frades Menores - OFM","potentialAction":[{"@type":"SearchAction","target":{"@type":"EntryPoint","urlTemplate":"https:\/\/franciscanos.org.br\/noticias\/?s={search_term_string}"},"query-input":"required name=search_term_string"}],"inLanguage":"pt-BR"},{"@type":"ImageObject","inLanguage":"pt-BR","@id":"https:\/\/franciscanos.org.br\/noticias\/encontro-vocacional-reune-21-jovens-no-sagrado.html#primaryimage","url":"https:\/\/franciscanos.org.br\/noticias\/wp-content\/uploads\/2015\/06\/sav1.jpg","contentUrl":"https:\/\/franciscanos.org.br\/noticias\/wp-content\/uploads\/2015\/06\/sav1.jpg","width":273,"height":181},{"@type":"WebPage","@id":"https:\/\/franciscanos.org.br\/noticias\/encontro-vocacional-reune-21-jovens-no-sagrado.html#webpage","url":"https:\/\/franciscanos.org.br\/noticias\/encontro-vocacional-reune-21-jovens-no-sagrado.html","name":"Petr\u00f3polis: Encontro vocacional re\u00fane 21 jovens no Sagrado - Not\u00edcias - Franciscanos","isPartOf":{"@id":"https:\/\/franciscanos.org.br\/noticias\/#website"},"primaryImageOfPage":{"@id":"https:\/\/franciscanos.org.br\/noticias\/encontro-vocacional-reune-21-jovens-no-sagrado.html#primaryimage"},"datePublished":"2015-06-15T15:50:20+00:00","dateModified":"2021-04-20T01:30:26+00:00","author":{"@id":"https:\/\/franciscanos.org.br\/noticias\/#\/schema\/person\/b38fbf43118f02820bd932f2e4b14ad3"},"breadcrumb":{"@id":"https:\/\/franciscanos.org.br\/noticias\/encontro-vocacional-reune-21-jovens-no-sagrado.html#breadcrumb"},"inLanguage":"pt-BR","potentialAction":[{"@type":"ReadAction","target":["https:\/\/franciscanos.org.br\/noticias\/encontro-vocacional-reune-21-jovens-no-sagrado.html"]}]},{"@type":"BreadcrumbList","@id":"https:\/\/franciscanos.org.br\/noticias\/encontro-vocacional-reune-21-jovens-no-sagrado.html#breadcrumb","itemListElement":[{"@type":"ListItem","position":1,"name":"Home","item":"https:\/\/franciscanos.org.br\/noticias"},{"@type":"ListItem","position":2,"name":"Petr\u00f3polis: Encontro vocacional re\u00fane 21 jovens no Sagrado"}]},{"@type":"Person","@id":"https:\/\/franciscanos.org.br\/noticias\/#\/schema\/person\/b38fbf43118f02820bd932f2e4b14ad3","name":"admin","image":{"@type":"ImageObject","inLanguage":"pt-BR","@id":"https:\/\/franciscanos.org.br\/noticias\/#\/schema\/person\/image\/","url":"https:\/\/secure.gravatar.com\/avatar\/e8495742d34d0ba6448ea1c628263b3e?s=96&d=mm&r=g","contentUrl":"https:\/\/secure.gravatar.com\/avatar\/e8495742d34d0ba6448ea1c628263b3e?s=96&d=mm&r=g","caption":"admin"},"url":"https:\/\/franciscanos.org.br\/noticias\/author\/admin"}]}},"_links":{"self":[{"href":"https:\/\/franciscanos.org.br\/noticias\/wp-json\/wp\/v2\/posts\/88829"}],"collection":[{"href":"https:\/\/franciscanos.org.br\/noticias\/wp-json\/wp\/v2\/posts"}],"about":[{"href":"https:\/\/franciscanos.org.br\/noticias\/wp-json\/wp\/v2\/types\/post"}],"author":[{"embeddable":true,"href":"https:\/\/franciscanos.org.br\/noticias\/wp-json\/wp\/v2\/users\/1"}],"replies":[{"embeddable":true,"href":"https:\/\/franciscanos.org.br\/noticias\/wp-json\/wp\/v2\/comments?post=88829"}],"version-history":[{"count":1,"href":"https:\/\/franciscanos.org.br\/noticias\/wp-json\/wp\/v2\/posts\/88829\/revisions"}],"predecessor-version":[{"id":231734,"href":"https:\/\/franciscanos.org.br\/noticias\/wp-json\/wp\/v2\/posts\/88829\/revisions\/231734"}],"wp:featuredmedia":[{"embeddable":true,"href":"https:\/\/franciscanos.org.br\/noticias\/wp-json\/wp\/v2\/media\/217723"}],"wp:attachment":[{"href":"https:\/\/franciscanos.org.br\/noticias\/wp-json\/wp\/v2\/media?parent=88829"}],"wp:term":[{"taxonomy":"category","embeddable":true,"href":"https:\/\/franciscanos.org.br\/noticias\/wp-json\/wp\/v2\/categories?post=88829"},{"taxonomy":"post_tag","embeddable":true,"href":"https:\/\/franciscanos.org.br\/noticias\/wp-json\/wp\/v2\/tags?post=88829"}],"curies":[{"name":"wp","href":"https:\/\/api.w.org\/{rel}","templated":true}]}}