{"id":88623,"date":"2015-06-13T15:58:47","date_gmt":"2015-06-13T18:58:47","guid":{"rendered":"http:\/\/franciscanos.org.br\/?p=88623"},"modified":"2020-02-12T13:50:16","modified_gmt":"2020-02-12T16:50:16","slug":"frei-estevao-que-lugar-deus-ocupa-em-nossa-vida","status":"publish","type":"post","link":"https:\/\/franciscanos.org.br\/noticias\/frei-estevao-que-lugar-deus-ocupa-em-nossa-vida.html","title":{"rendered":"Frei Est\u00eav\u00e3o: Que lugar Deus ocupa em nossa vida?"},"content":{"rendered":"<p><strong>Moacir Beggo<\/strong><\/p>\n<p><strong>Santos (SP)<\/strong> &#8211; O Vig\u00e1rio Provincial, Frei Est\u00eav\u00e3o Ottenbreit, apresentou na celebra\u00e7\u00e3o Eucar\u00edstica das 12 horas, no Santu\u00e1rio Santo Ant\u00f4nio do Valongo (Santos), \u00a0dois grandes ensinamentos que Santo Ant\u00f4nio nos deixa para a nossa vida: acolher Deus como se acolhe uma crian\u00e7a, com todo cuidado, com todo carinho, dando a Ele o lugar mais importante na vida, e se colocar na escuta do cora\u00e7\u00e3o de Deus.<\/p>\n<p>Frei Est\u00eav\u00e3o chegou a estes dois pontos em sua prega\u00e7\u00e3o depois de escolher dois s\u00edmbolos muito significativos de Santo Ant\u00f4nio: o Menino Jesus em seus bra\u00e7os e a B\u00edblia Sagrada.<\/p>\n<p>CONFIRA NA \u00cdNTEGRA A HOMILIA<\/p>\n<p><a href=\"http:\/\/franciscanos.org.br\/wp-content\/uploads\/2015\/06\/missa_homilia.jpg\"><img loading=\"lazy\" class=\"alignleft size-full wp-image-88701\" src=\"http:\/\/franciscanos.org.br\/wp-content\/uploads\/2015\/06\/missa_homilia.jpg\" alt=\"missa_homilia\" width=\"450\" height=\"338\" \/><\/a>Caros irm\u00e3os, caras irm\u00e3s<\/p>\n<p>Quando n\u00f3s nos despedimos de pessoas queridas &#8211; pais, av\u00f3s, bisav\u00f3s etc &#8211; que partiram antes para a eternidade, quanto mais distante ficamos delas, parece que mais simples fica a mensagem que eles nos deixaram. \u00c0s vezes um gesto, uma palavra, que foi importante na vida deles.<\/p>\n<p>Assim tamb\u00e9m \u00e9 na nossa vida de crist\u00e3os. Caminhantes na f\u00e9, sabemos que antes de n\u00f3s muitas outras pessoas professaram essa f\u00e9, sustentaram essa f\u00e9, viveram dessa f\u00e9, dando testemunho de Jesus Cristo. E assim surgiu um costume entre n\u00f3s, crist\u00e3os, de fazer uma imagem daqueles que s\u00e3o modelos de f\u00e9, a fim de n\u00e3o esquec\u00ea-los. \u00c9 apenas uma imagem, mas nos recorda que viveram antes de n\u00f3s testemunhando a sua f\u00e9.<\/p>\n<p>Assim \u00e9 com Santo Ant\u00f4nio. Outro dia diz\u00edamos que no mundo inteiro a gente encontra imagens de Santo Ant\u00f4nio. Isso \u00e9 curioso, \u00e9 significativo. Mas n\u00f3s j\u00e1 refletimos um pouco sobre isso. Hoje, gostaria de convid\u00e1-los a olhar novamente a imagem de Santo Ant\u00f4nio e observar alguns\u00a0 s\u00edmbolos que o povo crist\u00e3o criou e que nos falam muito, principalmente no dia de hoje.<\/p>\n<p>Santo Ant\u00f4nio segura nas m\u00e3os s\u00edmbolos que t\u00eam uma mensagem muito importante para n\u00f3s, que resumem, por assim dizer, a vida do santo, mas ao mesmo querem nos lembrar a f\u00e9 de Santo Ant\u00f4nio, alimentar a nossa f\u00e9, n\u00f3s que caminhamos nessa f\u00e9 dando continuidade a este testemunho de Santo Ant\u00f4nio.<\/p>\n<div id=\"attachment_88702\" style=\"width: 348px\" class=\"wp-caption alignright\"><a href=\"http:\/\/franciscanos.org.br\/wp-content\/uploads\/2015\/06\/missa_ouvir.jpg\"><img aria-describedby=\"caption-attachment-88702\" loading=\"lazy\" class=\"wp-image-88702 size-full\" src=\"http:\/\/franciscanos.org.br\/wp-content\/uploads\/2015\/06\/missa_ouvir.jpg\" alt=\"missa_ouvir\" width=\"338\" height=\"450\" \/><\/a><p id=\"caption-attachment-88702\" class=\"wp-caption-text\">Para Frei Est\u00eav\u00e3o, \u00e9 preciso se colocar na escuta do cora\u00e7\u00e3o de Deus<\/p><\/div>\n<p>E a primeira pergunta \u00e9: que s\u00edmbolos voc\u00eas descobrem na imagem de Santo Ant\u00f4nio?<\/p>\n<p>A Sagrada Escritura, a imagem do Menino Jesus, o p\u00e3o, o l\u00edrio. Ao menos esses quatro s\u00edmbolos querem nos dizer alguma coisa muito importante e nos ajudar a entender a vida do santo, mas ao mesmo tempo querem nos dizer o que \u00e9 importante na nossa vida.<\/p>\n<p>N\u00f3s n\u00e3o vamos ter tempo para falar dos quatro s\u00edmbolos. Eu s\u00f3 escolho dois. O mais frequente \u00e9 o Menino Jesus, pois n\u00e3o h\u00e1 imagem de Santo Ant\u00f4nio sem ele. E a\u00ed est\u00e1 a primeira coisa que nos deve chamar a aten\u00e7\u00e3o. Pouqu\u00edssimas imagens de santos ou santas t\u00eam o privil\u00e9gio de carregar o Menino nas m\u00e3os. Somente Nossa Senhora, S\u00e3o Jos\u00e9, Santo Ant\u00f4nio e eventualmente S\u00e3o Benedito, que foi irm\u00e3o de h\u00e1bito de Santo Ant\u00f4nio.<\/p>\n<p>Evidentemente, isso nasceu de uma vis\u00e3o enquanto Santo Ant\u00f4nio rezava. Ele viu a presen\u00e7a de Deus na forma do Menino Jesus. Mas essa vis\u00e3o vai muito al\u00e9m daquele momento que viu o Menino Jesus. Tornou-se significativa a presen\u00e7a do Menino na vida de Santo Ant\u00f4nio. Vamos pensar um pouco do por qu\u00ea. Quantos de voc\u00eas s\u00e3o pais e m\u00e3es? Quando tiveram os filhos, quando receberam essa gra\u00e7a de dar in\u00edcio a uma nova vida, de cuidar e acompanhar a crian\u00e7a, praticamente tiveram suas vidas transformadas. O que antes era de um jeito, agora tudo mudou e gira em torno daquela crian\u00e7a rec\u00e9m-nascida, que precisa de todos os cuidados.<\/p>\n<p>Acho que a\u00ed encontramos a primeira mensagem do Menino Jesus nas m\u00e3os de Santo Ant\u00f4nio e que gostaria que levassem para a sua vida. Assim como os pais devem cuidar 24 horas deste rec\u00e9m-nascido, desta crian\u00e7a que lhes foi confiada, assim o Menino Jesus nos bra\u00e7os de Santo Ant\u00f4nio quer nos questionar: como \u00e9 que n\u00f3s cuidamos de Deus na nossa vida?<\/p>\n<p>Ser\u00e1 que Deus est\u00e1 presente 24 horas na nossa vida? Ser\u00e1 que a nossa principal preocupa\u00e7\u00e3o \u00e9 ter Deus presente na nossa vida? Ser\u00e1 que Deus \u00e9 o centro de nossa vida? Ou s\u00f3 manifestamos nossa f\u00e9 de vez em quando? <strong>O Menino Jesus, que representa Deus nos bra\u00e7os de Santo Ant\u00f4nio, quer nos revelar isso hoje. Como n\u00f3s damos espa\u00e7o, lugar, import\u00e2ncia a Deus em nossa vida?<\/strong> Vamos levar essa mensagem de Santo Ant\u00f4nio para a nossa vida.<\/p>\n<p>O segundo s\u00edmbolo que n\u00f3s vimos \u00e9 a Sagrada Escritura. N\u00e3o s\u00f3 porque Santo Ant\u00f4nio \u00e9 um estudioso, n\u00e3o s\u00f3 porque Santo Ant\u00f4nio \u00e9 um evangelizador. N\u00e3o s\u00f3 porque depois que ele morreu a Igreja reconheceu o ensinamento dele e at\u00e9 o declarou Doutor da Igreja. N\u00e3o! As Sagradas Escrituras nas m\u00e3os de Santo Ant\u00f4nio querem nos dizer outra coisa muito importante.<\/p>\n<p>Novamente fa\u00e7o uma pergunta a voc\u00eas, principalmente \u00e0s m\u00e3es. N\u00f3s, seres humanos, temos cinco sentidos: audi\u00e7\u00e3o, olfato, paladar, tato e vis\u00e3o. E a pergunta que fa\u00e7o, com base cient\u00edfica, \u00e9 qual o primeiro sentido que a crian\u00e7a, durante a gravidez, desenvolve? A ci\u00eancia diz que \u00e9 a audi\u00e7\u00e3o. A primeira coisa que a crian\u00e7a, no ventre da m\u00e3e faz, \u00e9 ouvir o cora\u00e7\u00e3o da m\u00e3e pulsar. E assim tamb\u00e9m na nossa vida de f\u00e9.<\/p>\n<p><strong>Se este \u00e9 o primeiro sentido, \u201couvir o pulsar do cora\u00e7\u00e3o da m\u00e3e\u201d, viver a f\u00e9 nada mais \u00e9 do que tamb\u00e9m se colocar na escuta do cora\u00e7\u00e3o de Deus, da presen\u00e7a de Deus na nossa vida<\/strong>. E muitas vezes fazemos o contr\u00e1rio: achamos que temos de encher o ouvido de Deus para ele nos atender, para ele fazer o que queremos. Mas Santo Ant\u00f4nio nos diz: &#8220;N\u00e3o, minha gente, n\u00f3s cremos num Deus que nos fala. E se Deus nos fala &#8211; e para isso tem a Sagrada Escritura na m\u00e3o -, a grande tarefa da nossa f\u00e9 \u00e9 ouvir. Ouvir o que ele tem a nos dizer, n\u00e3o s\u00f3 a partir das palavras da Sagrada Escritura, mas ouvir em todos os momentos da nossa vida, principalmente nas dificuldades, nos conflitos, nas adversidades. Perguntar sempre o que Deus quer nos dizer, o que Deus quer de n\u00f3s.<\/p>\n<p>Vejam, dois grandes ensinamentos que Santo Ant\u00f4nio nos d\u00e1 hoje para a nossa vida. Vamos acolher Deus como se acolhe uma crian\u00e7a, com todo cuidado, com todo carinho, vamos dar a Ele o lugar mais importante. E ao acolher Deus, a segunda mensagem \u00e9 esta: vamos ouvir hoje o que Deus nos quer dizer.\u00a0 Muitas vezes \u00e9 melhor calar a boca, fazer sil\u00eancio, para se perguntar o que Deus quer de n\u00f3s, o que Deus quer que eu fa\u00e7amos.<\/p>\n<p><img class=\"ngg_displayed_gallery mceItem\" src=\"http:\/\/franciscanos.org.br\/index.php\/nextgen-attach_to_post\/preview\/id--88700\" alt=\"\" \/><\/p>\n","protected":false},"excerpt":{"rendered":"<p>Trezena de Santo Ant\u00f4nio do Valongo <\/p>\n","protected":false},"author":1,"featured_media":219788,"comment_status":"open","ping_status":"open","sticky":false,"template":"","format":"standard","meta":[],"categories":[1],"tags":[389,1309],"acf":[],"yoast_head":"<!-- This site is optimized with the Yoast SEO plugin v19.2 - https:\/\/yoast.com\/wordpress\/plugins\/seo\/ -->\n<title>Frei Est\u00eav\u00e3o: Que lugar Deus ocupa em nossa vida? - Not\u00edcias - Franciscanos<\/title>\n<meta name=\"robots\" content=\"index, follow, max-snippet:-1, max-image-preview:large, max-video-preview:-1\" \/>\n<link rel=\"canonical\" href=\"https:\/\/franciscanos.org.br\/noticias\/frei-estevao-que-lugar-deus-ocupa-em-nossa-vida.html\" \/>\n<meta property=\"og:locale\" content=\"pt_BR\" \/>\n<meta property=\"og:type\" content=\"article\" \/>\n<meta property=\"og:title\" content=\"Frei Est\u00eav\u00e3o: Que lugar Deus ocupa em nossa vida? - Not\u00edcias - Franciscanos\" \/>\n<meta property=\"og:description\" content=\"Trezena de Santo Ant\u00f4nio do Valongo\" \/>\n<meta property=\"og:url\" content=\"https:\/\/franciscanos.org.br\/noticias\/frei-estevao-que-lugar-deus-ocupa-em-nossa-vida.html\" \/>\n<meta property=\"og:site_name\" content=\"Not\u00edcias - Franciscanos\" \/>\n<meta property=\"article:published_time\" content=\"2015-06-13T18:58:47+00:00\" \/>\n<meta property=\"article:modified_time\" content=\"2020-02-12T16:50:16+00:00\" \/>\n<meta property=\"og:image\" content=\"https:\/\/franciscanos.org.br\/noticias\/wp-content\/uploads\/2015\/06\/missa_homilia.jpg\" \/>\n\t<meta property=\"og:image:width\" content=\"273\" \/>\n\t<meta property=\"og:image:height\" content=\"181\" \/>\n\t<meta property=\"og:image:type\" content=\"image\/jpeg\" \/>\n<meta name=\"author\" content=\"admin\" \/>\n<meta name=\"twitter:card\" content=\"summary_large_image\" \/>\n<meta name=\"twitter:label1\" content=\"Escrito por\" \/>\n\t<meta name=\"twitter:data1\" content=\"admin\" \/>\n\t<meta name=\"twitter:label2\" content=\"Est. tempo de leitura\" \/>\n\t<meta name=\"twitter:data2\" content=\"6 minutos\" \/>\n<script type=\"application\/ld+json\" class=\"yoast-schema-graph\">{\"@context\":\"https:\/\/schema.org\",\"@graph\":[{\"@type\":\"WebSite\",\"@id\":\"https:\/\/franciscanos.org.br\/noticias\/#website\",\"url\":\"https:\/\/franciscanos.org.br\/noticias\/\",\"name\":\"Not\u00edcias - Franciscanos\",\"description\":\"Prov\u00edncia Franciscana da Imaculada Concei\u00e7\u00e3o do Brasil - Ordem dos Frades Menores - OFM\",\"potentialAction\":[{\"@type\":\"SearchAction\",\"target\":{\"@type\":\"EntryPoint\",\"urlTemplate\":\"https:\/\/franciscanos.org.br\/noticias\/?s={search_term_string}\"},\"query-input\":\"required name=search_term_string\"}],\"inLanguage\":\"pt-BR\"},{\"@type\":\"ImageObject\",\"inLanguage\":\"pt-BR\",\"@id\":\"https:\/\/franciscanos.org.br\/noticias\/frei-estevao-que-lugar-deus-ocupa-em-nossa-vida.html#primaryimage\",\"url\":\"https:\/\/franciscanos.org.br\/noticias\/wp-content\/uploads\/2015\/06\/missa_homilia.jpg\",\"contentUrl\":\"https:\/\/franciscanos.org.br\/noticias\/wp-content\/uploads\/2015\/06\/missa_homilia.jpg\",\"width\":273,\"height\":181},{\"@type\":\"WebPage\",\"@id\":\"https:\/\/franciscanos.org.br\/noticias\/frei-estevao-que-lugar-deus-ocupa-em-nossa-vida.html#webpage\",\"url\":\"https:\/\/franciscanos.org.br\/noticias\/frei-estevao-que-lugar-deus-ocupa-em-nossa-vida.html\",\"name\":\"Frei Est\u00eav\u00e3o: Que lugar Deus ocupa em nossa vida? - Not\u00edcias - Franciscanos\",\"isPartOf\":{\"@id\":\"https:\/\/franciscanos.org.br\/noticias\/#website\"},\"primaryImageOfPage\":{\"@id\":\"https:\/\/franciscanos.org.br\/noticias\/frei-estevao-que-lugar-deus-ocupa-em-nossa-vida.html#primaryimage\"},\"datePublished\":\"2015-06-13T18:58:47+00:00\",\"dateModified\":\"2020-02-12T16:50:16+00:00\",\"author\":{\"@id\":\"https:\/\/franciscanos.org.br\/noticias\/#\/schema\/person\/b38fbf43118f02820bd932f2e4b14ad3\"},\"breadcrumb\":{\"@id\":\"https:\/\/franciscanos.org.br\/noticias\/frei-estevao-que-lugar-deus-ocupa-em-nossa-vida.html#breadcrumb\"},\"inLanguage\":\"pt-BR\",\"potentialAction\":[{\"@type\":\"ReadAction\",\"target\":[\"https:\/\/franciscanos.org.br\/noticias\/frei-estevao-que-lugar-deus-ocupa-em-nossa-vida.html\"]}]},{\"@type\":\"BreadcrumbList\",\"@id\":\"https:\/\/franciscanos.org.br\/noticias\/frei-estevao-que-lugar-deus-ocupa-em-nossa-vida.html#breadcrumb\",\"itemListElement\":[{\"@type\":\"ListItem\",\"position\":1,\"name\":\"Home\",\"item\":\"https:\/\/franciscanos.org.br\/noticias\"},{\"@type\":\"ListItem\",\"position\":2,\"name\":\"Frei Est\u00eav\u00e3o: Que lugar Deus ocupa em nossa vida?\"}]},{\"@type\":\"Person\",\"@id\":\"https:\/\/franciscanos.org.br\/noticias\/#\/schema\/person\/b38fbf43118f02820bd932f2e4b14ad3\",\"name\":\"admin\",\"image\":{\"@type\":\"ImageObject\",\"inLanguage\":\"pt-BR\",\"@id\":\"https:\/\/franciscanos.org.br\/noticias\/#\/schema\/person\/image\/\",\"url\":\"https:\/\/secure.gravatar.com\/avatar\/e8495742d34d0ba6448ea1c628263b3e?s=96&d=mm&r=g\",\"contentUrl\":\"https:\/\/secure.gravatar.com\/avatar\/e8495742d34d0ba6448ea1c628263b3e?s=96&d=mm&r=g\",\"caption\":\"admin\"},\"url\":\"https:\/\/franciscanos.org.br\/noticias\/author\/admin\"}]}<\/script>\n<!-- \/ Yoast SEO plugin. -->","yoast_head_json":{"title":"Frei Est\u00eav\u00e3o: Que lugar Deus ocupa em nossa vida? - Not\u00edcias - Franciscanos","robots":{"index":"index","follow":"follow","max-snippet":"max-snippet:-1","max-image-preview":"max-image-preview:large","max-video-preview":"max-video-preview:-1"},"canonical":"https:\/\/franciscanos.org.br\/noticias\/frei-estevao-que-lugar-deus-ocupa-em-nossa-vida.html","og_locale":"pt_BR","og_type":"article","og_title":"Frei Est\u00eav\u00e3o: Que lugar Deus ocupa em nossa vida? - Not\u00edcias - Franciscanos","og_description":"Trezena de Santo Ant\u00f4nio do Valongo","og_url":"https:\/\/franciscanos.org.br\/noticias\/frei-estevao-que-lugar-deus-ocupa-em-nossa-vida.html","og_site_name":"Not\u00edcias - Franciscanos","article_published_time":"2015-06-13T18:58:47+00:00","article_modified_time":"2020-02-12T16:50:16+00:00","og_image":[{"width":273,"height":181,"url":"https:\/\/franciscanos.org.br\/noticias\/wp-content\/uploads\/2015\/06\/missa_homilia.jpg","type":"image\/jpeg"}],"author":"admin","twitter_card":"summary_large_image","twitter_misc":{"Escrito por":"admin","Est. tempo de leitura":"6 minutos"},"schema":{"@context":"https:\/\/schema.org","@graph":[{"@type":"WebSite","@id":"https:\/\/franciscanos.org.br\/noticias\/#website","url":"https:\/\/franciscanos.org.br\/noticias\/","name":"Not\u00edcias - Franciscanos","description":"Prov\u00edncia Franciscana da Imaculada Concei\u00e7\u00e3o do Brasil - Ordem dos Frades Menores - OFM","potentialAction":[{"@type":"SearchAction","target":{"@type":"EntryPoint","urlTemplate":"https:\/\/franciscanos.org.br\/noticias\/?s={search_term_string}"},"query-input":"required name=search_term_string"}],"inLanguage":"pt-BR"},{"@type":"ImageObject","inLanguage":"pt-BR","@id":"https:\/\/franciscanos.org.br\/noticias\/frei-estevao-que-lugar-deus-ocupa-em-nossa-vida.html#primaryimage","url":"https:\/\/franciscanos.org.br\/noticias\/wp-content\/uploads\/2015\/06\/missa_homilia.jpg","contentUrl":"https:\/\/franciscanos.org.br\/noticias\/wp-content\/uploads\/2015\/06\/missa_homilia.jpg","width":273,"height":181},{"@type":"WebPage","@id":"https:\/\/franciscanos.org.br\/noticias\/frei-estevao-que-lugar-deus-ocupa-em-nossa-vida.html#webpage","url":"https:\/\/franciscanos.org.br\/noticias\/frei-estevao-que-lugar-deus-ocupa-em-nossa-vida.html","name":"Frei Est\u00eav\u00e3o: Que lugar Deus ocupa em nossa vida? - Not\u00edcias - Franciscanos","isPartOf":{"@id":"https:\/\/franciscanos.org.br\/noticias\/#website"},"primaryImageOfPage":{"@id":"https:\/\/franciscanos.org.br\/noticias\/frei-estevao-que-lugar-deus-ocupa-em-nossa-vida.html#primaryimage"},"datePublished":"2015-06-13T18:58:47+00:00","dateModified":"2020-02-12T16:50:16+00:00","author":{"@id":"https:\/\/franciscanos.org.br\/noticias\/#\/schema\/person\/b38fbf43118f02820bd932f2e4b14ad3"},"breadcrumb":{"@id":"https:\/\/franciscanos.org.br\/noticias\/frei-estevao-que-lugar-deus-ocupa-em-nossa-vida.html#breadcrumb"},"inLanguage":"pt-BR","potentialAction":[{"@type":"ReadAction","target":["https:\/\/franciscanos.org.br\/noticias\/frei-estevao-que-lugar-deus-ocupa-em-nossa-vida.html"]}]},{"@type":"BreadcrumbList","@id":"https:\/\/franciscanos.org.br\/noticias\/frei-estevao-que-lugar-deus-ocupa-em-nossa-vida.html#breadcrumb","itemListElement":[{"@type":"ListItem","position":1,"name":"Home","item":"https:\/\/franciscanos.org.br\/noticias"},{"@type":"ListItem","position":2,"name":"Frei Est\u00eav\u00e3o: Que lugar Deus ocupa em nossa vida?"}]},{"@type":"Person","@id":"https:\/\/franciscanos.org.br\/noticias\/#\/schema\/person\/b38fbf43118f02820bd932f2e4b14ad3","name":"admin","image":{"@type":"ImageObject","inLanguage":"pt-BR","@id":"https:\/\/franciscanos.org.br\/noticias\/#\/schema\/person\/image\/","url":"https:\/\/secure.gravatar.com\/avatar\/e8495742d34d0ba6448ea1c628263b3e?s=96&d=mm&r=g","contentUrl":"https:\/\/secure.gravatar.com\/avatar\/e8495742d34d0ba6448ea1c628263b3e?s=96&d=mm&r=g","caption":"admin"},"url":"https:\/\/franciscanos.org.br\/noticias\/author\/admin"}]}},"_links":{"self":[{"href":"https:\/\/franciscanos.org.br\/noticias\/wp-json\/wp\/v2\/posts\/88623"}],"collection":[{"href":"https:\/\/franciscanos.org.br\/noticias\/wp-json\/wp\/v2\/posts"}],"about":[{"href":"https:\/\/franciscanos.org.br\/noticias\/wp-json\/wp\/v2\/types\/post"}],"author":[{"embeddable":true,"href":"https:\/\/franciscanos.org.br\/noticias\/wp-json\/wp\/v2\/users\/1"}],"replies":[{"embeddable":true,"href":"https:\/\/franciscanos.org.br\/noticias\/wp-json\/wp\/v2\/comments?post=88623"}],"version-history":[{"count":0,"href":"https:\/\/franciscanos.org.br\/noticias\/wp-json\/wp\/v2\/posts\/88623\/revisions"}],"wp:featuredmedia":[{"embeddable":true,"href":"https:\/\/franciscanos.org.br\/noticias\/wp-json\/wp\/v2\/media\/219788"}],"wp:attachment":[{"href":"https:\/\/franciscanos.org.br\/noticias\/wp-json\/wp\/v2\/media?parent=88623"}],"wp:term":[{"taxonomy":"category","embeddable":true,"href":"https:\/\/franciscanos.org.br\/noticias\/wp-json\/wp\/v2\/categories?post=88623"},{"taxonomy":"post_tag","embeddable":true,"href":"https:\/\/franciscanos.org.br\/noticias\/wp-json\/wp\/v2\/tags?post=88623"}],"curies":[{"name":"wp","href":"https:\/\/api.w.org\/{rel}","templated":true}]}}