{"id":88598,"date":"2015-06-12T22:15:46","date_gmt":"2015-06-13T01:15:46","guid":{"rendered":"http:\/\/franciscanos.org.br\/?p=88598"},"modified":"2020-02-13T13:24:19","modified_gmt":"2020-02-13T16:24:19","slug":"dia-de-celebrar-o-amor-com-santo-antonio","status":"publish","type":"post","link":"https:\/\/franciscanos.org.br\/noticias\/dia-de-celebrar-o-amor-com-santo-antonio.html","title":{"rendered":"Dia de celebrar o amor com Santo Ant\u00f4nio"},"content":{"rendered":"<p><strong>Moacir Beggo<\/strong><\/p>\n<p><strong>Santos (SP)<\/strong> &#8211; No Dia dos Namorados e da solenidade do Sagrado Cora\u00e7\u00e3o de Jesus, o tema da Trezena de Santo Ant\u00f4nio, no Santu\u00e1rio do Valongo, foi o &#8220;Santo do amor&#8221;. Pe. Andr\u00e9 Ouriques, da Catedral Divino Esp\u00edrito Santo, em Caraguatatuba, veio com as equipes de canto e liturgia para fazer uma bel\u00edssima celebra\u00e7\u00e3o em honra ao Padroeiro do Valongo.<\/p>\n<p>Para o Pe. Andr\u00e9, o tema n\u00e3o poderia ser mais oportuno. &#8220;De onde vem esse sentimento do amor? Do cora\u00e7\u00e3o. \u00c9 dele que brotam os sentimentos de amor e \u00f3dio, de vingan\u00e7a, de ego\u00edsmo, de gan\u00e2ncia, de soberba. E aqui fa\u00e7o o primeiro questionamento: O que est\u00e1 nascendo, brotando no nosso cora\u00e7\u00e3o?&#8221;, perguntou o celebrante.<\/p>\n<p>Segundo ele, hoje a sociedade nos impulsiona para uma busca fren\u00e9tica por status, por querer se achar melhor do que o outro. &#8220;\u00c9 esse sentimento que brota no nosso cora\u00e7\u00e3o? Se celebramos o Cora\u00e7\u00e3o de Jesus, queremos que do nosso cora\u00e7\u00e3o brote aquilo que brotou no cora\u00e7\u00e3o do Senhor: amor incondicional&#8221;, disse.<\/p>\n<p><a href=\"http:\/\/franciscanos.org.br\/wp-content\/uploads\/2015\/06\/padre.jpg\"><img loading=\"lazy\" class=\"alignleft size-full wp-image-88602\" src=\"http:\/\/franciscanos.org.br\/wp-content\/uploads\/2015\/06\/padre.jpg\" alt=\"padre\" width=\"342\" height=\"400\" \/><\/a>\u00a0&#8220;Celebramos Santo Ant\u00f4nio, o Santo do Amor, n\u00e3o porque \u00e9 o Dia dos Namorados, mas porque ele amou de maneira gratuita. Santo Ant\u00f4nio deixou brotar no cora\u00e7\u00e3o esse sentimento de amor&#8221;, acrescentou. &#8220;A f\u00e9 em Jesus Cristo \u00e9 de amor ao outro. Esse amor deve ser traduzido em obras, em atitudes ao irm\u00e3o, especialmente ao irm\u00e3o que mais sofre. Ant\u00f4nio foi esse que se deixou envolver pelo amor. S\u00f3 \u00e9 poss\u00edvel amar o outro quando me deixo amar por Deus. E o grande pecado contra o Esp\u00edrito Santo \u00e9 se fechar ao amor de Deus&#8221;.<\/p>\n<p>Pe. Andr\u00e9 voltou aos questionamentos: Ser\u00e1 que eu vivo como crist\u00e3o? Ser\u00e1 que eu amo de maneira gratuita ou o meu amor \u00e9 de barganha, interesse? &#8220;Quem vive a dimens\u00e3o do amor, de maneira gratuita, vai ter compaix\u00e3o, vai sentir a dor do outro. Compaix\u00e3o n\u00e3o \u00e9 pena. Pena \u00e9 quando me afasto do outro. E a pena me leva ao assistencialismo, porque posso ajudar de longe, sem me envolver. E o Papa diz: \u00e9 preciso sair de si mesmo, ir ao encontro. Sair da cultura da indiferen\u00e7a para abra\u00e7ar a cultura do encontro&#8221;, recordou, informando que o Papa Francisco vai lan\u00e7ar no final do ano o Ano da Miseric\u00f3rdia.<\/p>\n<p>No final da homilia, reservou uma reflex\u00e3o para os namorados. &#8220;Para a nossa l\u00edngua portuguesa, amor se usa para v\u00e1rios tipos de amores, podemos dizer assim. Mas no grego existem tr\u00eas tipos: <em>eros, philos e \u00e1gape<\/em>. O amor do casal \u00e9 a jun\u00e7\u00e3o de \u00e1gape e eros. O \u00e1gape \u00e9 um amor fraterno, de cuidado com outro, de respeito com outro. O eros \u00e9 o amor er\u00f3tico. O casal deve buscar a jun\u00e7\u00e3o desses dois amores. S\u00f3 eros vira algo er\u00f3tico. S\u00f3 \u00e1gape n\u00e3o \u00e9 conjugal. O namoro \u00e9 o tempo de amadurecimento e conhecimento de um e outro para fazer crescer o amor verdadeiro&#8221;, completou.<\/p>\n<p>Neste s\u00e1bado, dia do Padroeiro, o Santu\u00e1rio tem missas nos seguintes hor\u00e1rios: 7h00, 8h00, 10h00, 12h00, 14h00, 16h00, 18h00 (prociss\u00e3o pelas ruas do Centro) e 19h00 com a Missa campal. No 13\u00ba dia da Trezena, o tema \u00e9 &#8220;O Santo do servi\u00e7o&#8221;.<\/p>\n<p><img class=\"ngg_displayed_gallery mceItem\" src=\"http:\/\/franciscanos.org.br\/index.php\/nextgen-attach_to_post\/preview\/id--88599\" alt=\"\" \/><\/p>\n","protected":false},"excerpt":{"rendered":"<p>Trezena do Valongo<\/p>\n","protected":false},"author":1,"featured_media":220228,"comment_status":"open","ping_status":"open","sticky":false,"template":"","format":"standard","meta":[],"categories":[1],"tags":[],"acf":[],"yoast_head":"<!-- This site is optimized with the Yoast SEO plugin v19.2 - https:\/\/yoast.com\/wordpress\/plugins\/seo\/ -->\n<title>Dia de celebrar o amor com Santo Ant\u00f4nio - Not\u00edcias - Franciscanos<\/title>\n<meta name=\"robots\" content=\"index, follow, max-snippet:-1, max-image-preview:large, max-video-preview:-1\" \/>\n<link rel=\"canonical\" href=\"https:\/\/franciscanos.org.br\/noticias\/dia-de-celebrar-o-amor-com-santo-antonio.html\" \/>\n<meta property=\"og:locale\" content=\"pt_BR\" \/>\n<meta property=\"og:type\" content=\"article\" \/>\n<meta property=\"og:title\" content=\"Dia de celebrar o amor com Santo Ant\u00f4nio - Not\u00edcias - Franciscanos\" \/>\n<meta property=\"og:description\" content=\"Trezena do Valongo\" \/>\n<meta property=\"og:url\" content=\"https:\/\/franciscanos.org.br\/noticias\/dia-de-celebrar-o-amor-com-santo-antonio.html\" \/>\n<meta property=\"og:site_name\" content=\"Not\u00edcias - Franciscanos\" \/>\n<meta property=\"article:published_time\" content=\"2015-06-13T01:15:46+00:00\" \/>\n<meta property=\"article:modified_time\" content=\"2020-02-13T16:24:19+00:00\" \/>\n<meta property=\"og:image\" content=\"https:\/\/franciscanos.org.br\/noticias\/wp-content\/uploads\/2015\/06\/padre.jpg\" \/>\n\t<meta property=\"og:image:width\" content=\"273\" \/>\n\t<meta property=\"og:image:height\" content=\"180\" \/>\n\t<meta property=\"og:image:type\" content=\"image\/jpeg\" \/>\n<meta name=\"author\" content=\"admin\" \/>\n<meta name=\"twitter:card\" content=\"summary_large_image\" \/>\n<meta name=\"twitter:label1\" content=\"Escrito por\" \/>\n\t<meta name=\"twitter:data1\" content=\"admin\" \/>\n\t<meta name=\"twitter:label2\" content=\"Est. tempo de leitura\" \/>\n\t<meta name=\"twitter:data2\" content=\"3 minutos\" \/>\n<script type=\"application\/ld+json\" class=\"yoast-schema-graph\">{\"@context\":\"https:\/\/schema.org\",\"@graph\":[{\"@type\":\"WebSite\",\"@id\":\"https:\/\/franciscanos.org.br\/noticias\/#website\",\"url\":\"https:\/\/franciscanos.org.br\/noticias\/\",\"name\":\"Not\u00edcias - Franciscanos\",\"description\":\"Prov\u00edncia Franciscana da Imaculada Concei\u00e7\u00e3o do Brasil - Ordem dos Frades Menores - OFM\",\"potentialAction\":[{\"@type\":\"SearchAction\",\"target\":{\"@type\":\"EntryPoint\",\"urlTemplate\":\"https:\/\/franciscanos.org.br\/noticias\/?s={search_term_string}\"},\"query-input\":\"required name=search_term_string\"}],\"inLanguage\":\"pt-BR\"},{\"@type\":\"ImageObject\",\"inLanguage\":\"pt-BR\",\"@id\":\"https:\/\/franciscanos.org.br\/noticias\/dia-de-celebrar-o-amor-com-santo-antonio.html#primaryimage\",\"url\":\"https:\/\/franciscanos.org.br\/noticias\/wp-content\/uploads\/2015\/06\/padre.jpg\",\"contentUrl\":\"https:\/\/franciscanos.org.br\/noticias\/wp-content\/uploads\/2015\/06\/padre.jpg\",\"width\":273,\"height\":180},{\"@type\":\"WebPage\",\"@id\":\"https:\/\/franciscanos.org.br\/noticias\/dia-de-celebrar-o-amor-com-santo-antonio.html#webpage\",\"url\":\"https:\/\/franciscanos.org.br\/noticias\/dia-de-celebrar-o-amor-com-santo-antonio.html\",\"name\":\"Dia de celebrar o amor com Santo Ant\u00f4nio - Not\u00edcias - Franciscanos\",\"isPartOf\":{\"@id\":\"https:\/\/franciscanos.org.br\/noticias\/#website\"},\"primaryImageOfPage\":{\"@id\":\"https:\/\/franciscanos.org.br\/noticias\/dia-de-celebrar-o-amor-com-santo-antonio.html#primaryimage\"},\"datePublished\":\"2015-06-13T01:15:46+00:00\",\"dateModified\":\"2020-02-13T16:24:19+00:00\",\"author\":{\"@id\":\"https:\/\/franciscanos.org.br\/noticias\/#\/schema\/person\/b38fbf43118f02820bd932f2e4b14ad3\"},\"breadcrumb\":{\"@id\":\"https:\/\/franciscanos.org.br\/noticias\/dia-de-celebrar-o-amor-com-santo-antonio.html#breadcrumb\"},\"inLanguage\":\"pt-BR\",\"potentialAction\":[{\"@type\":\"ReadAction\",\"target\":[\"https:\/\/franciscanos.org.br\/noticias\/dia-de-celebrar-o-amor-com-santo-antonio.html\"]}]},{\"@type\":\"BreadcrumbList\",\"@id\":\"https:\/\/franciscanos.org.br\/noticias\/dia-de-celebrar-o-amor-com-santo-antonio.html#breadcrumb\",\"itemListElement\":[{\"@type\":\"ListItem\",\"position\":1,\"name\":\"Home\",\"item\":\"https:\/\/franciscanos.org.br\/noticias\"},{\"@type\":\"ListItem\",\"position\":2,\"name\":\"Dia de celebrar o amor com Santo Ant\u00f4nio\"}]},{\"@type\":\"Person\",\"@id\":\"https:\/\/franciscanos.org.br\/noticias\/#\/schema\/person\/b38fbf43118f02820bd932f2e4b14ad3\",\"name\":\"admin\",\"image\":{\"@type\":\"ImageObject\",\"inLanguage\":\"pt-BR\",\"@id\":\"https:\/\/franciscanos.org.br\/noticias\/#\/schema\/person\/image\/\",\"url\":\"https:\/\/secure.gravatar.com\/avatar\/e8495742d34d0ba6448ea1c628263b3e?s=96&d=mm&r=g\",\"contentUrl\":\"https:\/\/secure.gravatar.com\/avatar\/e8495742d34d0ba6448ea1c628263b3e?s=96&d=mm&r=g\",\"caption\":\"admin\"},\"url\":\"https:\/\/franciscanos.org.br\/noticias\/author\/admin\"}]}<\/script>\n<!-- \/ Yoast SEO plugin. -->","yoast_head_json":{"title":"Dia de celebrar o amor com Santo Ant\u00f4nio - Not\u00edcias - Franciscanos","robots":{"index":"index","follow":"follow","max-snippet":"max-snippet:-1","max-image-preview":"max-image-preview:large","max-video-preview":"max-video-preview:-1"},"canonical":"https:\/\/franciscanos.org.br\/noticias\/dia-de-celebrar-o-amor-com-santo-antonio.html","og_locale":"pt_BR","og_type":"article","og_title":"Dia de celebrar o amor com Santo Ant\u00f4nio - Not\u00edcias - Franciscanos","og_description":"Trezena do Valongo","og_url":"https:\/\/franciscanos.org.br\/noticias\/dia-de-celebrar-o-amor-com-santo-antonio.html","og_site_name":"Not\u00edcias - Franciscanos","article_published_time":"2015-06-13T01:15:46+00:00","article_modified_time":"2020-02-13T16:24:19+00:00","og_image":[{"width":273,"height":180,"url":"https:\/\/franciscanos.org.br\/noticias\/wp-content\/uploads\/2015\/06\/padre.jpg","type":"image\/jpeg"}],"author":"admin","twitter_card":"summary_large_image","twitter_misc":{"Escrito por":"admin","Est. tempo de leitura":"3 minutos"},"schema":{"@context":"https:\/\/schema.org","@graph":[{"@type":"WebSite","@id":"https:\/\/franciscanos.org.br\/noticias\/#website","url":"https:\/\/franciscanos.org.br\/noticias\/","name":"Not\u00edcias - Franciscanos","description":"Prov\u00edncia Franciscana da Imaculada Concei\u00e7\u00e3o do Brasil - Ordem dos Frades Menores - OFM","potentialAction":[{"@type":"SearchAction","target":{"@type":"EntryPoint","urlTemplate":"https:\/\/franciscanos.org.br\/noticias\/?s={search_term_string}"},"query-input":"required name=search_term_string"}],"inLanguage":"pt-BR"},{"@type":"ImageObject","inLanguage":"pt-BR","@id":"https:\/\/franciscanos.org.br\/noticias\/dia-de-celebrar-o-amor-com-santo-antonio.html#primaryimage","url":"https:\/\/franciscanos.org.br\/noticias\/wp-content\/uploads\/2015\/06\/padre.jpg","contentUrl":"https:\/\/franciscanos.org.br\/noticias\/wp-content\/uploads\/2015\/06\/padre.jpg","width":273,"height":180},{"@type":"WebPage","@id":"https:\/\/franciscanos.org.br\/noticias\/dia-de-celebrar-o-amor-com-santo-antonio.html#webpage","url":"https:\/\/franciscanos.org.br\/noticias\/dia-de-celebrar-o-amor-com-santo-antonio.html","name":"Dia de celebrar o amor com Santo Ant\u00f4nio - Not\u00edcias - Franciscanos","isPartOf":{"@id":"https:\/\/franciscanos.org.br\/noticias\/#website"},"primaryImageOfPage":{"@id":"https:\/\/franciscanos.org.br\/noticias\/dia-de-celebrar-o-amor-com-santo-antonio.html#primaryimage"},"datePublished":"2015-06-13T01:15:46+00:00","dateModified":"2020-02-13T16:24:19+00:00","author":{"@id":"https:\/\/franciscanos.org.br\/noticias\/#\/schema\/person\/b38fbf43118f02820bd932f2e4b14ad3"},"breadcrumb":{"@id":"https:\/\/franciscanos.org.br\/noticias\/dia-de-celebrar-o-amor-com-santo-antonio.html#breadcrumb"},"inLanguage":"pt-BR","potentialAction":[{"@type":"ReadAction","target":["https:\/\/franciscanos.org.br\/noticias\/dia-de-celebrar-o-amor-com-santo-antonio.html"]}]},{"@type":"BreadcrumbList","@id":"https:\/\/franciscanos.org.br\/noticias\/dia-de-celebrar-o-amor-com-santo-antonio.html#breadcrumb","itemListElement":[{"@type":"ListItem","position":1,"name":"Home","item":"https:\/\/franciscanos.org.br\/noticias"},{"@type":"ListItem","position":2,"name":"Dia de celebrar o amor com Santo Ant\u00f4nio"}]},{"@type":"Person","@id":"https:\/\/franciscanos.org.br\/noticias\/#\/schema\/person\/b38fbf43118f02820bd932f2e4b14ad3","name":"admin","image":{"@type":"ImageObject","inLanguage":"pt-BR","@id":"https:\/\/franciscanos.org.br\/noticias\/#\/schema\/person\/image\/","url":"https:\/\/secure.gravatar.com\/avatar\/e8495742d34d0ba6448ea1c628263b3e?s=96&d=mm&r=g","contentUrl":"https:\/\/secure.gravatar.com\/avatar\/e8495742d34d0ba6448ea1c628263b3e?s=96&d=mm&r=g","caption":"admin"},"url":"https:\/\/franciscanos.org.br\/noticias\/author\/admin"}]}},"_links":{"self":[{"href":"https:\/\/franciscanos.org.br\/noticias\/wp-json\/wp\/v2\/posts\/88598"}],"collection":[{"href":"https:\/\/franciscanos.org.br\/noticias\/wp-json\/wp\/v2\/posts"}],"about":[{"href":"https:\/\/franciscanos.org.br\/noticias\/wp-json\/wp\/v2\/types\/post"}],"author":[{"embeddable":true,"href":"https:\/\/franciscanos.org.br\/noticias\/wp-json\/wp\/v2\/users\/1"}],"replies":[{"embeddable":true,"href":"https:\/\/franciscanos.org.br\/noticias\/wp-json\/wp\/v2\/comments?post=88598"}],"version-history":[{"count":0,"href":"https:\/\/franciscanos.org.br\/noticias\/wp-json\/wp\/v2\/posts\/88598\/revisions"}],"wp:featuredmedia":[{"embeddable":true,"href":"https:\/\/franciscanos.org.br\/noticias\/wp-json\/wp\/v2\/media\/220228"}],"wp:attachment":[{"href":"https:\/\/franciscanos.org.br\/noticias\/wp-json\/wp\/v2\/media?parent=88598"}],"wp:term":[{"taxonomy":"category","embeddable":true,"href":"https:\/\/franciscanos.org.br\/noticias\/wp-json\/wp\/v2\/categories?post=88598"},{"taxonomy":"post_tag","embeddable":true,"href":"https:\/\/franciscanos.org.br\/noticias\/wp-json\/wp\/v2\/tags?post=88598"}],"curies":[{"name":"wp","href":"https:\/\/api.w.org\/{rel}","templated":true}]}}