{"id":88518,"date":"2015-06-12T10:12:12","date_gmt":"2015-06-12T13:12:12","guid":{"rendered":"http:\/\/franciscanos.org.br\/?p=88518"},"modified":"2019-04-17T14:11:39","modified_gmt":"2019-04-17T17:11:39","slug":"quando-o-maior-o-melhor-o-notavel-e-servico","status":"publish","type":"post","link":"https:\/\/franciscanos.org.br\/noticias\/quando-o-maior-o-melhor-o-notavel-e-servico.html","title":{"rendered":"Quando o maior, o melhor, o not\u00e1vel, \u00e9 servi\u00e7o"},"content":{"rendered":"<p><img loading=\"lazy\" class=\"alignnone size-full wp-image-196644\" src=\"https:\/\/franciscanos.org.br\/noticias\/wp-content\/uploads\/2015\/06\/mostarda_alto_especial.jpg\" alt=\"\" width=\"820\" height=\"585\" srcset=\"https:\/\/franciscanos.org.br\/noticias\/wp-content\/uploads\/2015\/06\/mostarda_alto_especial.jpg 820w, https:\/\/franciscanos.org.br\/noticias\/wp-content\/uploads\/2015\/06\/mostarda_alto_especial-450x321.jpg 450w, https:\/\/franciscanos.org.br\/noticias\/wp-content\/uploads\/2015\/06\/mostarda_alto_especial-768x548.jpg 768w, https:\/\/franciscanos.org.br\/noticias\/wp-content\/uploads\/2015\/06\/mostarda_alto_especial-150x107.jpg 150w\" sizes=\"(max-width: 820px) 100vw, 820px\" \/><\/p>\n<p><strong>Frei Gustavo Medella<\/strong><\/p>\n<p>\u201cO melhor do melhor do mundo\u201d era o nome de um quadro do Programa P\u00e2nico na TV em que o personagem se autodeclarava o melhor do mundo em atividades das mais absurdas poss\u00edveis, como o melhor em botar menos a l\u00edngua para fora, em abrir e fechar o nariz, dan\u00e7ar sem m\u00fasica, elogiar o trabalho dos outros, a mudar mais r\u00e1pido e outras atividades muito esquisitas. De certa forma, \u00e9 uma s\u00e1tira ao sonho humano de ser grande, not\u00e1vel, o maior, se poss\u00edvel for. \u00c9 a car\u00eancia que comanda cada cora\u00e7\u00e3o em busca de reconhecimento e aten\u00e7\u00e3o.<\/p>\n<p>No entanto, insistentemente, Jesus vem desmontar este esquema t\u00e3o arraigado na interioridade humana. Mostra com insist\u00eancia que o Plano de Deus passa necessariamente pelo que \u00e9 silencioso, discreto, pequeno, por\u00e9m profundamente ativo e perseverante. \u00c9 a semente que dia a dia cresce na quietude, sem estardalha\u00e7o, trabalhando com afinco os elementos que a terra lhe oferece, sem exigir mais ou menos daquilo que a generosidade do solo lhe oferece. E assim ela cresce, at\u00e9 se tornar um grande p\u00e9 de mostarda (Mc 4,31-32) ou um imenso cedro no alto da montanha (Ez 17,22-24).<\/p>\n<p>Quem aprende a crescer como semente, mesmo quando se torna grande, n\u00e3o se faz prepotente ou arrogante, mas, humildemente se coloca como servidor, a exemplo da mostarda e do cedro, que produzem alimento, sombra, folhagem a servi\u00e7o do ser humano e tamb\u00e9m dos p\u00e1ssaros e demais animais. E assim \u00e9 a Igreja: grande \u00e0 medida que se coloca a servi\u00e7o da humanidade, sem preocupa\u00e7\u00e3o em ser a melhor do melhor do mundo no que quer que seja.<\/p>\n<p>Atendendo ao apelo do Papa Francisco, se conseguirmos ser uma Igreja da acolhida, do encontro, do di\u00e1logo, da promo\u00e7\u00e3o da paz e do servi\u00e7o, seremos automaticamente \u201cgrandes\u201d. Agora, se nosso foco for nos transformarmos em uma institui\u00e7\u00e3o poderosa, cheia de ostenta\u00e7\u00e3o, autorreferencial e autorit\u00e1ria, estaremos condenados a nos distanciar de Cristo, tornando-nos peregrinos cada vez mais distantes do Senhor (Cf. 2Cor 5,6-10).<\/p>\n","protected":false},"excerpt":{"rendered":"<p>Liturgia dominical<\/p>\n","protected":false},"author":1,"featured_media":202546,"comment_status":"open","ping_status":"open","sticky":false,"template":"","format":"standard","meta":[],"categories":[1],"tags":[537],"acf":[],"yoast_head":"<!-- This site is optimized with the Yoast SEO plugin v19.2 - https:\/\/yoast.com\/wordpress\/plugins\/seo\/ -->\n<title>Quando o maior, o melhor, o not\u00e1vel, \u00e9 servi\u00e7o - Not\u00edcias - Franciscanos<\/title>\n<meta name=\"robots\" content=\"index, follow, max-snippet:-1, max-image-preview:large, max-video-preview:-1\" \/>\n<link rel=\"canonical\" href=\"https:\/\/franciscanos.org.br\/noticias\/quando-o-maior-o-melhor-o-notavel-e-servico.html\" \/>\n<meta property=\"og:locale\" content=\"pt_BR\" \/>\n<meta property=\"og:type\" content=\"article\" \/>\n<meta property=\"og:title\" content=\"Quando o maior, o melhor, o not\u00e1vel, \u00e9 servi\u00e7o - Not\u00edcias - Franciscanos\" \/>\n<meta property=\"og:description\" content=\"Liturgia dominical\" \/>\n<meta property=\"og:url\" content=\"https:\/\/franciscanos.org.br\/noticias\/quando-o-maior-o-melhor-o-notavel-e-servico.html\" \/>\n<meta property=\"og:site_name\" content=\"Not\u00edcias - Franciscanos\" \/>\n<meta property=\"article:published_time\" content=\"2015-06-12T13:12:12+00:00\" \/>\n<meta property=\"article:modified_time\" content=\"2019-04-17T17:11:39+00:00\" \/>\n<meta property=\"og:image\" content=\"https:\/\/franciscanos.org.br\/noticias\/wp-content\/uploads\/2015\/06\/mostarda_alto_especial-1.jpg\" \/>\n\t<meta property=\"og:image:width\" content=\"273\" \/>\n\t<meta property=\"og:image:height\" content=\"181\" \/>\n\t<meta property=\"og:image:type\" content=\"image\/jpeg\" \/>\n<meta name=\"author\" content=\"admin\" \/>\n<meta name=\"twitter:card\" content=\"summary_large_image\" \/>\n<meta name=\"twitter:label1\" content=\"Escrito por\" \/>\n\t<meta name=\"twitter:data1\" content=\"admin\" \/>\n\t<meta name=\"twitter:label2\" content=\"Est. tempo de leitura\" \/>\n\t<meta name=\"twitter:data2\" content=\"2 minutos\" \/>\n<script type=\"application\/ld+json\" class=\"yoast-schema-graph\">{\"@context\":\"https:\/\/schema.org\",\"@graph\":[{\"@type\":\"WebSite\",\"@id\":\"https:\/\/franciscanos.org.br\/noticias\/#website\",\"url\":\"https:\/\/franciscanos.org.br\/noticias\/\",\"name\":\"Not\u00edcias - Franciscanos\",\"description\":\"Prov\u00edncia Franciscana da Imaculada Concei\u00e7\u00e3o do Brasil - Ordem dos Frades Menores - OFM\",\"potentialAction\":[{\"@type\":\"SearchAction\",\"target\":{\"@type\":\"EntryPoint\",\"urlTemplate\":\"https:\/\/franciscanos.org.br\/noticias\/?s={search_term_string}\"},\"query-input\":\"required name=search_term_string\"}],\"inLanguage\":\"pt-BR\"},{\"@type\":\"ImageObject\",\"inLanguage\":\"pt-BR\",\"@id\":\"https:\/\/franciscanos.org.br\/noticias\/quando-o-maior-o-melhor-o-notavel-e-servico.html#primaryimage\",\"url\":\"https:\/\/franciscanos.org.br\/noticias\/wp-content\/uploads\/2015\/06\/mostarda_alto_especial-1.jpg\",\"contentUrl\":\"https:\/\/franciscanos.org.br\/noticias\/wp-content\/uploads\/2015\/06\/mostarda_alto_especial-1.jpg\",\"width\":273,\"height\":181},{\"@type\":\"WebPage\",\"@id\":\"https:\/\/franciscanos.org.br\/noticias\/quando-o-maior-o-melhor-o-notavel-e-servico.html#webpage\",\"url\":\"https:\/\/franciscanos.org.br\/noticias\/quando-o-maior-o-melhor-o-notavel-e-servico.html\",\"name\":\"Quando o maior, o melhor, o not\u00e1vel, \u00e9 servi\u00e7o - Not\u00edcias - Franciscanos\",\"isPartOf\":{\"@id\":\"https:\/\/franciscanos.org.br\/noticias\/#website\"},\"primaryImageOfPage\":{\"@id\":\"https:\/\/franciscanos.org.br\/noticias\/quando-o-maior-o-melhor-o-notavel-e-servico.html#primaryimage\"},\"datePublished\":\"2015-06-12T13:12:12+00:00\",\"dateModified\":\"2019-04-17T17:11:39+00:00\",\"author\":{\"@id\":\"https:\/\/franciscanos.org.br\/noticias\/#\/schema\/person\/b38fbf43118f02820bd932f2e4b14ad3\"},\"breadcrumb\":{\"@id\":\"https:\/\/franciscanos.org.br\/noticias\/quando-o-maior-o-melhor-o-notavel-e-servico.html#breadcrumb\"},\"inLanguage\":\"pt-BR\",\"potentialAction\":[{\"@type\":\"ReadAction\",\"target\":[\"https:\/\/franciscanos.org.br\/noticias\/quando-o-maior-o-melhor-o-notavel-e-servico.html\"]}]},{\"@type\":\"BreadcrumbList\",\"@id\":\"https:\/\/franciscanos.org.br\/noticias\/quando-o-maior-o-melhor-o-notavel-e-servico.html#breadcrumb\",\"itemListElement\":[{\"@type\":\"ListItem\",\"position\":1,\"name\":\"Home\",\"item\":\"https:\/\/franciscanos.org.br\/noticias\"},{\"@type\":\"ListItem\",\"position\":2,\"name\":\"Quando o maior, o melhor, o not\u00e1vel, \u00e9 servi\u00e7o\"}]},{\"@type\":\"Person\",\"@id\":\"https:\/\/franciscanos.org.br\/noticias\/#\/schema\/person\/b38fbf43118f02820bd932f2e4b14ad3\",\"name\":\"admin\",\"image\":{\"@type\":\"ImageObject\",\"inLanguage\":\"pt-BR\",\"@id\":\"https:\/\/franciscanos.org.br\/noticias\/#\/schema\/person\/image\/\",\"url\":\"https:\/\/secure.gravatar.com\/avatar\/e8495742d34d0ba6448ea1c628263b3e?s=96&d=mm&r=g\",\"contentUrl\":\"https:\/\/secure.gravatar.com\/avatar\/e8495742d34d0ba6448ea1c628263b3e?s=96&d=mm&r=g\",\"caption\":\"admin\"},\"url\":\"https:\/\/franciscanos.org.br\/noticias\/author\/admin\"}]}<\/script>\n<!-- \/ Yoast SEO plugin. -->","yoast_head_json":{"title":"Quando o maior, o melhor, o not\u00e1vel, \u00e9 servi\u00e7o - Not\u00edcias - Franciscanos","robots":{"index":"index","follow":"follow","max-snippet":"max-snippet:-1","max-image-preview":"max-image-preview:large","max-video-preview":"max-video-preview:-1"},"canonical":"https:\/\/franciscanos.org.br\/noticias\/quando-o-maior-o-melhor-o-notavel-e-servico.html","og_locale":"pt_BR","og_type":"article","og_title":"Quando o maior, o melhor, o not\u00e1vel, \u00e9 servi\u00e7o - Not\u00edcias - Franciscanos","og_description":"Liturgia dominical","og_url":"https:\/\/franciscanos.org.br\/noticias\/quando-o-maior-o-melhor-o-notavel-e-servico.html","og_site_name":"Not\u00edcias - Franciscanos","article_published_time":"2015-06-12T13:12:12+00:00","article_modified_time":"2019-04-17T17:11:39+00:00","og_image":[{"width":273,"height":181,"url":"https:\/\/franciscanos.org.br\/noticias\/wp-content\/uploads\/2015\/06\/mostarda_alto_especial-1.jpg","type":"image\/jpeg"}],"author":"admin","twitter_card":"summary_large_image","twitter_misc":{"Escrito por":"admin","Est. tempo de leitura":"2 minutos"},"schema":{"@context":"https:\/\/schema.org","@graph":[{"@type":"WebSite","@id":"https:\/\/franciscanos.org.br\/noticias\/#website","url":"https:\/\/franciscanos.org.br\/noticias\/","name":"Not\u00edcias - Franciscanos","description":"Prov\u00edncia Franciscana da Imaculada Concei\u00e7\u00e3o do Brasil - Ordem dos Frades Menores - OFM","potentialAction":[{"@type":"SearchAction","target":{"@type":"EntryPoint","urlTemplate":"https:\/\/franciscanos.org.br\/noticias\/?s={search_term_string}"},"query-input":"required name=search_term_string"}],"inLanguage":"pt-BR"},{"@type":"ImageObject","inLanguage":"pt-BR","@id":"https:\/\/franciscanos.org.br\/noticias\/quando-o-maior-o-melhor-o-notavel-e-servico.html#primaryimage","url":"https:\/\/franciscanos.org.br\/noticias\/wp-content\/uploads\/2015\/06\/mostarda_alto_especial-1.jpg","contentUrl":"https:\/\/franciscanos.org.br\/noticias\/wp-content\/uploads\/2015\/06\/mostarda_alto_especial-1.jpg","width":273,"height":181},{"@type":"WebPage","@id":"https:\/\/franciscanos.org.br\/noticias\/quando-o-maior-o-melhor-o-notavel-e-servico.html#webpage","url":"https:\/\/franciscanos.org.br\/noticias\/quando-o-maior-o-melhor-o-notavel-e-servico.html","name":"Quando o maior, o melhor, o not\u00e1vel, \u00e9 servi\u00e7o - Not\u00edcias - Franciscanos","isPartOf":{"@id":"https:\/\/franciscanos.org.br\/noticias\/#website"},"primaryImageOfPage":{"@id":"https:\/\/franciscanos.org.br\/noticias\/quando-o-maior-o-melhor-o-notavel-e-servico.html#primaryimage"},"datePublished":"2015-06-12T13:12:12+00:00","dateModified":"2019-04-17T17:11:39+00:00","author":{"@id":"https:\/\/franciscanos.org.br\/noticias\/#\/schema\/person\/b38fbf43118f02820bd932f2e4b14ad3"},"breadcrumb":{"@id":"https:\/\/franciscanos.org.br\/noticias\/quando-o-maior-o-melhor-o-notavel-e-servico.html#breadcrumb"},"inLanguage":"pt-BR","potentialAction":[{"@type":"ReadAction","target":["https:\/\/franciscanos.org.br\/noticias\/quando-o-maior-o-melhor-o-notavel-e-servico.html"]}]},{"@type":"BreadcrumbList","@id":"https:\/\/franciscanos.org.br\/noticias\/quando-o-maior-o-melhor-o-notavel-e-servico.html#breadcrumb","itemListElement":[{"@type":"ListItem","position":1,"name":"Home","item":"https:\/\/franciscanos.org.br\/noticias"},{"@type":"ListItem","position":2,"name":"Quando o maior, o melhor, o not\u00e1vel, \u00e9 servi\u00e7o"}]},{"@type":"Person","@id":"https:\/\/franciscanos.org.br\/noticias\/#\/schema\/person\/b38fbf43118f02820bd932f2e4b14ad3","name":"admin","image":{"@type":"ImageObject","inLanguage":"pt-BR","@id":"https:\/\/franciscanos.org.br\/noticias\/#\/schema\/person\/image\/","url":"https:\/\/secure.gravatar.com\/avatar\/e8495742d34d0ba6448ea1c628263b3e?s=96&d=mm&r=g","contentUrl":"https:\/\/secure.gravatar.com\/avatar\/e8495742d34d0ba6448ea1c628263b3e?s=96&d=mm&r=g","caption":"admin"},"url":"https:\/\/franciscanos.org.br\/noticias\/author\/admin"}]}},"_links":{"self":[{"href":"https:\/\/franciscanos.org.br\/noticias\/wp-json\/wp\/v2\/posts\/88518"}],"collection":[{"href":"https:\/\/franciscanos.org.br\/noticias\/wp-json\/wp\/v2\/posts"}],"about":[{"href":"https:\/\/franciscanos.org.br\/noticias\/wp-json\/wp\/v2\/types\/post"}],"author":[{"embeddable":true,"href":"https:\/\/franciscanos.org.br\/noticias\/wp-json\/wp\/v2\/users\/1"}],"replies":[{"embeddable":true,"href":"https:\/\/franciscanos.org.br\/noticias\/wp-json\/wp\/v2\/comments?post=88518"}],"version-history":[{"count":0,"href":"https:\/\/franciscanos.org.br\/noticias\/wp-json\/wp\/v2\/posts\/88518\/revisions"}],"wp:featuredmedia":[{"embeddable":true,"href":"https:\/\/franciscanos.org.br\/noticias\/wp-json\/wp\/v2\/media\/202546"}],"wp:attachment":[{"href":"https:\/\/franciscanos.org.br\/noticias\/wp-json\/wp\/v2\/media?parent=88518"}],"wp:term":[{"taxonomy":"category","embeddable":true,"href":"https:\/\/franciscanos.org.br\/noticias\/wp-json\/wp\/v2\/categories?post=88518"},{"taxonomy":"post_tag","embeddable":true,"href":"https:\/\/franciscanos.org.br\/noticias\/wp-json\/wp\/v2\/tags?post=88518"}],"curies":[{"name":"wp","href":"https:\/\/api.w.org\/{rel}","templated":true}]}}