{"id":8842,"date":"2011-12-14T01:00:28","date_gmt":"2011-12-14T03:00:28","guid":{"rendered":"http:\/\/new.franciscanos.org.br\/?p=8842"},"modified":"2020-06-16T15:25:34","modified_gmt":"2020-06-16T18:25:34","slug":"entrevista-frei-laurindo-lauro-da-silva","status":"publish","type":"post","link":"https:\/\/franciscanos.org.br\/noticias\/entrevista-frei-laurindo-lauro-da-silva.html","title":{"rendered":"Entrevista com Frei Laurindo, futuro presb\u00edtero"},"content":{"rendered":"<p><img loading=\"lazy\" class=\"alignnone size-full wp-image-199169\" src=\"https:\/\/franciscanos.org.br\/noticias\/wp-content\/uploads\/2011\/12\/1412_121211.jpg\" alt=\"\" width=\"830\" height=\"402\" srcset=\"https:\/\/franciscanos.org.br\/noticias\/wp-content\/uploads\/2011\/12\/1412_121211.jpg 830w, https:\/\/franciscanos.org.br\/noticias\/wp-content\/uploads\/2011\/12\/1412_121211-450x218.jpg 450w, https:\/\/franciscanos.org.br\/noticias\/wp-content\/uploads\/2011\/12\/1412_121211-768x372.jpg 768w, https:\/\/franciscanos.org.br\/noticias\/wp-content\/uploads\/2011\/12\/1412_121211-150x73.jpg 150w\" sizes=\"(max-width: 830px) 100vw, 830px\" \/><\/p>\n<p><strong>Por<\/strong> <strong>Moacir Beggo<\/strong><br \/>\n<em>Filho de Elza e Laurindo da Silva, Frei Laurindo Lauro da Silva J\u00fanior nasceu no dia 11 de julho de 1983 na pequena e buc\u00f3lica Itapo\u00e1, em Santa Catarina, foi ordenado presb\u00edtero neste 17 de dezembro, na Par\u00f3quia Nossa Senhora Imaculada Concei\u00e7\u00e3o,\u00a0 pelas m\u00e3os do bispo de Joinville, Dom Irineu Scherer.\u00a0 Frei Laurindo come\u00e7ou aos 13 anos a ter orienta\u00e7\u00e3o vocacional e ingressou no Semin\u00e1rio Santo Ant\u00f4nio de Agudos em 2000. Em 2003 fez o Postulantado em Guaratinguet\u00e1 e recebeu o h\u00e1bito franciscano no ano de 2004, ao ingressar no Noviciado de Rodeio. Cursou Filosofia em Curitiba (2005) e Teologia em Petr\u00f3polis (2008). Professou solenemente na Ordem Franciscana no dia 5 de novembro de 2009 e foi ordenado di\u00e1cono no dia 4 de dezembro de 2010.\u00a0<\/em><strong>Conhe\u00e7a mais de sua vida e como pensa o novo presb\u00edtero.<\/strong><\/p>\n<p><strong>Comunica\u00e7\u00f5es &#8211; Conte um pouco da hist\u00f3ria de sua voca\u00e7\u00e3o.<\/strong><br \/>\n<strong>Frei Laurindo &#8211; <\/strong>Venho de uma fam\u00edlia de pescadores da regi\u00e3o Nordeste de SC, uma cidadezinha buc\u00f3lica e aconchegante, chamada Itapo\u00e1. Meus pais sempre foram cat\u00f3licos e eu gostava de acompanh\u00e1-los na capelinha da Comunidade Nossa Senhora dos Navegante, nas celebra\u00e7\u00f5es dominicais presididas pelo saudoso di\u00e1cono Airton Vidal. Ainda muito jovem participava da liturgia proclamando leituras e salmos, al\u00e9m de acompanhar os grupos de ora\u00e7\u00e3o. Aos 13 anos pedi a permiss\u00e3o dos meus pais para trabalhar no mercado do meu cunhado em Joinville, a 100 km da minha cidade. O trabalho durou apenas dois meses, mas foi o tempo suficiente para conhecer o Frei N\u00e9lson Jos\u00e9 Hillesheim, que sempre visitava os seus irm\u00e3os, residentes naquela bela cidade. Logo que o conheci, timidamente comecei a demonstrar interesse pelo seu modo de vida. Frei Nelson, gentilmente, acolheu-me e assim come\u00e7ou a orienta\u00e7\u00e3o vocacional que durou um pouco mais de um ano. Confesso que n\u00e3o sabia dos diversos carismas de nossa Igreja, mas o exemplo de vida de Francisco de Assis, apresentados por livretos e cartilhas, cativou-me\u00a0 e foi fundamental no meu processo de discernimento vocacional.<strong><strong><a href=\"http:\/\/franciscanos.org.br\/wp-content\/uploads\/2011\/12\/1411_121211.jpg\"><br \/>\n<\/a><\/strong><\/strong><br \/>\n<strong>Comunica\u00e7\u00f5es &#8211; Numa sociedade t\u00e3o consumista, o que leva um jovem a atender o pedido de Jesus: \u201cVem e segue-me\u201d? <\/strong><br \/>\n<strong>Frei Laurindo &#8211; <\/strong>No mundo hodierno muitos s\u00e3o os convites, in\u00fameras s\u00e3o op\u00e7\u00f5es ao jovem que quer e precisa de um norte. Os ru\u00eddos do mundo, por mais apelativos que sejam, ajudam no exerc\u00edcio de saber ouvir, saber discernir os chamados. Os pedidos do mundo v\u00eam aos montes, mas a quem devemos servir? \u201cAo servo ou ao Senhor?\u201d. Quando a escolha \u00e9 ouvir os apelos do Senhor, uma dire\u00e7\u00e3o simples \u00e9 apontada: \u201cVem e segue-me\u201d. A sutileza do pedido parece t\u00edmida aos brados do mundo, mas basta \u201cob-audire\u201d, auscultar a palavra do Senhor, com carinho e rever\u00eancia, para deixar-se seduzir (Jr 20,7), assim como o jovem Francisco de Assis e diversos jovens de hist\u00f3rias e culturas diferentes, que tamb\u00e9m aprenderam a ouvir o pedido de Jesus.<\/p>\n<p><strong>Comunica\u00e7\u00f5es &#8211; Por que decidiu ser franciscano? <\/strong><br \/>\n<strong>Frei Laurindo &#8211; <\/strong>O carisma de Francisco de Assis \u00e9 simplesmente lindo, basta vislumbrar um mundo pautado pela fraternidade universal. Isso \u00e9 muito empolgante! Ser franciscano implica em seguir a Jesus Cristo num carisma de minoridade e fraternidade. \u00c9 viver livre das tr\u00eas for\u00e7as poderosas que movimentam o mundo materialista: a gan\u00e2ncia do ter, o fasc\u00ednio do poder e a sede do prazer. \u00c9 partilhar os dons, viver como irm\u00e3o de tudo e de todos, mas principalmente dar testemunho vivo de vida evang\u00e9lica a exemplo de S\u00e3o Francisco, que contemplava o Cristo encarnado, pobre e crucificado, n\u00e3o como fracasso, mas diante de um itiner\u00e1rio de salva\u00e7\u00e3o, de remiss\u00e3o e de amor aos des\u00edgnios do Pai. O carisma franciscano \u00e9 vers\u00e1til, pois n\u00e3o exige que algu\u00e9m que queira viver o carisma necessite ingressar num convento ou viver num eremit\u00e9rio, pois a proposta extrapola os muros dos conventos. Torna-se um modo de vida que responde de forma simples aos anseios do mundo.<\/p>\n<p><strong>Comunica\u00e7\u00f5es &#8211; O que significa para voc\u00ea a ordena\u00e7\u00e3o presbiteral?<\/strong><br \/>\n<strong>Frei Laurindo &#8211;<\/strong> A ordena\u00e7\u00e3o presbiteral \u00e9 um sacramento que exige a responsabilidade de uma vida toda, uma entrega total a servi\u00e7o do Reino de Deus e dos irm\u00e3os. Tal ordena\u00e7\u00e3o \u00e9 a\u00e7\u00e3o do Esp\u00edrito, no Corpo de Cristo que a Igreja constitui. O Esp\u00edrito desperta os homens para serem instrumentos de edifica\u00e7\u00e3o da Igreja. O minist\u00e9rio presbiteral requer que os tais instrumentos doem o seu esp\u00edrito, o seu cora\u00e7\u00e3o, enfim, a sua vida, a fim de celebrar os sacramentos e conduzir o povo na unidade e na obedi\u00eancia, para que Deus seja glorificado.<\/p>\n<p><strong>Comunica\u00e7\u00f5es &#8211; O que esperar de um jovem sacerdote no nosso mundo atual?<\/strong><br \/>\n<strong>Frei Laurindo &#8211;<\/strong> O padre deve, mediante o amor fraterno, promover a partilha na comunidade, ser mensageiro do Evangelho, alimentar a f\u00e9 na presen\u00e7a do Cristo eucar\u00edstico, buscar a santifica\u00e7\u00e3o segundo Jesus, auxiliar os irm\u00e3os desfavorecidos, fortificar os mais fr\u00e1geis na f\u00e9, viver com entusiasmo os ensinamentos de Cristo e ser sinal da presen\u00e7a de Cristo. Sendo jovem, o padre deve obter a experi\u00eancia emp\u00edrica paulatinamente, sem atropelos, mas com a sede de viver plenamente o seu minist\u00e9rio.<\/p>\n<p><strong>Comunica\u00e7\u00f5es &#8211; Deixe uma mensagem para os jovens que s\u00e3o vocacionados \u00e0 vida religiosa?<\/strong><br \/>\n<strong>Frei Laurindo &#8211;<\/strong> N\u00e3o deixe de lado tudo aquilo que voc\u00ea vai aprender nessa forma\u00e7\u00e3o, tampouco as virtudes que voc\u00ea aprendeu de ber\u00e7o, seja perseverante. Os desafios servem como exerc\u00edcios para o fortalecimento de sua f\u00e9 e para melhor discernimento vocacional. Por acaso, voc\u00ea ainda n\u00e3o conhece a forma de vida franciscana, procure se informar bem desse belo carisma, mas se voc\u00ea j\u00e1 o conhece, ent\u00e3o procure viv\u00ea-lo de todo o cora\u00e7\u00e3o e com toda a sua alma! Lembro de quando era vocacionado e dos tantos livros que li, \u00e1vido em sorver o carisma, o que mais me chamou a aten\u00e7\u00e3o foi um livro intitulado \u201cCavaleiros da Dama Pobreza\u201d. Vibrei com aquele livro e ainda hoje me empolgo. Aproveite bem os encontros vocacionais com interesse e dedica\u00e7\u00e3o, pois voc\u00ea \u00e9 o \u00fanico que pode responder ao apelo vocacional. Ningu\u00e9m pode fazer isso por voc\u00ea. Tenha uma boa caminhada formativa. Paz e bem!<\/p>\n","protected":false},"excerpt":{"rendered":"<p>Entrevista com Frei Laurindo Lauro da Silva<\/p>\n","protected":false},"author":1,"featured_media":199384,"comment_status":"closed","ping_status":"open","sticky":false,"template":"","format":"standard","meta":[],"categories":[758],"tags":[1332],"acf":[],"yoast_head":"<!-- This site is optimized with the Yoast SEO plugin v19.2 - https:\/\/yoast.com\/wordpress\/plugins\/seo\/ -->\n<title>Entrevista com Frei Laurindo, futuro presb\u00edtero - Not\u00edcias - Franciscanos<\/title>\n<meta name=\"robots\" content=\"index, follow, max-snippet:-1, max-image-preview:large, max-video-preview:-1\" \/>\n<link rel=\"canonical\" href=\"https:\/\/franciscanos.org.br\/noticias\/entrevista-frei-laurindo-lauro-da-silva.html\" \/>\n<meta property=\"og:locale\" content=\"pt_BR\" \/>\n<meta property=\"og:type\" content=\"article\" \/>\n<meta property=\"og:title\" content=\"Entrevista com Frei Laurindo, futuro presb\u00edtero - Not\u00edcias - Franciscanos\" \/>\n<meta property=\"og:description\" content=\"Entrevista com Frei Laurindo Lauro da Silva\" \/>\n<meta property=\"og:url\" content=\"https:\/\/franciscanos.org.br\/noticias\/entrevista-frei-laurindo-lauro-da-silva.html\" \/>\n<meta property=\"og:site_name\" content=\"Not\u00edcias - Franciscanos\" \/>\n<meta property=\"article:published_time\" content=\"2011-12-14T03:00:28+00:00\" \/>\n<meta property=\"article:modified_time\" content=\"2020-06-16T18:25:34+00:00\" \/>\n<meta property=\"og:image\" content=\"https:\/\/franciscanos.org.br\/noticias\/wp-content\/uploads\/2011\/12\/laurindo_0402.jpg\" \/>\n\t<meta property=\"og:image:width\" content=\"273\" \/>\n\t<meta property=\"og:image:height\" content=\"181\" \/>\n\t<meta property=\"og:image:type\" content=\"image\/jpeg\" \/>\n<meta name=\"author\" content=\"admin\" \/>\n<meta name=\"twitter:card\" content=\"summary_large_image\" \/>\n<meta name=\"twitter:label1\" content=\"Escrito por\" \/>\n\t<meta name=\"twitter:data1\" content=\"admin\" \/>\n\t<meta name=\"twitter:label2\" content=\"Est. tempo de leitura\" \/>\n\t<meta name=\"twitter:data2\" content=\"5 minutos\" \/>\n<script type=\"application\/ld+json\" class=\"yoast-schema-graph\">{\"@context\":\"https:\/\/schema.org\",\"@graph\":[{\"@type\":\"WebSite\",\"@id\":\"https:\/\/franciscanos.org.br\/noticias\/#website\",\"url\":\"https:\/\/franciscanos.org.br\/noticias\/\",\"name\":\"Not\u00edcias - Franciscanos\",\"description\":\"Prov\u00edncia Franciscana da Imaculada Concei\u00e7\u00e3o do Brasil - Ordem dos Frades Menores - OFM\",\"potentialAction\":[{\"@type\":\"SearchAction\",\"target\":{\"@type\":\"EntryPoint\",\"urlTemplate\":\"https:\/\/franciscanos.org.br\/noticias\/?s={search_term_string}\"},\"query-input\":\"required name=search_term_string\"}],\"inLanguage\":\"pt-BR\"},{\"@type\":\"ImageObject\",\"inLanguage\":\"pt-BR\",\"@id\":\"https:\/\/franciscanos.org.br\/noticias\/entrevista-frei-laurindo-lauro-da-silva.html#primaryimage\",\"url\":\"https:\/\/franciscanos.org.br\/noticias\/wp-content\/uploads\/2011\/12\/laurindo_0402.jpg\",\"contentUrl\":\"https:\/\/franciscanos.org.br\/noticias\/wp-content\/uploads\/2011\/12\/laurindo_0402.jpg\",\"width\":273,\"height\":181},{\"@type\":\"WebPage\",\"@id\":\"https:\/\/franciscanos.org.br\/noticias\/entrevista-frei-laurindo-lauro-da-silva.html#webpage\",\"url\":\"https:\/\/franciscanos.org.br\/noticias\/entrevista-frei-laurindo-lauro-da-silva.html\",\"name\":\"Entrevista com Frei Laurindo, futuro presb\u00edtero - Not\u00edcias - Franciscanos\",\"isPartOf\":{\"@id\":\"https:\/\/franciscanos.org.br\/noticias\/#website\"},\"primaryImageOfPage\":{\"@id\":\"https:\/\/franciscanos.org.br\/noticias\/entrevista-frei-laurindo-lauro-da-silva.html#primaryimage\"},\"datePublished\":\"2011-12-14T03:00:28+00:00\",\"dateModified\":\"2020-06-16T18:25:34+00:00\",\"author\":{\"@id\":\"https:\/\/franciscanos.org.br\/noticias\/#\/schema\/person\/b38fbf43118f02820bd932f2e4b14ad3\"},\"breadcrumb\":{\"@id\":\"https:\/\/franciscanos.org.br\/noticias\/entrevista-frei-laurindo-lauro-da-silva.html#breadcrumb\"},\"inLanguage\":\"pt-BR\",\"potentialAction\":[{\"@type\":\"ReadAction\",\"target\":[\"https:\/\/franciscanos.org.br\/noticias\/entrevista-frei-laurindo-lauro-da-silva.html\"]}]},{\"@type\":\"BreadcrumbList\",\"@id\":\"https:\/\/franciscanos.org.br\/noticias\/entrevista-frei-laurindo-lauro-da-silva.html#breadcrumb\",\"itemListElement\":[{\"@type\":\"ListItem\",\"position\":1,\"name\":\"Home\",\"item\":\"https:\/\/franciscanos.org.br\/noticias\"},{\"@type\":\"ListItem\",\"position\":2,\"name\":\"Entrevista com Frei Laurindo, futuro presb\u00edtero\"}]},{\"@type\":\"Person\",\"@id\":\"https:\/\/franciscanos.org.br\/noticias\/#\/schema\/person\/b38fbf43118f02820bd932f2e4b14ad3\",\"name\":\"admin\",\"image\":{\"@type\":\"ImageObject\",\"inLanguage\":\"pt-BR\",\"@id\":\"https:\/\/franciscanos.org.br\/noticias\/#\/schema\/person\/image\/\",\"url\":\"https:\/\/secure.gravatar.com\/avatar\/e8495742d34d0ba6448ea1c628263b3e?s=96&d=mm&r=g\",\"contentUrl\":\"https:\/\/secure.gravatar.com\/avatar\/e8495742d34d0ba6448ea1c628263b3e?s=96&d=mm&r=g\",\"caption\":\"admin\"},\"url\":\"https:\/\/franciscanos.org.br\/noticias\/author\/admin\"}]}<\/script>\n<!-- \/ Yoast SEO plugin. -->","yoast_head_json":{"title":"Entrevista com Frei Laurindo, futuro presb\u00edtero - Not\u00edcias - Franciscanos","robots":{"index":"index","follow":"follow","max-snippet":"max-snippet:-1","max-image-preview":"max-image-preview:large","max-video-preview":"max-video-preview:-1"},"canonical":"https:\/\/franciscanos.org.br\/noticias\/entrevista-frei-laurindo-lauro-da-silva.html","og_locale":"pt_BR","og_type":"article","og_title":"Entrevista com Frei Laurindo, futuro presb\u00edtero - Not\u00edcias - Franciscanos","og_description":"Entrevista com Frei Laurindo Lauro da Silva","og_url":"https:\/\/franciscanos.org.br\/noticias\/entrevista-frei-laurindo-lauro-da-silva.html","og_site_name":"Not\u00edcias - Franciscanos","article_published_time":"2011-12-14T03:00:28+00:00","article_modified_time":"2020-06-16T18:25:34+00:00","og_image":[{"width":273,"height":181,"url":"https:\/\/franciscanos.org.br\/noticias\/wp-content\/uploads\/2011\/12\/laurindo_0402.jpg","type":"image\/jpeg"}],"author":"admin","twitter_card":"summary_large_image","twitter_misc":{"Escrito por":"admin","Est. tempo de leitura":"5 minutos"},"schema":{"@context":"https:\/\/schema.org","@graph":[{"@type":"WebSite","@id":"https:\/\/franciscanos.org.br\/noticias\/#website","url":"https:\/\/franciscanos.org.br\/noticias\/","name":"Not\u00edcias - Franciscanos","description":"Prov\u00edncia Franciscana da Imaculada Concei\u00e7\u00e3o do Brasil - Ordem dos Frades Menores - OFM","potentialAction":[{"@type":"SearchAction","target":{"@type":"EntryPoint","urlTemplate":"https:\/\/franciscanos.org.br\/noticias\/?s={search_term_string}"},"query-input":"required name=search_term_string"}],"inLanguage":"pt-BR"},{"@type":"ImageObject","inLanguage":"pt-BR","@id":"https:\/\/franciscanos.org.br\/noticias\/entrevista-frei-laurindo-lauro-da-silva.html#primaryimage","url":"https:\/\/franciscanos.org.br\/noticias\/wp-content\/uploads\/2011\/12\/laurindo_0402.jpg","contentUrl":"https:\/\/franciscanos.org.br\/noticias\/wp-content\/uploads\/2011\/12\/laurindo_0402.jpg","width":273,"height":181},{"@type":"WebPage","@id":"https:\/\/franciscanos.org.br\/noticias\/entrevista-frei-laurindo-lauro-da-silva.html#webpage","url":"https:\/\/franciscanos.org.br\/noticias\/entrevista-frei-laurindo-lauro-da-silva.html","name":"Entrevista com Frei Laurindo, futuro presb\u00edtero - Not\u00edcias - Franciscanos","isPartOf":{"@id":"https:\/\/franciscanos.org.br\/noticias\/#website"},"primaryImageOfPage":{"@id":"https:\/\/franciscanos.org.br\/noticias\/entrevista-frei-laurindo-lauro-da-silva.html#primaryimage"},"datePublished":"2011-12-14T03:00:28+00:00","dateModified":"2020-06-16T18:25:34+00:00","author":{"@id":"https:\/\/franciscanos.org.br\/noticias\/#\/schema\/person\/b38fbf43118f02820bd932f2e4b14ad3"},"breadcrumb":{"@id":"https:\/\/franciscanos.org.br\/noticias\/entrevista-frei-laurindo-lauro-da-silva.html#breadcrumb"},"inLanguage":"pt-BR","potentialAction":[{"@type":"ReadAction","target":["https:\/\/franciscanos.org.br\/noticias\/entrevista-frei-laurindo-lauro-da-silva.html"]}]},{"@type":"BreadcrumbList","@id":"https:\/\/franciscanos.org.br\/noticias\/entrevista-frei-laurindo-lauro-da-silva.html#breadcrumb","itemListElement":[{"@type":"ListItem","position":1,"name":"Home","item":"https:\/\/franciscanos.org.br\/noticias"},{"@type":"ListItem","position":2,"name":"Entrevista com Frei Laurindo, futuro presb\u00edtero"}]},{"@type":"Person","@id":"https:\/\/franciscanos.org.br\/noticias\/#\/schema\/person\/b38fbf43118f02820bd932f2e4b14ad3","name":"admin","image":{"@type":"ImageObject","inLanguage":"pt-BR","@id":"https:\/\/franciscanos.org.br\/noticias\/#\/schema\/person\/image\/","url":"https:\/\/secure.gravatar.com\/avatar\/e8495742d34d0ba6448ea1c628263b3e?s=96&d=mm&r=g","contentUrl":"https:\/\/secure.gravatar.com\/avatar\/e8495742d34d0ba6448ea1c628263b3e?s=96&d=mm&r=g","caption":"admin"},"url":"https:\/\/franciscanos.org.br\/noticias\/author\/admin"}]}},"_links":{"self":[{"href":"https:\/\/franciscanos.org.br\/noticias\/wp-json\/wp\/v2\/posts\/8842"}],"collection":[{"href":"https:\/\/franciscanos.org.br\/noticias\/wp-json\/wp\/v2\/posts"}],"about":[{"href":"https:\/\/franciscanos.org.br\/noticias\/wp-json\/wp\/v2\/types\/post"}],"author":[{"embeddable":true,"href":"https:\/\/franciscanos.org.br\/noticias\/wp-json\/wp\/v2\/users\/1"}],"replies":[{"embeddable":true,"href":"https:\/\/franciscanos.org.br\/noticias\/wp-json\/wp\/v2\/comments?post=8842"}],"version-history":[{"count":1,"href":"https:\/\/franciscanos.org.br\/noticias\/wp-json\/wp\/v2\/posts\/8842\/revisions"}],"predecessor-version":[{"id":226555,"href":"https:\/\/franciscanos.org.br\/noticias\/wp-json\/wp\/v2\/posts\/8842\/revisions\/226555"}],"wp:featuredmedia":[{"embeddable":true,"href":"https:\/\/franciscanos.org.br\/noticias\/wp-json\/wp\/v2\/media\/199384"}],"wp:attachment":[{"href":"https:\/\/franciscanos.org.br\/noticias\/wp-json\/wp\/v2\/media?parent=8842"}],"wp:term":[{"taxonomy":"category","embeddable":true,"href":"https:\/\/franciscanos.org.br\/noticias\/wp-json\/wp\/v2\/categories?post=8842"},{"taxonomy":"post_tag","embeddable":true,"href":"https:\/\/franciscanos.org.br\/noticias\/wp-json\/wp\/v2\/tags?post=8842"}],"curies":[{"name":"wp","href":"https:\/\/api.w.org\/{rel}","templated":true}]}}