{"id":88316,"date":"2015-06-11T08:56:29","date_gmt":"2015-06-11T11:56:29","guid":{"rendered":"http:\/\/franciscanos.org.br\/?p=88316"},"modified":"2020-06-10T15:08:40","modified_gmt":"2020-06-10T18:08:40","slug":"papa-verdadeiros-cristaos-servem-gratuitamente","status":"publish","type":"post","link":"https:\/\/franciscanos.org.br\/noticias\/papa-verdadeiros-cristaos-servem-gratuitamente.html","title":{"rendered":"Papa: &#8220;Verdadeiros crist\u00e3os servem gratuitamente&#8221;"},"content":{"rendered":"<p><img loading=\"lazy\" src=\"http:\/\/franciscanos.org.br\/wp-content\/uploads\/2015\/06\/servir.jpg\" alt=\"servir\" width=\"820\" height=\"439\" \/><br \/>\n<strong>Cidade do Vaticano<\/strong> \u2013 \u201cCaminho, servi\u00e7o e gratuidade\u201d: \u00e9 o trin\u00f4mio sobre o qual o Papa desenvolveu sua homilia na missa matutina na Casa Santa Marta, nesta quinta-feira (11\/06), festa do Ap\u00f3stolo S\u00e3o Barnab\u00e9. Francisco frisou que um disc\u00edpulo \u00e9 chamado a caminhar para servir e a anunciar o Evangelho gratuitamente, vencendo o engano \u201cque a salva\u00e7\u00e3o vem das riquezas\u201d.<\/p>\n<p>Comentando o trecho do Evangelho em que Jesus envia os disc\u00edpulos a anunciar a Boa Nova, o Papa disse que Jesus n\u00e3o lhes aponta um caminho \u2018passeio\u2019, mas os envia com uma mensagem: anunciar o Evangelho, sair para levar a Salva\u00e7\u00e3o, o Evangelho da Salva\u00e7\u00e3o.<\/p>\n<p>\u201cEste \u2013 acrescentou \u2013 \u00e9 o dever que Jesus d\u00e1 a seus disc\u00edpulos. Se um disc\u00edpulo fica parado e n\u00e3o sai, n\u00e3o d\u00e1 o que recebeu no Batismo aos outros, n\u00e3o \u00e9 um verdadeiro disc\u00edpulo de Jesus: falta-lhe a missionariedade, j\u00e1 que n\u00e3o sai de si mesmo para levar o bem aos outros\u201d.<\/p>\n<p>\u201cO percurso do disc\u00edpulo de Jesus \u00e9 ir al\u00e9m para levar esta Boa Not\u00edcia, mas h\u00e1 outro tamb\u00e9m: o percurso interior, o percurso dentro de si, o percurso do disc\u00edpulo que procura o Senhor todos os dias na ora\u00e7\u00e3o, na medita\u00e7\u00e3o. O disc\u00edpulo deve fazer este percurso porque se n\u00e3o buscar sempre a Deus, o Evangelho que levar\u00e1 aos outros ser\u00e1 um Evangelho fr\u00e1gil, aguado, sem for\u00e7a\u201d.<\/p>\n<p><strong>Um disc\u00edpulo que n\u00e3o serve n\u00e3o \u00e9 crist\u00e3o<\/strong><\/p>\n<p>\u201cEste duplo percurso \u2013 disse \u2013 \u00e9 o duplo caminho que Jesus quer de seus disc\u00edpulos. H\u00e1 ainda a segunda palavra: \u2018Servir\u2019. Um disc\u00edpulo que n\u00e3o serve aos outros \u2013 disse o Papa \u2013 n\u00e3o \u00e9 crist\u00e3o. Ele deve fazer o que Jesus pregou nos dois alicerces do cristianismo: as Bem-aventuran\u00e7as e o \u2018protocolo\u2019 com o qual seremos julgados. Estes dois alicerces \u2013 advertiu \u2013 s\u00e3o a base pr\u00f3pria do servi\u00e7o evang\u00e9lico\u201d:<\/p>\n<p>\u201cSe um disc\u00edpulo n\u00e3o caminha para servir n\u00e3o serve para caminhar. Se a sua vida n\u00e3o \u00e9 para o servi\u00e7o, n\u00e3o serve para viver como crist\u00e3o. E ali est\u00e1 a tenta\u00e7\u00e3o do ego\u00edsmo: \u2018Sim, eu sou crist\u00e3o, eu estou em paz, eu me confesso, vou \u00e0 missa, cumpro os mandamentos&#8217;. Mas o servi\u00e7o aos outros: o servi\u00e7o a Jesus nos doentes, nos encarcerados, nos famintos, nos nus. \u00c9 o que Jesus nos disse que devemos fazer, porque Ele est\u00e1 ali! O servi\u00e7o a Cristo nos outros\u201d.<\/p>\n<p><strong>Servir gratuitamente<\/strong><br \/>\nA terceira palavra \u00e9 \u201cgratuidade\u201d. \u201cGratuitamente voc\u00eas receberam, gratuitamente devem dar\u201d, \u00e9 a advert\u00eancia de Jesus. \u201cO caminho do servi\u00e7o \u00e9 gratuito \u2013 sublinhou \u2013, porque n\u00f3s recebemos a salva\u00e7\u00e3o gratuitamente, pura gra\u00e7a: nenhum de n\u00f3s comprou a salva\u00e7\u00e3o, nenhum de n\u00f3s a mereceu. \u00c9 pura gra\u00e7a do Pai em Jesus Cristo, no sacrif\u00edcio de Jesus Cristo\u201d:<\/p>\n<p>\u201c\u00c9 triste quando se encontram crist\u00e3os que se esquecem destas Palavras de Jesus: \u201cGratuitamente voc\u00eas receberam, gratuitamente devem dar\u201d. \u00c9 triste quando encontramos comunidades crist\u00e3s, sejam par\u00f3quias, congrega\u00e7\u00f5es religiosas, dioceses, quaisquer que sejam as comunidades crist\u00e3s, que se esquecem da gratuidade, porque por tr\u00e1s disso e sob isso h\u00e1 o engano (de presumir) que a salva\u00e7\u00e3o vem da riqueza, do poder humano\u201d.<\/p>\n<p>Tr\u00eas palavras, disse o Papa, \u201ccomo um caminho para anunciar. Servi\u00e7o: a vida do crist\u00e3o n\u00e3o \u00e9 para si mesmo, \u00e9 para os outros, como foi a vida de Jesus\u201d. E terceiro: \u201cgratuidade. A nossa esperan\u00e7a est\u00e1 em Jesus Cristo, que nos envia uma esperan\u00e7a que nunca desilude\u201d. Mas, advertiu, \u201cquando a esperan\u00e7a est\u00e1 na pr\u00f3pria comodidade do caminho ou a esperan\u00e7a esta no ego\u00edsmo de buscar as coisas por si mesmo e n\u00e3o servir os outros, ou quando a esperan\u00e7a est\u00e1 nas riquezas ou nas pequenas seguran\u00e7as mundanas, tudo isso desmorona. O pr\u00f3prio Senhor o faz desmoronar\u201d.<\/p>\n<h3><strong><a href=\"http:\/\/franciscanos.org.br\/wp-content\/uploads\/2015\/06\/c91.jpg\"><img loading=\"lazy\" class=\"alignleft size-full wp-image-88319\" src=\"http:\/\/franciscanos.org.br\/wp-content\/uploads\/2015\/06\/c91.jpg\" alt=\"c9\" width=\"632\" height=\"375\" \/><\/a>REFORMAS<\/strong><\/h3>\n<p>A tutela dos menores e a reforma da m\u00eddia vaticana, foram temas tratados na 10\u00aa reuni\u00e3o do Conselho dos 9 Cardeais, conclu\u00edda na manh\u00e3 desta quarta-feira (10\/06). O Diretor da Sala de Imprensa da Santa S\u00e9, Padre Federico Lombardi, apresentou aos jornalistas os pontos tratados pelo grupo de Cardeais, institu\u00eddo pelo Papa Francisco para auxili\u00e1-lo no governo na Igreja e para estudar uma reforma da C\u00faria Romana. O Santo Padre participou de toda a reuni\u00e3o, \u00e0 exce\u00e7\u00e3o da manh\u00e3 desta quarta-feira.<\/p>\n<p><strong>Tutela dos menores<\/strong><br \/>\nDurante o encontro realizado desde a \u00faltima segunda-feira, no Vaticano, o Presidente da Pontif\u00edcia Comiss\u00e3o para a Tutela dos Menores, Cardeal Sean Patrick O&#8217;Malley, apresentou ao Conselho dos 9 um relat\u00f3rio sobre a proposta \u201cem rela\u00e7\u00e3o \u00e0s den\u00fancias de abusos de poder episcopal\u201d, preparada pelo pr\u00f3prio organismo. O relat\u00f3rio englobava tamb\u00e9m \u201cuma proposta sobre o tema das den\u00fancias dos abusos sexuais em menores e adultos vulner\u00e1veis por parte do clero\u201d.<\/p>\n<p>Tais documentos foram aprovados pelo Santo Padre que, como declarou Padre Lombardi, concedeu a autoriza\u00e7\u00e3o para que \u201csejam fornecidos recursos adequados para se alcan\u00e7ar este objetivo\u201d. Fica estabelecido, portanto, \u201cque a compet\u00eancia de receber e analisar as den\u00fancias de abusos de poder episcopal pertence \u00e0s Congrega\u00e7\u00f5es para os Bispos, para a Evangeliza\u00e7\u00e3o dos Povos ou para as Igrejas Orientais e todas as den\u00fancias devem ser apresentadas \u00e0 Congrega\u00e7\u00e3o apropriada. Tamb\u00e9m foi aprovado outro ponto, como acrescentou o porta-voz vaticano:<\/p>\n<p>\u201cQue o Santo Padre d\u00ea um mandato \u00e0 Congrega\u00e7\u00e3o para a Doutrina da F\u00e9 para julgar os bispos em rela\u00e7\u00e3o aos delitos de abuso de poder. Portanto, as den\u00fancias \u00e0s tr\u00eas Congrega\u00e7\u00f5es, mas o julgamento \u00e9 feito ap\u00f3s pela Doutrina da F\u00e9 que, como sabemos, tem tamb\u00e9m uma natureza de Tribunal\u201d.<\/p>\n<p>Tamb\u00e9m foi autorizada a institui\u00e7\u00e3o de uma nova Se\u00e7\u00e3o Judici\u00e1ria dentro da Congrega\u00e7\u00e3o para a Doutrina da F\u00e9, a nomea\u00e7\u00e3o de pessoal permanente, de um secret\u00e1rio para assessorar o Prefeito em rela\u00e7\u00e3o ao Tribunal. Previsto tamb\u00e9m um per\u00edodo de cinco anos, em vista de ulteriores desenvolvimentos das propostas. Padre Lombardi, contudo, sublinhou a novidades das novas disposi\u00e7\u00f5es:<\/p>\n<p>\u201cNo C\u00f3digo de Direito Can\u00f4nico provavelmente existiam elementos, mas at\u00e9 agora n\u00e3o existia um procedimento, n\u00e3o havia uma indica\u00e7\u00e3o de compet\u00eancias espec\u00edficas. Portanto, este \u00e9 um passo muito importante\u201d.<\/p>\n<p><strong>Reforma da m\u00eddia vaticana<\/strong><br \/>\nAp\u00f3s o relat\u00f3rio do Diretor do Centro Televisivo Vaticano e Presidente da Comiss\u00e3o para os Meios de Comunica\u00e7\u00e3o vaticanos, Mons. Dario Vigan\u00f2, foi apresentado um projeto de reforma a ser implementado em quatro anos, que prev\u00ea \u201ca salvaguarda dos funcion\u00e1rios e uma integral integra\u00e7\u00e3o das institui\u00e7\u00f5es\u201d:<\/p>\n<p>\u201cAs institui\u00e7\u00f5es envolvidas s\u00e3o o Pontif\u00edcio Conselho para as Comunica\u00e7\u00f5es Sociais, a Sala de Imprensa, a R\u00e1dio Vaticano, o Centro Televisivo Vaticano, o L\u2019Osservatore Romano, o Servi\u00e7o Fotogr\u00e1fico, a Livraria Editora Vaticana, a Tipografia Vaticana e o Servi\u00e7o Internet. Portanto, todas as institui\u00e7\u00f5es do tipo midi\u00e1tico comunicativo est\u00e3o inseridas neste projeto. O Conselho dos Cardeais expressa ao Santo Padre Francisco um parecer positivo e isto tamb\u00e9m no que tange aos tempos de implementa\u00e7\u00e3o, que prev\u00ea nos pr\u00f3ximos meses a constitui\u00e7\u00e3o do Dicast\u00e9rio e as nomea\u00e7\u00f5es necess\u00e1rias para o in\u00edcio do processo. Portanto, se prev\u00ea a constitui\u00e7\u00e3o de um Dicast\u00e9rio, para o qual n\u00e3o existe ainda um nome fixado \u2013 Secretariado, Conselho, Secretaria, n\u00e3o existe uma especifica\u00e7\u00e3o em rela\u00e7\u00e3o a isto \u2013 e que se ocupe do conjunto das m\u00eddias e das comunica\u00e7\u00f5es da Santa S\u00e9 e que assim administre este processo de gradual integra\u00e7\u00e3o das institui\u00e7\u00f5es, at\u00e9 chegar a um novo ordenamento, em um per\u00edodo previs\u00edvel de 4 anos, evidentemente em passos graduais\u201d.<\/p>\n<p><strong>Esbo\u00e7o de uma nova Constitui\u00e7\u00e3o<\/strong><br \/>\nOutro tema tratado nesta 10\u00b0 reuni\u00e3o do C9, da qual o Papa Francisco participou, exceto na manh\u00e3 desta quarta-feira, foi o esbo\u00e7o do pre\u00e2mbulo da nova Constitui\u00e7\u00e3o, que ser\u00e1 ulteriormente elaborada, o que envolve reformas no campo econ\u00f4mico-financeiro. A este respeito, o Prefeito da Secretaria para a Economia, Cardeal George Pell, apresentou um relat\u00f3rio onde referiu a cria\u00e7\u00e3o de tr\u00eas grupos de trabalho para a an\u00e1lise das entradas e dos investimentos, para a gest\u00e3o dos tr\u00eas grupos dos recursos humanos e para o estudo dos sistemas inform\u00e1ticos existentes. Foi apresentada ainda uma comunica\u00e7\u00e3o de Padre Michael Czerny, do Pontif\u00edcio Conselho para a Justi\u00e7a e a Paz, a prop\u00f3sito da publica\u00e7\u00e3o da nova Enc\u00edclica do Santo Padre.<\/p>\n<p>Padre Czerny \u2013 acrescentou o Diretor da Sala de Imprensa da Santa S\u00e9 -, tamb\u00e9m explicou que, por desejo do Santo Padre, foram organizados alguns envios via e-mail, introduzidos por uma carta do Cardeal Peter Turkson, \u201cpara informar os Ordin\u00e1rios de todo o mundo sobre a publica\u00e7\u00e3o da Enc\u00edclica e dar a eles sugest\u00f5es e subs\u00eddios \u2013 em particular sobre o ensinamento e os pronunciamentos precedentes do Papa Francisco sobre o tema do ambiente \u2013 de forma que os bispos e episcopados possam sentir-se preparados para a publica\u00e7\u00e3o do novo documento\u201d.<\/p>\n<p>A pr\u00f3xima reuni\u00e3o do Conselho dos Cardeais est\u00e1 prevista para se realizar de 14 a 16 de setembro de 2015.<\/p>\n<hr \/>\n<p><em>Fonte: R\u00e1dio Vaticano<\/em><\/p>\n","protected":false},"excerpt":{"rendered":"<p>Missa em Santa Marta<\/p>\n","protected":false},"author":1,"featured_media":220221,"comment_status":"open","ping_status":"open","sticky":false,"template":"","format":"standard","meta":[],"categories":[1428],"tags":[1586],"acf":[],"yoast_head":"<!-- This site is optimized with the Yoast SEO plugin v19.2 - https:\/\/yoast.com\/wordpress\/plugins\/seo\/ -->\n<title>Papa: &quot;Verdadeiros crist\u00e3os servem gratuitamente&quot; - Not\u00edcias - Franciscanos<\/title>\n<meta name=\"robots\" content=\"index, follow, max-snippet:-1, max-image-preview:large, max-video-preview:-1\" \/>\n<link rel=\"canonical\" href=\"https:\/\/franciscanos.org.br\/noticias\/papa-verdadeiros-cristaos-servem-gratuitamente.html\" \/>\n<meta property=\"og:locale\" content=\"pt_BR\" \/>\n<meta property=\"og:type\" content=\"article\" \/>\n<meta property=\"og:title\" content=\"Papa: &quot;Verdadeiros crist\u00e3os servem gratuitamente&quot; - Not\u00edcias - Franciscanos\" \/>\n<meta property=\"og:description\" content=\"Missa em Santa Marta\" \/>\n<meta property=\"og:url\" content=\"https:\/\/franciscanos.org.br\/noticias\/papa-verdadeiros-cristaos-servem-gratuitamente.html\" \/>\n<meta property=\"og:site_name\" content=\"Not\u00edcias - Franciscanos\" \/>\n<meta property=\"article:published_time\" content=\"2015-06-11T11:56:29+00:00\" \/>\n<meta property=\"article:modified_time\" content=\"2020-06-10T18:08:40+00:00\" \/>\n<meta property=\"og:image\" content=\"https:\/\/franciscanos.org.br\/noticias\/wp-content\/uploads\/2015\/06\/servir.jpg\" \/>\n\t<meta property=\"og:image:width\" content=\"273\" \/>\n\t<meta property=\"og:image:height\" content=\"181\" \/>\n\t<meta property=\"og:image:type\" content=\"image\/jpeg\" \/>\n<meta name=\"author\" content=\"admin\" \/>\n<meta name=\"twitter:card\" content=\"summary_large_image\" \/>\n<meta name=\"twitter:label1\" content=\"Escrito por\" \/>\n\t<meta name=\"twitter:data1\" content=\"admin\" \/>\n\t<meta name=\"twitter:label2\" content=\"Est. tempo de leitura\" \/>\n\t<meta name=\"twitter:data2\" content=\"8 minutos\" \/>\n<script type=\"application\/ld+json\" class=\"yoast-schema-graph\">{\"@context\":\"https:\/\/schema.org\",\"@graph\":[{\"@type\":\"WebSite\",\"@id\":\"https:\/\/franciscanos.org.br\/noticias\/#website\",\"url\":\"https:\/\/franciscanos.org.br\/noticias\/\",\"name\":\"Not\u00edcias - Franciscanos\",\"description\":\"Prov\u00edncia Franciscana da Imaculada Concei\u00e7\u00e3o do Brasil - Ordem dos Frades Menores - OFM\",\"potentialAction\":[{\"@type\":\"SearchAction\",\"target\":{\"@type\":\"EntryPoint\",\"urlTemplate\":\"https:\/\/franciscanos.org.br\/noticias\/?s={search_term_string}\"},\"query-input\":\"required name=search_term_string\"}],\"inLanguage\":\"pt-BR\"},{\"@type\":\"ImageObject\",\"inLanguage\":\"pt-BR\",\"@id\":\"https:\/\/franciscanos.org.br\/noticias\/papa-verdadeiros-cristaos-servem-gratuitamente.html#primaryimage\",\"url\":\"https:\/\/franciscanos.org.br\/noticias\/wp-content\/uploads\/2015\/06\/servir.jpg\",\"contentUrl\":\"https:\/\/franciscanos.org.br\/noticias\/wp-content\/uploads\/2015\/06\/servir.jpg\",\"width\":273,\"height\":181},{\"@type\":\"WebPage\",\"@id\":\"https:\/\/franciscanos.org.br\/noticias\/papa-verdadeiros-cristaos-servem-gratuitamente.html#webpage\",\"url\":\"https:\/\/franciscanos.org.br\/noticias\/papa-verdadeiros-cristaos-servem-gratuitamente.html\",\"name\":\"Papa: \\\"Verdadeiros crist\u00e3os servem gratuitamente\\\" - Not\u00edcias - Franciscanos\",\"isPartOf\":{\"@id\":\"https:\/\/franciscanos.org.br\/noticias\/#website\"},\"primaryImageOfPage\":{\"@id\":\"https:\/\/franciscanos.org.br\/noticias\/papa-verdadeiros-cristaos-servem-gratuitamente.html#primaryimage\"},\"datePublished\":\"2015-06-11T11:56:29+00:00\",\"dateModified\":\"2020-06-10T18:08:40+00:00\",\"author\":{\"@id\":\"https:\/\/franciscanos.org.br\/noticias\/#\/schema\/person\/b38fbf43118f02820bd932f2e4b14ad3\"},\"breadcrumb\":{\"@id\":\"https:\/\/franciscanos.org.br\/noticias\/papa-verdadeiros-cristaos-servem-gratuitamente.html#breadcrumb\"},\"inLanguage\":\"pt-BR\",\"potentialAction\":[{\"@type\":\"ReadAction\",\"target\":[\"https:\/\/franciscanos.org.br\/noticias\/papa-verdadeiros-cristaos-servem-gratuitamente.html\"]}]},{\"@type\":\"BreadcrumbList\",\"@id\":\"https:\/\/franciscanos.org.br\/noticias\/papa-verdadeiros-cristaos-servem-gratuitamente.html#breadcrumb\",\"itemListElement\":[{\"@type\":\"ListItem\",\"position\":1,\"name\":\"Home\",\"item\":\"https:\/\/franciscanos.org.br\/noticias\"},{\"@type\":\"ListItem\",\"position\":2,\"name\":\"Papa: &#8220;Verdadeiros crist\u00e3os servem gratuitamente&#8221;\"}]},{\"@type\":\"Person\",\"@id\":\"https:\/\/franciscanos.org.br\/noticias\/#\/schema\/person\/b38fbf43118f02820bd932f2e4b14ad3\",\"name\":\"admin\",\"image\":{\"@type\":\"ImageObject\",\"inLanguage\":\"pt-BR\",\"@id\":\"https:\/\/franciscanos.org.br\/noticias\/#\/schema\/person\/image\/\",\"url\":\"https:\/\/secure.gravatar.com\/avatar\/e8495742d34d0ba6448ea1c628263b3e?s=96&d=mm&r=g\",\"contentUrl\":\"https:\/\/secure.gravatar.com\/avatar\/e8495742d34d0ba6448ea1c628263b3e?s=96&d=mm&r=g\",\"caption\":\"admin\"},\"url\":\"https:\/\/franciscanos.org.br\/noticias\/author\/admin\"}]}<\/script>\n<!-- \/ Yoast SEO plugin. -->","yoast_head_json":{"title":"Papa: \"Verdadeiros crist\u00e3os servem gratuitamente\" - Not\u00edcias - Franciscanos","robots":{"index":"index","follow":"follow","max-snippet":"max-snippet:-1","max-image-preview":"max-image-preview:large","max-video-preview":"max-video-preview:-1"},"canonical":"https:\/\/franciscanos.org.br\/noticias\/papa-verdadeiros-cristaos-servem-gratuitamente.html","og_locale":"pt_BR","og_type":"article","og_title":"Papa: \"Verdadeiros crist\u00e3os servem gratuitamente\" - Not\u00edcias - Franciscanos","og_description":"Missa em Santa Marta","og_url":"https:\/\/franciscanos.org.br\/noticias\/papa-verdadeiros-cristaos-servem-gratuitamente.html","og_site_name":"Not\u00edcias - Franciscanos","article_published_time":"2015-06-11T11:56:29+00:00","article_modified_time":"2020-06-10T18:08:40+00:00","og_image":[{"width":273,"height":181,"url":"https:\/\/franciscanos.org.br\/noticias\/wp-content\/uploads\/2015\/06\/servir.jpg","type":"image\/jpeg"}],"author":"admin","twitter_card":"summary_large_image","twitter_misc":{"Escrito por":"admin","Est. tempo de leitura":"8 minutos"},"schema":{"@context":"https:\/\/schema.org","@graph":[{"@type":"WebSite","@id":"https:\/\/franciscanos.org.br\/noticias\/#website","url":"https:\/\/franciscanos.org.br\/noticias\/","name":"Not\u00edcias - Franciscanos","description":"Prov\u00edncia Franciscana da Imaculada Concei\u00e7\u00e3o do Brasil - Ordem dos Frades Menores - OFM","potentialAction":[{"@type":"SearchAction","target":{"@type":"EntryPoint","urlTemplate":"https:\/\/franciscanos.org.br\/noticias\/?s={search_term_string}"},"query-input":"required name=search_term_string"}],"inLanguage":"pt-BR"},{"@type":"ImageObject","inLanguage":"pt-BR","@id":"https:\/\/franciscanos.org.br\/noticias\/papa-verdadeiros-cristaos-servem-gratuitamente.html#primaryimage","url":"https:\/\/franciscanos.org.br\/noticias\/wp-content\/uploads\/2015\/06\/servir.jpg","contentUrl":"https:\/\/franciscanos.org.br\/noticias\/wp-content\/uploads\/2015\/06\/servir.jpg","width":273,"height":181},{"@type":"WebPage","@id":"https:\/\/franciscanos.org.br\/noticias\/papa-verdadeiros-cristaos-servem-gratuitamente.html#webpage","url":"https:\/\/franciscanos.org.br\/noticias\/papa-verdadeiros-cristaos-servem-gratuitamente.html","name":"Papa: \"Verdadeiros crist\u00e3os servem gratuitamente\" - Not\u00edcias - Franciscanos","isPartOf":{"@id":"https:\/\/franciscanos.org.br\/noticias\/#website"},"primaryImageOfPage":{"@id":"https:\/\/franciscanos.org.br\/noticias\/papa-verdadeiros-cristaos-servem-gratuitamente.html#primaryimage"},"datePublished":"2015-06-11T11:56:29+00:00","dateModified":"2020-06-10T18:08:40+00:00","author":{"@id":"https:\/\/franciscanos.org.br\/noticias\/#\/schema\/person\/b38fbf43118f02820bd932f2e4b14ad3"},"breadcrumb":{"@id":"https:\/\/franciscanos.org.br\/noticias\/papa-verdadeiros-cristaos-servem-gratuitamente.html#breadcrumb"},"inLanguage":"pt-BR","potentialAction":[{"@type":"ReadAction","target":["https:\/\/franciscanos.org.br\/noticias\/papa-verdadeiros-cristaos-servem-gratuitamente.html"]}]},{"@type":"BreadcrumbList","@id":"https:\/\/franciscanos.org.br\/noticias\/papa-verdadeiros-cristaos-servem-gratuitamente.html#breadcrumb","itemListElement":[{"@type":"ListItem","position":1,"name":"Home","item":"https:\/\/franciscanos.org.br\/noticias"},{"@type":"ListItem","position":2,"name":"Papa: &#8220;Verdadeiros crist\u00e3os servem gratuitamente&#8221;"}]},{"@type":"Person","@id":"https:\/\/franciscanos.org.br\/noticias\/#\/schema\/person\/b38fbf43118f02820bd932f2e4b14ad3","name":"admin","image":{"@type":"ImageObject","inLanguage":"pt-BR","@id":"https:\/\/franciscanos.org.br\/noticias\/#\/schema\/person\/image\/","url":"https:\/\/secure.gravatar.com\/avatar\/e8495742d34d0ba6448ea1c628263b3e?s=96&d=mm&r=g","contentUrl":"https:\/\/secure.gravatar.com\/avatar\/e8495742d34d0ba6448ea1c628263b3e?s=96&d=mm&r=g","caption":"admin"},"url":"https:\/\/franciscanos.org.br\/noticias\/author\/admin"}]}},"_links":{"self":[{"href":"https:\/\/franciscanos.org.br\/noticias\/wp-json\/wp\/v2\/posts\/88316"}],"collection":[{"href":"https:\/\/franciscanos.org.br\/noticias\/wp-json\/wp\/v2\/posts"}],"about":[{"href":"https:\/\/franciscanos.org.br\/noticias\/wp-json\/wp\/v2\/types\/post"}],"author":[{"embeddable":true,"href":"https:\/\/franciscanos.org.br\/noticias\/wp-json\/wp\/v2\/users\/1"}],"replies":[{"embeddable":true,"href":"https:\/\/franciscanos.org.br\/noticias\/wp-json\/wp\/v2\/comments?post=88316"}],"version-history":[{"count":2,"href":"https:\/\/franciscanos.org.br\/noticias\/wp-json\/wp\/v2\/posts\/88316\/revisions"}],"predecessor-version":[{"id":226035,"href":"https:\/\/franciscanos.org.br\/noticias\/wp-json\/wp\/v2\/posts\/88316\/revisions\/226035"}],"wp:featuredmedia":[{"embeddable":true,"href":"https:\/\/franciscanos.org.br\/noticias\/wp-json\/wp\/v2\/media\/220221"}],"wp:attachment":[{"href":"https:\/\/franciscanos.org.br\/noticias\/wp-json\/wp\/v2\/media?parent=88316"}],"wp:term":[{"taxonomy":"category","embeddable":true,"href":"https:\/\/franciscanos.org.br\/noticias\/wp-json\/wp\/v2\/categories?post=88316"},{"taxonomy":"post_tag","embeddable":true,"href":"https:\/\/franciscanos.org.br\/noticias\/wp-json\/wp\/v2\/tags?post=88316"}],"curies":[{"name":"wp","href":"https:\/\/api.w.org\/{rel}","templated":true}]}}