{"id":8810,"date":"2011-12-12T06:52:27","date_gmt":"2011-12-12T08:52:27","guid":{"rendered":"http:\/\/new.franciscanos.org.br\/?p=8810"},"modified":"2020-01-21T07:35:38","modified_gmt":"2020-01-21T10:35:38","slug":"100-anos-vivendo-em-fraternidade","status":"publish","type":"post","link":"https:\/\/franciscanos.org.br\/noticias\/100-anos-vivendo-em-fraternidade.html","title":{"rendered":"100 anos vivendo em fraternidade"},"content":{"rendered":"<p><strong>Rio de Janeiro (RJ)<\/strong> &#8211; O Convento Santo Ant\u00f4nio do Largo da Carioca, Rio de Janeiro, comemorou com grande alegria e emo\u00e7\u00e3o a festa da Imaculada Concei\u00e7\u00e3o de Maria &#8211; padroeira da Ordem Franciscana &#8211; e o centen\u00e1rio de funda\u00e7\u00e3o da Fraternidade Santo Ant\u00f4nio. O evento foi prestigiado por v\u00e1rias fraternidades do Regional Sudeste II da OFS que vieram comemorar esse importante momento da vida fraterna.<\/p>\n<p>O centen\u00e1rio da Fraternidade Santo Ant\u00f4nio do Largo da Carioca \u00e9 uma prova atual da for\u00e7a e vitalidade do carisma franciscano num mundo marcado por grandes transforma\u00e7\u00f5es. Viver e anunciar o Santo Evangelho s\u00e3o elementos essenciais do carisma franciscano.<\/p>\n<p><a href=\"http:\/\/franciscanos.org.br\/wp-content\/uploads\/2011\/12\/ofs_3_g121211.jpg\"><img loading=\"lazy\" class=\"alignright size-full wp-image-8813\" title=\"ofs_3_g121211\" src=\"http:\/\/franciscanos.org.br\/wp-content\/uploads\/2011\/12\/ofs_3_g121211.jpg\" alt=\"\" width=\"300\" height=\"175\" \/><\/a>A celebra\u00e7\u00e3o foi presidida pelo ex-assistente da fraternidade, frei Alberto Beckh\u00e4user, ofm, que em sua homilia real\u00e7ou que Maria possui um lugar especial na Hist\u00f3ria da Salva\u00e7\u00e3o, pois antes mesmo de seu nascimento foi escolhida por Deus para ser a M\u00e3e do Salvador. Destacou ainda que a voca\u00e7\u00e3o humana encontra na M\u00e3e de Deus toda a plenitude da obra da Cria\u00e7\u00e3o. Finalizando sua homilia, Frei Alberto disse que Maria \u00e9 por excel\u00eancia, um modelo de virtude, de amor e confian\u00e7a em Deus para todos que desejam construir de um mundo de paz.<\/p>\n<p>No final da celebra\u00e7\u00e3o, v\u00e1rios irm\u00e3os da fraternidade e convidados deram testemunho da gra\u00e7a de estarem vivenciando um momento t\u00e3o singular da vida fraterna. A ministra local, K\u00e1tia Sodr\u00e9, agradeceu a todos pelo apoio ao longo de toda a programa\u00e7\u00e3o do evento. Tamb\u00e9m foi feita mem\u00f3ria a todos os irm\u00e3os e irm\u00e3s j\u00e1 falecidos que nos apresentaram o seguimento do Santo Evangelho de Jesus Cristo segundo os passos de S\u00e3o Francisco. A ministra local ainda destacou e agradeceu ao atual assistente fraterno, frei Vit\u00f3rio Mazzuco, ofm, pelo grande apoio dado ao trabalho da fraternidade e pelo revigoramento espiritual da voca\u00e7\u00e3o franciscana secular.<\/p>\n<p>Frei Vit\u00f3rio apresentou aos presentes o novo confrade do convento, frei Valnei Brunetto, que ter\u00e1 a miss\u00e3o de atuar no Servi\u00e7o Franciscano de Solidariedade. O SEFRAS articula atrav\u00e9s de redes de servi\u00e7os a promo\u00e7\u00e3o humana e social de pessoas e fam\u00edlias em situa\u00e7\u00e3o de vulnerabilidade social.<\/p>\n<p>Ap\u00f3s a celebra\u00e7\u00e3o, os presentes foram recepcionados com grande hospitalidade e singela de cora\u00e7\u00e3o. Muitos puderam visitar pela primeira vez a bel\u00edssima Igreja de Igreja de S\u00e3o Francisco da Penit\u00eancia mantida pela Vener\u00e1vel Ordem Terceira de S\u00e3o Francisco da Penit\u00eancia. Localizados no cora\u00e7\u00e3o da Cidade do Rio de Janeiro, o Convento de Santo Ant\u00f4nio e a Igreja de S\u00e3o Francisco da Penit\u00eancia s\u00e3o \u00edcones do patrim\u00f4nio hist\u00f3rico brasileiro e ao longo dos \u00faltimos s\u00e9culos foram testemunhas de importantes acontecimentos da Hist\u00f3ria do Brasil e da Cidade do Rio de Janeiro.<\/p>\n<p>Louvemos e bendizemos o Senhor, pois ele faz maravilhas! Santo \u00e9 o seu nome!<\/p>\n<p><strong>&#8220;Ex\u00e9rcito franciscano&#8221;<\/strong><\/p>\n<p><a href=\"http:\/\/franciscanos.org.br\/wp-content\/uploads\/2011\/12\/ofs_1_g121211.jpg\"><img loading=\"lazy\" class=\"alignleft size-full wp-image-8812\" title=\"ofs_1_g121211\" src=\"http:\/\/franciscanos.org.br\/wp-content\/uploads\/2011\/12\/ofs_1_g121211.jpg\" alt=\"\" width=\"300\" height=\"225\" \/><\/a>A Ordem dos Frades Menores (OFM) nasceu em 1210, e a Ordem de Santa Clara (as Clarissas), em 1212. Foi tamb\u00e9m nessa \u00e9poca que nasceu a Ordem Franciscana Secular (OFS), tendo como ideal viver o Evangelho em todos os lugares onde se encontravam. Homens e mulheres, casados e solteiros, em meio \u00e0s fam\u00edlias, buscando viver o mesmo ideal que tanto atraiu Francisco de Assis. A Ordem foi aprovada pelo Papa Hon\u00f3rio III em 1221. Luqu\u00e9sio e Buonadona s\u00e3o considerados os primeiros franciscanos seculares que, segundo a tradi\u00e7\u00e3o, foi o primeiro casal que S\u00e3o Francisco aceitou na Ordem Secular daquele tempo.<\/p>\n<p>Hoje, mais do que nunca, os Franciscanos Seculares sentem-se comprometidos a viver o Evangelho cada dia e em toda circunst\u00e2ncia, segundo a pr\u00f3pria voca\u00e7\u00e3o e os dons recebidos. A OFS apresenta-se como uma experi\u00eancia de vida crist\u00e3, partilhada por mulheres e homens sem discrimina\u00e7\u00e3o, sendo hoje um verdadeiro ex\u00e9rcito franciscano de Deus espalhado por todo o mundo.<\/p>\n<p>\u201cA Ordem Franciscana Secular \u00e9 a mais antiga forma de organiza\u00e7\u00e3o de Leigos que, guiados pela Igreja, unidos em fraternidade e inspirando-se no ideal de S\u00e3o Francisco de Assis, se empenham em testemunhar com a vida o Evangelho de Jesus Cristo e se dedicam ao apostolado no estado laical\u201d. (Beato Jo\u00e3o Paulo II)<\/p>\n<p>Louvemos e bendizemos o Senhor, pois ele faz maravilhas! Santo \u00e9 o seu nome!<\/p>\n","protected":false},"excerpt":{"rendered":"<p>OFS Convento Santo Ant\u00f4nio<\/p>\n","protected":false},"author":1,"featured_media":210815,"comment_status":"closed","ping_status":"open","sticky":false,"template":"","format":"standard","meta":[],"categories":[1],"tags":[60],"acf":[],"yoast_head":"<!-- This site is optimized with the Yoast SEO plugin v19.2 - https:\/\/yoast.com\/wordpress\/plugins\/seo\/ -->\n<title>100 anos vivendo em fraternidade - Not\u00edcias - Franciscanos<\/title>\n<meta name=\"robots\" content=\"index, follow, max-snippet:-1, max-image-preview:large, max-video-preview:-1\" \/>\n<link rel=\"canonical\" href=\"https:\/\/franciscanos.org.br\/noticias\/100-anos-vivendo-em-fraternidade.html\" \/>\n<meta property=\"og:locale\" content=\"pt_BR\" \/>\n<meta property=\"og:type\" content=\"article\" \/>\n<meta property=\"og:title\" content=\"100 anos vivendo em fraternidade - Not\u00edcias - Franciscanos\" \/>\n<meta property=\"og:description\" content=\"OFS Convento Santo Ant\u00f4nio\" \/>\n<meta property=\"og:url\" content=\"https:\/\/franciscanos.org.br\/noticias\/100-anos-vivendo-em-fraternidade.html\" \/>\n<meta property=\"og:site_name\" content=\"Not\u00edcias - Franciscanos\" \/>\n<meta property=\"article:published_time\" content=\"2011-12-12T08:52:27+00:00\" \/>\n<meta property=\"article:modified_time\" content=\"2020-01-21T10:35:38+00:00\" \/>\n<meta property=\"og:image\" content=\"https:\/\/franciscanos.org.br\/noticias\/wp-content\/uploads\/2011\/12\/ofs_3_g121211.jpg\" \/>\n\t<meta property=\"og:image:width\" content=\"273\" \/>\n\t<meta property=\"og:image:height\" content=\"181\" \/>\n\t<meta property=\"og:image:type\" content=\"image\/jpeg\" \/>\n<meta name=\"author\" content=\"admin\" \/>\n<meta name=\"twitter:card\" content=\"summary_large_image\" \/>\n<meta name=\"twitter:label1\" content=\"Escrito por\" \/>\n\t<meta name=\"twitter:data1\" content=\"admin\" \/>\n\t<meta name=\"twitter:label2\" content=\"Est. tempo de leitura\" \/>\n\t<meta name=\"twitter:data2\" content=\"4 minutos\" \/>\n<script type=\"application\/ld+json\" class=\"yoast-schema-graph\">{\"@context\":\"https:\/\/schema.org\",\"@graph\":[{\"@type\":\"WebSite\",\"@id\":\"https:\/\/franciscanos.org.br\/noticias\/#website\",\"url\":\"https:\/\/franciscanos.org.br\/noticias\/\",\"name\":\"Not\u00edcias - Franciscanos\",\"description\":\"Prov\u00edncia Franciscana da Imaculada Concei\u00e7\u00e3o do Brasil - Ordem dos Frades Menores - OFM\",\"potentialAction\":[{\"@type\":\"SearchAction\",\"target\":{\"@type\":\"EntryPoint\",\"urlTemplate\":\"https:\/\/franciscanos.org.br\/noticias\/?s={search_term_string}\"},\"query-input\":\"required name=search_term_string\"}],\"inLanguage\":\"pt-BR\"},{\"@type\":\"ImageObject\",\"inLanguage\":\"pt-BR\",\"@id\":\"https:\/\/franciscanos.org.br\/noticias\/100-anos-vivendo-em-fraternidade.html#primaryimage\",\"url\":\"https:\/\/franciscanos.org.br\/noticias\/wp-content\/uploads\/2011\/12\/ofs_3_g121211.jpg\",\"contentUrl\":\"https:\/\/franciscanos.org.br\/noticias\/wp-content\/uploads\/2011\/12\/ofs_3_g121211.jpg\",\"width\":273,\"height\":181},{\"@type\":\"WebPage\",\"@id\":\"https:\/\/franciscanos.org.br\/noticias\/100-anos-vivendo-em-fraternidade.html#webpage\",\"url\":\"https:\/\/franciscanos.org.br\/noticias\/100-anos-vivendo-em-fraternidade.html\",\"name\":\"100 anos vivendo em fraternidade - Not\u00edcias - Franciscanos\",\"isPartOf\":{\"@id\":\"https:\/\/franciscanos.org.br\/noticias\/#website\"},\"primaryImageOfPage\":{\"@id\":\"https:\/\/franciscanos.org.br\/noticias\/100-anos-vivendo-em-fraternidade.html#primaryimage\"},\"datePublished\":\"2011-12-12T08:52:27+00:00\",\"dateModified\":\"2020-01-21T10:35:38+00:00\",\"author\":{\"@id\":\"https:\/\/franciscanos.org.br\/noticias\/#\/schema\/person\/b38fbf43118f02820bd932f2e4b14ad3\"},\"breadcrumb\":{\"@id\":\"https:\/\/franciscanos.org.br\/noticias\/100-anos-vivendo-em-fraternidade.html#breadcrumb\"},\"inLanguage\":\"pt-BR\",\"potentialAction\":[{\"@type\":\"ReadAction\",\"target\":[\"https:\/\/franciscanos.org.br\/noticias\/100-anos-vivendo-em-fraternidade.html\"]}]},{\"@type\":\"BreadcrumbList\",\"@id\":\"https:\/\/franciscanos.org.br\/noticias\/100-anos-vivendo-em-fraternidade.html#breadcrumb\",\"itemListElement\":[{\"@type\":\"ListItem\",\"position\":1,\"name\":\"Home\",\"item\":\"https:\/\/franciscanos.org.br\/noticias\"},{\"@type\":\"ListItem\",\"position\":2,\"name\":\"100 anos vivendo em fraternidade\"}]},{\"@type\":\"Person\",\"@id\":\"https:\/\/franciscanos.org.br\/noticias\/#\/schema\/person\/b38fbf43118f02820bd932f2e4b14ad3\",\"name\":\"admin\",\"image\":{\"@type\":\"ImageObject\",\"inLanguage\":\"pt-BR\",\"@id\":\"https:\/\/franciscanos.org.br\/noticias\/#\/schema\/person\/image\/\",\"url\":\"https:\/\/secure.gravatar.com\/avatar\/e8495742d34d0ba6448ea1c628263b3e?s=96&d=mm&r=g\",\"contentUrl\":\"https:\/\/secure.gravatar.com\/avatar\/e8495742d34d0ba6448ea1c628263b3e?s=96&d=mm&r=g\",\"caption\":\"admin\"},\"url\":\"https:\/\/franciscanos.org.br\/noticias\/author\/admin\"}]}<\/script>\n<!-- \/ Yoast SEO plugin. -->","yoast_head_json":{"title":"100 anos vivendo em fraternidade - Not\u00edcias - Franciscanos","robots":{"index":"index","follow":"follow","max-snippet":"max-snippet:-1","max-image-preview":"max-image-preview:large","max-video-preview":"max-video-preview:-1"},"canonical":"https:\/\/franciscanos.org.br\/noticias\/100-anos-vivendo-em-fraternidade.html","og_locale":"pt_BR","og_type":"article","og_title":"100 anos vivendo em fraternidade - Not\u00edcias - Franciscanos","og_description":"OFS Convento Santo Ant\u00f4nio","og_url":"https:\/\/franciscanos.org.br\/noticias\/100-anos-vivendo-em-fraternidade.html","og_site_name":"Not\u00edcias - Franciscanos","article_published_time":"2011-12-12T08:52:27+00:00","article_modified_time":"2020-01-21T10:35:38+00:00","og_image":[{"width":273,"height":181,"url":"https:\/\/franciscanos.org.br\/noticias\/wp-content\/uploads\/2011\/12\/ofs_3_g121211.jpg","type":"image\/jpeg"}],"author":"admin","twitter_card":"summary_large_image","twitter_misc":{"Escrito por":"admin","Est. tempo de leitura":"4 minutos"},"schema":{"@context":"https:\/\/schema.org","@graph":[{"@type":"WebSite","@id":"https:\/\/franciscanos.org.br\/noticias\/#website","url":"https:\/\/franciscanos.org.br\/noticias\/","name":"Not\u00edcias - Franciscanos","description":"Prov\u00edncia Franciscana da Imaculada Concei\u00e7\u00e3o do Brasil - Ordem dos Frades Menores - OFM","potentialAction":[{"@type":"SearchAction","target":{"@type":"EntryPoint","urlTemplate":"https:\/\/franciscanos.org.br\/noticias\/?s={search_term_string}"},"query-input":"required name=search_term_string"}],"inLanguage":"pt-BR"},{"@type":"ImageObject","inLanguage":"pt-BR","@id":"https:\/\/franciscanos.org.br\/noticias\/100-anos-vivendo-em-fraternidade.html#primaryimage","url":"https:\/\/franciscanos.org.br\/noticias\/wp-content\/uploads\/2011\/12\/ofs_3_g121211.jpg","contentUrl":"https:\/\/franciscanos.org.br\/noticias\/wp-content\/uploads\/2011\/12\/ofs_3_g121211.jpg","width":273,"height":181},{"@type":"WebPage","@id":"https:\/\/franciscanos.org.br\/noticias\/100-anos-vivendo-em-fraternidade.html#webpage","url":"https:\/\/franciscanos.org.br\/noticias\/100-anos-vivendo-em-fraternidade.html","name":"100 anos vivendo em fraternidade - Not\u00edcias - Franciscanos","isPartOf":{"@id":"https:\/\/franciscanos.org.br\/noticias\/#website"},"primaryImageOfPage":{"@id":"https:\/\/franciscanos.org.br\/noticias\/100-anos-vivendo-em-fraternidade.html#primaryimage"},"datePublished":"2011-12-12T08:52:27+00:00","dateModified":"2020-01-21T10:35:38+00:00","author":{"@id":"https:\/\/franciscanos.org.br\/noticias\/#\/schema\/person\/b38fbf43118f02820bd932f2e4b14ad3"},"breadcrumb":{"@id":"https:\/\/franciscanos.org.br\/noticias\/100-anos-vivendo-em-fraternidade.html#breadcrumb"},"inLanguage":"pt-BR","potentialAction":[{"@type":"ReadAction","target":["https:\/\/franciscanos.org.br\/noticias\/100-anos-vivendo-em-fraternidade.html"]}]},{"@type":"BreadcrumbList","@id":"https:\/\/franciscanos.org.br\/noticias\/100-anos-vivendo-em-fraternidade.html#breadcrumb","itemListElement":[{"@type":"ListItem","position":1,"name":"Home","item":"https:\/\/franciscanos.org.br\/noticias"},{"@type":"ListItem","position":2,"name":"100 anos vivendo em fraternidade"}]},{"@type":"Person","@id":"https:\/\/franciscanos.org.br\/noticias\/#\/schema\/person\/b38fbf43118f02820bd932f2e4b14ad3","name":"admin","image":{"@type":"ImageObject","inLanguage":"pt-BR","@id":"https:\/\/franciscanos.org.br\/noticias\/#\/schema\/person\/image\/","url":"https:\/\/secure.gravatar.com\/avatar\/e8495742d34d0ba6448ea1c628263b3e?s=96&d=mm&r=g","contentUrl":"https:\/\/secure.gravatar.com\/avatar\/e8495742d34d0ba6448ea1c628263b3e?s=96&d=mm&r=g","caption":"admin"},"url":"https:\/\/franciscanos.org.br\/noticias\/author\/admin"}]}},"_links":{"self":[{"href":"https:\/\/franciscanos.org.br\/noticias\/wp-json\/wp\/v2\/posts\/8810"}],"collection":[{"href":"https:\/\/franciscanos.org.br\/noticias\/wp-json\/wp\/v2\/posts"}],"about":[{"href":"https:\/\/franciscanos.org.br\/noticias\/wp-json\/wp\/v2\/types\/post"}],"author":[{"embeddable":true,"href":"https:\/\/franciscanos.org.br\/noticias\/wp-json\/wp\/v2\/users\/1"}],"replies":[{"embeddable":true,"href":"https:\/\/franciscanos.org.br\/noticias\/wp-json\/wp\/v2\/comments?post=8810"}],"version-history":[{"count":0,"href":"https:\/\/franciscanos.org.br\/noticias\/wp-json\/wp\/v2\/posts\/8810\/revisions"}],"wp:featuredmedia":[{"embeddable":true,"href":"https:\/\/franciscanos.org.br\/noticias\/wp-json\/wp\/v2\/media\/210815"}],"wp:attachment":[{"href":"https:\/\/franciscanos.org.br\/noticias\/wp-json\/wp\/v2\/media?parent=8810"}],"wp:term":[{"taxonomy":"category","embeddable":true,"href":"https:\/\/franciscanos.org.br\/noticias\/wp-json\/wp\/v2\/categories?post=8810"},{"taxonomy":"post_tag","embeddable":true,"href":"https:\/\/franciscanos.org.br\/noticias\/wp-json\/wp\/v2\/tags?post=8810"}],"curies":[{"name":"wp","href":"https:\/\/api.w.org\/{rel}","templated":true}]}}