{"id":8801,"date":"2011-12-10T16:34:35","date_gmt":"2011-12-10T18:34:35","guid":{"rendered":"http:\/\/new.franciscanos.org.br\/?p=8801"},"modified":"2019-09-13T12:18:20","modified_gmt":"2019-09-13T15:18:20","slug":"cristianismo-e-lancado-em-sao-paulo-com-noite-de-autografos-na-livraria-cultura","status":"publish","type":"post","link":"https:\/\/franciscanos.org.br\/noticias\/cristianismo-e-lancado-em-sao-paulo-com-noite-de-autografos-na-livraria-cultura.html","title":{"rendered":"&#8220;Cristianismo&#8221; \u00e9 lan\u00e7ado em S\u00e3o Paulo com noite de aut\u00f3grafos na Livraria Cultura"},"content":{"rendered":"<p><strong><a href=\"http:\/\/franciscanos.org.br\/wp-content\/uploads\/2011\/12\/boff_g101211.jpg\"><img loading=\"lazy\" class=\"alignright size-full wp-image-8802\" title=\"Evento - Livraria Cultura\" src=\"http:\/\/franciscanos.org.br\/wp-content\/uploads\/2011\/12\/boff_g101211.jpg\" alt=\"\" width=\"400\" height=\"269\" \/><\/a>Moacir Beggo<\/strong><\/p>\n<p><strong>S\u00e3o Paulo (SP)<\/strong> &#8211; N\u00e3o era para ser diferente. O te\u00f3logo Leonardo Boff lotou o teatro da Livraria Cultura (av. Paulista) para o lan\u00e7amento do seu livro &#8220;Cristianismo&#8221;, nesta sexta-feira (9\/12), \u00e0s 19 horas, em S\u00e3o Paulo. Foi a terceira grande promo\u00e7\u00e3o do novo livro com a presen\u00e7a do autor. No dia 5 de dezembro, no Instituto Humanitas Unicap de Recife, 600 pessoas estiveram presentes e, nesta sexta, cerca de 500 pessoas foram prestigiar o novo lan\u00e7amento da Editora Vozes, que foi fundada h\u00e1 110 anos pelos frades franciscanos desta Prov\u00edncia. Ainda no \u00faltimo dia 2, o lan\u00e7amento do livro aconteceu em Belo Horizonte.<\/p>\n<p>Esbanjando simpatia e humor, Leonardo Boff chegou um pouco antes do hor\u00e1rio previsto (19 horas). Ao seu lado, Boff teve como mediador o te\u00f3logo e professor da PUC, Fernando Altemeyer J\u00fanior, e o jornalista Ricardo Kotscho. Boff falou durante vinte minutos do seu novo projeto e das motiva\u00e7\u00f5es que o levaram a escrever &#8220;Cristianismo&#8221; e, em seguida, Kotscho o entrevistou. Na sequ\u00eancia, o p\u00fablico pode se manifestar fazendo perguntas e o evento terminou com uma concorrida sess\u00e3o de aut\u00f3grafos.<\/p>\n<p>Bem \u00e0 vontade, Altemeyer apresentou Leonardo Boff provocando risos no p\u00fablico. Contou que o verdadeiro Leonardo se chama Gen\u00e9sio e que esse nome o &#8216;salvou&#8217; de ser preso dentro de um avi\u00e3o na Argentina porque procuravam um tal de Gen\u00e9sio. Segundo o professor da PUC, Boff tem 73 anos e vai fazer anivers\u00e1rio no dia 14 de dezembro, em companhia da presidente Dilma Roussef e Santa Teresa D\u00b4Avila.<\/p>\n<p>&#8220;Boff escreveu 82 livros e este era para ser publicado <em>p\u00f3s-mortem<\/em> (risos). Mas diante da insist\u00eancia dos leitores, o livro acabou saindo antes. Falando nisso, uma vez perguntaram para D. Paulo, o seu mestre: &#8216;O Senhor j\u00e1 est\u00e1 se preparando para a morte?&#8217; D. Paulo respondeu: &#8216;Preparado estou, mas n\u00e3o tenho pressa nenhuma!&#8217; (mais risos)&#8221;, disse Altemeyer, ao mesmo tempo que brincou com a barba branca e cabelos de Boff: &#8220;Ele est\u00e1 parecendo um papai-noel&#8221;.<\/p>\n<p>Boff agradeceu a presen\u00e7a do p\u00fablico e dos amigos e explicou que o livro &#8220;Cristianismo&#8221;, na verdade, nasceu como uma esp\u00e9cie de balan\u00e7o. &#8220;Esse livro nem era para ser publicado. Depois de 50 anos de teologia &#8211; e \u00e9 isso que eu estou celebrando &#8211; e 50 anos do livro &#8220;Jesus Cristo Libertador&#8221;, perguntei-me o que sobrou desses 50 anos e do cristianismo. Uma esp\u00e9cie de leitura de cego que s\u00f3 capta o que \u00e9 relevante. O subt\u00edtulo diz tudo: o m\u00ednimo do m\u00ednimo. Porque o cristianismo virou uma realidade extremamente complexa, cheia de doutrinas, dogmas e termina\u00e7\u00f5es hier\u00e1rquicas. Fica dif\u00edcil at\u00e9 para um te\u00f3logo saber o que significa o cristianismo&#8221;, reconheceu.<\/p>\n<p>Segundo Boff, o livro \u00e9 pequeno, mas por tr\u00e1s dele est\u00e1 todo um trabalho de pesquisa que usou nos livros sobre cristologia que escreveu. &#8220;Eu procuro entender o cristianismo n\u00e3o como uma fonte de \u00e1guas mortas, mas como uma fonte de \u00e1guas vivas. N\u00e3o como um navio que est\u00e1 ancorado num porto, seguro e tranquilo. O navio n\u00e3o foi constru\u00eddo para ficar no porto, mas para enfrentar as \u00e1guas do mar&#8221;, observou, lembrando que Jesus n\u00e3o veio criar igrejas.<\/p>\n<p><a href=\"http:\/\/franciscanos.org.br\/?attachment_id=8803\" rel=\"attachment wp-att-8803\"><img loading=\"lazy\" class=\"alignleft size-full wp-image-8803\" title=\"boff2_g101211\" src=\"http:\/\/franciscanos.org.br\/wp-content\/uploads\/2011\/12\/boff2_g101211.jpg\" alt=\"\" width=\"400\" height=\"225\" \/><\/a>A ess\u00eancia da mensagem de Jesus, segundo Boff, est\u00e1 na ora\u00e7\u00e3o do &#8220;Pai Nosso&#8221;. &#8220;Por que acho que o &#8216;Pai Nosso&#8217; \u00e9 a inten\u00e7\u00e3o origin\u00e1ria de Jesus? Porque a\u00ed est\u00e1 tudo aquilo que \u00e9 importante para Jesus e n\u00e3o \u00e9 importante para a Igreja. O Pai Nosso n\u00e3o fala de Jesus, n\u00e3o fala de Igreja, n\u00e3o fala de eucaristia, n\u00e3o fala de papas e bispos, n\u00e3o fala nada disso. Tudo isso \u00e9 fundamental para a Igreja, mas n\u00e3o \u00e9 para Jesus. Para Jesus, duas coisas s\u00e3o fundamentais: o Pai Nosso e o P\u00e3o Nosso. O Pai Nosso \u00e9 o impulso do ser humano para cima e o p\u00e3o nosso \u00e9 aquele necess\u00e1rio, sem qual n\u00e3o podemos viver, do perd\u00e3o e da supera\u00e7\u00e3o de todo o mal que nos estigmatiza. A fome \u00e9 individual mas a constru\u00e7\u00e3o do p\u00e3o \u00e9 coletiva. A gente s\u00f3 consegue dizer &#8216;Am\u00e9m&#8221; se mantivermos unidos Pai Nosso e P\u00e3o Nosso. Ent\u00e3o, n\u00f3s temos duas tenta\u00e7\u00f5es: aqueles que s\u00f3 dizem Pai Nosso e dan\u00e7am, fazem a aer\u00f3bica de Deus, gritam e cantam, porque \u00e9 a alegria do Pai etc. Mas nunca falam de p\u00e3o. Nunca dizem que a cidade de S\u00e3o Paulo tem 730 mil desempregados passando necessidades. H\u00e1 outros que s\u00f3 falam do P\u00e3o Nosso. N\u00f3s, da Liberta\u00e7\u00e3o, somos acusados de que s\u00f3 falamos do P\u00e3o Nosso. Acho injusto porque n\u00f3s sempre lembramos do Pai. Como diz Gustavo Gutierrez, estamos celebrando 40 anos da Teologia da Liberta\u00e7\u00e3o e ela nasceu de uma profunda experi\u00eancia espiritual, de encontrar o Crucificado nos crucificados da hist\u00f3ria. Nos povos do mundo. Ent\u00e3o, a reflex\u00e3o come\u00e7a ali no sil\u00eancio, depois, sim, nos unimos para criar o p\u00e3o&#8221;, questionou Boff.<\/p>\n<p>&#8220;O ser humano n\u00e3o est\u00e1 a\u00ed apenas para Deus. Est\u00e1 tamb\u00e9m para si mesmo e para o outro. \u00c9 Deus que assim quis. Ele n\u00e3o quis que s\u00f3 am\u00e1ssemos a Ele; quis que nosso amor se espraiasse em todas as dire\u00e7\u00f5es e am\u00e1ssemos sua cria\u00e7\u00e3o, os seres todos e cada pessoa concreta&#8221;, emendou.<\/p>\n<p>Para o te\u00f3logo da Liberta\u00e7\u00e3o, no mundo de hoje, a gente tem que viver essa dimens\u00e3o radical do amor incondicional, fundada na experi\u00eancia de Deus que Jesus trouxe e deu a todos os seres humanos: a dignidade de sentirem-se filhos e filhas de Deus. &#8220;S\u00e3o Paulo diz &#8216;somos filhos e filhas no Filho&#8217; e somos todos irm\u00e3os, somos todos iguais. A base da democracia est\u00e1 a\u00ed. Todos somos cidad\u00e3os irm\u00e3os e irm\u00e3s e devemos estar preocupados com o mundo. Unindo essas duas coisas, ajudamos humanizar o mundo, sendo fi\u00e9is ao legado de Jesus e podendo, ent\u00e3o, dizer &#8216;Am\u00e9m&#8217;.&#8221;, completou sua apresenta\u00e7\u00e3o. Em seguida, o jornalista Kotscho fez perguntas e o debate foi aberto ao p\u00fablico.<\/p>\n","protected":false},"excerpt":{"rendered":"<p>Editora Vozes<\/p>\n","protected":false},"author":1,"featured_media":210814,"comment_status":"closed","ping_status":"open","sticky":false,"template":"","format":"standard","meta":[],"categories":[1],"tags":[238],"acf":[],"yoast_head":"<!-- This site is optimized with the Yoast SEO plugin v19.2 - https:\/\/yoast.com\/wordpress\/plugins\/seo\/ -->\n<title>&quot;Cristianismo&quot; \u00e9 lan\u00e7ado em S\u00e3o Paulo com noite de aut\u00f3grafos na Livraria Cultura - Not\u00edcias - Franciscanos<\/title>\n<meta name=\"robots\" content=\"index, follow, max-snippet:-1, max-image-preview:large, max-video-preview:-1\" \/>\n<link rel=\"canonical\" href=\"https:\/\/franciscanos.org.br\/noticias\/cristianismo-e-lancado-em-sao-paulo-com-noite-de-autografos-na-livraria-cultura.html\" \/>\n<meta property=\"og:locale\" content=\"pt_BR\" \/>\n<meta property=\"og:type\" content=\"article\" \/>\n<meta property=\"og:title\" content=\"&quot;Cristianismo&quot; \u00e9 lan\u00e7ado em S\u00e3o Paulo com noite de aut\u00f3grafos na Livraria Cultura - Not\u00edcias - Franciscanos\" \/>\n<meta property=\"og:description\" content=\"Editora Vozes\" \/>\n<meta property=\"og:url\" content=\"https:\/\/franciscanos.org.br\/noticias\/cristianismo-e-lancado-em-sao-paulo-com-noite-de-autografos-na-livraria-cultura.html\" \/>\n<meta property=\"og:site_name\" content=\"Not\u00edcias - Franciscanos\" \/>\n<meta property=\"article:published_time\" content=\"2011-12-10T18:34:35+00:00\" \/>\n<meta property=\"article:modified_time\" content=\"2019-09-13T15:18:20+00:00\" \/>\n<meta property=\"og:image\" content=\"https:\/\/franciscanos.org.br\/noticias\/wp-content\/uploads\/2011\/12\/boff_g101211.jpg\" \/>\n\t<meta property=\"og:image:width\" content=\"273\" \/>\n\t<meta property=\"og:image:height\" content=\"181\" \/>\n\t<meta property=\"og:image:type\" content=\"image\/jpeg\" \/>\n<meta name=\"author\" content=\"admin\" \/>\n<meta name=\"twitter:card\" content=\"summary_large_image\" \/>\n<meta name=\"twitter:label1\" content=\"Escrito por\" \/>\n\t<meta name=\"twitter:data1\" content=\"admin\" \/>\n\t<meta name=\"twitter:label2\" content=\"Est. tempo de leitura\" \/>\n\t<meta name=\"twitter:data2\" content=\"5 minutos\" \/>\n<script type=\"application\/ld+json\" class=\"yoast-schema-graph\">{\"@context\":\"https:\/\/schema.org\",\"@graph\":[{\"@type\":\"WebSite\",\"@id\":\"https:\/\/franciscanos.org.br\/noticias\/#website\",\"url\":\"https:\/\/franciscanos.org.br\/noticias\/\",\"name\":\"Not\u00edcias - Franciscanos\",\"description\":\"Prov\u00edncia Franciscana da Imaculada Concei\u00e7\u00e3o do Brasil - Ordem dos Frades Menores - OFM\",\"potentialAction\":[{\"@type\":\"SearchAction\",\"target\":{\"@type\":\"EntryPoint\",\"urlTemplate\":\"https:\/\/franciscanos.org.br\/noticias\/?s={search_term_string}\"},\"query-input\":\"required name=search_term_string\"}],\"inLanguage\":\"pt-BR\"},{\"@type\":\"ImageObject\",\"inLanguage\":\"pt-BR\",\"@id\":\"https:\/\/franciscanos.org.br\/noticias\/cristianismo-e-lancado-em-sao-paulo-com-noite-de-autografos-na-livraria-cultura.html#primaryimage\",\"url\":\"https:\/\/franciscanos.org.br\/noticias\/wp-content\/uploads\/2011\/12\/boff_g101211.jpg\",\"contentUrl\":\"https:\/\/franciscanos.org.br\/noticias\/wp-content\/uploads\/2011\/12\/boff_g101211.jpg\",\"width\":273,\"height\":181},{\"@type\":\"WebPage\",\"@id\":\"https:\/\/franciscanos.org.br\/noticias\/cristianismo-e-lancado-em-sao-paulo-com-noite-de-autografos-na-livraria-cultura.html#webpage\",\"url\":\"https:\/\/franciscanos.org.br\/noticias\/cristianismo-e-lancado-em-sao-paulo-com-noite-de-autografos-na-livraria-cultura.html\",\"name\":\"\\\"Cristianismo\\\" \u00e9 lan\u00e7ado em S\u00e3o Paulo com noite de aut\u00f3grafos na Livraria Cultura - Not\u00edcias - Franciscanos\",\"isPartOf\":{\"@id\":\"https:\/\/franciscanos.org.br\/noticias\/#website\"},\"primaryImageOfPage\":{\"@id\":\"https:\/\/franciscanos.org.br\/noticias\/cristianismo-e-lancado-em-sao-paulo-com-noite-de-autografos-na-livraria-cultura.html#primaryimage\"},\"datePublished\":\"2011-12-10T18:34:35+00:00\",\"dateModified\":\"2019-09-13T15:18:20+00:00\",\"author\":{\"@id\":\"https:\/\/franciscanos.org.br\/noticias\/#\/schema\/person\/b38fbf43118f02820bd932f2e4b14ad3\"},\"breadcrumb\":{\"@id\":\"https:\/\/franciscanos.org.br\/noticias\/cristianismo-e-lancado-em-sao-paulo-com-noite-de-autografos-na-livraria-cultura.html#breadcrumb\"},\"inLanguage\":\"pt-BR\",\"potentialAction\":[{\"@type\":\"ReadAction\",\"target\":[\"https:\/\/franciscanos.org.br\/noticias\/cristianismo-e-lancado-em-sao-paulo-com-noite-de-autografos-na-livraria-cultura.html\"]}]},{\"@type\":\"BreadcrumbList\",\"@id\":\"https:\/\/franciscanos.org.br\/noticias\/cristianismo-e-lancado-em-sao-paulo-com-noite-de-autografos-na-livraria-cultura.html#breadcrumb\",\"itemListElement\":[{\"@type\":\"ListItem\",\"position\":1,\"name\":\"Home\",\"item\":\"https:\/\/franciscanos.org.br\/noticias\"},{\"@type\":\"ListItem\",\"position\":2,\"name\":\"&#8220;Cristianismo&#8221; \u00e9 lan\u00e7ado em S\u00e3o Paulo com noite de aut\u00f3grafos na Livraria Cultura\"}]},{\"@type\":\"Person\",\"@id\":\"https:\/\/franciscanos.org.br\/noticias\/#\/schema\/person\/b38fbf43118f02820bd932f2e4b14ad3\",\"name\":\"admin\",\"image\":{\"@type\":\"ImageObject\",\"inLanguage\":\"pt-BR\",\"@id\":\"https:\/\/franciscanos.org.br\/noticias\/#\/schema\/person\/image\/\",\"url\":\"https:\/\/secure.gravatar.com\/avatar\/e8495742d34d0ba6448ea1c628263b3e?s=96&d=mm&r=g\",\"contentUrl\":\"https:\/\/secure.gravatar.com\/avatar\/e8495742d34d0ba6448ea1c628263b3e?s=96&d=mm&r=g\",\"caption\":\"admin\"},\"url\":\"https:\/\/franciscanos.org.br\/noticias\/author\/admin\"}]}<\/script>\n<!-- \/ Yoast SEO plugin. -->","yoast_head_json":{"title":"\"Cristianismo\" \u00e9 lan\u00e7ado em S\u00e3o Paulo com noite de aut\u00f3grafos na Livraria Cultura - Not\u00edcias - Franciscanos","robots":{"index":"index","follow":"follow","max-snippet":"max-snippet:-1","max-image-preview":"max-image-preview:large","max-video-preview":"max-video-preview:-1"},"canonical":"https:\/\/franciscanos.org.br\/noticias\/cristianismo-e-lancado-em-sao-paulo-com-noite-de-autografos-na-livraria-cultura.html","og_locale":"pt_BR","og_type":"article","og_title":"\"Cristianismo\" \u00e9 lan\u00e7ado em S\u00e3o Paulo com noite de aut\u00f3grafos na Livraria Cultura - Not\u00edcias - Franciscanos","og_description":"Editora Vozes","og_url":"https:\/\/franciscanos.org.br\/noticias\/cristianismo-e-lancado-em-sao-paulo-com-noite-de-autografos-na-livraria-cultura.html","og_site_name":"Not\u00edcias - Franciscanos","article_published_time":"2011-12-10T18:34:35+00:00","article_modified_time":"2019-09-13T15:18:20+00:00","og_image":[{"width":273,"height":181,"url":"https:\/\/franciscanos.org.br\/noticias\/wp-content\/uploads\/2011\/12\/boff_g101211.jpg","type":"image\/jpeg"}],"author":"admin","twitter_card":"summary_large_image","twitter_misc":{"Escrito por":"admin","Est. tempo de leitura":"5 minutos"},"schema":{"@context":"https:\/\/schema.org","@graph":[{"@type":"WebSite","@id":"https:\/\/franciscanos.org.br\/noticias\/#website","url":"https:\/\/franciscanos.org.br\/noticias\/","name":"Not\u00edcias - Franciscanos","description":"Prov\u00edncia Franciscana da Imaculada Concei\u00e7\u00e3o do Brasil - Ordem dos Frades Menores - OFM","potentialAction":[{"@type":"SearchAction","target":{"@type":"EntryPoint","urlTemplate":"https:\/\/franciscanos.org.br\/noticias\/?s={search_term_string}"},"query-input":"required name=search_term_string"}],"inLanguage":"pt-BR"},{"@type":"ImageObject","inLanguage":"pt-BR","@id":"https:\/\/franciscanos.org.br\/noticias\/cristianismo-e-lancado-em-sao-paulo-com-noite-de-autografos-na-livraria-cultura.html#primaryimage","url":"https:\/\/franciscanos.org.br\/noticias\/wp-content\/uploads\/2011\/12\/boff_g101211.jpg","contentUrl":"https:\/\/franciscanos.org.br\/noticias\/wp-content\/uploads\/2011\/12\/boff_g101211.jpg","width":273,"height":181},{"@type":"WebPage","@id":"https:\/\/franciscanos.org.br\/noticias\/cristianismo-e-lancado-em-sao-paulo-com-noite-de-autografos-na-livraria-cultura.html#webpage","url":"https:\/\/franciscanos.org.br\/noticias\/cristianismo-e-lancado-em-sao-paulo-com-noite-de-autografos-na-livraria-cultura.html","name":"\"Cristianismo\" \u00e9 lan\u00e7ado em S\u00e3o Paulo com noite de aut\u00f3grafos na Livraria Cultura - Not\u00edcias - Franciscanos","isPartOf":{"@id":"https:\/\/franciscanos.org.br\/noticias\/#website"},"primaryImageOfPage":{"@id":"https:\/\/franciscanos.org.br\/noticias\/cristianismo-e-lancado-em-sao-paulo-com-noite-de-autografos-na-livraria-cultura.html#primaryimage"},"datePublished":"2011-12-10T18:34:35+00:00","dateModified":"2019-09-13T15:18:20+00:00","author":{"@id":"https:\/\/franciscanos.org.br\/noticias\/#\/schema\/person\/b38fbf43118f02820bd932f2e4b14ad3"},"breadcrumb":{"@id":"https:\/\/franciscanos.org.br\/noticias\/cristianismo-e-lancado-em-sao-paulo-com-noite-de-autografos-na-livraria-cultura.html#breadcrumb"},"inLanguage":"pt-BR","potentialAction":[{"@type":"ReadAction","target":["https:\/\/franciscanos.org.br\/noticias\/cristianismo-e-lancado-em-sao-paulo-com-noite-de-autografos-na-livraria-cultura.html"]}]},{"@type":"BreadcrumbList","@id":"https:\/\/franciscanos.org.br\/noticias\/cristianismo-e-lancado-em-sao-paulo-com-noite-de-autografos-na-livraria-cultura.html#breadcrumb","itemListElement":[{"@type":"ListItem","position":1,"name":"Home","item":"https:\/\/franciscanos.org.br\/noticias"},{"@type":"ListItem","position":2,"name":"&#8220;Cristianismo&#8221; \u00e9 lan\u00e7ado em S\u00e3o Paulo com noite de aut\u00f3grafos na Livraria Cultura"}]},{"@type":"Person","@id":"https:\/\/franciscanos.org.br\/noticias\/#\/schema\/person\/b38fbf43118f02820bd932f2e4b14ad3","name":"admin","image":{"@type":"ImageObject","inLanguage":"pt-BR","@id":"https:\/\/franciscanos.org.br\/noticias\/#\/schema\/person\/image\/","url":"https:\/\/secure.gravatar.com\/avatar\/e8495742d34d0ba6448ea1c628263b3e?s=96&d=mm&r=g","contentUrl":"https:\/\/secure.gravatar.com\/avatar\/e8495742d34d0ba6448ea1c628263b3e?s=96&d=mm&r=g","caption":"admin"},"url":"https:\/\/franciscanos.org.br\/noticias\/author\/admin"}]}},"_links":{"self":[{"href":"https:\/\/franciscanos.org.br\/noticias\/wp-json\/wp\/v2\/posts\/8801"}],"collection":[{"href":"https:\/\/franciscanos.org.br\/noticias\/wp-json\/wp\/v2\/posts"}],"about":[{"href":"https:\/\/franciscanos.org.br\/noticias\/wp-json\/wp\/v2\/types\/post"}],"author":[{"embeddable":true,"href":"https:\/\/franciscanos.org.br\/noticias\/wp-json\/wp\/v2\/users\/1"}],"replies":[{"embeddable":true,"href":"https:\/\/franciscanos.org.br\/noticias\/wp-json\/wp\/v2\/comments?post=8801"}],"version-history":[{"count":0,"href":"https:\/\/franciscanos.org.br\/noticias\/wp-json\/wp\/v2\/posts\/8801\/revisions"}],"wp:featuredmedia":[{"embeddable":true,"href":"https:\/\/franciscanos.org.br\/noticias\/wp-json\/wp\/v2\/media\/210814"}],"wp:attachment":[{"href":"https:\/\/franciscanos.org.br\/noticias\/wp-json\/wp\/v2\/media?parent=8801"}],"wp:term":[{"taxonomy":"category","embeddable":true,"href":"https:\/\/franciscanos.org.br\/noticias\/wp-json\/wp\/v2\/categories?post=8801"},{"taxonomy":"post_tag","embeddable":true,"href":"https:\/\/franciscanos.org.br\/noticias\/wp-json\/wp\/v2\/tags?post=8801"}],"curies":[{"name":"wp","href":"https:\/\/api.w.org\/{rel}","templated":true}]}}