{"id":87976,"date":"2015-06-10T09:12:40","date_gmt":"2015-06-10T12:12:40","guid":{"rendered":"http:\/\/franciscanos.org.br\/?p=87976"},"modified":"2019-12-09T09:51:25","modified_gmt":"2019-12-09T12:51:25","slug":"falece-frei-nilton-steckert-aos-64-anos","status":"publish","type":"post","link":"https:\/\/franciscanos.org.br\/noticias\/falece-frei-nilton-steckert-aos-64-anos.html","title":{"rendered":"Aos 64 anos, falece Frei Nilton Steckert em Ituporanga"},"content":{"rendered":"<p><a href=\"http:\/\/franciscanos.org.br\/wp-content\/uploads\/2015\/06\/nilton_10.jpg\"><img loading=\"lazy\" class=\"alignright wp-image-87984\" src=\"http:\/\/franciscanos.org.br\/wp-content\/uploads\/2015\/06\/nilton_10.jpg\" alt=\"nilton_10\" width=\"444\" height=\"432\" \/><\/a>Faleceu \u00e0s 4h10, desta quarta-feira, 10 de junho, Frei Nilton W. Steckert, no Hospital Senhor Bom Jesus, de Ituporanga, onde estava internado deste o dia 7 de junho. As causas da morte apontadas pelo m\u00e9dico s\u00e3o: septicemia, choque s\u00e9ptico, enfisema pulmonar, broncopneumonia e diabetes. O vel\u00f3rio ser\u00e1 realizado na Igreja Matriz Santo Est\u00eav\u00e3o, em Ituporanga, a partir das 9h00. A missa das ex\u00e9quias ser\u00e1 amanh\u00e3, quinta-feira, 11 de junho, \u00e0s 9h00.<\/p>\n<h3><strong>Santistas lamentam o falecimento de Frei Nilton<\/strong><\/h3>\n<p>Os paroquianos do Santu\u00e1rio do Valongo, onde Frei Nilton residiu de 2010 at\u00e9 2012, sentiram muito o falecimento deste frade. Alguns ainda perguntavam na secretaria quando o frade voltaria para Santos.<\/p>\n<p>&#8220;A passagem dele aqui foi marcante, especialmente pela sua dedica\u00e7\u00e3o e o jeito carinhoso com que atendia as pessoas, a ponto de fazerem filas e marcar hor\u00e1rios. Era uma marca pessoal dele, pois ele fazia imposi\u00e7\u00e3o das m\u00e3os e as pessoas davam testemunho que se sentiam muito bem. Como confrade, ele n\u00e3o era de muita conversa. Era bastante reservado, gostava muito de fazer suas leituras e estudos no quarto. Um defeito dele \u00e9 que\u00a0n\u00e3o\u00a0se importava muito com sua sa\u00fade, o que sempre preocupava quem o acompanhava&#8221;, revelou Frei Andr\u00e9 Becker, reitor do Santu\u00e1rio do Valongo e que conviveu com ele durante a sua passagem por esta Fraternidade.<\/p>\n<p>&#8220;Ele era assim mesmo, muito querido pelas pessoas. Para ele, o povo tinha prefer\u00eancia e n\u00e3o media esfor\u00e7os para atender bem seus paroquianos. Ele esquecia dele para atender as pessoas, essa \u00e9 a verdade. \u00c0s vezes, a gente via ele muito sobrecarregado, mas mesmo assim ele ia at\u00e9 o fim. Aqui, posso dizer com certeza, ele faz muita falta. Quando ele ficou doente &#8211; os frades estavam em reuni\u00e3o fora de Santos &#8211; e eu o levei para o hospital. Quando chegamos na Unimed, todo mundo sabia quem era o Frei Nilton.\u00a0Nunca esque\u00e7o o dia que cheguei me sentindo mal e ele me chamou para um canto e disse: &#8220;vai cuidar de sua press\u00e3o. E era isso mesmo!&#8221;. A verdade \u00e9 que ele gostava de cuidar das pessoas, mas ele n\u00e3o se cuidava, infelizmente&#8221;, disse Valdelice dos Santos Silva.<\/p>\n<table border=\"0\" width=\"450\" cellspacing=\"3\" cellpadding=\"3\" align=\"right\">\n<tbody>\n<tr>\n<td bgcolor=\"#CCCCCC\">\n<h3><strong><span style=\"color: #993300;\">\u00a0DADOS PESSOAIS E FORMA\u00c7\u00c3O<\/span><\/strong><\/h3>\n<p style=\"padding-left: 30px;\"><strong>Nascimento<\/strong> \u2013 09.03.1951 (64 anos de idade)<br \/>\n<strong>Natural de Forquilhinha, SC<\/strong><br \/>\n<strong>20.01.1981<\/strong> \u2013 Admiss\u00e3o ao Noviciado, em Rodeio, SC<br \/>\n<strong>20.01.1982<\/strong> \u2013 Primeira Profiss\u00e3o, em Rodeio, SC. (33 anos de Vida Franciscana)<br \/>\n<strong>02.08.1985<\/strong> \u2013 Profiss\u00e3o Solene<br \/>\n<strong>13.12.1986<\/strong> \u2013 Ordena\u00e7\u00e3o Diaconal<br \/>\n<strong>31.12.1987<\/strong> \u2013 Ordena\u00e7\u00e3o Presbiteral; (27 anos de Sacerd\u00f3cio)<br \/>\n<strong>13.12.1987<\/strong> \u2013 Guaratinguet\u00e1 (Sevoa), est\u00e1gio pastoral<br \/>\n<strong>21.01.1989<\/strong> \u2013 Canoinhas \u2013 vig\u00e1rio da casa e vig\u00e1rio paroquial<br \/>\n<strong>06.12.1990<\/strong> \u2013 Blumenau \u2013 vig\u00e1rio paroquial<br \/>\n<strong>18.01.1992<\/strong> \u2013 Angelina \u2013 guardi\u00e3o e p\u00e1roco<br \/>\n<strong>29.11.1997<\/strong> \u2013 Conc\u00f3rdia \u2013 vig\u00e1rio paroquial; ec\u00f4nomo da fraternidade <strong>(2001)<\/strong>; assistente da Fraternidade OFS <strong>(2002)<\/strong><br \/>\n<strong>07.11.2003<\/strong> \u2013 Forquilhinha \u2013 coordenador da Fraternidade e p\u00e1roco<br \/>\n<strong>11.04.2005<\/strong> \u2013 Secret\u00e1rio do Secretariado da Evangeliza\u00e7\u00e3o (at\u00e9 o Cap\u00edtulo de 2006)<br \/>\n<strong>17.12.2009<\/strong> \u2013 Petr\u00f3polis \u2013 Sagrado \u2013 atendente conventual e curso Master de Evangeliza\u00e7\u00e3o<br \/>\n<strong>08.07.2010<\/strong> \u2013 Santos \u2013 vig\u00e1rio paroquial<br \/>\n<strong>12.12.2012<\/strong> \u2013 Ituporanga \u2013 vig\u00e1rio paroquial<\/p>\n<\/td>\n<\/tr>\n<\/tbody>\n<\/table>\n<p>Para Rosa Maria Ribeiro da Silva, Frei Nilton deixou saudades desde que foi transferido do Valongo para Ituporanga (SC). &#8220;E agora para um lar definitivo no c\u00e9u. Enquanto esteve aqui, foi sempre muito querido e<br \/>\nprocurado para atendimento de confiss\u00f5es e aconselhamentos. Queria salvar n\u00e3o s\u00f3 vidas, mas almas. Deixar\u00e1 saudades, pois se doou pelo povo de Deus&#8221;.<\/p>\n<p>Para Patr\u00edcia de Souza Soares, que trabalha na secretaria do Santu\u00e1rio, ele foi um frade &#8220;muito zeloso e humano&#8221;.<\/p>\n<p>&#8220;Era um irm\u00e3o e um grande amigo&#8221;, assim definiu Frei Nilton o portugu\u00eas Adriano Lob\u00e3o. &#8220;Eu o conheci logo que chegou aqui, quando um dia eu me confessei com ele e pedi-lhe um conselho. Foi ent\u00e3o que percebi que ele tinha uma vis\u00e3o muito grande do ser humano. Eu o convidei para almo\u00e7ar em casa e, desde ent\u00e3o, ele se tornou da fam\u00edlia&#8221;, disse o sr. Adriano, revelando que o frade gostava de cozinhar, especialmente de preparar um bom peixe.<\/p>\n<p>Adriano estava esperando ele tirar f\u00e9rias para voltar a Santos. &#8220;Sempre troc\u00e1vamos mensagens com ele, mas depois que sua m\u00e3e faleceu, ficou mais dif\u00edcil falar com ele&#8221;, disse, lamentando sua morte. &#8220;Ele era um pastor verdadeiro. Al\u00e9m disso, tinha um cora\u00e7\u00e3o maior do que seu f\u00edsico. Acho que precisamos de bons pastores como ele, que se doam, como o Papa Francisco disse &#8216;pastores com cheiro de ovelhas'&#8221;, acredita Adriano, que \u00e9 vicentino e est\u00e1 de viagem marcada para Portugal. &#8220;Vou passear, minha terra \u00e9 aqui, onde criei ra\u00edzes&#8221;.<\/p>\n<p>No facebook, onde tinha uma p\u00e1gina s\u00e3o muitas as mensagens de carinho ao frade:<\/p>\n<p>&#8220;Hoje, o dia amanheceu mais triste com a not\u00edcia do falecimento de Frei Nilton Steckert. Nessas horas n\u00e3o sabemos o que pensar, o que falar, obrigada Frei Nilton Frei Steckert pela sua amizade e suas b\u00ean\u00e7\u00e3os, descanse em paz! Paz e Bem! saudades!&#8221;, escreveu lda Gilbram.<\/p>\n<p>&#8220;Meu querido Frei Nilton Steckert, nunca vou lhe esquecer. Sua bondade e fraternidade ficar\u00e3o marcadas em meu cora\u00e7\u00e3o para sempre. Paz e Bem!&#8221;, escreveu Cleide Vannucci.<\/p>\n<h3><strong>Frade menor<\/strong><\/h3>\n<p>Frei Nilton vem de fam\u00edlia luterana. O pai faleceu com 22 anos. A m\u00e3e e os 4 filhos tornaram-se ent\u00e3o cat\u00f3licos. J\u00e1 tinha mais de 20 anos quando iniciou os estudos em Agudos. Seu hobby preferido era pescar. No seu minist\u00e9rio sacerdotal, Frei Nilton tinha grande zelo pastoral e atendia com cuidado as pessoas. Conheci-o quando ainda seminarista. Por ter mais idade, o v\u00edamos como um irm\u00e3o mais velho.<br \/>\nQue o Senhor de miseric\u00f3rdia acolha entre seus eleitos o bondoso Frei Nilton.<\/p>\n<p>R.I.P<\/p>\n<p><strong>Frei Walter de Carvalho J\u00fanior<\/strong><\/p>\n","protected":false},"excerpt":{"rendered":"<p>Falecimento<\/p>\n","protected":false},"author":1,"featured_media":214798,"comment_status":"open","ping_status":"open","sticky":false,"template":"","format":"standard","meta":[],"categories":[1],"tags":[],"acf":[],"yoast_head":"<!-- This site is optimized with the Yoast SEO plugin v19.2 - https:\/\/yoast.com\/wordpress\/plugins\/seo\/ -->\n<title>Aos 64 anos, falece Frei Nilton Steckert em Ituporanga - Not\u00edcias - Franciscanos<\/title>\n<meta name=\"robots\" content=\"index, follow, max-snippet:-1, max-image-preview:large, max-video-preview:-1\" \/>\n<link rel=\"canonical\" href=\"https:\/\/franciscanos.org.br\/noticias\/falece-frei-nilton-steckert-aos-64-anos.html\" \/>\n<meta property=\"og:locale\" content=\"pt_BR\" \/>\n<meta property=\"og:type\" content=\"article\" \/>\n<meta property=\"og:title\" content=\"Aos 64 anos, falece Frei Nilton Steckert em Ituporanga - Not\u00edcias - Franciscanos\" \/>\n<meta property=\"og:description\" content=\"Falecimento\" \/>\n<meta property=\"og:url\" content=\"https:\/\/franciscanos.org.br\/noticias\/falece-frei-nilton-steckert-aos-64-anos.html\" \/>\n<meta property=\"og:site_name\" content=\"Not\u00edcias - Franciscanos\" \/>\n<meta property=\"article:published_time\" content=\"2015-06-10T12:12:40+00:00\" \/>\n<meta property=\"article:modified_time\" content=\"2019-12-09T12:51:25+00:00\" \/>\n<meta property=\"og:image\" content=\"https:\/\/franciscanos.org.br\/noticias\/wp-content\/uploads\/2015\/06\/nilton_10.jpg\" \/>\n\t<meta property=\"og:image:width\" content=\"273\" \/>\n\t<meta property=\"og:image:height\" content=\"181\" \/>\n\t<meta property=\"og:image:type\" content=\"image\/jpeg\" \/>\n<meta name=\"author\" content=\"admin\" \/>\n<meta name=\"twitter:card\" content=\"summary_large_image\" \/>\n<meta name=\"twitter:label1\" content=\"Escrito por\" \/>\n\t<meta name=\"twitter:data1\" content=\"admin\" \/>\n\t<meta name=\"twitter:label2\" content=\"Est. tempo de leitura\" \/>\n\t<meta name=\"twitter:data2\" content=\"5 minutos\" \/>\n<script type=\"application\/ld+json\" class=\"yoast-schema-graph\">{\"@context\":\"https:\/\/schema.org\",\"@graph\":[{\"@type\":\"WebSite\",\"@id\":\"https:\/\/franciscanos.org.br\/noticias\/#website\",\"url\":\"https:\/\/franciscanos.org.br\/noticias\/\",\"name\":\"Not\u00edcias - Franciscanos\",\"description\":\"Prov\u00edncia Franciscana da Imaculada Concei\u00e7\u00e3o do Brasil - Ordem dos Frades Menores - OFM\",\"potentialAction\":[{\"@type\":\"SearchAction\",\"target\":{\"@type\":\"EntryPoint\",\"urlTemplate\":\"https:\/\/franciscanos.org.br\/noticias\/?s={search_term_string}\"},\"query-input\":\"required name=search_term_string\"}],\"inLanguage\":\"pt-BR\"},{\"@type\":\"ImageObject\",\"inLanguage\":\"pt-BR\",\"@id\":\"https:\/\/franciscanos.org.br\/noticias\/falece-frei-nilton-steckert-aos-64-anos.html#primaryimage\",\"url\":\"https:\/\/franciscanos.org.br\/noticias\/wp-content\/uploads\/2015\/06\/nilton_10.jpg\",\"contentUrl\":\"https:\/\/franciscanos.org.br\/noticias\/wp-content\/uploads\/2015\/06\/nilton_10.jpg\",\"width\":273,\"height\":181},{\"@type\":\"WebPage\",\"@id\":\"https:\/\/franciscanos.org.br\/noticias\/falece-frei-nilton-steckert-aos-64-anos.html#webpage\",\"url\":\"https:\/\/franciscanos.org.br\/noticias\/falece-frei-nilton-steckert-aos-64-anos.html\",\"name\":\"Aos 64 anos, falece Frei Nilton Steckert em Ituporanga - Not\u00edcias - Franciscanos\",\"isPartOf\":{\"@id\":\"https:\/\/franciscanos.org.br\/noticias\/#website\"},\"primaryImageOfPage\":{\"@id\":\"https:\/\/franciscanos.org.br\/noticias\/falece-frei-nilton-steckert-aos-64-anos.html#primaryimage\"},\"datePublished\":\"2015-06-10T12:12:40+00:00\",\"dateModified\":\"2019-12-09T12:51:25+00:00\",\"author\":{\"@id\":\"https:\/\/franciscanos.org.br\/noticias\/#\/schema\/person\/b38fbf43118f02820bd932f2e4b14ad3\"},\"breadcrumb\":{\"@id\":\"https:\/\/franciscanos.org.br\/noticias\/falece-frei-nilton-steckert-aos-64-anos.html#breadcrumb\"},\"inLanguage\":\"pt-BR\",\"potentialAction\":[{\"@type\":\"ReadAction\",\"target\":[\"https:\/\/franciscanos.org.br\/noticias\/falece-frei-nilton-steckert-aos-64-anos.html\"]}]},{\"@type\":\"BreadcrumbList\",\"@id\":\"https:\/\/franciscanos.org.br\/noticias\/falece-frei-nilton-steckert-aos-64-anos.html#breadcrumb\",\"itemListElement\":[{\"@type\":\"ListItem\",\"position\":1,\"name\":\"Home\",\"item\":\"https:\/\/franciscanos.org.br\/noticias\"},{\"@type\":\"ListItem\",\"position\":2,\"name\":\"Aos 64 anos, falece Frei Nilton Steckert em Ituporanga\"}]},{\"@type\":\"Person\",\"@id\":\"https:\/\/franciscanos.org.br\/noticias\/#\/schema\/person\/b38fbf43118f02820bd932f2e4b14ad3\",\"name\":\"admin\",\"image\":{\"@type\":\"ImageObject\",\"inLanguage\":\"pt-BR\",\"@id\":\"https:\/\/franciscanos.org.br\/noticias\/#\/schema\/person\/image\/\",\"url\":\"https:\/\/secure.gravatar.com\/avatar\/e8495742d34d0ba6448ea1c628263b3e?s=96&d=mm&r=g\",\"contentUrl\":\"https:\/\/secure.gravatar.com\/avatar\/e8495742d34d0ba6448ea1c628263b3e?s=96&d=mm&r=g\",\"caption\":\"admin\"},\"url\":\"https:\/\/franciscanos.org.br\/noticias\/author\/admin\"}]}<\/script>\n<!-- \/ Yoast SEO plugin. -->","yoast_head_json":{"title":"Aos 64 anos, falece Frei Nilton Steckert em Ituporanga - Not\u00edcias - Franciscanos","robots":{"index":"index","follow":"follow","max-snippet":"max-snippet:-1","max-image-preview":"max-image-preview:large","max-video-preview":"max-video-preview:-1"},"canonical":"https:\/\/franciscanos.org.br\/noticias\/falece-frei-nilton-steckert-aos-64-anos.html","og_locale":"pt_BR","og_type":"article","og_title":"Aos 64 anos, falece Frei Nilton Steckert em Ituporanga - Not\u00edcias - Franciscanos","og_description":"Falecimento","og_url":"https:\/\/franciscanos.org.br\/noticias\/falece-frei-nilton-steckert-aos-64-anos.html","og_site_name":"Not\u00edcias - Franciscanos","article_published_time":"2015-06-10T12:12:40+00:00","article_modified_time":"2019-12-09T12:51:25+00:00","og_image":[{"width":273,"height":181,"url":"https:\/\/franciscanos.org.br\/noticias\/wp-content\/uploads\/2015\/06\/nilton_10.jpg","type":"image\/jpeg"}],"author":"admin","twitter_card":"summary_large_image","twitter_misc":{"Escrito por":"admin","Est. tempo de leitura":"5 minutos"},"schema":{"@context":"https:\/\/schema.org","@graph":[{"@type":"WebSite","@id":"https:\/\/franciscanos.org.br\/noticias\/#website","url":"https:\/\/franciscanos.org.br\/noticias\/","name":"Not\u00edcias - Franciscanos","description":"Prov\u00edncia Franciscana da Imaculada Concei\u00e7\u00e3o do Brasil - Ordem dos Frades Menores - OFM","potentialAction":[{"@type":"SearchAction","target":{"@type":"EntryPoint","urlTemplate":"https:\/\/franciscanos.org.br\/noticias\/?s={search_term_string}"},"query-input":"required name=search_term_string"}],"inLanguage":"pt-BR"},{"@type":"ImageObject","inLanguage":"pt-BR","@id":"https:\/\/franciscanos.org.br\/noticias\/falece-frei-nilton-steckert-aos-64-anos.html#primaryimage","url":"https:\/\/franciscanos.org.br\/noticias\/wp-content\/uploads\/2015\/06\/nilton_10.jpg","contentUrl":"https:\/\/franciscanos.org.br\/noticias\/wp-content\/uploads\/2015\/06\/nilton_10.jpg","width":273,"height":181},{"@type":"WebPage","@id":"https:\/\/franciscanos.org.br\/noticias\/falece-frei-nilton-steckert-aos-64-anos.html#webpage","url":"https:\/\/franciscanos.org.br\/noticias\/falece-frei-nilton-steckert-aos-64-anos.html","name":"Aos 64 anos, falece Frei Nilton Steckert em Ituporanga - Not\u00edcias - Franciscanos","isPartOf":{"@id":"https:\/\/franciscanos.org.br\/noticias\/#website"},"primaryImageOfPage":{"@id":"https:\/\/franciscanos.org.br\/noticias\/falece-frei-nilton-steckert-aos-64-anos.html#primaryimage"},"datePublished":"2015-06-10T12:12:40+00:00","dateModified":"2019-12-09T12:51:25+00:00","author":{"@id":"https:\/\/franciscanos.org.br\/noticias\/#\/schema\/person\/b38fbf43118f02820bd932f2e4b14ad3"},"breadcrumb":{"@id":"https:\/\/franciscanos.org.br\/noticias\/falece-frei-nilton-steckert-aos-64-anos.html#breadcrumb"},"inLanguage":"pt-BR","potentialAction":[{"@type":"ReadAction","target":["https:\/\/franciscanos.org.br\/noticias\/falece-frei-nilton-steckert-aos-64-anos.html"]}]},{"@type":"BreadcrumbList","@id":"https:\/\/franciscanos.org.br\/noticias\/falece-frei-nilton-steckert-aos-64-anos.html#breadcrumb","itemListElement":[{"@type":"ListItem","position":1,"name":"Home","item":"https:\/\/franciscanos.org.br\/noticias"},{"@type":"ListItem","position":2,"name":"Aos 64 anos, falece Frei Nilton Steckert em Ituporanga"}]},{"@type":"Person","@id":"https:\/\/franciscanos.org.br\/noticias\/#\/schema\/person\/b38fbf43118f02820bd932f2e4b14ad3","name":"admin","image":{"@type":"ImageObject","inLanguage":"pt-BR","@id":"https:\/\/franciscanos.org.br\/noticias\/#\/schema\/person\/image\/","url":"https:\/\/secure.gravatar.com\/avatar\/e8495742d34d0ba6448ea1c628263b3e?s=96&d=mm&r=g","contentUrl":"https:\/\/secure.gravatar.com\/avatar\/e8495742d34d0ba6448ea1c628263b3e?s=96&d=mm&r=g","caption":"admin"},"url":"https:\/\/franciscanos.org.br\/noticias\/author\/admin"}]}},"_links":{"self":[{"href":"https:\/\/franciscanos.org.br\/noticias\/wp-json\/wp\/v2\/posts\/87976"}],"collection":[{"href":"https:\/\/franciscanos.org.br\/noticias\/wp-json\/wp\/v2\/posts"}],"about":[{"href":"https:\/\/franciscanos.org.br\/noticias\/wp-json\/wp\/v2\/types\/post"}],"author":[{"embeddable":true,"href":"https:\/\/franciscanos.org.br\/noticias\/wp-json\/wp\/v2\/users\/1"}],"replies":[{"embeddable":true,"href":"https:\/\/franciscanos.org.br\/noticias\/wp-json\/wp\/v2\/comments?post=87976"}],"version-history":[{"count":0,"href":"https:\/\/franciscanos.org.br\/noticias\/wp-json\/wp\/v2\/posts\/87976\/revisions"}],"wp:featuredmedia":[{"embeddable":true,"href":"https:\/\/franciscanos.org.br\/noticias\/wp-json\/wp\/v2\/media\/214798"}],"wp:attachment":[{"href":"https:\/\/franciscanos.org.br\/noticias\/wp-json\/wp\/v2\/media?parent=87976"}],"wp:term":[{"taxonomy":"category","embeddable":true,"href":"https:\/\/franciscanos.org.br\/noticias\/wp-json\/wp\/v2\/categories?post=87976"},{"taxonomy":"post_tag","embeddable":true,"href":"https:\/\/franciscanos.org.br\/noticias\/wp-json\/wp\/v2\/tags?post=87976"}],"curies":[{"name":"wp","href":"https:\/\/api.w.org\/{rel}","templated":true}]}}