{"id":87861,"date":"2015-06-09T10:11:09","date_gmt":"2015-06-09T13:11:09","guid":{"rendered":"http:\/\/franciscanos.org.br\/?p=87861"},"modified":"2019-01-24T10:57:25","modified_gmt":"2019-01-24T12:57:25","slug":"lancamento-da-semana","status":"publish","type":"post","link":"https:\/\/franciscanos.org.br\/noticias\/lancamento-da-semana.html","title":{"rendered":"Lan\u00e7amentos da semana"},"content":{"rendered":"<h3><strong><a href=\"http:\/\/franciscanos.org.br\/wp-content\/uploads\/2015\/06\/buscando-deus.jpg\"><img loading=\"lazy\" class=\"alignleft size-full wp-image-87867\" src=\"http:\/\/franciscanos.org.br\/wp-content\/uploads\/2015\/06\/buscando-deus.jpg\" alt=\"buscando-deus\" width=\"200\" height=\"343\" \/><\/a>Buscando Deus em momentos dif\u00edceis<\/strong><\/h3>\n<p><strong>Ora\u00e7\u00f5es para confortar o cora\u00e7\u00e3o e fortalecer a alma<br \/>\n<\/strong><strong>Joan Guntzelman<\/strong><\/p>\n<p>Este \u00e9 um livro maravilhoso para aqueles que estejam enfrentando qualquer tipo de dificuldade na vida. Respeitoso, por\u00e9m instigante, apresenta a sabedoria fundamental de que podemos, se assim optarmos, n\u00e3o apenas sobreviver ao sofrimento, mas de fato us\u00e1-lo para crescer em amor, compaix\u00e3o e generosidade. \u00a0Ao abrirmos o nosso cora\u00e7\u00e3o e mente para Deus, ele nos confortar\u00e1 e sustentar\u00e1 nos momentos dif\u00edceis da vida.<\/p>\n<p><em>Buscando Deus em momentos dif\u00edceis \u2013 ora\u00e7\u00f5es para confortar o cora\u00e7\u00e3o e fortalecer o esp\u00edrito<\/em> traz cem reflex\u00f5es para ajudar aqueles que gostariam de buscar uma conex\u00e3o com Deus. Cada reflex\u00e3o come\u00e7a com um ou dois vers\u00edculos da B\u00edblia, apresenta uma pequena medita\u00e7\u00e3o e finaliza com uma ora\u00e7\u00e3o. O objetivo da ora\u00e7\u00e3o \u00e9 estimular uma conversa particular do leitor com o Senhor. Ao decidir, nos aquietar e entrar na presen\u00e7a de Deus somos capazes de encontrar a for\u00e7a e a coragem de que precisamos para enfrentar as nossas prova\u00e7\u00f5es.<\/p>\n<p style=\"padding-left: 30px;\"><strong>Joan Guntzelman<\/strong><em> \u00e9 escritora e conferencista, e j\u00e1 realizou v\u00e1rias oficinas sobre cuidados m\u00e9dicos, luto e intera\u00e7\u00e3o humana. Enfermeira com doutorado em psicologia de aconselhamento, Joan trabalha como orientadora do Centro de C\u00e2ncer da Universidade de New Mexico. Nos \u00faltimos dez anos ela atuou tamb\u00e9m como diretora do centro de Ring Lake Ranch em Wyoming. \u00c9 autora tamb\u00e9m de Vencendo o estresse \u2013 ora\u00e7\u00f5es para acalmar e fortalecer o esp\u00edrito.<\/em><\/p>\n<p><strong>N\u00ba DE P\u00c1GINAS:\u00a0120<\/strong><\/p>\n<p>&nbsp;<\/p>\n<h3><strong><a href=\"http:\/\/franciscanos.org.br\/wp-content\/uploads\/2015\/06\/iniciacao.jpg\"><img loading=\"lazy\" class=\"alignleft size-full wp-image-87868\" src=\"http:\/\/franciscanos.org.br\/wp-content\/uploads\/2015\/06\/iniciacao.jpg\" alt=\"iniciacao\" width=\"200\" height=\"309\" \/><\/a>Inicia\u00e7\u00e3o \u00e0 atividade intelectual e motora pelos jogos educativos<\/strong><\/h3>\n<p><strong>Dr. Ovide Decroly e Srta. Eug\u00e9nie Monchamp<\/strong><\/p>\n<p>Os jogos apresentados nesta obra s\u00e3o, na sua maioria, exemplos de modelos suscet\u00edveis para guiar os educadores desejosos de constituir ferramentas para uso pessoal. Eles s\u00e3o o fruto de uma experi\u00eancia de mais de trinta anos com crian\u00e7as com e sem defici\u00eancias de diversas categorias. Concebidos em um intuito psicol\u00f3gico, baseados nas no\u00e7\u00f5es adquiridas no que diz respeito ao papel do instinto l\u00fadico no desenvolvimento da crian\u00e7a, eles t\u00eam sido validados pela pr\u00e1tica. O seu valor confirmou-se por terem sido usados nos jardins de inf\u00e2ncia, nas classes prim\u00e1rias de crian\u00e7as com e sem atraso mental, em v\u00e1rios pa\u00edses.<\/p>\n<p>Esta obra, voltada para educadores de crian\u00e7as pequenas e com defici\u00eancia em algum grau, foi elaborada visando atender \u00e0s seguintes caracter\u00edsticas mentais dos alunos: Energia vital e\/ou a for\u00e7a da aten\u00e7\u00e3o; Afetividade; Aspecto sens\u00f3rio-moto; Aspecto intelectual; Mem\u00f3ria; Linguagem e Atividades da conduta e do car\u00e1ter. Os exerc\u00edcios aqui apresentados, para uso dos profissionais, constituem um m\u00e9todo v\u00e1lido para auxiliar no processo educativo.<\/p>\n<p style=\"padding-left: 30px;\"><strong>Jean-Ovide Decroly<em>, <\/em><\/strong><em>\u00a0m\u00e9dico, psic\u00f3logo, professor e pedagogo nascido em Renaix, na B\u00e9lgica,<\/em><em> foi um dos precursores dos m\u00e9todos ativos, fundamentados na possibilidade de o aluno conduzir o pr\u00f3prio aprendizado e, assim, aprender a aprender. Criou uma Institui\u00e7\u00e3o para o cuidado de deficientes mentais chamada \u201cInstituto Decroly\u201d e fundou tamb\u00e9m\u00a0 \u201cl\u00b4Ecole de l\u201d em Bruxelas, com o lema \u201cUma escola para a vida e pela vida\u201d<\/em><\/p>\n<p style=\"padding-left: 30px;\"><strong>Eug\u00e9nie Monchamp <\/strong><em>foi uma das colaboradoras na \u00e1rdua tarefa cient\u00edfica e educativa de ensinar e observar a evolu\u00e7\u00e3o das crian\u00e7as com defici\u00eancias motoras e mentais, e ajudou Decroly a formular princ\u00edpios educativos que puderam ser aplicados mais tarde \u00e0s crian\u00e7as com alguma defici\u00eancia.<\/em><\/p>\n<p><strong>N\u00ba DE P\u00c1GINAS:\u00a0152<\/strong><\/p>\n<p>&nbsp;<\/p>\n<h3><strong><a href=\"http:\/\/franciscanos.org.br\/wp-content\/uploads\/2015\/06\/oqueeliteratura.jpg\"><img loading=\"lazy\" class=\"alignleft size-full wp-image-87869\" src=\"http:\/\/franciscanos.org.br\/wp-content\/uploads\/2015\/06\/oqueeliteratura.jpg\" alt=\"oqueeliteratura\" width=\"200\" height=\"331\" \/><\/a>Que \u00e9 a Literatura?<\/strong><\/h3>\n<p><strong>Jean- Paul Sartre<\/strong><\/p>\n<p>Em <em>Que \u00e9 a Literatura? <\/em>Jean- Paul Sartre se prop\u00f5e a refletir e fornecer elementos de resposta \u00e0s cr\u00edticas dirigidas por escritores contra o princ\u00edpio do engajamento proposto na Apresenta\u00e7\u00e3o da revista <em>Tempos Modernos.<\/em><\/p>\n<p>Autor estimado por seus ensaios liter\u00e1rios e filos\u00f3ficos, Sartre nunca deixou de ser um escritor engajado politicamente e sempre entendeu a literatura como estreitamente relacionada, c\u00famplice, testemunha ou cr\u00edtica da condi\u00e7\u00e3o humana em sociedade.<\/p>\n<p style=\"padding-left: 30px;\"><strong>Jean- Paul Sartre <\/strong><em>nasceu no dia 21 de junho de 1905 em Paris. Desde muito jovem critica os valores e as tradi\u00e7\u00f5es de sua classe social, a burguesia. Lecionou durante algum tempo no Liceu de Havre, seguindo depois sua forma\u00e7\u00e3o filos\u00f3fica no Institut Fran\u00e7ais de Berlim. Desde seus primeiros textos filos\u00f3ficos, aparece a originalidade de um pensamento existencialista. Sartre sempre foi muito preocupado em abordar os problemas de sua \u00e9poca, e manteve at\u00e9 o fim de sua vida uma intensa atividade pol\u00edtica. Ele morreu e Paris em 15 de abril de 1980.<\/em><\/p>\n<p><strong>N\u00ba DE P\u00c1GINAS:\u00a0256<\/strong><\/p>\n<p>&nbsp;<\/p>\n<h3><strong><a href=\"http:\/\/franciscanos.org.br\/wp-content\/uploads\/2015\/06\/sociedade.jpg\"><img loading=\"lazy\" class=\"alignleft size-full wp-image-87870\" src=\"http:\/\/franciscanos.org.br\/wp-content\/uploads\/2015\/06\/sociedade.jpg\" alt=\"sociedade\" width=\"200\" height=\"343\" \/><\/a>Sociedade do cansa\u00e7o<\/strong><\/h3>\n<p><strong>Byung-Chul Han<\/strong><\/p>\n<p>Byung-Chul Han, uma das vozes filos\u00f3ficas mais inovadoras da atualidade, descreve neste ensaio como o Ocidente est\u00e1 se tornando uma sociedade do cansa\u00e7o.<\/p>\n<p>Em trecho da obra o autor diz: \u201cO sujeito de desempenho est\u00e1 livre da inst\u00e2ncia externa de dom\u00ednio que o obriga a trabalhar ou que poderia explor\u00e1-lo. \u00c9 senhor e soberano de si mesmo. Assim, n\u00e3o est\u00e1 submisso a ningu\u00e9m ou est\u00e1 submisso apenas a si mesmo. \u00c9 nisso que ele se distingue do sujeito de obedi\u00eancia. A queda da inst\u00e2ncia dominadora n\u00e3o leva \u00e0 liberdade. Ao contr\u00e1rio, faz com que liberdade e coa\u00e7\u00e3o coincidam. Assim, o sujeito de desempenho se entrega \u00e0 <em>liberdade coercitiva<\/em> ou \u00e0 <em>livre coer\u00e7\u00e3o<\/em> de maximizar o desempenho. O excesso de trabalho e desempenho agudiza-se numa autoexplora\u00e7\u00e3o. Essa \u00e9 mais eficiente que uma explora\u00e7\u00e3o do outro, pois caminha de m\u00e3os dadas com o sentimento de liberdade. O explorador \u00e9 ao mesmo tempo o explorado. Agressor e v\u00edtima n\u00e3o podem mais ser distinguidos. Essa autorreferencialidade gera uma liberdade paradoxal que, em virtude das estruturas coercitivas que lhe s\u00e3o inerentes, se transforma em viol\u00eancia. Os adoecimentos ps\u00edquicos da sociedade de desempenho s\u00e3o precisamente as manifesta\u00e7\u00f5es patol\u00f3gicas dessa liberdade paradoxal.\u201d<\/p>\n<p style=\"padding-left: 30px;\"><strong>Byung-Chul Han<\/strong><em> nasceu na Coreia, mas fixou-se na Alemanha onde estudou filosofia na Universidade de Freiburg e Literatura Alem\u00e3 e Teologia na Universidade de Munique.\u00a0Em 1994, doutorou-se em Freiburg com uma tese sobre Martin Heidegger.\u00a0Atualmente \u00e9 Professor de Filosofia e Estudos Culturais na Universidade de Berlim e o autor uma dezena de ensaios sobre a sociedade e o ser humano.<\/em><\/p>\n<p><strong>N\u00ba DE P\u00c1GINAS:\u00a080<\/strong><\/p>\n<p>&nbsp;<\/p>\n<h3><strong><a href=\"http:\/\/franciscanos.org.br\/wp-content\/uploads\/2015\/06\/vendendo.jpg\"><img loading=\"lazy\" class=\"alignleft size-full wp-image-87871\" src=\"http:\/\/franciscanos.org.br\/wp-content\/uploads\/2015\/06\/vendendo.jpg\" alt=\"vendendo\" width=\"200\" height=\"340\" \/><\/a>Vencendo o estresse<\/strong><\/h3>\n<p><strong><em>Ora\u00e7\u00f5es para acalmar a alma e fortalecer o esp\u00edrito<br \/>\n<\/em>Joan Guntzelman<\/strong><\/p>\n<p>Todos n\u00f3s lidamos com o estresse na vida e nos debatemos sobre o modo de super\u00e1-lo. As breves reflex\u00f5es e ora\u00e7\u00f5es deste livro ajudar\u00e3o voc\u00ea a se voltar para Deus e encontrar a paz necess\u00e1ria para viver de uma maneira serena. Essas reflex\u00f5es sensibilizar\u00e3o voc\u00ea quando estiver se sentindo sobrecarregado e oprimido, ajudando-o a reconhecer as causas frequentemente ocultas da sua tens\u00e3o e exaust\u00e3o. E, a cada medita\u00e7\u00e3o e ora\u00e7\u00e3o sincera, voc\u00ea chegar\u00e1 mais perto de Deus, fonte de toda a nossa paz. \u00c9 um am\u00e1vel presente!<\/p>\n<p><em>Vencendo o estresse &#8211; ora\u00e7\u00f5es para acalmar a alma e fortalecer o esp\u00edrito<\/em> pretende nos ajudar a examinar a nossa pr\u00f3pria vida e discernir como podemos estar trope\u00e7ando em n\u00f3s mesmos, mesmo quando n\u00e3o temos consci\u00eancia. Podemos nos surpreender ao discernir quais s\u00e3o as nossas fontes de estresse. Ao ficarmos mais conscientes delas, poderemos achar as nossas rea\u00e7\u00f5es e formas de enfrentamento \u00fateis em algumas situa\u00e7\u00f5es e n\u00e3o t\u00e3o \u00fateis em outras. Poderemos encontrar novas maneiras de administrar o estresse que n\u00e3o hav\u00edamos considerado antes e descobrir que o momento de orar \u00e9 um jeito maravilhoso de crescer em meio \u00e0s lutas da vida.<\/p>\n<p style=\"padding-left: 30px;\"><strong>Joan Guntzelman<\/strong><em> \u00e9 escritora e conferencista e j\u00e1 realizou v\u00e1rias oficinas sobre cuidados m\u00e9dicos, luto e intera\u00e7\u00e3o humana. Enfermeira com doutorado em psicologia de aconselhamento, Joan trabalha como orientadora do Centro de C\u00e2ncer da Universidade de New Mexico. Nos \u00faltimos dez anos ela atuou tamb\u00e9m como diretora do centro de Ring Lake Ranch em Wyoming. \u00c9 autora tamb\u00e9m de Buscando Deus em momentos dif\u00edceis \u2013 ora\u00e7\u00f5es para confortar o cora\u00e7\u00e3o e fortalecer a alma.<\/em><\/p>\n<p><strong>N\u00ba DE P\u00c1GINAS:\u00a0120<\/strong><\/p>\n","protected":false},"excerpt":{"rendered":"<p>Editora Vozes<\/p>\n","protected":false},"author":1,"featured_media":194592,"comment_status":"open","ping_status":"open","sticky":false,"template":"","format":"standard","meta":[],"categories":[1],"tags":[238],"acf":[],"yoast_head":"<!-- This site is optimized with the Yoast SEO plugin v19.2 - https:\/\/yoast.com\/wordpress\/plugins\/seo\/ -->\n<title>Lan\u00e7amentos da semana - Not\u00edcias - Franciscanos<\/title>\n<meta name=\"robots\" content=\"index, follow, max-snippet:-1, max-image-preview:large, max-video-preview:-1\" \/>\n<link rel=\"canonical\" href=\"https:\/\/franciscanos.org.br\/noticias\/lancamento-da-semana.html\" \/>\n<meta property=\"og:locale\" content=\"pt_BR\" \/>\n<meta property=\"og:type\" content=\"article\" \/>\n<meta property=\"og:title\" content=\"Lan\u00e7amentos da semana - Not\u00edcias - Franciscanos\" \/>\n<meta property=\"og:description\" content=\"Editora Vozes\" \/>\n<meta property=\"og:url\" content=\"https:\/\/franciscanos.org.br\/noticias\/lancamento-da-semana.html\" \/>\n<meta property=\"og:site_name\" content=\"Not\u00edcias - Franciscanos\" \/>\n<meta property=\"article:published_time\" content=\"2015-06-09T13:11:09+00:00\" \/>\n<meta property=\"article:modified_time\" content=\"2019-01-24T12:57:25+00:00\" \/>\n<meta property=\"og:image\" content=\"https:\/\/franciscanos.org.br\/noticias\/wp-content\/uploads\/2017\/11\/vozes.png\" \/>\n\t<meta property=\"og:image:width\" content=\"273\" \/>\n\t<meta property=\"og:image:height\" content=\"181\" \/>\n\t<meta property=\"og:image:type\" content=\"image\/png\" \/>\n<meta name=\"author\" content=\"admin\" \/>\n<meta name=\"twitter:card\" content=\"summary_large_image\" \/>\n<meta name=\"twitter:label1\" content=\"Escrito por\" \/>\n\t<meta name=\"twitter:data1\" content=\"admin\" \/>\n\t<meta name=\"twitter:label2\" content=\"Est. tempo de leitura\" \/>\n\t<meta name=\"twitter:data2\" content=\"7 minutos\" \/>\n<script type=\"application\/ld+json\" class=\"yoast-schema-graph\">{\"@context\":\"https:\/\/schema.org\",\"@graph\":[{\"@type\":\"WebSite\",\"@id\":\"https:\/\/franciscanos.org.br\/noticias\/#website\",\"url\":\"https:\/\/franciscanos.org.br\/noticias\/\",\"name\":\"Not\u00edcias - Franciscanos\",\"description\":\"Prov\u00edncia Franciscana da Imaculada Concei\u00e7\u00e3o do Brasil - Ordem dos Frades Menores - OFM\",\"potentialAction\":[{\"@type\":\"SearchAction\",\"target\":{\"@type\":\"EntryPoint\",\"urlTemplate\":\"https:\/\/franciscanos.org.br\/noticias\/?s={search_term_string}\"},\"query-input\":\"required name=search_term_string\"}],\"inLanguage\":\"pt-BR\"},{\"@type\":\"ImageObject\",\"inLanguage\":\"pt-BR\",\"@id\":\"https:\/\/franciscanos.org.br\/noticias\/lancamento-da-semana.html#primaryimage\",\"url\":\"https:\/\/franciscanos.org.br\/noticias\/wp-content\/uploads\/2017\/11\/vozes.png\",\"contentUrl\":\"https:\/\/franciscanos.org.br\/noticias\/wp-content\/uploads\/2017\/11\/vozes.png\",\"width\":273,\"height\":181},{\"@type\":\"WebPage\",\"@id\":\"https:\/\/franciscanos.org.br\/noticias\/lancamento-da-semana.html#webpage\",\"url\":\"https:\/\/franciscanos.org.br\/noticias\/lancamento-da-semana.html\",\"name\":\"Lan\u00e7amentos da semana - Not\u00edcias - Franciscanos\",\"isPartOf\":{\"@id\":\"https:\/\/franciscanos.org.br\/noticias\/#website\"},\"primaryImageOfPage\":{\"@id\":\"https:\/\/franciscanos.org.br\/noticias\/lancamento-da-semana.html#primaryimage\"},\"datePublished\":\"2015-06-09T13:11:09+00:00\",\"dateModified\":\"2019-01-24T12:57:25+00:00\",\"author\":{\"@id\":\"https:\/\/franciscanos.org.br\/noticias\/#\/schema\/person\/b38fbf43118f02820bd932f2e4b14ad3\"},\"breadcrumb\":{\"@id\":\"https:\/\/franciscanos.org.br\/noticias\/lancamento-da-semana.html#breadcrumb\"},\"inLanguage\":\"pt-BR\",\"potentialAction\":[{\"@type\":\"ReadAction\",\"target\":[\"https:\/\/franciscanos.org.br\/noticias\/lancamento-da-semana.html\"]}]},{\"@type\":\"BreadcrumbList\",\"@id\":\"https:\/\/franciscanos.org.br\/noticias\/lancamento-da-semana.html#breadcrumb\",\"itemListElement\":[{\"@type\":\"ListItem\",\"position\":1,\"name\":\"Home\",\"item\":\"https:\/\/franciscanos.org.br\/noticias\"},{\"@type\":\"ListItem\",\"position\":2,\"name\":\"Lan\u00e7amentos da semana\"}]},{\"@type\":\"Person\",\"@id\":\"https:\/\/franciscanos.org.br\/noticias\/#\/schema\/person\/b38fbf43118f02820bd932f2e4b14ad3\",\"name\":\"admin\",\"image\":{\"@type\":\"ImageObject\",\"inLanguage\":\"pt-BR\",\"@id\":\"https:\/\/franciscanos.org.br\/noticias\/#\/schema\/person\/image\/\",\"url\":\"https:\/\/secure.gravatar.com\/avatar\/e8495742d34d0ba6448ea1c628263b3e?s=96&d=mm&r=g\",\"contentUrl\":\"https:\/\/secure.gravatar.com\/avatar\/e8495742d34d0ba6448ea1c628263b3e?s=96&d=mm&r=g\",\"caption\":\"admin\"},\"url\":\"https:\/\/franciscanos.org.br\/noticias\/author\/admin\"}]}<\/script>\n<!-- \/ Yoast SEO plugin. -->","yoast_head_json":{"title":"Lan\u00e7amentos da semana - Not\u00edcias - Franciscanos","robots":{"index":"index","follow":"follow","max-snippet":"max-snippet:-1","max-image-preview":"max-image-preview:large","max-video-preview":"max-video-preview:-1"},"canonical":"https:\/\/franciscanos.org.br\/noticias\/lancamento-da-semana.html","og_locale":"pt_BR","og_type":"article","og_title":"Lan\u00e7amentos da semana - Not\u00edcias - Franciscanos","og_description":"Editora Vozes","og_url":"https:\/\/franciscanos.org.br\/noticias\/lancamento-da-semana.html","og_site_name":"Not\u00edcias - Franciscanos","article_published_time":"2015-06-09T13:11:09+00:00","article_modified_time":"2019-01-24T12:57:25+00:00","og_image":[{"width":273,"height":181,"url":"https:\/\/franciscanos.org.br\/noticias\/wp-content\/uploads\/2017\/11\/vozes.png","type":"image\/png"}],"author":"admin","twitter_card":"summary_large_image","twitter_misc":{"Escrito por":"admin","Est. tempo de leitura":"7 minutos"},"schema":{"@context":"https:\/\/schema.org","@graph":[{"@type":"WebSite","@id":"https:\/\/franciscanos.org.br\/noticias\/#website","url":"https:\/\/franciscanos.org.br\/noticias\/","name":"Not\u00edcias - Franciscanos","description":"Prov\u00edncia Franciscana da Imaculada Concei\u00e7\u00e3o do Brasil - Ordem dos Frades Menores - OFM","potentialAction":[{"@type":"SearchAction","target":{"@type":"EntryPoint","urlTemplate":"https:\/\/franciscanos.org.br\/noticias\/?s={search_term_string}"},"query-input":"required name=search_term_string"}],"inLanguage":"pt-BR"},{"@type":"ImageObject","inLanguage":"pt-BR","@id":"https:\/\/franciscanos.org.br\/noticias\/lancamento-da-semana.html#primaryimage","url":"https:\/\/franciscanos.org.br\/noticias\/wp-content\/uploads\/2017\/11\/vozes.png","contentUrl":"https:\/\/franciscanos.org.br\/noticias\/wp-content\/uploads\/2017\/11\/vozes.png","width":273,"height":181},{"@type":"WebPage","@id":"https:\/\/franciscanos.org.br\/noticias\/lancamento-da-semana.html#webpage","url":"https:\/\/franciscanos.org.br\/noticias\/lancamento-da-semana.html","name":"Lan\u00e7amentos da semana - Not\u00edcias - Franciscanos","isPartOf":{"@id":"https:\/\/franciscanos.org.br\/noticias\/#website"},"primaryImageOfPage":{"@id":"https:\/\/franciscanos.org.br\/noticias\/lancamento-da-semana.html#primaryimage"},"datePublished":"2015-06-09T13:11:09+00:00","dateModified":"2019-01-24T12:57:25+00:00","author":{"@id":"https:\/\/franciscanos.org.br\/noticias\/#\/schema\/person\/b38fbf43118f02820bd932f2e4b14ad3"},"breadcrumb":{"@id":"https:\/\/franciscanos.org.br\/noticias\/lancamento-da-semana.html#breadcrumb"},"inLanguage":"pt-BR","potentialAction":[{"@type":"ReadAction","target":["https:\/\/franciscanos.org.br\/noticias\/lancamento-da-semana.html"]}]},{"@type":"BreadcrumbList","@id":"https:\/\/franciscanos.org.br\/noticias\/lancamento-da-semana.html#breadcrumb","itemListElement":[{"@type":"ListItem","position":1,"name":"Home","item":"https:\/\/franciscanos.org.br\/noticias"},{"@type":"ListItem","position":2,"name":"Lan\u00e7amentos da semana"}]},{"@type":"Person","@id":"https:\/\/franciscanos.org.br\/noticias\/#\/schema\/person\/b38fbf43118f02820bd932f2e4b14ad3","name":"admin","image":{"@type":"ImageObject","inLanguage":"pt-BR","@id":"https:\/\/franciscanos.org.br\/noticias\/#\/schema\/person\/image\/","url":"https:\/\/secure.gravatar.com\/avatar\/e8495742d34d0ba6448ea1c628263b3e?s=96&d=mm&r=g","contentUrl":"https:\/\/secure.gravatar.com\/avatar\/e8495742d34d0ba6448ea1c628263b3e?s=96&d=mm&r=g","caption":"admin"},"url":"https:\/\/franciscanos.org.br\/noticias\/author\/admin"}]}},"_links":{"self":[{"href":"https:\/\/franciscanos.org.br\/noticias\/wp-json\/wp\/v2\/posts\/87861"}],"collection":[{"href":"https:\/\/franciscanos.org.br\/noticias\/wp-json\/wp\/v2\/posts"}],"about":[{"href":"https:\/\/franciscanos.org.br\/noticias\/wp-json\/wp\/v2\/types\/post"}],"author":[{"embeddable":true,"href":"https:\/\/franciscanos.org.br\/noticias\/wp-json\/wp\/v2\/users\/1"}],"replies":[{"embeddable":true,"href":"https:\/\/franciscanos.org.br\/noticias\/wp-json\/wp\/v2\/comments?post=87861"}],"version-history":[{"count":0,"href":"https:\/\/franciscanos.org.br\/noticias\/wp-json\/wp\/v2\/posts\/87861\/revisions"}],"wp:featuredmedia":[{"embeddable":true,"href":"https:\/\/franciscanos.org.br\/noticias\/wp-json\/wp\/v2\/media\/194592"}],"wp:attachment":[{"href":"https:\/\/franciscanos.org.br\/noticias\/wp-json\/wp\/v2\/media?parent=87861"}],"wp:term":[{"taxonomy":"category","embeddable":true,"href":"https:\/\/franciscanos.org.br\/noticias\/wp-json\/wp\/v2\/categories?post=87861"},{"taxonomy":"post_tag","embeddable":true,"href":"https:\/\/franciscanos.org.br\/noticias\/wp-json\/wp\/v2\/tags?post=87861"}],"curies":[{"name":"wp","href":"https:\/\/api.w.org\/{rel}","templated":true}]}}