{"id":87610,"date":"2015-06-08T00:01:40","date_gmt":"2015-06-08T03:01:40","guid":{"rendered":"http:\/\/franciscanos.org.br\/?p=87610"},"modified":"2020-02-13T13:12:46","modified_gmt":"2020-02-13T16:12:46","slug":"santo-antonio-do-valongo-e-a-historia-de-seus-devotos","status":"publish","type":"post","link":"https:\/\/franciscanos.org.br\/noticias\/santo-antonio-do-valongo-e-a-historia-de-seus-devotos.html","title":{"rendered":"Santo Ant\u00f4nio do Valongo e a hist\u00f3ria de seus devotos"},"content":{"rendered":"<p><strong>Santos (SP)<\/strong> &#8211; A Trezena de Santo Ant\u00f4nio chegou neste domingo (7 de junho) ao s\u00e9timo dia no Convento e Santu\u00e1rio do Valongo, que neste ano celebra 375 anos de funda\u00e7\u00e3o. O reitor Frei Andr\u00e9 Becker presidiu a celebra\u00e7\u00e3o e falou sobre o tema do dia &#8220;Santo Ant\u00f4nio e seus devotos&#8221;.<\/p>\n<p>Nesta celebra\u00e7\u00e3o Eucar\u00edstica, foram homenageados os padrinhos e madrinhas que ajudam a dar continuidade a esta \u00a0hist\u00f3ria de 375 anos. Para representar a comunidade do Valongo, que n\u00e3o poupa esfor\u00e7os e dedica\u00e7\u00e3o com os frades neste trabalho de evangeliza\u00e7\u00e3o, Frei Andr\u00e9 lembrou D\u00aa Cotinha &#8211; Maria Pinto Martinho &#8211; que dedicou grande parte de sua vida ao Santu\u00e1rio.<\/p>\n<p>Durante a celebra\u00e7\u00e3o, ela foi homenageada <em>in memoriam<\/em> num quadro colocado no altar, representando, com isso, todas as pessoas que doam um pouco de sua vida a este trabalho de evangeliza\u00e7\u00e3o.<\/p>\n<p>Na sua prega\u00e7\u00e3o, Frei Andr\u00e9 partiu de Santo Ant\u00f4nio, destacando aspectos de sua vida de santidade, recordou um pouco da hist\u00f3ria do Valongo at\u00e9 os dias atuais. &#8220;Ao longo desses dois mil\u00eanios, a Igreja foi sempre se organizando melhor para ser propagadora do reino, do Evangelho e das a\u00e7\u00f5es de Jesus Cristo. Nesse tempo, muitos testemunhos fizeram com que nos torn\u00e1ssemos devotos, um deles, e parece o que tem a prefer\u00eancia do povo, \u00e9 Santo Ant\u00f4nio. Ele faz a abertura das festas juninas, que tanto o povo brasileiro gosta de celebrar&#8221;, recordou o celebrante.<\/p>\n<div id=\"attachment_87613\" style=\"width: 410px\" class=\"wp-caption alignleft\"><a href=\"http:\/\/franciscanos.org.br\/wp-content\/uploads\/2015\/06\/cotinha.jpg\"><img aria-describedby=\"caption-attachment-87613\" loading=\"lazy\" class=\"wp-image-87613 size-full\" src=\"http:\/\/franciscanos.org.br\/wp-content\/uploads\/2015\/06\/cotinha.jpg\" alt=\"cotinha\" width=\"400\" height=\"436\" \/><\/a><p id=\"caption-attachment-87613\" class=\"wp-caption-text\">Quadro de D\u00aa Cotinha<\/p><\/div>\n<p>&#8220;Ele tinha uma sabedoria \u00edmpar, como podemos ver nos seus serm\u00f5es. Uma sabedoria que nascia a partir da Sagrada Escritura. Mas ao mesmo tempo, a sua sabedoria n\u00e3o lhe privou de ser simples, de estar pr\u00f3ximo das pessoas, principalmente do povo mais simples. Por isso ele \u00e9 conhecido como casamenteiro, santo do p\u00e3o dos pobres. Ele era muito sens\u00edvel \u00e0 necessidade do povo&#8221;, explicou. &#8220;Ele se encantou por S\u00e3o Francisco de Assis, entrou para a Ordem Franciscana e conquistou milhares de devotos pelo mundo inteiro, especialmente no Brasil, em Portugal, onde nasceu, e It\u00e1lia, onde viveu parte de sua vida e morreu&#8221;, acrescentou.<\/p>\n<p>Esse legado franciscano e antoniano veio com os portugueses para o Brasil. No Valongo, a presen\u00e7a franciscana come\u00e7ou quando Santos ainda era uma vila dependente de S\u00e3o Vicente. &#8220;Nesses 375 anos, a Igreja viveu momentos de altos e baixos, de crescimento mas tamb\u00e9m de decad\u00eancia. E quando falo Igreja, n\u00e3o estou falando s\u00f3 do templo mas da comunidade que sobreviveu com f\u00e9 e coragem&#8221;, disse, lembrando da secular presen\u00e7a da Ordem Franciscana Secular e da Juventude Franciscana.<\/p>\n<p>Frei Andr\u00e9 agradeceu a todas as pessoas que dedicaram e dedicam sua vida a este Santu\u00e1rio ou ajudam de alguma forma a escrever essa hist\u00f3ria. Entre elas, a substituta de D\u00aa Cotinha hoje: Maria Bernadete dos Santos Ribeiro, que se emocionou com a homenagem.<\/p>\n<p><strong>PADRINHOS E MADRINHAS<\/strong><\/p>\n<div id=\"attachment_87614\" style=\"width: 460px\" class=\"wp-caption alignright\"><a href=\"http:\/\/franciscanos.org.br\/wp-content\/uploads\/2015\/06\/mariaines.jpg\"><img aria-describedby=\"caption-attachment-87614\" loading=\"lazy\" class=\"wp-image-87614 size-full\" src=\"http:\/\/franciscanos.org.br\/wp-content\/uploads\/2015\/06\/mariaines.jpg\" alt=\"mariaines\" width=\"450\" height=\"432\" \/><\/a><p id=\"caption-attachment-87614\" class=\"wp-caption-text\">Maria In\u00eas Barbosa<\/p><\/div>\n<p>Durante a Trezena, os frades contam com um &#8220;ex\u00e9rcito&#8221; de volunt\u00e1rios que trabalham incansavelmente durante a Trezena. Neste domingo, os homenageados foram os padrinhos e madrinhas. Entre eles, a m\u00e3e do prefeito de Santos, Paulo Alexandre Barbosa, sra. Maria In\u00eas Barbosa, que \u00e9 presidente do Fundo Social de Solidariedade de Santos.<\/p>\n<p>Para ela, o Valongo \u00e9 muito especial, j\u00e1 que foi criada neste bairro, onde se casou e onde batizou os seus cinco filhos. &#8220;Esse bairro representa muito para mim. A gente tem uma hist\u00f3ria de vida no Valongo como o Frei Andr\u00e9 disse. Lembro bastante do Frei Cosme, do Frei Osmar, de D\u00aa Cotinha, pois frequentava a igreja&#8221;, recorda.<\/p>\n<p>Para Maria In\u00eas, a Igreja do Valongo tem uma proximidade muito grande com as pessoas mais necessitadas. &#8220;A gente sabe que aqui no entorno, com esses morros, h\u00e1 muita necessidade. Meu marido foi criado num morro e saiu para nos casarmos. A gente sabe o quanto eles trabalham, as dificuldades que t\u00eam, e meu filho sempre diz (o prefeito Paulo A. Barbosa) que mesmo o poder p\u00fablico nunca faz nada sozinho. O mais importante \u00e9 reunir for\u00e7as para que se possa trabalhar por aqueles que mais precisam. H\u00e1 muitos irm\u00e3os sofrendo, pessoas passando dificuldades para se alimentar, para dar estudo aos filhos. Ent\u00e3o, cada um fazendo um pouquinho, a gente consegue chegar l\u00e1. E a igreja do Valongo \u00e9 uma refer\u00eancia porque \u00e9 voltada para as pessoas que mais precisam&#8221;, completou.<\/p>\n<p>Frei Andr\u00e9 agradeceu a presen\u00e7a de cerca de 80 pessoas e elas recebidas para uma confraterniza\u00e7\u00e3o no sal\u00e3o do Convento.<\/p>\n<p><img class=\"ngg_displayed_gallery mceItem\" src=\"http:\/\/franciscanos.org.br\/index.php\/nextgen-attach_to_post\/preview\/id--87697\" alt=\"\" \/><\/p>\n<p>&nbsp;<\/p>\n","protected":false},"excerpt":{"rendered":"<p>Trezena<\/p>\n","protected":false},"author":1,"featured_media":220212,"comment_status":"open","ping_status":"open","sticky":false,"template":"","format":"standard","meta":[],"categories":[1],"tags":[],"acf":[],"yoast_head":"<!-- This site is optimized with the Yoast SEO plugin v19.2 - https:\/\/yoast.com\/wordpress\/plugins\/seo\/ -->\n<title>Santo Ant\u00f4nio do Valongo e a hist\u00f3ria de seus devotos - Not\u00edcias - Franciscanos<\/title>\n<meta name=\"robots\" content=\"index, follow, max-snippet:-1, max-image-preview:large, max-video-preview:-1\" \/>\n<link rel=\"canonical\" href=\"https:\/\/franciscanos.org.br\/noticias\/santo-antonio-do-valongo-e-a-historia-de-seus-devotos.html\" \/>\n<meta property=\"og:locale\" content=\"pt_BR\" \/>\n<meta property=\"og:type\" content=\"article\" \/>\n<meta property=\"og:title\" content=\"Santo Ant\u00f4nio do Valongo e a hist\u00f3ria de seus devotos - Not\u00edcias - Franciscanos\" \/>\n<meta property=\"og:description\" content=\"Trezena\" \/>\n<meta property=\"og:url\" content=\"https:\/\/franciscanos.org.br\/noticias\/santo-antonio-do-valongo-e-a-historia-de-seus-devotos.html\" \/>\n<meta property=\"og:site_name\" content=\"Not\u00edcias - Franciscanos\" \/>\n<meta property=\"article:published_time\" content=\"2015-06-08T03:01:40+00:00\" \/>\n<meta property=\"article:modified_time\" content=\"2020-02-13T16:12:46+00:00\" \/>\n<meta property=\"og:image\" content=\"https:\/\/franciscanos.org.br\/noticias\/wp-content\/uploads\/2015\/06\/cotinha.jpg\" \/>\n\t<meta property=\"og:image:width\" content=\"273\" \/>\n\t<meta property=\"og:image:height\" content=\"182\" \/>\n\t<meta property=\"og:image:type\" content=\"image\/jpeg\" \/>\n<meta name=\"author\" content=\"admin\" \/>\n<meta name=\"twitter:card\" content=\"summary_large_image\" \/>\n<meta name=\"twitter:label1\" content=\"Escrito por\" \/>\n\t<meta name=\"twitter:data1\" content=\"admin\" \/>\n\t<meta name=\"twitter:label2\" content=\"Est. tempo de leitura\" \/>\n\t<meta name=\"twitter:data2\" content=\"4 minutos\" \/>\n<script type=\"application\/ld+json\" class=\"yoast-schema-graph\">{\"@context\":\"https:\/\/schema.org\",\"@graph\":[{\"@type\":\"WebSite\",\"@id\":\"https:\/\/franciscanos.org.br\/noticias\/#website\",\"url\":\"https:\/\/franciscanos.org.br\/noticias\/\",\"name\":\"Not\u00edcias - Franciscanos\",\"description\":\"Prov\u00edncia Franciscana da Imaculada Concei\u00e7\u00e3o do Brasil - Ordem dos Frades Menores - OFM\",\"potentialAction\":[{\"@type\":\"SearchAction\",\"target\":{\"@type\":\"EntryPoint\",\"urlTemplate\":\"https:\/\/franciscanos.org.br\/noticias\/?s={search_term_string}\"},\"query-input\":\"required name=search_term_string\"}],\"inLanguage\":\"pt-BR\"},{\"@type\":\"ImageObject\",\"inLanguage\":\"pt-BR\",\"@id\":\"https:\/\/franciscanos.org.br\/noticias\/santo-antonio-do-valongo-e-a-historia-de-seus-devotos.html#primaryimage\",\"url\":\"https:\/\/franciscanos.org.br\/noticias\/wp-content\/uploads\/2015\/06\/cotinha.jpg\",\"contentUrl\":\"https:\/\/franciscanos.org.br\/noticias\/wp-content\/uploads\/2015\/06\/cotinha.jpg\",\"width\":273,\"height\":182},{\"@type\":\"WebPage\",\"@id\":\"https:\/\/franciscanos.org.br\/noticias\/santo-antonio-do-valongo-e-a-historia-de-seus-devotos.html#webpage\",\"url\":\"https:\/\/franciscanos.org.br\/noticias\/santo-antonio-do-valongo-e-a-historia-de-seus-devotos.html\",\"name\":\"Santo Ant\u00f4nio do Valongo e a hist\u00f3ria de seus devotos - Not\u00edcias - Franciscanos\",\"isPartOf\":{\"@id\":\"https:\/\/franciscanos.org.br\/noticias\/#website\"},\"primaryImageOfPage\":{\"@id\":\"https:\/\/franciscanos.org.br\/noticias\/santo-antonio-do-valongo-e-a-historia-de-seus-devotos.html#primaryimage\"},\"datePublished\":\"2015-06-08T03:01:40+00:00\",\"dateModified\":\"2020-02-13T16:12:46+00:00\",\"author\":{\"@id\":\"https:\/\/franciscanos.org.br\/noticias\/#\/schema\/person\/b38fbf43118f02820bd932f2e4b14ad3\"},\"breadcrumb\":{\"@id\":\"https:\/\/franciscanos.org.br\/noticias\/santo-antonio-do-valongo-e-a-historia-de-seus-devotos.html#breadcrumb\"},\"inLanguage\":\"pt-BR\",\"potentialAction\":[{\"@type\":\"ReadAction\",\"target\":[\"https:\/\/franciscanos.org.br\/noticias\/santo-antonio-do-valongo-e-a-historia-de-seus-devotos.html\"]}]},{\"@type\":\"BreadcrumbList\",\"@id\":\"https:\/\/franciscanos.org.br\/noticias\/santo-antonio-do-valongo-e-a-historia-de-seus-devotos.html#breadcrumb\",\"itemListElement\":[{\"@type\":\"ListItem\",\"position\":1,\"name\":\"Home\",\"item\":\"https:\/\/franciscanos.org.br\/noticias\"},{\"@type\":\"ListItem\",\"position\":2,\"name\":\"Santo Ant\u00f4nio do Valongo e a hist\u00f3ria de seus devotos\"}]},{\"@type\":\"Person\",\"@id\":\"https:\/\/franciscanos.org.br\/noticias\/#\/schema\/person\/b38fbf43118f02820bd932f2e4b14ad3\",\"name\":\"admin\",\"image\":{\"@type\":\"ImageObject\",\"inLanguage\":\"pt-BR\",\"@id\":\"https:\/\/franciscanos.org.br\/noticias\/#\/schema\/person\/image\/\",\"url\":\"https:\/\/secure.gravatar.com\/avatar\/e8495742d34d0ba6448ea1c628263b3e?s=96&d=mm&r=g\",\"contentUrl\":\"https:\/\/secure.gravatar.com\/avatar\/e8495742d34d0ba6448ea1c628263b3e?s=96&d=mm&r=g\",\"caption\":\"admin\"},\"url\":\"https:\/\/franciscanos.org.br\/noticias\/author\/admin\"}]}<\/script>\n<!-- \/ Yoast SEO plugin. -->","yoast_head_json":{"title":"Santo Ant\u00f4nio do Valongo e a hist\u00f3ria de seus devotos - Not\u00edcias - Franciscanos","robots":{"index":"index","follow":"follow","max-snippet":"max-snippet:-1","max-image-preview":"max-image-preview:large","max-video-preview":"max-video-preview:-1"},"canonical":"https:\/\/franciscanos.org.br\/noticias\/santo-antonio-do-valongo-e-a-historia-de-seus-devotos.html","og_locale":"pt_BR","og_type":"article","og_title":"Santo Ant\u00f4nio do Valongo e a hist\u00f3ria de seus devotos - Not\u00edcias - Franciscanos","og_description":"Trezena","og_url":"https:\/\/franciscanos.org.br\/noticias\/santo-antonio-do-valongo-e-a-historia-de-seus-devotos.html","og_site_name":"Not\u00edcias - Franciscanos","article_published_time":"2015-06-08T03:01:40+00:00","article_modified_time":"2020-02-13T16:12:46+00:00","og_image":[{"width":273,"height":182,"url":"https:\/\/franciscanos.org.br\/noticias\/wp-content\/uploads\/2015\/06\/cotinha.jpg","type":"image\/jpeg"}],"author":"admin","twitter_card":"summary_large_image","twitter_misc":{"Escrito por":"admin","Est. tempo de leitura":"4 minutos"},"schema":{"@context":"https:\/\/schema.org","@graph":[{"@type":"WebSite","@id":"https:\/\/franciscanos.org.br\/noticias\/#website","url":"https:\/\/franciscanos.org.br\/noticias\/","name":"Not\u00edcias - Franciscanos","description":"Prov\u00edncia Franciscana da Imaculada Concei\u00e7\u00e3o do Brasil - Ordem dos Frades Menores - OFM","potentialAction":[{"@type":"SearchAction","target":{"@type":"EntryPoint","urlTemplate":"https:\/\/franciscanos.org.br\/noticias\/?s={search_term_string}"},"query-input":"required name=search_term_string"}],"inLanguage":"pt-BR"},{"@type":"ImageObject","inLanguage":"pt-BR","@id":"https:\/\/franciscanos.org.br\/noticias\/santo-antonio-do-valongo-e-a-historia-de-seus-devotos.html#primaryimage","url":"https:\/\/franciscanos.org.br\/noticias\/wp-content\/uploads\/2015\/06\/cotinha.jpg","contentUrl":"https:\/\/franciscanos.org.br\/noticias\/wp-content\/uploads\/2015\/06\/cotinha.jpg","width":273,"height":182},{"@type":"WebPage","@id":"https:\/\/franciscanos.org.br\/noticias\/santo-antonio-do-valongo-e-a-historia-de-seus-devotos.html#webpage","url":"https:\/\/franciscanos.org.br\/noticias\/santo-antonio-do-valongo-e-a-historia-de-seus-devotos.html","name":"Santo Ant\u00f4nio do Valongo e a hist\u00f3ria de seus devotos - Not\u00edcias - Franciscanos","isPartOf":{"@id":"https:\/\/franciscanos.org.br\/noticias\/#website"},"primaryImageOfPage":{"@id":"https:\/\/franciscanos.org.br\/noticias\/santo-antonio-do-valongo-e-a-historia-de-seus-devotos.html#primaryimage"},"datePublished":"2015-06-08T03:01:40+00:00","dateModified":"2020-02-13T16:12:46+00:00","author":{"@id":"https:\/\/franciscanos.org.br\/noticias\/#\/schema\/person\/b38fbf43118f02820bd932f2e4b14ad3"},"breadcrumb":{"@id":"https:\/\/franciscanos.org.br\/noticias\/santo-antonio-do-valongo-e-a-historia-de-seus-devotos.html#breadcrumb"},"inLanguage":"pt-BR","potentialAction":[{"@type":"ReadAction","target":["https:\/\/franciscanos.org.br\/noticias\/santo-antonio-do-valongo-e-a-historia-de-seus-devotos.html"]}]},{"@type":"BreadcrumbList","@id":"https:\/\/franciscanos.org.br\/noticias\/santo-antonio-do-valongo-e-a-historia-de-seus-devotos.html#breadcrumb","itemListElement":[{"@type":"ListItem","position":1,"name":"Home","item":"https:\/\/franciscanos.org.br\/noticias"},{"@type":"ListItem","position":2,"name":"Santo Ant\u00f4nio do Valongo e a hist\u00f3ria de seus devotos"}]},{"@type":"Person","@id":"https:\/\/franciscanos.org.br\/noticias\/#\/schema\/person\/b38fbf43118f02820bd932f2e4b14ad3","name":"admin","image":{"@type":"ImageObject","inLanguage":"pt-BR","@id":"https:\/\/franciscanos.org.br\/noticias\/#\/schema\/person\/image\/","url":"https:\/\/secure.gravatar.com\/avatar\/e8495742d34d0ba6448ea1c628263b3e?s=96&d=mm&r=g","contentUrl":"https:\/\/secure.gravatar.com\/avatar\/e8495742d34d0ba6448ea1c628263b3e?s=96&d=mm&r=g","caption":"admin"},"url":"https:\/\/franciscanos.org.br\/noticias\/author\/admin"}]}},"_links":{"self":[{"href":"https:\/\/franciscanos.org.br\/noticias\/wp-json\/wp\/v2\/posts\/87610"}],"collection":[{"href":"https:\/\/franciscanos.org.br\/noticias\/wp-json\/wp\/v2\/posts"}],"about":[{"href":"https:\/\/franciscanos.org.br\/noticias\/wp-json\/wp\/v2\/types\/post"}],"author":[{"embeddable":true,"href":"https:\/\/franciscanos.org.br\/noticias\/wp-json\/wp\/v2\/users\/1"}],"replies":[{"embeddable":true,"href":"https:\/\/franciscanos.org.br\/noticias\/wp-json\/wp\/v2\/comments?post=87610"}],"version-history":[{"count":0,"href":"https:\/\/franciscanos.org.br\/noticias\/wp-json\/wp\/v2\/posts\/87610\/revisions"}],"wp:featuredmedia":[{"embeddable":true,"href":"https:\/\/franciscanos.org.br\/noticias\/wp-json\/wp\/v2\/media\/220212"}],"wp:attachment":[{"href":"https:\/\/franciscanos.org.br\/noticias\/wp-json\/wp\/v2\/media?parent=87610"}],"wp:term":[{"taxonomy":"category","embeddable":true,"href":"https:\/\/franciscanos.org.br\/noticias\/wp-json\/wp\/v2\/categories?post=87610"},{"taxonomy":"post_tag","embeddable":true,"href":"https:\/\/franciscanos.org.br\/noticias\/wp-json\/wp\/v2\/tags?post=87610"}],"curies":[{"name":"wp","href":"https:\/\/api.w.org\/{rel}","templated":true}]}}