{"id":87502,"date":"2015-06-06T15:58:57","date_gmt":"2015-06-06T18:58:57","guid":{"rendered":"http:\/\/franciscanos.org.br\/?p=87502"},"modified":"2020-06-10T15:16:08","modified_gmt":"2020-06-10T18:16:08","slug":"papa-anima-os-jovens-da-bosnia","status":"publish","type":"post","link":"https:\/\/franciscanos.org.br\/noticias\/papa-anima-os-jovens-da-bosnia.html","title":{"rendered":"Papa anima os jovens da B\u00f3snia"},"content":{"rendered":"<p><img loading=\"lazy\" class=\"alignnone wp-image-226039 size-full\" src=\"https:\/\/franciscanos.org.br\/noticias\/wp-content\/uploads\/2015\/06\/bosnia-1.jpg\" alt=\"\" width=\"890\" height=\"500\" \/><\/p>\n<p><strong>Cidade do Vaticano<\/strong> \u2013 O \u00faltimo compromisso p\u00fablico do Papa em Sarajevo s\u00e1bado (06\/06) foi no Centro esportivo para jovens da diocese, dedicado a Jo\u00e3o Paulo II. O Centro ainda n\u00e3o est\u00e1 pronto; faz parte de um complexo que come\u00e7ou a ser constru\u00eddo em 2006, ap\u00f3s a guerra. Trata-se de um espa\u00e7o aberto onde jovens de todas as etnias e religi\u00f5es socializam, praticam atividades de esporte e voluntariado, e forma\u00e7\u00e3o pastoral e religiosa para cat\u00f3licos.<\/p>\n<p>Ao descer do papam\u00f3vel, Francisco foi acolhido pelo Reitor com algumas crian\u00e7as e foi acompanhado ao elevador e ao segundo andar. Ali foi inaugurada uma placa em homenagem a S\u00e3o Jo\u00e3o Paulo II. Cerca de 800 jovens assistiram a este ato solene.<\/p>\n<p>Como presente ao Centro, Francisco levou de Roma uma est\u00e1tua (71 cm de altura) moderna, de bronze, com a imagem de S\u00e3o Jo\u00e3o Paulo II j\u00e1 idoso, nos \u00faltimos anos de seu Pontificado. A obra foi doada \u00e0 Santa S\u00e9 pelo Bispo de Chiavari, Dom Alberto Tanasini, e pela comunidade diocesana, em 1998, e agora foi presenteada pelo Papa Francisco aos jovens b\u00f3snios.<\/p>\n<p><strong>Os testemunhos<\/strong><br \/>\nAp\u00f3s a sauda\u00e7\u00e3o do bispo Dom Marko Semren, encarregado da pastoral juvenil, foi a vez de dois jovens do Centro darem seu testemunho ao Pont\u00edfice.<br \/>\nO primeiro, Darko Majstorovic, tem 24 anos, \u00e9 professor de educa\u00e7\u00e3o f\u00edsica e \u00e9 croata cat\u00f3lico. Em seu caminho de busca de si mesmo, da paz e dos benef\u00edcios que esta poderia acarretar, Darko ingressou na Associa\u00e7\u00e3o de estudantes cat\u00f3licos Ema\u00fas, tornando-se uma parte ativa tamb\u00e9m do Centro juvenil Jo\u00e3o Paulo II. Ali encontrou a paz que tanto procurava.<\/p>\n<p>\u201cA vida comum de respeito rec\u00edproco pelas diversidades fez cair e dissolver a onda de medo que me perseguia. Crescer na f\u00e9m ajudar os outros, saber se precisavam de ajuda sem lhes perguntar seu nome s\u00e3o valores que aprendi neste Centro\u201d, disse. Darko, que hoje \u00e9 o presidente da Associa\u00e7\u00e3o, terminou com o ausp\u00edcio de que a visita do Papa seja um encorajamento a n\u00e3o temer as diferen\u00e7as, pois \u201ctoler\u00e2ncia e concilia\u00e7\u00e3o s\u00e3o o caminho certo para um amanh\u00e3 melhor\u201d.<\/p>\n<p>A jovem Nade\u017eda Mojsilovi\u0107, s\u00e9rvia-ortodoxa, \u00e9 a coordenadora do trabalho com os jovens no programa \u2018Caminhemos juntos\u2019, parceria do templo ortodoxo de S. Vasilij Ostro\u0161ki, no leste de Sarajevo, com o Centro cat\u00f3lico de pastoral juvenil Jo\u00e3o Paulo II.<\/p>\n<p>\u201cO projeto \u2013 disse Nade\u017eda \u2013 re\u00fane jovens de cora\u00e7\u00e3o aberto aos outros, convencidos de que esta variedade \u00e9 a riqueza do povo deste pa\u00eds. Guiados pelas virtudes comuns, nos esfor\u00e7amos em ser modelo para os jovens daqui e de fora. Espero que depois deste nosso encontro com o Sr., l\u00edder da Igreja cat\u00f3lica, possamos difundir a forte certeza de que a paz \u00e9 a mais alta de nossas aspira\u00e7\u00f5es e que preservar nossas almas \u00e9 um imperativo para que o amor e a confian\u00e7a reinem entre n\u00f3s e permane\u00e7am nos s\u00e9culos dos s\u00e9culos\u201d, completou.<\/p>\n<p><em>\u00cdNTEGRA DO DISCURSO<\/em><\/p>\n<p>Queridos jovens!<\/p>\n<p>Desejei intensamente este encontro convosco, jovens da B\u00f3snia-Herzegovina e dos pa\u00edses vizinhos. A cada um dirijo a minha afetuosa sauda\u00e7\u00e3o. Estando aqui neste \u00abCentro\u00bb dedicado a S\u00e3o Jo\u00e3o Paulo II, n\u00e3o posso esquecer tudo o que ele fez pelos jovens, encontrando-os e encorajando-os em todas as partes do mundo. \u00c0 sua intercess\u00e3o confio cada um de v\u00f3s, bem como todas as iniciativas que a Igreja Cat\u00f3lica empreendeu na vossa terra para testemunhar a sua proximidade e a sua confian\u00e7a nos jovens. Todos n\u00f3s caminhamos juntos!<\/p>\n<p>Conhe\u00e7o as d\u00favidas e as esperan\u00e7as que trazeis no cora\u00e7\u00e3o. Recordaram-no-las o Bispo D. Marko Semren e os vossos representantes, Darko e Nade\u017eda. Em particular, compartilho os votos de que sejam asseguradas, \u00e0s novas gera\u00e7\u00f5es, reais perspectivas de um futuro dignificante no pa\u00eds, evitando assim o triste fen\u00f4meno do \u00eaxodo. A prop\u00f3sito, as institui\u00e7\u00f5es s\u00e3o chamadas a p\u00f4r em pr\u00e1tica estrat\u00e9gias oportunas e corajosas para favorecer os jovens na realiza\u00e7\u00e3o das suas leg\u00edtimas aspira\u00e7\u00f5es; deste modo, ser\u00e3o capazes de contribuir efetivamente para a edifica\u00e7\u00e3o e o crescimento do pa\u00eds. A Igreja, por sua vez, pode dar a sua contribui\u00e7\u00e3o com projetos pastorais adequados, centrados na forma\u00e7\u00e3o da consci\u00eancia c\u00edvica e moral da juventude, ajudando-a, assim, a ser protagonista da vida social. Este compromisso da Igreja j\u00e1 \u00e9 realidade, especialmente atrav\u00e9s do valioso trabalho das escolas cat\u00f3licas, justamente abertas n\u00e3o s\u00f3 aos estudantes cat\u00f3licos mas tamb\u00e9m aos das restantes confiss\u00f5es crist\u00e3s e de outras religi\u00f5es. No entanto, a Igreja deve sentir-se chamada a ousar cada vez mais, partindo do Evangelho e impelida pelo Esp\u00edrito Santo que transforma as pessoas, a sociedade e a pr\u00f3pria Igreja.<\/p>\n<p>Tamb\u00e9m a v\u00f3s, jovens, cabe um papel decisivo na resposta aos desafios do nosso tempo, que s\u00e3o certamente desafios materiais, mas antes ainda dizem respeito \u00e0 vis\u00e3o do homem. De fato, juntamente com os problemas econ\u00f4micos, com a dificuldade de encontrar trabalho e a consequente incerteza relativamente ao futuro, nota-se a crise dos valores morais e a perda do sentido da vida. Diante desta situa\u00e7\u00e3o cr\u00edtica, algu\u00e9m poderia ceder \u00e0 tenta\u00e7\u00e3o da fuga, da evas\u00e3o, fechando-se numa postura de isolamento ego\u00edsta, refugiando-se no \u00e1lcool, na droga, nas ideologias que pregam o \u00f3dio e a viol\u00eancia. Trata-se de realidades que conhe\u00e7o bem, porque, infelizmente, est\u00e3o presentes tamb\u00e9m na cidade de Buenos Aires, donde provenho. Por isso, encorajo a n\u00e3o vos deixardes abater pelas dificuldades, mas a fazer surgir sem medo a for\u00e7a que deriva do vosso ser pessoas e crist\u00e3os, do vosso ser sementes de uma sociedade mais justa, fraterna, acolhedora e pac\u00edfica. Unidos a Cristo, v\u00f3s, jovens, sois a for\u00e7a da Igreja e da sociedade. Se vos deixardes plasmar por Ele, se vos abrirdes ao di\u00e1logo com Ele na ora\u00e7\u00e3o, atrav\u00e9s da leitura e medita\u00e7\u00e3o do Evangelho, tornar-vos-eis profetas e testemunhas de esperan\u00e7a!<\/p>\n<p>Sois chamados a esta miss\u00e3o: salvar a esperan\u00e7a, para a qual vos impele a vossa pr\u00f3pria realidade de pessoas abertas \u00e0 vida; a esperan\u00e7a que tendes de superar a situa\u00e7\u00e3o atual, de preparar para o futuro um clima social e humano mais digno do que o presente; a esperan\u00e7a de viver num mundo mais fraterno, mais justo e pac\u00edfico, mais sincero, mais \u00e0 medida do homem. Desejo-vos que tenhais uma consci\u00eancia cada vez maior de serdes filhos desta terra, que vos gerou e pede para ser amada e ajudada a reedificar-se, a crescer espiritual e socialmente, gra\u00e7as tamb\u00e9m \u00e0 contribui\u00e7\u00e3o indispens\u00e1vel das vossas ideias e do vosso trabalho. Para vencer qualquer vest\u00edgio de pessimismo, \u00e9 preciso a coragem de gastar-se, com alegria e dedica\u00e7\u00e3o, na constru\u00e7\u00e3o de uma sociedade acolhedora, respeitosa de todas as diferen\u00e7as, orientada para a civiliza\u00e7\u00e3o do amor. Deste estilo de vida tendes uma grande testemunha muito pr\u00f3xima de v\u00f3s: o Beato Ivan Merz. S\u00e3o Jo\u00e3o Paulo II proclamou-o Beato em Banja Luka. Que ele seja sempre o vosso protetor e o vosso exemplo!<\/p>\n<p>A f\u00e9 crist\u00e3 ensina-nos que somos chamados a um destino eterno, chamados a ser filhos de Deus e irm\u00e3os em Cristo (cf. 1 Jo 3, 1), a ser criadores de fraternidade por amor a Cristo. Alegro-me pelo empenho no di\u00e1logo ecum\u00eanico e interrreligioso abra\u00e7ado por v\u00f3s, jovens cat\u00f3licos e ortodoxos, com o envolvimento tamb\u00e9m do mundo juvenil mu\u00e7ulmano. Em t\u00e3o importante atividade, desempenha um papel significativo este \u00abCentro Juvenil S\u00e3o Jo\u00e3o Paulo II\u00bb, com iniciativas de conhecimento m\u00fatuo e de solidariedade, para favorecer a conviv\u00eancia pac\u00edfica entre as diferentes perten\u00e7as \u00e9tnicas e religiosas. Encorajo-vos a perseverar confiantemente nesta obra, comprometendo-vos nos projetos comuns, com gestos concretos de proximidade e ajuda aos mais pobres e necessitados.<\/p>\n<p>Queridos jovens, a vossa presen\u00e7a jubilosa, a vossa sede de verdade e de altos ideais s\u00e3o sinais de esperan\u00e7a! A juventude n\u00e3o \u00e9 passividade, mas esfor\u00e7o tenaz por alcan\u00e7ar metas importantes, mesmo que isso custe; n\u00e3o \u00e9 fechar os olhos \u00e0s dificuldades, mas recusar os comprometimentos e a mediocridade; n\u00e3o \u00e9 evas\u00e3o ou fuga, mas compromisso de solidariedade com todos, particularmente com os mais fr\u00e1geis. A Igreja conta e quer contar convosco, que sois generosos e capazes dos melhores impulsos e dos mais nobres sacrif\u00edcios. Por isso os vossos Pastores, e eu com eles, pedimos que n\u00e3o vos isoleis, mas permane\u00e7ais unidos entre v\u00f3s, para gozar a beleza da fraternidade e ser mais eficazes na vossa a\u00e7\u00e3o.<\/p>\n<p>Pelo modo como vos amais e comprometeis, todos podem ver que sois crist\u00e3os: os jovens crist\u00e3os da B\u00f3snia-Herzegovina! Sem medo; sem fugir da realidade; abertos a Cristo e aos irm\u00e3os. Sois parte viva do grande povo que \u00e9 a Igreja: o povo universal, em que todas as na\u00e7\u00f5es e as culturas podem receber a b\u00ean\u00e7\u00e3o de Deus e encontrar o caminho da paz. Neste povo, cada um de v\u00f3s \u00e9 chamado a dar a vida por Deus e pelos irm\u00e3os, seguindo a Cristo pela estrada que Ele vos indicar; antes, que vos indica! J\u00e1 hoje, agora mesmo, o Senhor chama-vos: quereis responder-Lhe? N\u00e3o tenhais medo. N\u00e3o estamos sozinhos! Estamos sempre com o Pai celeste, com Jesus nosso Irm\u00e3o e Senhor, com o Esp\u00edrito Santo; e temos a Igreja e Maria por m\u00e3e. Que Nossa Senhora vos proteja e conceda sempre a alegria e a coragem de testemunhar o Evangelho.<\/p>\n<p>A todos vos aben\u00e7oo e pe\u00e7o, por favor, que rezeis por mim.<\/p>\n<p><strong>ENCONTRO COM OS JOVENS<\/strong><br \/>\n<strong>Centro Diocesano Juvenil Jo\u00e3o Paulo II<\/strong><br \/>\n<strong>S\u00e1bado, 6 de Junho de 2015<\/strong><\/p>\n<hr \/>\n<p><em>Fonte: R\u00e1dio Vaticano<\/em><\/p>\n","protected":false},"excerpt":{"rendered":"<p>Viagem Apost\u00f3lica \u00e0 B\u00f3snia<\/p>\n","protected":false},"author":1,"featured_media":0,"comment_status":"open","ping_status":"open","sticky":false,"template":"","format":"standard","meta":[],"categories":[1428],"tags":[1140],"acf":[],"yoast_head":"<!-- This site is optimized with the Yoast SEO plugin v19.2 - https:\/\/yoast.com\/wordpress\/plugins\/seo\/ -->\n<title>Papa anima os jovens da B\u00f3snia - Not\u00edcias - Franciscanos<\/title>\n<meta name=\"robots\" content=\"index, follow, max-snippet:-1, max-image-preview:large, max-video-preview:-1\" \/>\n<link rel=\"canonical\" href=\"https:\/\/franciscanos.org.br\/noticias\/papa-anima-os-jovens-da-bosnia.html\" \/>\n<meta property=\"og:locale\" content=\"pt_BR\" \/>\n<meta property=\"og:type\" content=\"article\" \/>\n<meta property=\"og:title\" content=\"Papa anima os jovens da B\u00f3snia - Not\u00edcias - Franciscanos\" \/>\n<meta property=\"og:description\" content=\"Viagem Apost\u00f3lica \u00e0 B\u00f3snia\" \/>\n<meta property=\"og:url\" content=\"https:\/\/franciscanos.org.br\/noticias\/papa-anima-os-jovens-da-bosnia.html\" \/>\n<meta property=\"og:site_name\" content=\"Not\u00edcias - Franciscanos\" \/>\n<meta property=\"article:published_time\" content=\"2015-06-06T18:58:57+00:00\" \/>\n<meta property=\"article:modified_time\" content=\"2020-06-10T18:16:08+00:00\" \/>\n<meta property=\"og:image\" content=\"https:\/\/franciscanos.org.br\/noticias\/wp-content\/uploads\/2015\/06\/bosnia-1.jpg\" \/>\n<meta name=\"author\" content=\"admin\" \/>\n<meta name=\"twitter:card\" content=\"summary_large_image\" \/>\n<meta name=\"twitter:label1\" content=\"Escrito por\" \/>\n\t<meta name=\"twitter:data1\" content=\"admin\" \/>\n\t<meta name=\"twitter:label2\" content=\"Est. tempo de leitura\" \/>\n\t<meta name=\"twitter:data2\" content=\"9 minutos\" \/>\n<script type=\"application\/ld+json\" class=\"yoast-schema-graph\">{\"@context\":\"https:\/\/schema.org\",\"@graph\":[{\"@type\":\"WebSite\",\"@id\":\"https:\/\/franciscanos.org.br\/noticias\/#website\",\"url\":\"https:\/\/franciscanos.org.br\/noticias\/\",\"name\":\"Not\u00edcias - Franciscanos\",\"description\":\"Prov\u00edncia Franciscana da Imaculada Concei\u00e7\u00e3o do Brasil - Ordem dos Frades Menores - OFM\",\"potentialAction\":[{\"@type\":\"SearchAction\",\"target\":{\"@type\":\"EntryPoint\",\"urlTemplate\":\"https:\/\/franciscanos.org.br\/noticias\/?s={search_term_string}\"},\"query-input\":\"required name=search_term_string\"}],\"inLanguage\":\"pt-BR\"},{\"@type\":\"ImageObject\",\"inLanguage\":\"pt-BR\",\"@id\":\"https:\/\/franciscanos.org.br\/noticias\/papa-anima-os-jovens-da-bosnia.html#primaryimage\",\"url\":\"https:\/\/franciscanos.org.br\/noticias\/wp-content\/uploads\/2015\/06\/bosnia-1.jpg\",\"contentUrl\":\"https:\/\/franciscanos.org.br\/noticias\/wp-content\/uploads\/2015\/06\/bosnia-1.jpg\"},{\"@type\":\"WebPage\",\"@id\":\"https:\/\/franciscanos.org.br\/noticias\/papa-anima-os-jovens-da-bosnia.html#webpage\",\"url\":\"https:\/\/franciscanos.org.br\/noticias\/papa-anima-os-jovens-da-bosnia.html\",\"name\":\"Papa anima os jovens da B\u00f3snia - Not\u00edcias - Franciscanos\",\"isPartOf\":{\"@id\":\"https:\/\/franciscanos.org.br\/noticias\/#website\"},\"primaryImageOfPage\":{\"@id\":\"https:\/\/franciscanos.org.br\/noticias\/papa-anima-os-jovens-da-bosnia.html#primaryimage\"},\"datePublished\":\"2015-06-06T18:58:57+00:00\",\"dateModified\":\"2020-06-10T18:16:08+00:00\",\"author\":{\"@id\":\"https:\/\/franciscanos.org.br\/noticias\/#\/schema\/person\/b38fbf43118f02820bd932f2e4b14ad3\"},\"breadcrumb\":{\"@id\":\"https:\/\/franciscanos.org.br\/noticias\/papa-anima-os-jovens-da-bosnia.html#breadcrumb\"},\"inLanguage\":\"pt-BR\",\"potentialAction\":[{\"@type\":\"ReadAction\",\"target\":[\"https:\/\/franciscanos.org.br\/noticias\/papa-anima-os-jovens-da-bosnia.html\"]}]},{\"@type\":\"BreadcrumbList\",\"@id\":\"https:\/\/franciscanos.org.br\/noticias\/papa-anima-os-jovens-da-bosnia.html#breadcrumb\",\"itemListElement\":[{\"@type\":\"ListItem\",\"position\":1,\"name\":\"Home\",\"item\":\"https:\/\/franciscanos.org.br\/noticias\"},{\"@type\":\"ListItem\",\"position\":2,\"name\":\"Papa anima os jovens da B\u00f3snia\"}]},{\"@type\":\"Person\",\"@id\":\"https:\/\/franciscanos.org.br\/noticias\/#\/schema\/person\/b38fbf43118f02820bd932f2e4b14ad3\",\"name\":\"admin\",\"image\":{\"@type\":\"ImageObject\",\"inLanguage\":\"pt-BR\",\"@id\":\"https:\/\/franciscanos.org.br\/noticias\/#\/schema\/person\/image\/\",\"url\":\"https:\/\/secure.gravatar.com\/avatar\/e8495742d34d0ba6448ea1c628263b3e?s=96&d=mm&r=g\",\"contentUrl\":\"https:\/\/secure.gravatar.com\/avatar\/e8495742d34d0ba6448ea1c628263b3e?s=96&d=mm&r=g\",\"caption\":\"admin\"},\"url\":\"https:\/\/franciscanos.org.br\/noticias\/author\/admin\"}]}<\/script>\n<!-- \/ Yoast SEO plugin. -->","yoast_head_json":{"title":"Papa anima os jovens da B\u00f3snia - Not\u00edcias - Franciscanos","robots":{"index":"index","follow":"follow","max-snippet":"max-snippet:-1","max-image-preview":"max-image-preview:large","max-video-preview":"max-video-preview:-1"},"canonical":"https:\/\/franciscanos.org.br\/noticias\/papa-anima-os-jovens-da-bosnia.html","og_locale":"pt_BR","og_type":"article","og_title":"Papa anima os jovens da B\u00f3snia - Not\u00edcias - Franciscanos","og_description":"Viagem Apost\u00f3lica \u00e0 B\u00f3snia","og_url":"https:\/\/franciscanos.org.br\/noticias\/papa-anima-os-jovens-da-bosnia.html","og_site_name":"Not\u00edcias - Franciscanos","article_published_time":"2015-06-06T18:58:57+00:00","article_modified_time":"2020-06-10T18:16:08+00:00","og_image":[{"url":"https:\/\/franciscanos.org.br\/noticias\/wp-content\/uploads\/2015\/06\/bosnia-1.jpg"}],"author":"admin","twitter_card":"summary_large_image","twitter_misc":{"Escrito por":"admin","Est. tempo de leitura":"9 minutos"},"schema":{"@context":"https:\/\/schema.org","@graph":[{"@type":"WebSite","@id":"https:\/\/franciscanos.org.br\/noticias\/#website","url":"https:\/\/franciscanos.org.br\/noticias\/","name":"Not\u00edcias - Franciscanos","description":"Prov\u00edncia Franciscana da Imaculada Concei\u00e7\u00e3o do Brasil - Ordem dos Frades Menores - OFM","potentialAction":[{"@type":"SearchAction","target":{"@type":"EntryPoint","urlTemplate":"https:\/\/franciscanos.org.br\/noticias\/?s={search_term_string}"},"query-input":"required name=search_term_string"}],"inLanguage":"pt-BR"},{"@type":"ImageObject","inLanguage":"pt-BR","@id":"https:\/\/franciscanos.org.br\/noticias\/papa-anima-os-jovens-da-bosnia.html#primaryimage","url":"https:\/\/franciscanos.org.br\/noticias\/wp-content\/uploads\/2015\/06\/bosnia-1.jpg","contentUrl":"https:\/\/franciscanos.org.br\/noticias\/wp-content\/uploads\/2015\/06\/bosnia-1.jpg"},{"@type":"WebPage","@id":"https:\/\/franciscanos.org.br\/noticias\/papa-anima-os-jovens-da-bosnia.html#webpage","url":"https:\/\/franciscanos.org.br\/noticias\/papa-anima-os-jovens-da-bosnia.html","name":"Papa anima os jovens da B\u00f3snia - Not\u00edcias - Franciscanos","isPartOf":{"@id":"https:\/\/franciscanos.org.br\/noticias\/#website"},"primaryImageOfPage":{"@id":"https:\/\/franciscanos.org.br\/noticias\/papa-anima-os-jovens-da-bosnia.html#primaryimage"},"datePublished":"2015-06-06T18:58:57+00:00","dateModified":"2020-06-10T18:16:08+00:00","author":{"@id":"https:\/\/franciscanos.org.br\/noticias\/#\/schema\/person\/b38fbf43118f02820bd932f2e4b14ad3"},"breadcrumb":{"@id":"https:\/\/franciscanos.org.br\/noticias\/papa-anima-os-jovens-da-bosnia.html#breadcrumb"},"inLanguage":"pt-BR","potentialAction":[{"@type":"ReadAction","target":["https:\/\/franciscanos.org.br\/noticias\/papa-anima-os-jovens-da-bosnia.html"]}]},{"@type":"BreadcrumbList","@id":"https:\/\/franciscanos.org.br\/noticias\/papa-anima-os-jovens-da-bosnia.html#breadcrumb","itemListElement":[{"@type":"ListItem","position":1,"name":"Home","item":"https:\/\/franciscanos.org.br\/noticias"},{"@type":"ListItem","position":2,"name":"Papa anima os jovens da B\u00f3snia"}]},{"@type":"Person","@id":"https:\/\/franciscanos.org.br\/noticias\/#\/schema\/person\/b38fbf43118f02820bd932f2e4b14ad3","name":"admin","image":{"@type":"ImageObject","inLanguage":"pt-BR","@id":"https:\/\/franciscanos.org.br\/noticias\/#\/schema\/person\/image\/","url":"https:\/\/secure.gravatar.com\/avatar\/e8495742d34d0ba6448ea1c628263b3e?s=96&d=mm&r=g","contentUrl":"https:\/\/secure.gravatar.com\/avatar\/e8495742d34d0ba6448ea1c628263b3e?s=96&d=mm&r=g","caption":"admin"},"url":"https:\/\/franciscanos.org.br\/noticias\/author\/admin"}]}},"_links":{"self":[{"href":"https:\/\/franciscanos.org.br\/noticias\/wp-json\/wp\/v2\/posts\/87502"}],"collection":[{"href":"https:\/\/franciscanos.org.br\/noticias\/wp-json\/wp\/v2\/posts"}],"about":[{"href":"https:\/\/franciscanos.org.br\/noticias\/wp-json\/wp\/v2\/types\/post"}],"author":[{"embeddable":true,"href":"https:\/\/franciscanos.org.br\/noticias\/wp-json\/wp\/v2\/users\/1"}],"replies":[{"embeddable":true,"href":"https:\/\/franciscanos.org.br\/noticias\/wp-json\/wp\/v2\/comments?post=87502"}],"version-history":[{"count":2,"href":"https:\/\/franciscanos.org.br\/noticias\/wp-json\/wp\/v2\/posts\/87502\/revisions"}],"predecessor-version":[{"id":226041,"href":"https:\/\/franciscanos.org.br\/noticias\/wp-json\/wp\/v2\/posts\/87502\/revisions\/226041"}],"wp:attachment":[{"href":"https:\/\/franciscanos.org.br\/noticias\/wp-json\/wp\/v2\/media?parent=87502"}],"wp:term":[{"taxonomy":"category","embeddable":true,"href":"https:\/\/franciscanos.org.br\/noticias\/wp-json\/wp\/v2\/categories?post=87502"},{"taxonomy":"post_tag","embeddable":true,"href":"https:\/\/franciscanos.org.br\/noticias\/wp-json\/wp\/v2\/tags?post=87502"}],"curies":[{"name":"wp","href":"https:\/\/api.w.org\/{rel}","templated":true}]}}