{"id":87483,"date":"2015-06-06T14:47:43","date_gmt":"2015-06-06T17:47:43","guid":{"rendered":"http:\/\/franciscanos.org.br\/?p=87483"},"modified":"2020-02-13T10:49:24","modified_gmt":"2020-02-13T13:49:24","slug":"termina-em-santa-maria-dos-anjos-o-capitulo-geral","status":"publish","type":"post","link":"https:\/\/franciscanos.org.br\/noticias\/termina-em-santa-maria-dos-anjos-o-capitulo-geral.html","title":{"rendered":"Termina em Santa Maria dos Anjos o Cap\u00edtulo Geral"},"content":{"rendered":"<p><strong>Frei Walter de Carvalho J\u00fanior<\/strong><\/p>\n<p>Os dois \u00faltimos dias do Cap\u00edtulo Geral foram ocupados com a vota\u00e7\u00e3o dos mandatos (decis\u00f5es operacionais) e do Documento Final. Como pretendiam, os Capitulares conseguiram diminuir o n\u00famero de mandatos para cerca de 20. O Documento final aprovado, por sua vez, tem por t\u00edtulo \u201cIr \u00e0s periferias com a alegria do Evangelho\u201d. Usando imagens b\u00edblicas, como: a tempestade acalmada, o ex\u00edlio, Abra\u00e3o e Sara, o cego de Jeric\u00f3, e outras, a comiss\u00e3o encarregada da reda\u00e7\u00e3o do documento, conseguiu de maneira clara e inspiradora, traduzir o que se viveu e refletiu durante o m\u00eas de Cap\u00edtulo, e tamb\u00e9m o que vem como propostas para o pr\u00f3ximo sex\u00eanio.<\/p>\n<p>\u00c0s 16h00, na Bas\u00edlica da Porci\u00fancula, o Ministro Geral presidiu a Missa de encerramento do Cap\u00edtulo, e retomou, na homilia, o tema geral: \u201cFrades e Menores nos nossos tempos\u201d.\u00a0 Afirmou que tudo o que fizemos nesses dias, tinha como pano de fundo a refer\u00eancia a esta nossa identidade franciscana. Segundo Frei Michael, nas tantas sess\u00f5es na sala capitar, nas reuni\u00f5es por grupos lingu\u00edsticos, nos encontros das comiss\u00f5es tem\u00e1ticas, nos momentos de celebra\u00e7\u00e3o e peregrina\u00e7\u00e3o, nos recreios festivos, sempre esteve presente a alegria \u2013 e tamb\u00e9m a responsabilidade \u2013, da fraternidade e da minoridade.<\/p>\n<p>Para a sess\u00e3o de conclus\u00e3o do Cap\u00edtulo, \u00e0s 18h00, o Ministro usou efusivas palavras de agradecimento a v\u00e1rias pessoas e grupos, e encorajou a todos a vivermos aquilo a que nos propusemos e que prometemos viver. Animou-nos a sermos \u201cfilhos da liberdade, da paz e da alegria\u201d. Com amplos aplausos, os Capitulares tamb\u00e9m se mostraram agradecidos por tudo que viveram durante a experi\u00eancia do Cap\u00edtulo Geral 2015. Por fim, o Ministro desejou a todos alegre e animado recreio \u00e0 noite.<\/p>\n<p><img loading=\"lazy\" src=\"http:\/\/franciscanos.org.br\/wp-content\/uploads\/2015\/06\/geral_final.jpg\" alt=\"geral_final\" width=\"810\" height=\"500\" \/><\/p>\n<p>&nbsp;<\/p>\n","protected":false},"excerpt":{"rendered":"<p>Cap\u00edtulo Geral<\/p>\n","protected":false},"author":1,"featured_media":220043,"comment_status":"open","ping_status":"open","sticky":false,"template":"","format":"standard","meta":[],"categories":[1],"tags":[],"acf":[],"yoast_head":"<!-- This site is optimized with the Yoast SEO plugin v19.2 - https:\/\/yoast.com\/wordpress\/plugins\/seo\/ -->\n<title>Termina em Santa Maria dos Anjos o Cap\u00edtulo Geral - Not\u00edcias - Franciscanos<\/title>\n<meta name=\"robots\" content=\"index, follow, max-snippet:-1, max-image-preview:large, max-video-preview:-1\" \/>\n<link rel=\"canonical\" href=\"https:\/\/franciscanos.org.br\/noticias\/termina-em-santa-maria-dos-anjos-o-capitulo-geral.html\" \/>\n<meta property=\"og:locale\" content=\"pt_BR\" \/>\n<meta property=\"og:type\" content=\"article\" \/>\n<meta property=\"og:title\" content=\"Termina em Santa Maria dos Anjos o Cap\u00edtulo Geral - Not\u00edcias - Franciscanos\" \/>\n<meta property=\"og:description\" content=\"Cap\u00edtulo Geral\" \/>\n<meta property=\"og:url\" content=\"https:\/\/franciscanos.org.br\/noticias\/termina-em-santa-maria-dos-anjos-o-capitulo-geral.html\" \/>\n<meta property=\"og:site_name\" content=\"Not\u00edcias - Franciscanos\" \/>\n<meta property=\"article:published_time\" content=\"2015-06-06T17:47:43+00:00\" \/>\n<meta property=\"article:modified_time\" content=\"2020-02-13T13:49:24+00:00\" \/>\n<meta property=\"og:image\" content=\"https:\/\/franciscanos.org.br\/noticias\/wp-content\/uploads\/2015\/06\/geral_final.jpg\" \/>\n\t<meta property=\"og:image:width\" content=\"273\" \/>\n\t<meta property=\"og:image:height\" content=\"181\" \/>\n\t<meta property=\"og:image:type\" content=\"image\/jpeg\" \/>\n<meta name=\"author\" content=\"admin\" \/>\n<meta name=\"twitter:card\" content=\"summary_large_image\" \/>\n<meta name=\"twitter:label1\" content=\"Escrito por\" \/>\n\t<meta name=\"twitter:data1\" content=\"admin\" \/>\n\t<meta name=\"twitter:label2\" content=\"Est. tempo de leitura\" \/>\n\t<meta name=\"twitter:data2\" content=\"2 minutos\" \/>\n<script type=\"application\/ld+json\" class=\"yoast-schema-graph\">{\"@context\":\"https:\/\/schema.org\",\"@graph\":[{\"@type\":\"WebSite\",\"@id\":\"https:\/\/franciscanos.org.br\/noticias\/#website\",\"url\":\"https:\/\/franciscanos.org.br\/noticias\/\",\"name\":\"Not\u00edcias - Franciscanos\",\"description\":\"Prov\u00edncia Franciscana da Imaculada Concei\u00e7\u00e3o do Brasil - Ordem dos Frades Menores - OFM\",\"potentialAction\":[{\"@type\":\"SearchAction\",\"target\":{\"@type\":\"EntryPoint\",\"urlTemplate\":\"https:\/\/franciscanos.org.br\/noticias\/?s={search_term_string}\"},\"query-input\":\"required name=search_term_string\"}],\"inLanguage\":\"pt-BR\"},{\"@type\":\"ImageObject\",\"inLanguage\":\"pt-BR\",\"@id\":\"https:\/\/franciscanos.org.br\/noticias\/termina-em-santa-maria-dos-anjos-o-capitulo-geral.html#primaryimage\",\"url\":\"https:\/\/franciscanos.org.br\/noticias\/wp-content\/uploads\/2015\/06\/geral_final.jpg\",\"contentUrl\":\"https:\/\/franciscanos.org.br\/noticias\/wp-content\/uploads\/2015\/06\/geral_final.jpg\",\"width\":273,\"height\":181},{\"@type\":\"WebPage\",\"@id\":\"https:\/\/franciscanos.org.br\/noticias\/termina-em-santa-maria-dos-anjos-o-capitulo-geral.html#webpage\",\"url\":\"https:\/\/franciscanos.org.br\/noticias\/termina-em-santa-maria-dos-anjos-o-capitulo-geral.html\",\"name\":\"Termina em Santa Maria dos Anjos o Cap\u00edtulo Geral - Not\u00edcias - Franciscanos\",\"isPartOf\":{\"@id\":\"https:\/\/franciscanos.org.br\/noticias\/#website\"},\"primaryImageOfPage\":{\"@id\":\"https:\/\/franciscanos.org.br\/noticias\/termina-em-santa-maria-dos-anjos-o-capitulo-geral.html#primaryimage\"},\"datePublished\":\"2015-06-06T17:47:43+00:00\",\"dateModified\":\"2020-02-13T13:49:24+00:00\",\"author\":{\"@id\":\"https:\/\/franciscanos.org.br\/noticias\/#\/schema\/person\/b38fbf43118f02820bd932f2e4b14ad3\"},\"breadcrumb\":{\"@id\":\"https:\/\/franciscanos.org.br\/noticias\/termina-em-santa-maria-dos-anjos-o-capitulo-geral.html#breadcrumb\"},\"inLanguage\":\"pt-BR\",\"potentialAction\":[{\"@type\":\"ReadAction\",\"target\":[\"https:\/\/franciscanos.org.br\/noticias\/termina-em-santa-maria-dos-anjos-o-capitulo-geral.html\"]}]},{\"@type\":\"BreadcrumbList\",\"@id\":\"https:\/\/franciscanos.org.br\/noticias\/termina-em-santa-maria-dos-anjos-o-capitulo-geral.html#breadcrumb\",\"itemListElement\":[{\"@type\":\"ListItem\",\"position\":1,\"name\":\"Home\",\"item\":\"https:\/\/franciscanos.org.br\/noticias\"},{\"@type\":\"ListItem\",\"position\":2,\"name\":\"Termina em Santa Maria dos Anjos o Cap\u00edtulo Geral\"}]},{\"@type\":\"Person\",\"@id\":\"https:\/\/franciscanos.org.br\/noticias\/#\/schema\/person\/b38fbf43118f02820bd932f2e4b14ad3\",\"name\":\"admin\",\"image\":{\"@type\":\"ImageObject\",\"inLanguage\":\"pt-BR\",\"@id\":\"https:\/\/franciscanos.org.br\/noticias\/#\/schema\/person\/image\/\",\"url\":\"https:\/\/secure.gravatar.com\/avatar\/e8495742d34d0ba6448ea1c628263b3e?s=96&d=mm&r=g\",\"contentUrl\":\"https:\/\/secure.gravatar.com\/avatar\/e8495742d34d0ba6448ea1c628263b3e?s=96&d=mm&r=g\",\"caption\":\"admin\"},\"url\":\"https:\/\/franciscanos.org.br\/noticias\/author\/admin\"}]}<\/script>\n<!-- \/ Yoast SEO plugin. -->","yoast_head_json":{"title":"Termina em Santa Maria dos Anjos o Cap\u00edtulo Geral - Not\u00edcias - Franciscanos","robots":{"index":"index","follow":"follow","max-snippet":"max-snippet:-1","max-image-preview":"max-image-preview:large","max-video-preview":"max-video-preview:-1"},"canonical":"https:\/\/franciscanos.org.br\/noticias\/termina-em-santa-maria-dos-anjos-o-capitulo-geral.html","og_locale":"pt_BR","og_type":"article","og_title":"Termina em Santa Maria dos Anjos o Cap\u00edtulo Geral - Not\u00edcias - Franciscanos","og_description":"Cap\u00edtulo Geral","og_url":"https:\/\/franciscanos.org.br\/noticias\/termina-em-santa-maria-dos-anjos-o-capitulo-geral.html","og_site_name":"Not\u00edcias - Franciscanos","article_published_time":"2015-06-06T17:47:43+00:00","article_modified_time":"2020-02-13T13:49:24+00:00","og_image":[{"width":273,"height":181,"url":"https:\/\/franciscanos.org.br\/noticias\/wp-content\/uploads\/2015\/06\/geral_final.jpg","type":"image\/jpeg"}],"author":"admin","twitter_card":"summary_large_image","twitter_misc":{"Escrito por":"admin","Est. tempo de leitura":"2 minutos"},"schema":{"@context":"https:\/\/schema.org","@graph":[{"@type":"WebSite","@id":"https:\/\/franciscanos.org.br\/noticias\/#website","url":"https:\/\/franciscanos.org.br\/noticias\/","name":"Not\u00edcias - Franciscanos","description":"Prov\u00edncia Franciscana da Imaculada Concei\u00e7\u00e3o do Brasil - Ordem dos Frades Menores - OFM","potentialAction":[{"@type":"SearchAction","target":{"@type":"EntryPoint","urlTemplate":"https:\/\/franciscanos.org.br\/noticias\/?s={search_term_string}"},"query-input":"required name=search_term_string"}],"inLanguage":"pt-BR"},{"@type":"ImageObject","inLanguage":"pt-BR","@id":"https:\/\/franciscanos.org.br\/noticias\/termina-em-santa-maria-dos-anjos-o-capitulo-geral.html#primaryimage","url":"https:\/\/franciscanos.org.br\/noticias\/wp-content\/uploads\/2015\/06\/geral_final.jpg","contentUrl":"https:\/\/franciscanos.org.br\/noticias\/wp-content\/uploads\/2015\/06\/geral_final.jpg","width":273,"height":181},{"@type":"WebPage","@id":"https:\/\/franciscanos.org.br\/noticias\/termina-em-santa-maria-dos-anjos-o-capitulo-geral.html#webpage","url":"https:\/\/franciscanos.org.br\/noticias\/termina-em-santa-maria-dos-anjos-o-capitulo-geral.html","name":"Termina em Santa Maria dos Anjos o Cap\u00edtulo Geral - Not\u00edcias - Franciscanos","isPartOf":{"@id":"https:\/\/franciscanos.org.br\/noticias\/#website"},"primaryImageOfPage":{"@id":"https:\/\/franciscanos.org.br\/noticias\/termina-em-santa-maria-dos-anjos-o-capitulo-geral.html#primaryimage"},"datePublished":"2015-06-06T17:47:43+00:00","dateModified":"2020-02-13T13:49:24+00:00","author":{"@id":"https:\/\/franciscanos.org.br\/noticias\/#\/schema\/person\/b38fbf43118f02820bd932f2e4b14ad3"},"breadcrumb":{"@id":"https:\/\/franciscanos.org.br\/noticias\/termina-em-santa-maria-dos-anjos-o-capitulo-geral.html#breadcrumb"},"inLanguage":"pt-BR","potentialAction":[{"@type":"ReadAction","target":["https:\/\/franciscanos.org.br\/noticias\/termina-em-santa-maria-dos-anjos-o-capitulo-geral.html"]}]},{"@type":"BreadcrumbList","@id":"https:\/\/franciscanos.org.br\/noticias\/termina-em-santa-maria-dos-anjos-o-capitulo-geral.html#breadcrumb","itemListElement":[{"@type":"ListItem","position":1,"name":"Home","item":"https:\/\/franciscanos.org.br\/noticias"},{"@type":"ListItem","position":2,"name":"Termina em Santa Maria dos Anjos o Cap\u00edtulo Geral"}]},{"@type":"Person","@id":"https:\/\/franciscanos.org.br\/noticias\/#\/schema\/person\/b38fbf43118f02820bd932f2e4b14ad3","name":"admin","image":{"@type":"ImageObject","inLanguage":"pt-BR","@id":"https:\/\/franciscanos.org.br\/noticias\/#\/schema\/person\/image\/","url":"https:\/\/secure.gravatar.com\/avatar\/e8495742d34d0ba6448ea1c628263b3e?s=96&d=mm&r=g","contentUrl":"https:\/\/secure.gravatar.com\/avatar\/e8495742d34d0ba6448ea1c628263b3e?s=96&d=mm&r=g","caption":"admin"},"url":"https:\/\/franciscanos.org.br\/noticias\/author\/admin"}]}},"_links":{"self":[{"href":"https:\/\/franciscanos.org.br\/noticias\/wp-json\/wp\/v2\/posts\/87483"}],"collection":[{"href":"https:\/\/franciscanos.org.br\/noticias\/wp-json\/wp\/v2\/posts"}],"about":[{"href":"https:\/\/franciscanos.org.br\/noticias\/wp-json\/wp\/v2\/types\/post"}],"author":[{"embeddable":true,"href":"https:\/\/franciscanos.org.br\/noticias\/wp-json\/wp\/v2\/users\/1"}],"replies":[{"embeddable":true,"href":"https:\/\/franciscanos.org.br\/noticias\/wp-json\/wp\/v2\/comments?post=87483"}],"version-history":[{"count":0,"href":"https:\/\/franciscanos.org.br\/noticias\/wp-json\/wp\/v2\/posts\/87483\/revisions"}],"wp:featuredmedia":[{"embeddable":true,"href":"https:\/\/franciscanos.org.br\/noticias\/wp-json\/wp\/v2\/media\/220043"}],"wp:attachment":[{"href":"https:\/\/franciscanos.org.br\/noticias\/wp-json\/wp\/v2\/media?parent=87483"}],"wp:term":[{"taxonomy":"category","embeddable":true,"href":"https:\/\/franciscanos.org.br\/noticias\/wp-json\/wp\/v2\/categories?post=87483"},{"taxonomy":"post_tag","embeddable":true,"href":"https:\/\/franciscanos.org.br\/noticias\/wp-json\/wp\/v2\/tags?post=87483"}],"curies":[{"name":"wp","href":"https:\/\/api.w.org\/{rel}","templated":true}]}}