{"id":87472,"date":"2015-06-06T08:40:28","date_gmt":"2015-06-06T11:40:28","guid":{"rendered":"http:\/\/franciscanos.org.br\/?p=87472"},"modified":"2021-10-08T16:20:05","modified_gmt":"2021-10-08T19:20:05","slug":"o-papa-em-saravejo-nunca-mais-a-guerra","status":"publish","type":"post","link":"https:\/\/franciscanos.org.br\/noticias\/o-papa-em-saravejo-nunca-mais-a-guerra.html","title":{"rendered":"O Papa em Sarajevo: &#8220;Nunca mais a guerra!&#8221;"},"content":{"rendered":"<p>Depois do encontro com as Autoridades, o Papa Francisco dirigiu-se ao est\u00e1dio Kosevo, em Sarajevo, para presidir a celebra\u00e7\u00e3o eucar\u00edstica, segundo momento da sua visita apost\u00f3lica \u00e0 capital da B\u00f3snia e Herzegovina. Calcula-se que 60 mil pessoas participaram da Missa no est\u00e1dio.<\/p>\n<p>Uma \u00e1rea do est\u00e1dio foi reservada para acomodar deficientes e feridos da guerra da d\u00e9cada de noventa. Tamb\u00e9m o Papa Jo\u00e3o Paulo II havia celebrado neste lugar a Missa durante a Viagem apost\u00f3lica de 1997.<\/p>\n<div id=\"attachment_87500\" style=\"width: 265px\" class=\"wp-caption alignleft\"><a href=\"http:\/\/franciscanos.org.br\/wp-content\/uploads\/2015\/06\/SIMBOLO.jpg\"><img aria-describedby=\"caption-attachment-87500\" loading=\"lazy\" class=\"wp-image-87500 \" src=\"http:\/\/franciscanos.org.br\/wp-content\/uploads\/2015\/06\/SIMBOLO.jpg\" alt=\"SIMBOLO\" width=\"255\" height=\"373\" \/><\/a><p id=\"caption-attachment-87500\" class=\"wp-caption-text\">Cruz cravejada de balas durante a guerra<\/p><\/div>\n<p><strong>\u00cdNTEGRA DA HOMILIA<\/strong><\/p>\n<p>Amados irm\u00e3os e irm\u00e3s!<\/p>\n<p>Nas leituras b\u00edblicas que ouvimos, ressoou v\u00e1rias vezes a palavra \u00abpaz\u00bb. Palavra prof\u00e9tica por excel\u00eancia! Paz \u00e9 o sonho de Deus, \u00e9 o projeto de Deus para a humanidade, para a hist\u00f3ria, com toda a cria\u00e7\u00e3o. E \u00e9 um projeto que encontra sempre oposi\u00e7\u00e3o por parte do homem e por parte do maligno. Tamb\u00e9m no nosso tempo, a aspira\u00e7\u00e3o pela paz e o compromisso de a construir colidem com o fato dos numerosos conflitos armados existentes no mundo. \u00c9 uma esp\u00e9cie de terceira guerra mundial travada \u00abaos peda\u00e7os\u00bb; e, no contexto da comunica\u00e7\u00e3o global, sente-se um clima de guerra.<\/p>\n<p>H\u00e1 quem queira deliberadamente criar e fomentar este clima, de modo particular aqueles que procuram o conflito entre culturas e civiliza\u00e7\u00f5es diferentes e tamb\u00e9m quantos, para vender armas, especulam sobre as guerras. Mas a guerra significa crian\u00e7as, mulheres e idosos nos campos de refugiados; significa deslocamentos for\u00e7ados; significa casas, estradas, f\u00e1bricas destru\u00eddas; significa sobretudo tantas vidas destro\u00e7adas. Bem o sabeis v\u00f3s, que experimentastes isto mesmo precisamente aqui: quanto sofrimento, quanta destrui\u00e7\u00e3o, quanta tribula\u00e7\u00e3o! Hoje, amados irm\u00e3os e irm\u00e3s, desta cidade ergue-se mais uma vez o grito do povo de Deus e de todos os homens e mulheres de boa vontade: Nunca mais a guerra!<\/p>\n<p>Dentro deste clima de guerra salienta-se, como um raio de sol que atravessa as nuvens, a palavra de Jesus no Evangelho: \u00abFelizes os pacificadores\u00bb (Mt 5, 9). Trata-se dum apelo sempre atual, que vale para cada gera\u00e7\u00e3o. Jesus n\u00e3o diz \u00abFelizes os pregadores de paz\u00bb: todos s\u00e3o capazes de a proclamar, at\u00e9 de maneira hip\u00f3crita ou mesmo enganadora. N\u00e3o. Ele diz: \u00abFelizes os pacificadores\u00bb, isto \u00e9, aqueles que a fazem. Fazer a paz \u00e9 um trabalho artesanal: requer paix\u00e3o, paci\u00eancia, experi\u00eancia, tenacidade. Felizes s\u00e3o aqueles que semeiam paz com as suas a\u00e7\u00f5es di\u00e1rias, com atitudes e gestos de servi\u00e7o, de fraternidade, de di\u00e1logo, de miseric\u00f3rdia&#8230; Estes sim, \u00abser\u00e3o chamados filhos de Deus\u00bb, porque Deus semeia paz, sempre, por todo o lado; na plenitude dos tempos, semeou no mundo o seu Filho, para que tiv\u00e9ssemos a paz! Fazer a paz \u00e9 um trabalho que se deve realizar todos os dias, passo a passo, sem nunca nos cansarmos.<\/p>\n<p>E como se faz, como se constr\u00f3i a paz? Recordou-no-lo, de forma essencial, o profeta Isa\u00edas: \u00abA paz ser\u00e1 obra da justi\u00e7a\u00bb (32, 17). A frase \u00abopus iustitiae pax\u00bb \u2013 segundo a vers\u00e3o da \u00abVulgata\u00bb \u2013 tornou-se um lema c\u00e9lebre, profeticamente adotado pelo pr\u00f3prio Papa Pio XII. A paz \u00e9 obra da justi\u00e7a. Tamb\u00e9m aqui falamos, n\u00e3o de uma justi\u00e7a declamada, teorizada, planificada, mas da justi\u00e7a praticada, vivida. E o Novo Testamento ensina-nos que o pleno cumprimento da justi\u00e7a \u00e9 amar o pr\u00f3ximo como a n\u00f3s mesmos (cf. Mt 22, 39; Rom 13, 9). Quando, ajudados pela gra\u00e7a de Deus, seguimos este mandamento, como mudam as coisas! Porque mudamos n\u00f3s! Aquela pessoa, aquele povo que eu via como inimigo, na realidade tem o meu pr\u00f3prio rosto, o meu pr\u00f3prio cora\u00e7\u00e3o, a minha pr\u00f3pria alma. Temos o mesmo Pai nos C\u00e9us. Ent\u00e3o a verdadeira justi\u00e7a \u00e9 fazer \u00e0quela pessoa, \u00e0quele povo, o mesmo que eu queria que fosse feito a mim, ao meu povo (cf. Mt 7, 12).<\/p>\n<p>S\u00e3o Paulo, na segunda Leitura, indicou-nos as atitudes necess\u00e1rias para fazer a paz: \u00abRevesti-vos de sentimentos de miseric\u00f3rdia, de bondade, de humildade, de mansid\u00e3o, de paci\u00eancia, suportando-vos uns aos outros e perdoando-vos mutuamente, se algu\u00e9m tiver raz\u00e3o de queixa contra outro. Tal como o Senhor vos perdoou, fazei-o v\u00f3s tamb\u00e9m\u00bb (Col 3, 12-13).<\/p>\n<p>Eis aqui as atitudes para ser \u00abartes\u00e3os\u00bb de paz no dia a dia, onde quer que vivamos. N\u00e3o nos iludamos, por\u00e9m, de que isto dependa s\u00f3 de n\u00f3s; cair\u00edamos num moralismo ilus\u00f3rio. A paz \u00e9 dom de Deus, n\u00e3o em sentido m\u00e1gico, mas porque Ele, com o seu Esp\u00edrito, pode imprimir estas atitudes nos nossos cora\u00e7\u00f5es e na nossa carne, e fazer de n\u00f3s verdadeiros instrumentos da sua paz. E, lendo em profundidade, o Ap\u00f3stolo diz que a paz \u00e9 dom de Deus, porque \u00e9 fruto da sua reconcilia\u00e7\u00e3o conosco. Somente se o homem se deixar reconciliar com Deus, \u00e9 que pode tornar-se um promotor da paz.<\/p>\n<p>Amados irm\u00e3os e irm\u00e3s, hoje pe\u00e7amos juntos ao Senhor, por intercess\u00e3o da Virgem Maria, a gra\u00e7a de ter um cora\u00e7\u00e3o simples, a gra\u00e7a da paci\u00eancia, a gra\u00e7a de lutar e trabalhar pela justi\u00e7a, de ser misericordiosos, de trabalhar pela paz, de semear a paz e n\u00e3o guerra e disc\u00f3rdia. Este \u00e9 o caminho que nos torna felizes, que nos torna bem-aventurados.<\/p>\n<p>Est\u00e1dio Ko\u0161evo de Sarajevo<br \/>\nS\u00e1bado, 6 de Junho de 2015<\/p>\n<hr \/>\n<p><em>Fonte: R\u00e1dio Vaticano<\/em><\/p>\n","protected":false},"excerpt":{"rendered":"<p>Viagem Apost\u00f3lica \u00e0 B\u00f3snia<\/p>\n","protected":false},"author":1,"featured_media":233714,"comment_status":"open","ping_status":"open","sticky":false,"template":"","format":"standard","meta":[],"categories":[1428],"tags":[1140],"acf":[],"yoast_head":"<!-- This site is optimized with the Yoast SEO plugin v19.2 - https:\/\/yoast.com\/wordpress\/plugins\/seo\/ -->\n<title>O Papa em Sarajevo: &quot;Nunca mais a guerra!&quot; - Not\u00edcias - Franciscanos<\/title>\n<meta name=\"robots\" content=\"index, follow, max-snippet:-1, max-image-preview:large, max-video-preview:-1\" \/>\n<link rel=\"canonical\" href=\"https:\/\/franciscanos.org.br\/noticias\/o-papa-em-saravejo-nunca-mais-a-guerra.html\" \/>\n<meta property=\"og:locale\" content=\"pt_BR\" \/>\n<meta property=\"og:type\" content=\"article\" \/>\n<meta property=\"og:title\" content=\"O Papa em Sarajevo: &quot;Nunca mais a guerra!&quot; - Not\u00edcias - Franciscanos\" \/>\n<meta property=\"og:description\" content=\"Viagem Apost\u00f3lica \u00e0 B\u00f3snia\" \/>\n<meta property=\"og:url\" content=\"https:\/\/franciscanos.org.br\/noticias\/o-papa-em-saravejo-nunca-mais-a-guerra.html\" \/>\n<meta property=\"og:site_name\" content=\"Not\u00edcias - Franciscanos\" \/>\n<meta property=\"article:published_time\" content=\"2015-06-06T11:40:28+00:00\" \/>\n<meta property=\"article:modified_time\" content=\"2021-10-08T19:20:05+00:00\" \/>\n<meta property=\"og:image\" content=\"https:\/\/franciscanos.org.br\/noticias\/wp-content\/uploads\/2021\/08\/papa_13.jpg\" \/>\n\t<meta property=\"og:image:width\" content=\"1100\" \/>\n\t<meta property=\"og:image:height\" content=\"734\" \/>\n\t<meta property=\"og:image:type\" content=\"image\/jpeg\" \/>\n<meta name=\"author\" content=\"admin\" \/>\n<meta name=\"twitter:card\" content=\"summary_large_image\" \/>\n<meta name=\"twitter:label1\" content=\"Escrito por\" \/>\n\t<meta name=\"twitter:data1\" content=\"admin\" \/>\n\t<meta name=\"twitter:label2\" content=\"Est. tempo de leitura\" \/>\n\t<meta name=\"twitter:data2\" content=\"4 minutos\" \/>\n<script type=\"application\/ld+json\" class=\"yoast-schema-graph\">{\"@context\":\"https:\/\/schema.org\",\"@graph\":[{\"@type\":\"WebSite\",\"@id\":\"https:\/\/franciscanos.org.br\/noticias\/#website\",\"url\":\"https:\/\/franciscanos.org.br\/noticias\/\",\"name\":\"Not\u00edcias - Franciscanos\",\"description\":\"Prov\u00edncia Franciscana da Imaculada Concei\u00e7\u00e3o do Brasil - Ordem dos Frades Menores - OFM\",\"potentialAction\":[{\"@type\":\"SearchAction\",\"target\":{\"@type\":\"EntryPoint\",\"urlTemplate\":\"https:\/\/franciscanos.org.br\/noticias\/?s={search_term_string}\"},\"query-input\":\"required name=search_term_string\"}],\"inLanguage\":\"pt-BR\"},{\"@type\":\"ImageObject\",\"inLanguage\":\"pt-BR\",\"@id\":\"https:\/\/franciscanos.org.br\/noticias\/o-papa-em-saravejo-nunca-mais-a-guerra.html#primaryimage\",\"url\":\"https:\/\/franciscanos.org.br\/noticias\/wp-content\/uploads\/2021\/08\/papa_13.jpg\",\"contentUrl\":\"https:\/\/franciscanos.org.br\/noticias\/wp-content\/uploads\/2021\/08\/papa_13.jpg\",\"width\":1100,\"height\":734},{\"@type\":\"WebPage\",\"@id\":\"https:\/\/franciscanos.org.br\/noticias\/o-papa-em-saravejo-nunca-mais-a-guerra.html#webpage\",\"url\":\"https:\/\/franciscanos.org.br\/noticias\/o-papa-em-saravejo-nunca-mais-a-guerra.html\",\"name\":\"O Papa em Sarajevo: \\\"Nunca mais a guerra!\\\" - Not\u00edcias - Franciscanos\",\"isPartOf\":{\"@id\":\"https:\/\/franciscanos.org.br\/noticias\/#website\"},\"primaryImageOfPage\":{\"@id\":\"https:\/\/franciscanos.org.br\/noticias\/o-papa-em-saravejo-nunca-mais-a-guerra.html#primaryimage\"},\"datePublished\":\"2015-06-06T11:40:28+00:00\",\"dateModified\":\"2021-10-08T19:20:05+00:00\",\"author\":{\"@id\":\"https:\/\/franciscanos.org.br\/noticias\/#\/schema\/person\/b38fbf43118f02820bd932f2e4b14ad3\"},\"breadcrumb\":{\"@id\":\"https:\/\/franciscanos.org.br\/noticias\/o-papa-em-saravejo-nunca-mais-a-guerra.html#breadcrumb\"},\"inLanguage\":\"pt-BR\",\"potentialAction\":[{\"@type\":\"ReadAction\",\"target\":[\"https:\/\/franciscanos.org.br\/noticias\/o-papa-em-saravejo-nunca-mais-a-guerra.html\"]}]},{\"@type\":\"BreadcrumbList\",\"@id\":\"https:\/\/franciscanos.org.br\/noticias\/o-papa-em-saravejo-nunca-mais-a-guerra.html#breadcrumb\",\"itemListElement\":[{\"@type\":\"ListItem\",\"position\":1,\"name\":\"Home\",\"item\":\"https:\/\/franciscanos.org.br\/noticias\"},{\"@type\":\"ListItem\",\"position\":2,\"name\":\"O Papa em Sarajevo: &#8220;Nunca mais a guerra!&#8221;\"}]},{\"@type\":\"Person\",\"@id\":\"https:\/\/franciscanos.org.br\/noticias\/#\/schema\/person\/b38fbf43118f02820bd932f2e4b14ad3\",\"name\":\"admin\",\"image\":{\"@type\":\"ImageObject\",\"inLanguage\":\"pt-BR\",\"@id\":\"https:\/\/franciscanos.org.br\/noticias\/#\/schema\/person\/image\/\",\"url\":\"https:\/\/secure.gravatar.com\/avatar\/e8495742d34d0ba6448ea1c628263b3e?s=96&d=mm&r=g\",\"contentUrl\":\"https:\/\/secure.gravatar.com\/avatar\/e8495742d34d0ba6448ea1c628263b3e?s=96&d=mm&r=g\",\"caption\":\"admin\"},\"url\":\"https:\/\/franciscanos.org.br\/noticias\/author\/admin\"}]}<\/script>\n<!-- \/ Yoast SEO plugin. -->","yoast_head_json":{"title":"O Papa em Sarajevo: \"Nunca mais a guerra!\" - Not\u00edcias - Franciscanos","robots":{"index":"index","follow":"follow","max-snippet":"max-snippet:-1","max-image-preview":"max-image-preview:large","max-video-preview":"max-video-preview:-1"},"canonical":"https:\/\/franciscanos.org.br\/noticias\/o-papa-em-saravejo-nunca-mais-a-guerra.html","og_locale":"pt_BR","og_type":"article","og_title":"O Papa em Sarajevo: \"Nunca mais a guerra!\" - Not\u00edcias - Franciscanos","og_description":"Viagem Apost\u00f3lica \u00e0 B\u00f3snia","og_url":"https:\/\/franciscanos.org.br\/noticias\/o-papa-em-saravejo-nunca-mais-a-guerra.html","og_site_name":"Not\u00edcias - Franciscanos","article_published_time":"2015-06-06T11:40:28+00:00","article_modified_time":"2021-10-08T19:20:05+00:00","og_image":[{"width":1100,"height":734,"url":"https:\/\/franciscanos.org.br\/noticias\/wp-content\/uploads\/2021\/08\/papa_13.jpg","type":"image\/jpeg"}],"author":"admin","twitter_card":"summary_large_image","twitter_misc":{"Escrito por":"admin","Est. tempo de leitura":"4 minutos"},"schema":{"@context":"https:\/\/schema.org","@graph":[{"@type":"WebSite","@id":"https:\/\/franciscanos.org.br\/noticias\/#website","url":"https:\/\/franciscanos.org.br\/noticias\/","name":"Not\u00edcias - Franciscanos","description":"Prov\u00edncia Franciscana da Imaculada Concei\u00e7\u00e3o do Brasil - Ordem dos Frades Menores - OFM","potentialAction":[{"@type":"SearchAction","target":{"@type":"EntryPoint","urlTemplate":"https:\/\/franciscanos.org.br\/noticias\/?s={search_term_string}"},"query-input":"required name=search_term_string"}],"inLanguage":"pt-BR"},{"@type":"ImageObject","inLanguage":"pt-BR","@id":"https:\/\/franciscanos.org.br\/noticias\/o-papa-em-saravejo-nunca-mais-a-guerra.html#primaryimage","url":"https:\/\/franciscanos.org.br\/noticias\/wp-content\/uploads\/2021\/08\/papa_13.jpg","contentUrl":"https:\/\/franciscanos.org.br\/noticias\/wp-content\/uploads\/2021\/08\/papa_13.jpg","width":1100,"height":734},{"@type":"WebPage","@id":"https:\/\/franciscanos.org.br\/noticias\/o-papa-em-saravejo-nunca-mais-a-guerra.html#webpage","url":"https:\/\/franciscanos.org.br\/noticias\/o-papa-em-saravejo-nunca-mais-a-guerra.html","name":"O Papa em Sarajevo: \"Nunca mais a guerra!\" - Not\u00edcias - Franciscanos","isPartOf":{"@id":"https:\/\/franciscanos.org.br\/noticias\/#website"},"primaryImageOfPage":{"@id":"https:\/\/franciscanos.org.br\/noticias\/o-papa-em-saravejo-nunca-mais-a-guerra.html#primaryimage"},"datePublished":"2015-06-06T11:40:28+00:00","dateModified":"2021-10-08T19:20:05+00:00","author":{"@id":"https:\/\/franciscanos.org.br\/noticias\/#\/schema\/person\/b38fbf43118f02820bd932f2e4b14ad3"},"breadcrumb":{"@id":"https:\/\/franciscanos.org.br\/noticias\/o-papa-em-saravejo-nunca-mais-a-guerra.html#breadcrumb"},"inLanguage":"pt-BR","potentialAction":[{"@type":"ReadAction","target":["https:\/\/franciscanos.org.br\/noticias\/o-papa-em-saravejo-nunca-mais-a-guerra.html"]}]},{"@type":"BreadcrumbList","@id":"https:\/\/franciscanos.org.br\/noticias\/o-papa-em-saravejo-nunca-mais-a-guerra.html#breadcrumb","itemListElement":[{"@type":"ListItem","position":1,"name":"Home","item":"https:\/\/franciscanos.org.br\/noticias"},{"@type":"ListItem","position":2,"name":"O Papa em Sarajevo: &#8220;Nunca mais a guerra!&#8221;"}]},{"@type":"Person","@id":"https:\/\/franciscanos.org.br\/noticias\/#\/schema\/person\/b38fbf43118f02820bd932f2e4b14ad3","name":"admin","image":{"@type":"ImageObject","inLanguage":"pt-BR","@id":"https:\/\/franciscanos.org.br\/noticias\/#\/schema\/person\/image\/","url":"https:\/\/secure.gravatar.com\/avatar\/e8495742d34d0ba6448ea1c628263b3e?s=96&d=mm&r=g","contentUrl":"https:\/\/secure.gravatar.com\/avatar\/e8495742d34d0ba6448ea1c628263b3e?s=96&d=mm&r=g","caption":"admin"},"url":"https:\/\/franciscanos.org.br\/noticias\/author\/admin"}]}},"_links":{"self":[{"href":"https:\/\/franciscanos.org.br\/noticias\/wp-json\/wp\/v2\/posts\/87472"}],"collection":[{"href":"https:\/\/franciscanos.org.br\/noticias\/wp-json\/wp\/v2\/posts"}],"about":[{"href":"https:\/\/franciscanos.org.br\/noticias\/wp-json\/wp\/v2\/types\/post"}],"author":[{"embeddable":true,"href":"https:\/\/franciscanos.org.br\/noticias\/wp-json\/wp\/v2\/users\/1"}],"replies":[{"embeddable":true,"href":"https:\/\/franciscanos.org.br\/noticias\/wp-json\/wp\/v2\/comments?post=87472"}],"version-history":[{"count":3,"href":"https:\/\/franciscanos.org.br\/noticias\/wp-json\/wp\/v2\/posts\/87472\/revisions"}],"predecessor-version":[{"id":234671,"href":"https:\/\/franciscanos.org.br\/noticias\/wp-json\/wp\/v2\/posts\/87472\/revisions\/234671"}],"wp:featuredmedia":[{"embeddable":true,"href":"https:\/\/franciscanos.org.br\/noticias\/wp-json\/wp\/v2\/media\/233714"}],"wp:attachment":[{"href":"https:\/\/franciscanos.org.br\/noticias\/wp-json\/wp\/v2\/media?parent=87472"}],"wp:term":[{"taxonomy":"category","embeddable":true,"href":"https:\/\/franciscanos.org.br\/noticias\/wp-json\/wp\/v2\/categories?post=87472"},{"taxonomy":"post_tag","embeddable":true,"href":"https:\/\/franciscanos.org.br\/noticias\/wp-json\/wp\/v2\/tags?post=87472"}],"curies":[{"name":"wp","href":"https:\/\/api.w.org\/{rel}","templated":true}]}}