{"id":87379,"date":"2015-06-05T07:22:55","date_gmt":"2015-06-05T10:22:55","guid":{"rendered":"http:\/\/franciscanos.org.br\/?p=87379"},"modified":"2020-02-13T13:00:47","modified_gmt":"2020-02-13T16:00:47","slug":"e-dificil-assumir-as-proprias-escolhas","status":"publish","type":"post","link":"https:\/\/franciscanos.org.br\/noticias\/e-dificil-assumir-as-proprias-escolhas.html","title":{"rendered":"\u00c9 dif\u00edcil assumir as pr\u00f3prias escolhas"},"content":{"rendered":"<p><img loading=\"lazy\" class=\"alignnone size-full wp-image-196661\" src=\"https:\/\/franciscanos.org.br\/noticias\/wp-content\/uploads\/2015\/06\/liturgia5.jpg\" alt=\"\" width=\"820\" height=\"543\" srcset=\"https:\/\/franciscanos.org.br\/noticias\/wp-content\/uploads\/2015\/06\/liturgia5.jpg 820w, https:\/\/franciscanos.org.br\/noticias\/wp-content\/uploads\/2015\/06\/liturgia5-450x298.jpg 450w, https:\/\/franciscanos.org.br\/noticias\/wp-content\/uploads\/2015\/06\/liturgia5-768x509.jpg 768w, https:\/\/franciscanos.org.br\/noticias\/wp-content\/uploads\/2015\/06\/liturgia5-150x99.jpg 150w\" sizes=\"(max-width: 820px) 100vw, 820px\" \/><\/p>\n<p><strong>Frei Gustavo Medella<\/strong><\/p>\n<p>Deus respeita tanto a liberdade humana que coloca nas m\u00e3os de cada homem e mulher a constru\u00e7\u00e3o do pr\u00f3prio caminho, seja ele de salva\u00e7\u00e3o ou de perdi\u00e7\u00e3o, de vida ou de morte (Dt 30,15). E como \u00e9 dif\u00edcil tomar a r\u00e9dea da pr\u00f3pria exist\u00eancia, assumir as pr\u00f3prias escolhas, especialmente quando elas n\u00e3o conduzem a um bom caminho. Foi o que ocorreu com Ad\u00e3o e Eva no texto que a liturgia apresenta neste 10\u00b0 Domingo do Tempo Comum (Gn 3,9-15). Eles perceberam que comer do fruto n\u00e3o tinha sido boa ideia. Foram instigados pela serpente e tomados pela tenta\u00e7\u00e3o de, ao comer do famigerado fruto, tornarem-se \u201ccomo deuses\u201d. Deu no que deu&#8230; A prepot\u00eancia os levou a perceberem o absurdo de sua nudez diante da grandeza do Criador. E a\u00ed tornou-se dif\u00edcil assumir a pr\u00f3pria decis\u00e3o e o caminho aparentemente mais f\u00e1cil foi o de \u201cterceirizar a culpa\u201d, num efeito domin\u00f3 at\u00e9 que chegasse \u00e0 serpente. Tudo bem, a serpente pode at\u00e9 ter instigado, mas a decis\u00e3o foi pessoal e intransfer\u00edvel e a\u00ed est\u00e1 a dificuldade de assumir: \u201cEu errei, escolhi mal, fracassei\u201d. D\u00f3i assumir&#8230; O epis\u00f3dio de Ad\u00e3o e Eva \u00e9 humano, profundamente humano. Serve para ilustrar dilemas e dramas de qualquer exist\u00eancia.<\/p>\n<p>Quem busca este caminho de transpar\u00eancia em rela\u00e7\u00e3o a si mesmo, inclusive, corre o risco de seu mal compreendido e at\u00e9 encarado com estranheza. Basta que se olhe para o drama enfrentado por Jesus no Evangelho narrado na liturgia do pr\u00f3ximo domingo (Mc 3,20-35). Em seu caminho de total fidelidade ao projeto do Pai, Jesus \u00e9 acusado de estar fora de si, e mais, de estar possu\u00eddo por Belzebu. Jesus n\u00e3o estava fora de si: ao contr\u00e1rio, estava chamando para si a plena responsabilidade sobre seus atos, escolhas, ensinamentos e palavras. Assumia todas as consequ\u00eancias, ainda que lhe fosse dolorido ouvir de gente t\u00e3o pr\u00f3xima este tipo de blasf\u00eamia.<\/p>\n<p>O caminho da transpar\u00eancia, de assumir as pr\u00f3prias escolhas, \u00e9 dif\u00edcil, por\u00e9m libertador. \u00c9 o trajeto da maturidade proposto e defendido por diversas escolas filos\u00f3ficas. Tamb\u00e9m \u00e9 a dire\u00e7\u00e3o que o Evangelho indica. Assumir a pr\u00f3pria exist\u00eancia, com garra, coragem, humildade e amor a Deus e ao pr\u00f3ximo \u00e9 o caminho que aproxima o ser humano ao Pai, que o torna extremamente familiar ao Filho pela a\u00e7\u00e3o do Esp\u00edrito.<\/p>\n","protected":false},"excerpt":{"rendered":"<p>Liturgia dominical<\/p>\n","protected":false},"author":1,"featured_media":220185,"comment_status":"open","ping_status":"open","sticky":false,"template":"","format":"standard","meta":[],"categories":[1],"tags":[537],"acf":[],"yoast_head":"<!-- This site is optimized with the Yoast SEO plugin v19.2 - https:\/\/yoast.com\/wordpress\/plugins\/seo\/ -->\n<title>\u00c9 dif\u00edcil assumir as pr\u00f3prias escolhas - Not\u00edcias - Franciscanos<\/title>\n<meta name=\"robots\" content=\"index, follow, max-snippet:-1, max-image-preview:large, max-video-preview:-1\" \/>\n<link rel=\"canonical\" href=\"https:\/\/franciscanos.org.br\/noticias\/e-dificil-assumir-as-proprias-escolhas.html\" \/>\n<meta property=\"og:locale\" content=\"pt_BR\" \/>\n<meta property=\"og:type\" content=\"article\" \/>\n<meta property=\"og:title\" content=\"\u00c9 dif\u00edcil assumir as pr\u00f3prias escolhas - Not\u00edcias - Franciscanos\" \/>\n<meta property=\"og:description\" content=\"Liturgia dominical\" \/>\n<meta property=\"og:url\" content=\"https:\/\/franciscanos.org.br\/noticias\/e-dificil-assumir-as-proprias-escolhas.html\" \/>\n<meta property=\"og:site_name\" content=\"Not\u00edcias - Franciscanos\" \/>\n<meta property=\"article:published_time\" content=\"2015-06-05T10:22:55+00:00\" \/>\n<meta property=\"article:modified_time\" content=\"2020-02-13T16:00:47+00:00\" \/>\n<meta property=\"og:image\" content=\"https:\/\/franciscanos.org.br\/noticias\/wp-content\/uploads\/2015\/06\/liturgia5-1.jpg\" \/>\n\t<meta property=\"og:image:width\" content=\"273\" \/>\n\t<meta property=\"og:image:height\" content=\"181\" \/>\n\t<meta property=\"og:image:type\" content=\"image\/jpeg\" \/>\n<meta name=\"author\" content=\"admin\" \/>\n<meta name=\"twitter:card\" content=\"summary_large_image\" \/>\n<meta name=\"twitter:label1\" content=\"Escrito por\" \/>\n\t<meta name=\"twitter:data1\" content=\"admin\" \/>\n\t<meta name=\"twitter:label2\" content=\"Est. tempo de leitura\" \/>\n\t<meta name=\"twitter:data2\" content=\"2 minutos\" \/>\n<script type=\"application\/ld+json\" class=\"yoast-schema-graph\">{\"@context\":\"https:\/\/schema.org\",\"@graph\":[{\"@type\":\"WebSite\",\"@id\":\"https:\/\/franciscanos.org.br\/noticias\/#website\",\"url\":\"https:\/\/franciscanos.org.br\/noticias\/\",\"name\":\"Not\u00edcias - Franciscanos\",\"description\":\"Prov\u00edncia Franciscana da Imaculada Concei\u00e7\u00e3o do Brasil - Ordem dos Frades Menores - OFM\",\"potentialAction\":[{\"@type\":\"SearchAction\",\"target\":{\"@type\":\"EntryPoint\",\"urlTemplate\":\"https:\/\/franciscanos.org.br\/noticias\/?s={search_term_string}\"},\"query-input\":\"required name=search_term_string\"}],\"inLanguage\":\"pt-BR\"},{\"@type\":\"ImageObject\",\"inLanguage\":\"pt-BR\",\"@id\":\"https:\/\/franciscanos.org.br\/noticias\/e-dificil-assumir-as-proprias-escolhas.html#primaryimage\",\"url\":\"https:\/\/franciscanos.org.br\/noticias\/wp-content\/uploads\/2015\/06\/liturgia5-1.jpg\",\"contentUrl\":\"https:\/\/franciscanos.org.br\/noticias\/wp-content\/uploads\/2015\/06\/liturgia5-1.jpg\",\"width\":273,\"height\":181},{\"@type\":\"WebPage\",\"@id\":\"https:\/\/franciscanos.org.br\/noticias\/e-dificil-assumir-as-proprias-escolhas.html#webpage\",\"url\":\"https:\/\/franciscanos.org.br\/noticias\/e-dificil-assumir-as-proprias-escolhas.html\",\"name\":\"\u00c9 dif\u00edcil assumir as pr\u00f3prias escolhas - Not\u00edcias - Franciscanos\",\"isPartOf\":{\"@id\":\"https:\/\/franciscanos.org.br\/noticias\/#website\"},\"primaryImageOfPage\":{\"@id\":\"https:\/\/franciscanos.org.br\/noticias\/e-dificil-assumir-as-proprias-escolhas.html#primaryimage\"},\"datePublished\":\"2015-06-05T10:22:55+00:00\",\"dateModified\":\"2020-02-13T16:00:47+00:00\",\"author\":{\"@id\":\"https:\/\/franciscanos.org.br\/noticias\/#\/schema\/person\/b38fbf43118f02820bd932f2e4b14ad3\"},\"breadcrumb\":{\"@id\":\"https:\/\/franciscanos.org.br\/noticias\/e-dificil-assumir-as-proprias-escolhas.html#breadcrumb\"},\"inLanguage\":\"pt-BR\",\"potentialAction\":[{\"@type\":\"ReadAction\",\"target\":[\"https:\/\/franciscanos.org.br\/noticias\/e-dificil-assumir-as-proprias-escolhas.html\"]}]},{\"@type\":\"BreadcrumbList\",\"@id\":\"https:\/\/franciscanos.org.br\/noticias\/e-dificil-assumir-as-proprias-escolhas.html#breadcrumb\",\"itemListElement\":[{\"@type\":\"ListItem\",\"position\":1,\"name\":\"Home\",\"item\":\"https:\/\/franciscanos.org.br\/noticias\"},{\"@type\":\"ListItem\",\"position\":2,\"name\":\"\u00c9 dif\u00edcil assumir as pr\u00f3prias escolhas\"}]},{\"@type\":\"Person\",\"@id\":\"https:\/\/franciscanos.org.br\/noticias\/#\/schema\/person\/b38fbf43118f02820bd932f2e4b14ad3\",\"name\":\"admin\",\"image\":{\"@type\":\"ImageObject\",\"inLanguage\":\"pt-BR\",\"@id\":\"https:\/\/franciscanos.org.br\/noticias\/#\/schema\/person\/image\/\",\"url\":\"https:\/\/secure.gravatar.com\/avatar\/e8495742d34d0ba6448ea1c628263b3e?s=96&d=mm&r=g\",\"contentUrl\":\"https:\/\/secure.gravatar.com\/avatar\/e8495742d34d0ba6448ea1c628263b3e?s=96&d=mm&r=g\",\"caption\":\"admin\"},\"url\":\"https:\/\/franciscanos.org.br\/noticias\/author\/admin\"}]}<\/script>\n<!-- \/ Yoast SEO plugin. -->","yoast_head_json":{"title":"\u00c9 dif\u00edcil assumir as pr\u00f3prias escolhas - Not\u00edcias - Franciscanos","robots":{"index":"index","follow":"follow","max-snippet":"max-snippet:-1","max-image-preview":"max-image-preview:large","max-video-preview":"max-video-preview:-1"},"canonical":"https:\/\/franciscanos.org.br\/noticias\/e-dificil-assumir-as-proprias-escolhas.html","og_locale":"pt_BR","og_type":"article","og_title":"\u00c9 dif\u00edcil assumir as pr\u00f3prias escolhas - Not\u00edcias - Franciscanos","og_description":"Liturgia dominical","og_url":"https:\/\/franciscanos.org.br\/noticias\/e-dificil-assumir-as-proprias-escolhas.html","og_site_name":"Not\u00edcias - Franciscanos","article_published_time":"2015-06-05T10:22:55+00:00","article_modified_time":"2020-02-13T16:00:47+00:00","og_image":[{"width":273,"height":181,"url":"https:\/\/franciscanos.org.br\/noticias\/wp-content\/uploads\/2015\/06\/liturgia5-1.jpg","type":"image\/jpeg"}],"author":"admin","twitter_card":"summary_large_image","twitter_misc":{"Escrito por":"admin","Est. tempo de leitura":"2 minutos"},"schema":{"@context":"https:\/\/schema.org","@graph":[{"@type":"WebSite","@id":"https:\/\/franciscanos.org.br\/noticias\/#website","url":"https:\/\/franciscanos.org.br\/noticias\/","name":"Not\u00edcias - Franciscanos","description":"Prov\u00edncia Franciscana da Imaculada Concei\u00e7\u00e3o do Brasil - Ordem dos Frades Menores - OFM","potentialAction":[{"@type":"SearchAction","target":{"@type":"EntryPoint","urlTemplate":"https:\/\/franciscanos.org.br\/noticias\/?s={search_term_string}"},"query-input":"required name=search_term_string"}],"inLanguage":"pt-BR"},{"@type":"ImageObject","inLanguage":"pt-BR","@id":"https:\/\/franciscanos.org.br\/noticias\/e-dificil-assumir-as-proprias-escolhas.html#primaryimage","url":"https:\/\/franciscanos.org.br\/noticias\/wp-content\/uploads\/2015\/06\/liturgia5-1.jpg","contentUrl":"https:\/\/franciscanos.org.br\/noticias\/wp-content\/uploads\/2015\/06\/liturgia5-1.jpg","width":273,"height":181},{"@type":"WebPage","@id":"https:\/\/franciscanos.org.br\/noticias\/e-dificil-assumir-as-proprias-escolhas.html#webpage","url":"https:\/\/franciscanos.org.br\/noticias\/e-dificil-assumir-as-proprias-escolhas.html","name":"\u00c9 dif\u00edcil assumir as pr\u00f3prias escolhas - Not\u00edcias - Franciscanos","isPartOf":{"@id":"https:\/\/franciscanos.org.br\/noticias\/#website"},"primaryImageOfPage":{"@id":"https:\/\/franciscanos.org.br\/noticias\/e-dificil-assumir-as-proprias-escolhas.html#primaryimage"},"datePublished":"2015-06-05T10:22:55+00:00","dateModified":"2020-02-13T16:00:47+00:00","author":{"@id":"https:\/\/franciscanos.org.br\/noticias\/#\/schema\/person\/b38fbf43118f02820bd932f2e4b14ad3"},"breadcrumb":{"@id":"https:\/\/franciscanos.org.br\/noticias\/e-dificil-assumir-as-proprias-escolhas.html#breadcrumb"},"inLanguage":"pt-BR","potentialAction":[{"@type":"ReadAction","target":["https:\/\/franciscanos.org.br\/noticias\/e-dificil-assumir-as-proprias-escolhas.html"]}]},{"@type":"BreadcrumbList","@id":"https:\/\/franciscanos.org.br\/noticias\/e-dificil-assumir-as-proprias-escolhas.html#breadcrumb","itemListElement":[{"@type":"ListItem","position":1,"name":"Home","item":"https:\/\/franciscanos.org.br\/noticias"},{"@type":"ListItem","position":2,"name":"\u00c9 dif\u00edcil assumir as pr\u00f3prias escolhas"}]},{"@type":"Person","@id":"https:\/\/franciscanos.org.br\/noticias\/#\/schema\/person\/b38fbf43118f02820bd932f2e4b14ad3","name":"admin","image":{"@type":"ImageObject","inLanguage":"pt-BR","@id":"https:\/\/franciscanos.org.br\/noticias\/#\/schema\/person\/image\/","url":"https:\/\/secure.gravatar.com\/avatar\/e8495742d34d0ba6448ea1c628263b3e?s=96&d=mm&r=g","contentUrl":"https:\/\/secure.gravatar.com\/avatar\/e8495742d34d0ba6448ea1c628263b3e?s=96&d=mm&r=g","caption":"admin"},"url":"https:\/\/franciscanos.org.br\/noticias\/author\/admin"}]}},"_links":{"self":[{"href":"https:\/\/franciscanos.org.br\/noticias\/wp-json\/wp\/v2\/posts\/87379"}],"collection":[{"href":"https:\/\/franciscanos.org.br\/noticias\/wp-json\/wp\/v2\/posts"}],"about":[{"href":"https:\/\/franciscanos.org.br\/noticias\/wp-json\/wp\/v2\/types\/post"}],"author":[{"embeddable":true,"href":"https:\/\/franciscanos.org.br\/noticias\/wp-json\/wp\/v2\/users\/1"}],"replies":[{"embeddable":true,"href":"https:\/\/franciscanos.org.br\/noticias\/wp-json\/wp\/v2\/comments?post=87379"}],"version-history":[{"count":0,"href":"https:\/\/franciscanos.org.br\/noticias\/wp-json\/wp\/v2\/posts\/87379\/revisions"}],"wp:featuredmedia":[{"embeddable":true,"href":"https:\/\/franciscanos.org.br\/noticias\/wp-json\/wp\/v2\/media\/220185"}],"wp:attachment":[{"href":"https:\/\/franciscanos.org.br\/noticias\/wp-json\/wp\/v2\/media?parent=87379"}],"wp:term":[{"taxonomy":"category","embeddable":true,"href":"https:\/\/franciscanos.org.br\/noticias\/wp-json\/wp\/v2\/categories?post=87379"},{"taxonomy":"post_tag","embeddable":true,"href":"https:\/\/franciscanos.org.br\/noticias\/wp-json\/wp\/v2\/tags?post=87379"}],"curies":[{"name":"wp","href":"https:\/\/api.w.org\/{rel}","templated":true}]}}