{"id":87098,"date":"2015-06-03T09:25:41","date_gmt":"2015-06-03T12:25:41","guid":{"rendered":"http:\/\/franciscanos.org.br\/?p=87098"},"modified":"2020-06-10T15:23:41","modified_gmt":"2020-06-10T18:23:41","slug":"cebs-fazem-memoria-do-7o-intereclesial-em-duque-de-caxias","status":"publish","type":"post","link":"https:\/\/franciscanos.org.br\/noticias\/cebs-fazem-memoria-do-7o-intereclesial-em-duque-de-caxias.html","title":{"rendered":"Cebs fazem mem\u00f3ria do 7\u00ba intereclesial em Duque de Caxias"},"content":{"rendered":"<p><img loading=\"lazy\" src=\"http:\/\/franciscanos.org.br\/wp-content\/uploads\/2015\/06\/021.jpg\" alt=\"02\" width=\"820\" height=\"354\" \/><\/p>\n<p>As Comunidades Eclesiais de Base (CEBs) da Diocese de Duque de Caxias (RJ) celebraram no \u00faltimo domingo, 1\u00ba de junho, no Col\u00e9gio Santo Ant\u00f4nio, os 25 anos da realiza\u00e7\u00e3o, na Diocese, do 7\u00ba Intereclesial de CEBs, que \u00e0 \u00e9poca teve como tema <strong>&#8220;Povo de Deus na Am\u00e9rica Latina a caminho da liberta\u00e7\u00e3o&#8221;<\/strong>. O evento fez mem\u00f3ria da caminhada da Igreja e todos puderam compartilhar lutas e desafios atuais das comunidades, par\u00f3quias, pastorais e movimentos sociais na Baixada Fluminense ao longo de mais de duas d\u00e9cadas de experi\u00eancias, revelando com mais clareza a situa\u00e7\u00e3o de sofrimento e resist\u00eancia em prol da constru\u00e7\u00e3o do Reino de Deus.<\/p>\n<p>O encontro reuniu ainda representantes das Cebs das dioceses de Duque de Caxias, Nova Igua\u00e7u, Valen\u00e7a e da Arquidiocese do Rio de Janeiro e foi aberto com a celebra\u00e7\u00e3o do Of\u00edcio Divino das Comunidades. A Fraternidade Santo Ant\u00f4nio de Duque de Caxias, vinculada \u00e0 Ordem Franciscana Secular (OFS), e o frei Evaristo Splenger, OFM, tamb\u00e9m estiveram presentes no encontro celebrativo.<\/p>\n<p><a href=\"http:\/\/franciscanos.org.br\/wp-content\/uploads\/2015\/06\/032.jpg\"><img loading=\"lazy\" class=\"alignright size-full wp-image-87100\" src=\"http:\/\/franciscanos.org.br\/wp-content\/uploads\/2015\/06\/032.jpg\" alt=\"03\" width=\"400\" height=\"237\" \/><\/a>Para assessorar o evento foi convidado o professor de teologia da PUC e assessor nacional das CEBs, Celso Carias, que fez uma abordagem teol\u00f3gica da experi\u00eancia crist\u00e3 a partir da realidade urbana moderna e os desafios que se apresentam em espa\u00e7os marcados marcadas por profundas modifica\u00e7\u00f5es culturais e sociais que precisam ser melhor compreendidas para que as Cebs possam dialogar e conviver com as diferen\u00e7as sem perder sua identidade e m\u00edstica. Para o professor, o jubileu de prata do 7\u00ba Intereclesial de CEBs se insere no contexto da eclesiologia do Vaticano II para atualizar a Igreja e adapt\u00e1-la ao mundo atual.\u00a0 &#8220;O m\u00e9todo \u201cVER\u201d, \u201cJULGAR\u201d e \u201cAGIR\u201d, mostra que ao conjugar estes verbos as CEBs tamb\u00e9m est\u00e3o preparadas para fazer uma avalia\u00e7\u00e3o e uma an\u00e1lise cr\u00edtica e cr\u00edtica e frut\u00edfera da mem\u00f3ria hist\u00f3rica dessa caminhada&#8221; &#8211; afirmou.<\/p>\n<p>Ap\u00f3s a palestra, os participantes celebraram a hist\u00f3rica caminhada das CEBs na Baixada Fluninense com a missa presidida por Dom Tarc\u00edsio Nascentes dos Santos, bispo da Diocese de Duque de Caxias, e\u00a0 concelebrada por Dom Mauro Morelli, bispo em\u00e9rito da Diocese de Duque de Caxias, Dom Luciano Bergamin, bispo da Diocese de Nova Igua\u00e7u, padre Bernard Colgan, e por di\u00e1conos das duas dioceses. Em sua homilia, Dom Tarc\u00edsio destacou que a Igreja reconhece e louva o esfor\u00e7o das pequenas comunidades em viver a f\u00e9 crist\u00e3 e o an\u00fancio do Evangelho de uma maneira aut\u00eantica, unida aos tesouros da Tradi\u00e7\u00e3o e do Magist\u00e9rio da Igreja, partilhando a vida, as experi\u00eancias e as reflex\u00f5es.<\/p>\n<p><img loading=\"lazy\" src=\"http:\/\/franciscanos.org.br\/wp-content\/uploads\/2015\/06\/011.jpg\" alt=\"01\" width=\"820\" height=\"439\" \/><\/p>\n<p>A confer\u00eancia de Aparecida valorizou as CEBs como \u201cexpress\u00e3o vis\u00edvel da op\u00e7\u00e3o preferencial pelos pobres; elas s\u00e3o fonte e semente de variados servi\u00e7os e minist\u00e9rios a favor da vida na sociedade e na Igreja\u201d (DA 179). Nessa perspectiva, a proposta da organiza\u00e7\u00e3o das CEBs em rede de comunidades d\u00e1 mais espa\u00e7o aos leigos e oferecem uma melhor presen\u00e7a eclesial no territ\u00f3rio; esse processo se d\u00e1 pela organiza\u00e7\u00e3o das fam\u00edlias em grupos de reflex\u00e3o b\u00edblica, celebra\u00e7\u00e3o lit\u00fargica e servi\u00e7os mission\u00e1rio ou pastoral.<\/p>\n<p>Ao longo do dia, assessores, lideran\u00e7as\u00a0 e representantes realizaram debates dos grupos e trouxeram para a plen\u00e1ria testemunhos de luta, desafios e esperan\u00e7as, cuja experi\u00eancia continua sendo um grande valor para essas\u00a0 comunidades, para a Igreja latino-americana e para a sociedade. O 14\u00ba intereclesial das Cebs ser\u00e1 realizado de 23 a 27 de janeiro de 2018, na Cidade de Londrina, Paran\u00e1, e ter\u00e1 como tema: \u201cCEBs e os desafios no mundo urbano\u201d, e o lema: \u201cEu vi e ouvi os clamores do meu povo e desci para libert\u00e1-lo\u201d (Ex 3,7). ser\u00e1: \u201cCEBs e os desafios no mundo urbano\u201d, e o lema: \u201cEu vi e ouvi os clamores do meu povo e desci para libert\u00e1-lo\u201d (Ex 3,7).<\/p>\n","protected":false},"excerpt":{"rendered":"<p>Celebra\u00e7\u00e3o<\/p>\n","protected":false},"author":1,"featured_media":216807,"comment_status":"open","ping_status":"open","sticky":false,"template":"","format":"standard","meta":[],"categories":[1],"tags":[60],"acf":[],"yoast_head":"<!-- This site is optimized with the Yoast SEO plugin v19.2 - https:\/\/yoast.com\/wordpress\/plugins\/seo\/ -->\n<title>Cebs fazem mem\u00f3ria do 7\u00ba intereclesial em Duque de Caxias - Not\u00edcias - Franciscanos<\/title>\n<meta name=\"robots\" content=\"index, follow, max-snippet:-1, max-image-preview:large, max-video-preview:-1\" \/>\n<link rel=\"canonical\" href=\"https:\/\/franciscanos.org.br\/noticias\/cebs-fazem-memoria-do-7o-intereclesial-em-duque-de-caxias.html\" \/>\n<meta property=\"og:locale\" content=\"pt_BR\" \/>\n<meta property=\"og:type\" content=\"article\" \/>\n<meta property=\"og:title\" content=\"Cebs fazem mem\u00f3ria do 7\u00ba intereclesial em Duque de Caxias - Not\u00edcias - Franciscanos\" \/>\n<meta property=\"og:description\" content=\"Celebra\u00e7\u00e3o\" \/>\n<meta property=\"og:url\" content=\"https:\/\/franciscanos.org.br\/noticias\/cebs-fazem-memoria-do-7o-intereclesial-em-duque-de-caxias.html\" \/>\n<meta property=\"og:site_name\" content=\"Not\u00edcias - Franciscanos\" \/>\n<meta property=\"article:published_time\" content=\"2015-06-03T12:25:41+00:00\" \/>\n<meta property=\"article:modified_time\" content=\"2020-06-10T18:23:41+00:00\" \/>\n<meta property=\"og:image\" content=\"https:\/\/franciscanos.org.br\/noticias\/wp-content\/uploads\/2015\/06\/021.jpg\" \/>\n\t<meta property=\"og:image:width\" content=\"273\" \/>\n\t<meta property=\"og:image:height\" content=\"181\" \/>\n\t<meta property=\"og:image:type\" content=\"image\/jpeg\" \/>\n<meta name=\"author\" content=\"admin\" \/>\n<meta name=\"twitter:card\" content=\"summary_large_image\" \/>\n<meta name=\"twitter:label1\" content=\"Escrito por\" \/>\n\t<meta name=\"twitter:data1\" content=\"admin\" \/>\n\t<meta name=\"twitter:label2\" content=\"Est. tempo de leitura\" \/>\n\t<meta name=\"twitter:data2\" content=\"3 minutos\" \/>\n<script type=\"application\/ld+json\" class=\"yoast-schema-graph\">{\"@context\":\"https:\/\/schema.org\",\"@graph\":[{\"@type\":\"WebSite\",\"@id\":\"https:\/\/franciscanos.org.br\/noticias\/#website\",\"url\":\"https:\/\/franciscanos.org.br\/noticias\/\",\"name\":\"Not\u00edcias - Franciscanos\",\"description\":\"Prov\u00edncia Franciscana da Imaculada Concei\u00e7\u00e3o do Brasil - Ordem dos Frades Menores - OFM\",\"potentialAction\":[{\"@type\":\"SearchAction\",\"target\":{\"@type\":\"EntryPoint\",\"urlTemplate\":\"https:\/\/franciscanos.org.br\/noticias\/?s={search_term_string}\"},\"query-input\":\"required name=search_term_string\"}],\"inLanguage\":\"pt-BR\"},{\"@type\":\"ImageObject\",\"inLanguage\":\"pt-BR\",\"@id\":\"https:\/\/franciscanos.org.br\/noticias\/cebs-fazem-memoria-do-7o-intereclesial-em-duque-de-caxias.html#primaryimage\",\"url\":\"https:\/\/franciscanos.org.br\/noticias\/wp-content\/uploads\/2015\/06\/021.jpg\",\"contentUrl\":\"https:\/\/franciscanos.org.br\/noticias\/wp-content\/uploads\/2015\/06\/021.jpg\",\"width\":273,\"height\":181},{\"@type\":\"WebPage\",\"@id\":\"https:\/\/franciscanos.org.br\/noticias\/cebs-fazem-memoria-do-7o-intereclesial-em-duque-de-caxias.html#webpage\",\"url\":\"https:\/\/franciscanos.org.br\/noticias\/cebs-fazem-memoria-do-7o-intereclesial-em-duque-de-caxias.html\",\"name\":\"Cebs fazem mem\u00f3ria do 7\u00ba intereclesial em Duque de Caxias - Not\u00edcias - Franciscanos\",\"isPartOf\":{\"@id\":\"https:\/\/franciscanos.org.br\/noticias\/#website\"},\"primaryImageOfPage\":{\"@id\":\"https:\/\/franciscanos.org.br\/noticias\/cebs-fazem-memoria-do-7o-intereclesial-em-duque-de-caxias.html#primaryimage\"},\"datePublished\":\"2015-06-03T12:25:41+00:00\",\"dateModified\":\"2020-06-10T18:23:41+00:00\",\"author\":{\"@id\":\"https:\/\/franciscanos.org.br\/noticias\/#\/schema\/person\/b38fbf43118f02820bd932f2e4b14ad3\"},\"breadcrumb\":{\"@id\":\"https:\/\/franciscanos.org.br\/noticias\/cebs-fazem-memoria-do-7o-intereclesial-em-duque-de-caxias.html#breadcrumb\"},\"inLanguage\":\"pt-BR\",\"potentialAction\":[{\"@type\":\"ReadAction\",\"target\":[\"https:\/\/franciscanos.org.br\/noticias\/cebs-fazem-memoria-do-7o-intereclesial-em-duque-de-caxias.html\"]}]},{\"@type\":\"BreadcrumbList\",\"@id\":\"https:\/\/franciscanos.org.br\/noticias\/cebs-fazem-memoria-do-7o-intereclesial-em-duque-de-caxias.html#breadcrumb\",\"itemListElement\":[{\"@type\":\"ListItem\",\"position\":1,\"name\":\"Home\",\"item\":\"https:\/\/franciscanos.org.br\/noticias\"},{\"@type\":\"ListItem\",\"position\":2,\"name\":\"Cebs fazem mem\u00f3ria do 7\u00ba intereclesial em Duque de Caxias\"}]},{\"@type\":\"Person\",\"@id\":\"https:\/\/franciscanos.org.br\/noticias\/#\/schema\/person\/b38fbf43118f02820bd932f2e4b14ad3\",\"name\":\"admin\",\"image\":{\"@type\":\"ImageObject\",\"inLanguage\":\"pt-BR\",\"@id\":\"https:\/\/franciscanos.org.br\/noticias\/#\/schema\/person\/image\/\",\"url\":\"https:\/\/secure.gravatar.com\/avatar\/e8495742d34d0ba6448ea1c628263b3e?s=96&d=mm&r=g\",\"contentUrl\":\"https:\/\/secure.gravatar.com\/avatar\/e8495742d34d0ba6448ea1c628263b3e?s=96&d=mm&r=g\",\"caption\":\"admin\"},\"url\":\"https:\/\/franciscanos.org.br\/noticias\/author\/admin\"}]}<\/script>\n<!-- \/ Yoast SEO plugin. -->","yoast_head_json":{"title":"Cebs fazem mem\u00f3ria do 7\u00ba intereclesial em Duque de Caxias - Not\u00edcias - Franciscanos","robots":{"index":"index","follow":"follow","max-snippet":"max-snippet:-1","max-image-preview":"max-image-preview:large","max-video-preview":"max-video-preview:-1"},"canonical":"https:\/\/franciscanos.org.br\/noticias\/cebs-fazem-memoria-do-7o-intereclesial-em-duque-de-caxias.html","og_locale":"pt_BR","og_type":"article","og_title":"Cebs fazem mem\u00f3ria do 7\u00ba intereclesial em Duque de Caxias - Not\u00edcias - Franciscanos","og_description":"Celebra\u00e7\u00e3o","og_url":"https:\/\/franciscanos.org.br\/noticias\/cebs-fazem-memoria-do-7o-intereclesial-em-duque-de-caxias.html","og_site_name":"Not\u00edcias - Franciscanos","article_published_time":"2015-06-03T12:25:41+00:00","article_modified_time":"2020-06-10T18:23:41+00:00","og_image":[{"width":273,"height":181,"url":"https:\/\/franciscanos.org.br\/noticias\/wp-content\/uploads\/2015\/06\/021.jpg","type":"image\/jpeg"}],"author":"admin","twitter_card":"summary_large_image","twitter_misc":{"Escrito por":"admin","Est. tempo de leitura":"3 minutos"},"schema":{"@context":"https:\/\/schema.org","@graph":[{"@type":"WebSite","@id":"https:\/\/franciscanos.org.br\/noticias\/#website","url":"https:\/\/franciscanos.org.br\/noticias\/","name":"Not\u00edcias - Franciscanos","description":"Prov\u00edncia Franciscana da Imaculada Concei\u00e7\u00e3o do Brasil - Ordem dos Frades Menores - OFM","potentialAction":[{"@type":"SearchAction","target":{"@type":"EntryPoint","urlTemplate":"https:\/\/franciscanos.org.br\/noticias\/?s={search_term_string}"},"query-input":"required name=search_term_string"}],"inLanguage":"pt-BR"},{"@type":"ImageObject","inLanguage":"pt-BR","@id":"https:\/\/franciscanos.org.br\/noticias\/cebs-fazem-memoria-do-7o-intereclesial-em-duque-de-caxias.html#primaryimage","url":"https:\/\/franciscanos.org.br\/noticias\/wp-content\/uploads\/2015\/06\/021.jpg","contentUrl":"https:\/\/franciscanos.org.br\/noticias\/wp-content\/uploads\/2015\/06\/021.jpg","width":273,"height":181},{"@type":"WebPage","@id":"https:\/\/franciscanos.org.br\/noticias\/cebs-fazem-memoria-do-7o-intereclesial-em-duque-de-caxias.html#webpage","url":"https:\/\/franciscanos.org.br\/noticias\/cebs-fazem-memoria-do-7o-intereclesial-em-duque-de-caxias.html","name":"Cebs fazem mem\u00f3ria do 7\u00ba intereclesial em Duque de Caxias - Not\u00edcias - Franciscanos","isPartOf":{"@id":"https:\/\/franciscanos.org.br\/noticias\/#website"},"primaryImageOfPage":{"@id":"https:\/\/franciscanos.org.br\/noticias\/cebs-fazem-memoria-do-7o-intereclesial-em-duque-de-caxias.html#primaryimage"},"datePublished":"2015-06-03T12:25:41+00:00","dateModified":"2020-06-10T18:23:41+00:00","author":{"@id":"https:\/\/franciscanos.org.br\/noticias\/#\/schema\/person\/b38fbf43118f02820bd932f2e4b14ad3"},"breadcrumb":{"@id":"https:\/\/franciscanos.org.br\/noticias\/cebs-fazem-memoria-do-7o-intereclesial-em-duque-de-caxias.html#breadcrumb"},"inLanguage":"pt-BR","potentialAction":[{"@type":"ReadAction","target":["https:\/\/franciscanos.org.br\/noticias\/cebs-fazem-memoria-do-7o-intereclesial-em-duque-de-caxias.html"]}]},{"@type":"BreadcrumbList","@id":"https:\/\/franciscanos.org.br\/noticias\/cebs-fazem-memoria-do-7o-intereclesial-em-duque-de-caxias.html#breadcrumb","itemListElement":[{"@type":"ListItem","position":1,"name":"Home","item":"https:\/\/franciscanos.org.br\/noticias"},{"@type":"ListItem","position":2,"name":"Cebs fazem mem\u00f3ria do 7\u00ba intereclesial em Duque de Caxias"}]},{"@type":"Person","@id":"https:\/\/franciscanos.org.br\/noticias\/#\/schema\/person\/b38fbf43118f02820bd932f2e4b14ad3","name":"admin","image":{"@type":"ImageObject","inLanguage":"pt-BR","@id":"https:\/\/franciscanos.org.br\/noticias\/#\/schema\/person\/image\/","url":"https:\/\/secure.gravatar.com\/avatar\/e8495742d34d0ba6448ea1c628263b3e?s=96&d=mm&r=g","contentUrl":"https:\/\/secure.gravatar.com\/avatar\/e8495742d34d0ba6448ea1c628263b3e?s=96&d=mm&r=g","caption":"admin"},"url":"https:\/\/franciscanos.org.br\/noticias\/author\/admin"}]}},"_links":{"self":[{"href":"https:\/\/franciscanos.org.br\/noticias\/wp-json\/wp\/v2\/posts\/87098"}],"collection":[{"href":"https:\/\/franciscanos.org.br\/noticias\/wp-json\/wp\/v2\/posts"}],"about":[{"href":"https:\/\/franciscanos.org.br\/noticias\/wp-json\/wp\/v2\/types\/post"}],"author":[{"embeddable":true,"href":"https:\/\/franciscanos.org.br\/noticias\/wp-json\/wp\/v2\/users\/1"}],"replies":[{"embeddable":true,"href":"https:\/\/franciscanos.org.br\/noticias\/wp-json\/wp\/v2\/comments?post=87098"}],"version-history":[{"count":1,"href":"https:\/\/franciscanos.org.br\/noticias\/wp-json\/wp\/v2\/posts\/87098\/revisions"}],"predecessor-version":[{"id":226050,"href":"https:\/\/franciscanos.org.br\/noticias\/wp-json\/wp\/v2\/posts\/87098\/revisions\/226050"}],"wp:featuredmedia":[{"embeddable":true,"href":"https:\/\/franciscanos.org.br\/noticias\/wp-json\/wp\/v2\/media\/216807"}],"wp:attachment":[{"href":"https:\/\/franciscanos.org.br\/noticias\/wp-json\/wp\/v2\/media?parent=87098"}],"wp:term":[{"taxonomy":"category","embeddable":true,"href":"https:\/\/franciscanos.org.br\/noticias\/wp-json\/wp\/v2\/categories?post=87098"},{"taxonomy":"post_tag","embeddable":true,"href":"https:\/\/franciscanos.org.br\/noticias\/wp-json\/wp\/v2\/tags?post=87098"}],"curies":[{"name":"wp","href":"https:\/\/api.w.org\/{rel}","templated":true}]}}