{"id":86923,"date":"2015-06-02T10:36:11","date_gmt":"2015-06-02T13:36:11","guid":{"rendered":"http:\/\/franciscanos.org.br\/?p=86923"},"modified":"2019-07-09T10:09:30","modified_gmt":"2019-07-09T13:09:30","slug":"cardeal-e-internado-em-sao-paulo","status":"publish","type":"post","link":"https:\/\/franciscanos.org.br\/noticias\/cardeal-e-internado-em-sao-paulo.html","title":{"rendered":"Cardeal \u00e9 internado em S\u00e3o Paulo"},"content":{"rendered":"<p><a href=\"http:\/\/franciscanos.org.br\/wp-content\/uploads\/2015\/06\/domp-paulo-600.jpg\"><img loading=\"lazy\" class=\"alignleft wp-image-86924\" src=\"http:\/\/franciscanos.org.br\/wp-content\/uploads\/2015\/06\/domp-paulo-600.jpg\" alt=\"domp-paulo-600\" width=\"348\" height=\"435\" \/><\/a>O arcebispo em\u00e9rito de S\u00e3o Paulo, Cardeal Paulo Evaristo Arns, de 93 anos, foi internado segunda-feira (01\/06) no Hospital Santa Catarina, na regi\u00e3o da Avenida Paulista.<\/p>\n<p>De acordo com a assessoria da Arquidiocese de S\u00e3o Paulo, o cardeal estava no convento onde mora, em Tabo\u00e3o da Serra, na regi\u00e3o metropolitana, e passou mal pela manh\u00e3. \u201cFoi levado para o Hospital Santa Catarina e segue internado para a realiza\u00e7\u00e3o de exames. N\u00e3o temos ainda nenhum boletim m\u00e9dico do Hospital com detalhes do estado de sa\u00fade dele\u201d, diz a nota.<\/p>\n<p><strong>Quadro cl\u00ednico<\/strong><\/p>\n<p>Ao longo do dia, \u201co quadro de sa\u00fade apresentou melhora\u201d, mas o arcebispo passou a noite na unidade para realizar exames e diagnosticar a origem do mal-estar. O arcebispo esteve internado no mesmo hospital em 2011, para tratar de uma infec\u00e7\u00e3o pulmonar decorrente de cirurgia para extra\u00e7\u00e3o da ves\u00edcula.<\/p>\n<p><strong>Hist\u00f3ria\u00a0<\/strong><\/p>\n<p>O religioso \u00e9 um dos principais nomes da luta em defesa dos direitos humanos durante a ditadura militar. Em 1972, ele criou a Comiss\u00e3o Brasileira Justi\u00e7a e Paz, que articulou den\u00fancias contra abusos do regime.<\/p>\n<p>O arcebispo franciscano tamb\u00e9m fundou o projeto &#8220;Brasil: Nunca Mais&#8221;, que reuniu documentos oficiais sobre o uso da tortura durante o regime militar no Brasil. A iniciativa ajudou a sistematizar informa\u00e7\u00f5es de mais de 1 milh\u00e3o de p\u00e1ginas de 707 processos do STM (Superior Tribunal Militar). O relat\u00f3rio obtido teve papel fundamental na identifica\u00e7\u00e3o e den\u00fancia de torturadores do regime e no esclarecimento de assassinatos e desaparecimentos.<\/p>\n<p>Com sua irm\u00e3, a pediatra Zilda Arns Neumann, (que morreu no terremoto no Haiti em 12 de janeiro de 2010), Dom Paulo implantou em 1985 a Pastoral da Crian\u00e7a, cujo objetivo \u00e9 promover o desenvolvimento integral de crian\u00e7as em seu ambiente familiar e em sua comunidade.\u00a0(CM-ag\u00eancias)<\/p>\n<p><strong>Fonte:<\/strong> R\u00e1dio Vaticano<\/p>\n","protected":false},"excerpt":{"rendered":"<p>Dom Paulo Evaristo Arns<\/p>\n","protected":false},"author":1,"featured_media":207466,"comment_status":"open","ping_status":"open","sticky":false,"template":"","format":"standard","meta":[],"categories":[1],"tags":[693],"acf":[],"yoast_head":"<!-- This site is optimized with the Yoast SEO plugin v19.2 - https:\/\/yoast.com\/wordpress\/plugins\/seo\/ -->\n<title>Cardeal \u00e9 internado em S\u00e3o Paulo - Not\u00edcias - Franciscanos<\/title>\n<meta name=\"robots\" content=\"index, follow, max-snippet:-1, max-image-preview:large, max-video-preview:-1\" \/>\n<link rel=\"canonical\" href=\"https:\/\/franciscanos.org.br\/noticias\/cardeal-e-internado-em-sao-paulo.html\" \/>\n<meta property=\"og:locale\" content=\"pt_BR\" \/>\n<meta property=\"og:type\" content=\"article\" \/>\n<meta property=\"og:title\" content=\"Cardeal \u00e9 internado em S\u00e3o Paulo - Not\u00edcias - Franciscanos\" \/>\n<meta property=\"og:description\" content=\"Dom Paulo Evaristo Arns\" \/>\n<meta property=\"og:url\" content=\"https:\/\/franciscanos.org.br\/noticias\/cardeal-e-internado-em-sao-paulo.html\" \/>\n<meta property=\"og:site_name\" content=\"Not\u00edcias - Franciscanos\" \/>\n<meta property=\"article:published_time\" content=\"2015-06-02T13:36:11+00:00\" \/>\n<meta property=\"article:modified_time\" content=\"2019-07-09T13:09:30+00:00\" \/>\n<meta property=\"og:image\" content=\"https:\/\/franciscanos.org.br\/noticias\/wp-content\/uploads\/2015\/06\/dompaulo_0907.jpg\" \/>\n\t<meta property=\"og:image:width\" content=\"273\" \/>\n\t<meta property=\"og:image:height\" content=\"181\" \/>\n\t<meta property=\"og:image:type\" content=\"image\/jpeg\" \/>\n<meta name=\"author\" content=\"admin\" \/>\n<meta name=\"twitter:card\" content=\"summary_large_image\" \/>\n<meta name=\"twitter:label1\" content=\"Escrito por\" \/>\n\t<meta name=\"twitter:data1\" content=\"admin\" \/>\n\t<meta name=\"twitter:label2\" content=\"Est. tempo de leitura\" \/>\n\t<meta name=\"twitter:data2\" content=\"2 minutos\" \/>\n<script type=\"application\/ld+json\" class=\"yoast-schema-graph\">{\"@context\":\"https:\/\/schema.org\",\"@graph\":[{\"@type\":\"WebSite\",\"@id\":\"https:\/\/franciscanos.org.br\/noticias\/#website\",\"url\":\"https:\/\/franciscanos.org.br\/noticias\/\",\"name\":\"Not\u00edcias - Franciscanos\",\"description\":\"Prov\u00edncia Franciscana da Imaculada Concei\u00e7\u00e3o do Brasil - Ordem dos Frades Menores - OFM\",\"potentialAction\":[{\"@type\":\"SearchAction\",\"target\":{\"@type\":\"EntryPoint\",\"urlTemplate\":\"https:\/\/franciscanos.org.br\/noticias\/?s={search_term_string}\"},\"query-input\":\"required name=search_term_string\"}],\"inLanguage\":\"pt-BR\"},{\"@type\":\"ImageObject\",\"inLanguage\":\"pt-BR\",\"@id\":\"https:\/\/franciscanos.org.br\/noticias\/cardeal-e-internado-em-sao-paulo.html#primaryimage\",\"url\":\"https:\/\/franciscanos.org.br\/noticias\/wp-content\/uploads\/2015\/06\/dompaulo_0907.jpg\",\"contentUrl\":\"https:\/\/franciscanos.org.br\/noticias\/wp-content\/uploads\/2015\/06\/dompaulo_0907.jpg\",\"width\":273,\"height\":181},{\"@type\":\"WebPage\",\"@id\":\"https:\/\/franciscanos.org.br\/noticias\/cardeal-e-internado-em-sao-paulo.html#webpage\",\"url\":\"https:\/\/franciscanos.org.br\/noticias\/cardeal-e-internado-em-sao-paulo.html\",\"name\":\"Cardeal \u00e9 internado em S\u00e3o Paulo - Not\u00edcias - Franciscanos\",\"isPartOf\":{\"@id\":\"https:\/\/franciscanos.org.br\/noticias\/#website\"},\"primaryImageOfPage\":{\"@id\":\"https:\/\/franciscanos.org.br\/noticias\/cardeal-e-internado-em-sao-paulo.html#primaryimage\"},\"datePublished\":\"2015-06-02T13:36:11+00:00\",\"dateModified\":\"2019-07-09T13:09:30+00:00\",\"author\":{\"@id\":\"https:\/\/franciscanos.org.br\/noticias\/#\/schema\/person\/b38fbf43118f02820bd932f2e4b14ad3\"},\"breadcrumb\":{\"@id\":\"https:\/\/franciscanos.org.br\/noticias\/cardeal-e-internado-em-sao-paulo.html#breadcrumb\"},\"inLanguage\":\"pt-BR\",\"potentialAction\":[{\"@type\":\"ReadAction\",\"target\":[\"https:\/\/franciscanos.org.br\/noticias\/cardeal-e-internado-em-sao-paulo.html\"]}]},{\"@type\":\"BreadcrumbList\",\"@id\":\"https:\/\/franciscanos.org.br\/noticias\/cardeal-e-internado-em-sao-paulo.html#breadcrumb\",\"itemListElement\":[{\"@type\":\"ListItem\",\"position\":1,\"name\":\"Home\",\"item\":\"https:\/\/franciscanos.org.br\/noticias\"},{\"@type\":\"ListItem\",\"position\":2,\"name\":\"Cardeal \u00e9 internado em S\u00e3o Paulo\"}]},{\"@type\":\"Person\",\"@id\":\"https:\/\/franciscanos.org.br\/noticias\/#\/schema\/person\/b38fbf43118f02820bd932f2e4b14ad3\",\"name\":\"admin\",\"image\":{\"@type\":\"ImageObject\",\"inLanguage\":\"pt-BR\",\"@id\":\"https:\/\/franciscanos.org.br\/noticias\/#\/schema\/person\/image\/\",\"url\":\"https:\/\/secure.gravatar.com\/avatar\/e8495742d34d0ba6448ea1c628263b3e?s=96&d=mm&r=g\",\"contentUrl\":\"https:\/\/secure.gravatar.com\/avatar\/e8495742d34d0ba6448ea1c628263b3e?s=96&d=mm&r=g\",\"caption\":\"admin\"},\"url\":\"https:\/\/franciscanos.org.br\/noticias\/author\/admin\"}]}<\/script>\n<!-- \/ Yoast SEO plugin. -->","yoast_head_json":{"title":"Cardeal \u00e9 internado em S\u00e3o Paulo - Not\u00edcias - Franciscanos","robots":{"index":"index","follow":"follow","max-snippet":"max-snippet:-1","max-image-preview":"max-image-preview:large","max-video-preview":"max-video-preview:-1"},"canonical":"https:\/\/franciscanos.org.br\/noticias\/cardeal-e-internado-em-sao-paulo.html","og_locale":"pt_BR","og_type":"article","og_title":"Cardeal \u00e9 internado em S\u00e3o Paulo - Not\u00edcias - Franciscanos","og_description":"Dom Paulo Evaristo Arns","og_url":"https:\/\/franciscanos.org.br\/noticias\/cardeal-e-internado-em-sao-paulo.html","og_site_name":"Not\u00edcias - Franciscanos","article_published_time":"2015-06-02T13:36:11+00:00","article_modified_time":"2019-07-09T13:09:30+00:00","og_image":[{"width":273,"height":181,"url":"https:\/\/franciscanos.org.br\/noticias\/wp-content\/uploads\/2015\/06\/dompaulo_0907.jpg","type":"image\/jpeg"}],"author":"admin","twitter_card":"summary_large_image","twitter_misc":{"Escrito por":"admin","Est. tempo de leitura":"2 minutos"},"schema":{"@context":"https:\/\/schema.org","@graph":[{"@type":"WebSite","@id":"https:\/\/franciscanos.org.br\/noticias\/#website","url":"https:\/\/franciscanos.org.br\/noticias\/","name":"Not\u00edcias - Franciscanos","description":"Prov\u00edncia Franciscana da Imaculada Concei\u00e7\u00e3o do Brasil - Ordem dos Frades Menores - OFM","potentialAction":[{"@type":"SearchAction","target":{"@type":"EntryPoint","urlTemplate":"https:\/\/franciscanos.org.br\/noticias\/?s={search_term_string}"},"query-input":"required name=search_term_string"}],"inLanguage":"pt-BR"},{"@type":"ImageObject","inLanguage":"pt-BR","@id":"https:\/\/franciscanos.org.br\/noticias\/cardeal-e-internado-em-sao-paulo.html#primaryimage","url":"https:\/\/franciscanos.org.br\/noticias\/wp-content\/uploads\/2015\/06\/dompaulo_0907.jpg","contentUrl":"https:\/\/franciscanos.org.br\/noticias\/wp-content\/uploads\/2015\/06\/dompaulo_0907.jpg","width":273,"height":181},{"@type":"WebPage","@id":"https:\/\/franciscanos.org.br\/noticias\/cardeal-e-internado-em-sao-paulo.html#webpage","url":"https:\/\/franciscanos.org.br\/noticias\/cardeal-e-internado-em-sao-paulo.html","name":"Cardeal \u00e9 internado em S\u00e3o Paulo - Not\u00edcias - Franciscanos","isPartOf":{"@id":"https:\/\/franciscanos.org.br\/noticias\/#website"},"primaryImageOfPage":{"@id":"https:\/\/franciscanos.org.br\/noticias\/cardeal-e-internado-em-sao-paulo.html#primaryimage"},"datePublished":"2015-06-02T13:36:11+00:00","dateModified":"2019-07-09T13:09:30+00:00","author":{"@id":"https:\/\/franciscanos.org.br\/noticias\/#\/schema\/person\/b38fbf43118f02820bd932f2e4b14ad3"},"breadcrumb":{"@id":"https:\/\/franciscanos.org.br\/noticias\/cardeal-e-internado-em-sao-paulo.html#breadcrumb"},"inLanguage":"pt-BR","potentialAction":[{"@type":"ReadAction","target":["https:\/\/franciscanos.org.br\/noticias\/cardeal-e-internado-em-sao-paulo.html"]}]},{"@type":"BreadcrumbList","@id":"https:\/\/franciscanos.org.br\/noticias\/cardeal-e-internado-em-sao-paulo.html#breadcrumb","itemListElement":[{"@type":"ListItem","position":1,"name":"Home","item":"https:\/\/franciscanos.org.br\/noticias"},{"@type":"ListItem","position":2,"name":"Cardeal \u00e9 internado em S\u00e3o Paulo"}]},{"@type":"Person","@id":"https:\/\/franciscanos.org.br\/noticias\/#\/schema\/person\/b38fbf43118f02820bd932f2e4b14ad3","name":"admin","image":{"@type":"ImageObject","inLanguage":"pt-BR","@id":"https:\/\/franciscanos.org.br\/noticias\/#\/schema\/person\/image\/","url":"https:\/\/secure.gravatar.com\/avatar\/e8495742d34d0ba6448ea1c628263b3e?s=96&d=mm&r=g","contentUrl":"https:\/\/secure.gravatar.com\/avatar\/e8495742d34d0ba6448ea1c628263b3e?s=96&d=mm&r=g","caption":"admin"},"url":"https:\/\/franciscanos.org.br\/noticias\/author\/admin"}]}},"_links":{"self":[{"href":"https:\/\/franciscanos.org.br\/noticias\/wp-json\/wp\/v2\/posts\/86923"}],"collection":[{"href":"https:\/\/franciscanos.org.br\/noticias\/wp-json\/wp\/v2\/posts"}],"about":[{"href":"https:\/\/franciscanos.org.br\/noticias\/wp-json\/wp\/v2\/types\/post"}],"author":[{"embeddable":true,"href":"https:\/\/franciscanos.org.br\/noticias\/wp-json\/wp\/v2\/users\/1"}],"replies":[{"embeddable":true,"href":"https:\/\/franciscanos.org.br\/noticias\/wp-json\/wp\/v2\/comments?post=86923"}],"version-history":[{"count":0,"href":"https:\/\/franciscanos.org.br\/noticias\/wp-json\/wp\/v2\/posts\/86923\/revisions"}],"wp:featuredmedia":[{"embeddable":true,"href":"https:\/\/franciscanos.org.br\/noticias\/wp-json\/wp\/v2\/media\/207466"}],"wp:attachment":[{"href":"https:\/\/franciscanos.org.br\/noticias\/wp-json\/wp\/v2\/media?parent=86923"}],"wp:term":[{"taxonomy":"category","embeddable":true,"href":"https:\/\/franciscanos.org.br\/noticias\/wp-json\/wp\/v2\/categories?post=86923"},{"taxonomy":"post_tag","embeddable":true,"href":"https:\/\/franciscanos.org.br\/noticias\/wp-json\/wp\/v2\/tags?post=86923"}],"curies":[{"name":"wp","href":"https:\/\/api.w.org\/{rel}","templated":true}]}}