{"id":86764,"date":"2015-06-01T13:06:29","date_gmt":"2015-06-01T16:06:29","guid":{"rendered":"http:\/\/franciscanos.org.br\/?p=86764"},"modified":"2020-06-24T17:01:18","modified_gmt":"2020-06-24T20:01:18","slug":"trezena-de-santo-antonio-celebra-375-anos-do-convento-do-valongo","status":"publish","type":"post","link":"https:\/\/franciscanos.org.br\/noticias\/trezena-de-santo-antonio-celebra-375-anos-do-convento-do-valongo.html","title":{"rendered":"Trezena de Santo Ant\u00f4nio celebra 375 anos do Convento"},"content":{"rendered":"<p>&nbsp;<\/p>\n<p>O reitor do Santu\u00e1rio do Valongo, Frei Andr\u00e9 Becker, abriu neste domingo (31\/5) os festejos em honra ao padroeiro Santo Ant\u00f4nio, desta vez num momento especial, j\u00e1 que o Convento completa neste ano 375 anos. A tradicional Trezena, contudo, come\u00e7a nesta segunda-feira, 1\u00ba de junho, com o tema &#8220;Santo Ant\u00f4nio e as virtudes franciscanas&#8221;. Este \u00e9 o 15\u00ba ano jubilar do Santu\u00e1rio Santo Ant\u00f4nio do Valongo. O ano jubilar \u00e9 comemorado a cada 25 anos e considerado um tempo de gra\u00e7as.<\/p>\n<p>Nesta segunda, o Santu\u00e1rio Santo Antonio do Valongo e a Par\u00f3quia Nossa Senhora do Ros\u00e1rio Catedral, ser\u00e3o respons\u00e1veis pela liturgia. J\u00e1 a programa\u00e7\u00e3o cultural ser\u00e1 feita em \u00e1rea coberta, com a tradicional quermesse, sempre a partir das 18h30. No dia do Padroeiro, 13 de junho, um s\u00e1bado, haver\u00e1 missas \u00e0s 7, 8, 10, 12, 14 e 16 horas. J\u00e1 \u00e0s 18 horas, acontece a tradicional prociss\u00e3o pelas ruas do Centro, sendo seguida de missa campal \u00e0s 19 horas.<\/p>\n<p><img loading=\"lazy\" class=\"alignleft\" src=\"http:\/\/franciscanos.org.br\/wp-content\/uploads\/2015\/06\/trezena_valongo.jpg\" alt=\"trezena_valongo\" width=\"366\" height=\"275\" \/><\/p>\n<p><strong>Tradi\u00e7\u00e3o no Valongo<\/strong><\/p>\n<p>A geografia da Ilha de S\u00e3o Vicente se confunde com a geografia das cidades que a ocupam: S\u00e3o Vicente e Santos. Embora S\u00e3o Vicente seja mais antiga &#8211; \u00e9 a primeira Vila do Brasil -, Santos a superou em termos de popula\u00e7\u00e3o e atividade econ\u00f4mica.<\/p>\n<p>\u00c9 nessa pequena Vila de Santos, fundada por Br\u00e1s Cubas em 1543, que mais tarde vai nascer um dos conventos mais antigos do Brasil em atividade: Santo Ant\u00f4nio do Valongo.<\/p>\n<p>Neste ano, esse marco da presen\u00e7a franciscana celebra 375 anos. A sua bela e barroca igreja viu gera\u00e7\u00f5es e gera\u00e7\u00f5es de brasileiros que se fixaram na cidade por causa do maior porto da Am\u00e9rica do Sul.<\/p>\n<p>A hist\u00f3ria do Convento se confunde com a hist\u00f3ria do Valongo. Segundo Frei Bas\u00edlio R\u00f6wer, no livro &#8220;P\u00e1ginas de hist\u00f3ria franciscana no Brasil&#8221;, a escolha do Valongo, um n\u00facleo da Vila de Santos habitado por fam\u00edlias portuguesas, foi feita pelo Cust\u00f3dio Frei Manuel de Santa Maria, que recebeu o pedido da C\u00e2mara e do povo de Santos na sua viagem ao Rio de Janeiro em 1638 (a Cust\u00f3dia Franciscana tinha como sede Recife e foi fundada em 13 de mar\u00e7o de 1584).<\/p>\n<div id=\"attachment_86768\" style=\"width: 410px\" class=\"wp-caption alignright\"><a href=\"http:\/\/franciscanos.org.br\/wp-content\/uploads\/2015\/06\/santos.jpg\"><img aria-describedby=\"caption-attachment-86768\" loading=\"lazy\" class=\"wp-image-86768 size-full\" src=\"http:\/\/franciscanos.org.br\/wp-content\/uploads\/2015\/06\/santos.jpg\" alt=\"santos\" width=\"400\" height=\"262\" \/><\/a><p id=\"caption-attachment-86768\" class=\"wp-caption-text\">O Convento do Valongo, obra de Benedito Calixto<\/p><\/div>\n<p>Os santistas n\u00e3o tiveram de esperar muito, pois em 1639 o governo custodial, reunido em assembleia, aceitou a funda\u00e7\u00e3o do Convento. Frei Manoel cuidou de logo obter as devidas licen\u00e7as civis e religiosas e embarcou com os companheiros fundadores &#8211; quatro sacerdotes e tr\u00eas irm\u00e3os leigos &#8211; para a Vila de Santos. No dia 25 de janeiro de 1640 fundaram oficialmente o convento de Santo Ant\u00f4nio do Valongo.<\/p>\n<p>&#8220;A casa constru\u00edda pelos Irm\u00e3os Leigos j\u00e1 estava\u00a0 em condi\u00e7\u00f5es de ser habitada depois de quatro meses e para ela mudaram-se os frades no dia 12 de junho, v\u00e9spera de Santo Ant\u00f4nio. O Cust\u00f3dio voltou para o Norte&#8221;, conta Frei Bas\u00edlio. Provisoriamente, a casa funcionou na capela de Nossa Senhora do Desterro, pr\u00f3ximo ao local onde seria constru\u00eddo o convento. Quando os frades desocuparam esta capela, ela foi doada aos beneditinos que tomaram posse em 1650 e ao lado constru\u00edram o Mosteiro de S\u00e3o Bento, que hoje abriga o Museu de Arte Sacra de Santos.<\/p>\n<p>O lan\u00e7amento da pedra fundamental foi feito em cerim\u00f4nia no dia 1\u00ba de julho de 1641, tendo como presidente Frei Manuel. No mesmo ano, aos 20 de outubro, fundou-se a Ordem Terceira de S\u00e3o Francisco e sua capela foi erguida em 1689, com arco aberto para igreja conventual. No s\u00e9culo XVIII o Convento de Santo Ant\u00f4nio do Valongo foi considerado &#8220;um dos maiores da Prov\u00edncia&#8221;; seu front\u00e3o, um dos mais lindos da \u00e9poca.<\/p>\n<p>Terra da Caridade e da Liberdade, Santos teve a primeira Santa Casa de Miseric\u00f3rdia da Am\u00e9rica. \u00c9 ber\u00e7o de figuras de renome, como os irm\u00e3os Bartolomeu e Alexandre de Gusm\u00e3o e os irm\u00e3os Andradas, dentre os quais se projetou Jos\u00e9 Bonif\u00e1cio de Andrada e Silva, personagem maior da Proclama\u00e7\u00e3o da Independ\u00eancia.<\/p>\n<p>&nbsp;<\/p>\n","protected":false},"excerpt":{"rendered":"<p>Valongo<\/p>\n","protected":false},"author":1,"featured_media":208819,"comment_status":"open","ping_status":"open","sticky":false,"template":"","format":"standard","meta":[],"categories":[1],"tags":[1309],"acf":[],"yoast_head":"<!-- This site is optimized with the Yoast SEO plugin v19.2 - https:\/\/yoast.com\/wordpress\/plugins\/seo\/ -->\n<title>Trezena de Santo Ant\u00f4nio celebra 375 anos do Convento - Not\u00edcias - Franciscanos<\/title>\n<meta name=\"robots\" content=\"index, follow, max-snippet:-1, max-image-preview:large, max-video-preview:-1\" \/>\n<link rel=\"canonical\" href=\"https:\/\/franciscanos.org.br\/noticias\/trezena-de-santo-antonio-celebra-375-anos-do-convento-do-valongo.html\" \/>\n<meta property=\"og:locale\" content=\"pt_BR\" \/>\n<meta property=\"og:type\" content=\"article\" \/>\n<meta property=\"og:title\" content=\"Trezena de Santo Ant\u00f4nio celebra 375 anos do Convento - Not\u00edcias - Franciscanos\" \/>\n<meta property=\"og:description\" content=\"Valongo\" \/>\n<meta property=\"og:url\" content=\"https:\/\/franciscanos.org.br\/noticias\/trezena-de-santo-antonio-celebra-375-anos-do-convento-do-valongo.html\" \/>\n<meta property=\"og:site_name\" content=\"Not\u00edcias - Franciscanos\" \/>\n<meta property=\"article:published_time\" content=\"2015-06-01T16:06:29+00:00\" \/>\n<meta property=\"article:modified_time\" content=\"2020-06-24T20:01:18+00:00\" \/>\n<meta property=\"og:image\" content=\"https:\/\/franciscanos.org.br\/noticias\/wp-content\/uploads\/2015\/06\/trezena_valongo.jpg\" \/>\n\t<meta property=\"og:image:width\" content=\"273\" \/>\n\t<meta property=\"og:image:height\" content=\"181\" \/>\n\t<meta property=\"og:image:type\" content=\"image\/jpeg\" \/>\n<meta name=\"author\" content=\"admin\" \/>\n<meta name=\"twitter:card\" content=\"summary_large_image\" \/>\n<meta name=\"twitter:label1\" content=\"Escrito por\" \/>\n\t<meta name=\"twitter:data1\" content=\"admin\" \/>\n\t<meta name=\"twitter:label2\" content=\"Est. tempo de leitura\" \/>\n\t<meta name=\"twitter:data2\" content=\"3 minutos\" \/>\n<script type=\"application\/ld+json\" class=\"yoast-schema-graph\">{\"@context\":\"https:\/\/schema.org\",\"@graph\":[{\"@type\":\"WebSite\",\"@id\":\"https:\/\/franciscanos.org.br\/noticias\/#website\",\"url\":\"https:\/\/franciscanos.org.br\/noticias\/\",\"name\":\"Not\u00edcias - Franciscanos\",\"description\":\"Prov\u00edncia Franciscana da Imaculada Concei\u00e7\u00e3o do Brasil - Ordem dos Frades Menores - OFM\",\"potentialAction\":[{\"@type\":\"SearchAction\",\"target\":{\"@type\":\"EntryPoint\",\"urlTemplate\":\"https:\/\/franciscanos.org.br\/noticias\/?s={search_term_string}\"},\"query-input\":\"required name=search_term_string\"}],\"inLanguage\":\"pt-BR\"},{\"@type\":\"ImageObject\",\"inLanguage\":\"pt-BR\",\"@id\":\"https:\/\/franciscanos.org.br\/noticias\/trezena-de-santo-antonio-celebra-375-anos-do-convento-do-valongo.html#primaryimage\",\"url\":\"https:\/\/franciscanos.org.br\/noticias\/wp-content\/uploads\/2015\/06\/trezena_valongo.jpg\",\"contentUrl\":\"https:\/\/franciscanos.org.br\/noticias\/wp-content\/uploads\/2015\/06\/trezena_valongo.jpg\",\"width\":273,\"height\":181},{\"@type\":\"WebPage\",\"@id\":\"https:\/\/franciscanos.org.br\/noticias\/trezena-de-santo-antonio-celebra-375-anos-do-convento-do-valongo.html#webpage\",\"url\":\"https:\/\/franciscanos.org.br\/noticias\/trezena-de-santo-antonio-celebra-375-anos-do-convento-do-valongo.html\",\"name\":\"Trezena de Santo Ant\u00f4nio celebra 375 anos do Convento - Not\u00edcias - Franciscanos\",\"isPartOf\":{\"@id\":\"https:\/\/franciscanos.org.br\/noticias\/#website\"},\"primaryImageOfPage\":{\"@id\":\"https:\/\/franciscanos.org.br\/noticias\/trezena-de-santo-antonio-celebra-375-anos-do-convento-do-valongo.html#primaryimage\"},\"datePublished\":\"2015-06-01T16:06:29+00:00\",\"dateModified\":\"2020-06-24T20:01:18+00:00\",\"author\":{\"@id\":\"https:\/\/franciscanos.org.br\/noticias\/#\/schema\/person\/b38fbf43118f02820bd932f2e4b14ad3\"},\"breadcrumb\":{\"@id\":\"https:\/\/franciscanos.org.br\/noticias\/trezena-de-santo-antonio-celebra-375-anos-do-convento-do-valongo.html#breadcrumb\"},\"inLanguage\":\"pt-BR\",\"potentialAction\":[{\"@type\":\"ReadAction\",\"target\":[\"https:\/\/franciscanos.org.br\/noticias\/trezena-de-santo-antonio-celebra-375-anos-do-convento-do-valongo.html\"]}]},{\"@type\":\"BreadcrumbList\",\"@id\":\"https:\/\/franciscanos.org.br\/noticias\/trezena-de-santo-antonio-celebra-375-anos-do-convento-do-valongo.html#breadcrumb\",\"itemListElement\":[{\"@type\":\"ListItem\",\"position\":1,\"name\":\"Home\",\"item\":\"https:\/\/franciscanos.org.br\/noticias\"},{\"@type\":\"ListItem\",\"position\":2,\"name\":\"Trezena de Santo Ant\u00f4nio celebra 375 anos do Convento\"}]},{\"@type\":\"Person\",\"@id\":\"https:\/\/franciscanos.org.br\/noticias\/#\/schema\/person\/b38fbf43118f02820bd932f2e4b14ad3\",\"name\":\"admin\",\"image\":{\"@type\":\"ImageObject\",\"inLanguage\":\"pt-BR\",\"@id\":\"https:\/\/franciscanos.org.br\/noticias\/#\/schema\/person\/image\/\",\"url\":\"https:\/\/secure.gravatar.com\/avatar\/e8495742d34d0ba6448ea1c628263b3e?s=96&d=mm&r=g\",\"contentUrl\":\"https:\/\/secure.gravatar.com\/avatar\/e8495742d34d0ba6448ea1c628263b3e?s=96&d=mm&r=g\",\"caption\":\"admin\"},\"url\":\"https:\/\/franciscanos.org.br\/noticias\/author\/admin\"}]}<\/script>\n<!-- \/ Yoast SEO plugin. -->","yoast_head_json":{"title":"Trezena de Santo Ant\u00f4nio celebra 375 anos do Convento - Not\u00edcias - Franciscanos","robots":{"index":"index","follow":"follow","max-snippet":"max-snippet:-1","max-image-preview":"max-image-preview:large","max-video-preview":"max-video-preview:-1"},"canonical":"https:\/\/franciscanos.org.br\/noticias\/trezena-de-santo-antonio-celebra-375-anos-do-convento-do-valongo.html","og_locale":"pt_BR","og_type":"article","og_title":"Trezena de Santo Ant\u00f4nio celebra 375 anos do Convento - Not\u00edcias - Franciscanos","og_description":"Valongo","og_url":"https:\/\/franciscanos.org.br\/noticias\/trezena-de-santo-antonio-celebra-375-anos-do-convento-do-valongo.html","og_site_name":"Not\u00edcias - Franciscanos","article_published_time":"2015-06-01T16:06:29+00:00","article_modified_time":"2020-06-24T20:01:18+00:00","og_image":[{"width":273,"height":181,"url":"https:\/\/franciscanos.org.br\/noticias\/wp-content\/uploads\/2015\/06\/trezena_valongo.jpg","type":"image\/jpeg"}],"author":"admin","twitter_card":"summary_large_image","twitter_misc":{"Escrito por":"admin","Est. tempo de leitura":"3 minutos"},"schema":{"@context":"https:\/\/schema.org","@graph":[{"@type":"WebSite","@id":"https:\/\/franciscanos.org.br\/noticias\/#website","url":"https:\/\/franciscanos.org.br\/noticias\/","name":"Not\u00edcias - Franciscanos","description":"Prov\u00edncia Franciscana da Imaculada Concei\u00e7\u00e3o do Brasil - Ordem dos Frades Menores - OFM","potentialAction":[{"@type":"SearchAction","target":{"@type":"EntryPoint","urlTemplate":"https:\/\/franciscanos.org.br\/noticias\/?s={search_term_string}"},"query-input":"required name=search_term_string"}],"inLanguage":"pt-BR"},{"@type":"ImageObject","inLanguage":"pt-BR","@id":"https:\/\/franciscanos.org.br\/noticias\/trezena-de-santo-antonio-celebra-375-anos-do-convento-do-valongo.html#primaryimage","url":"https:\/\/franciscanos.org.br\/noticias\/wp-content\/uploads\/2015\/06\/trezena_valongo.jpg","contentUrl":"https:\/\/franciscanos.org.br\/noticias\/wp-content\/uploads\/2015\/06\/trezena_valongo.jpg","width":273,"height":181},{"@type":"WebPage","@id":"https:\/\/franciscanos.org.br\/noticias\/trezena-de-santo-antonio-celebra-375-anos-do-convento-do-valongo.html#webpage","url":"https:\/\/franciscanos.org.br\/noticias\/trezena-de-santo-antonio-celebra-375-anos-do-convento-do-valongo.html","name":"Trezena de Santo Ant\u00f4nio celebra 375 anos do Convento - Not\u00edcias - Franciscanos","isPartOf":{"@id":"https:\/\/franciscanos.org.br\/noticias\/#website"},"primaryImageOfPage":{"@id":"https:\/\/franciscanos.org.br\/noticias\/trezena-de-santo-antonio-celebra-375-anos-do-convento-do-valongo.html#primaryimage"},"datePublished":"2015-06-01T16:06:29+00:00","dateModified":"2020-06-24T20:01:18+00:00","author":{"@id":"https:\/\/franciscanos.org.br\/noticias\/#\/schema\/person\/b38fbf43118f02820bd932f2e4b14ad3"},"breadcrumb":{"@id":"https:\/\/franciscanos.org.br\/noticias\/trezena-de-santo-antonio-celebra-375-anos-do-convento-do-valongo.html#breadcrumb"},"inLanguage":"pt-BR","potentialAction":[{"@type":"ReadAction","target":["https:\/\/franciscanos.org.br\/noticias\/trezena-de-santo-antonio-celebra-375-anos-do-convento-do-valongo.html"]}]},{"@type":"BreadcrumbList","@id":"https:\/\/franciscanos.org.br\/noticias\/trezena-de-santo-antonio-celebra-375-anos-do-convento-do-valongo.html#breadcrumb","itemListElement":[{"@type":"ListItem","position":1,"name":"Home","item":"https:\/\/franciscanos.org.br\/noticias"},{"@type":"ListItem","position":2,"name":"Trezena de Santo Ant\u00f4nio celebra 375 anos do Convento"}]},{"@type":"Person","@id":"https:\/\/franciscanos.org.br\/noticias\/#\/schema\/person\/b38fbf43118f02820bd932f2e4b14ad3","name":"admin","image":{"@type":"ImageObject","inLanguage":"pt-BR","@id":"https:\/\/franciscanos.org.br\/noticias\/#\/schema\/person\/image\/","url":"https:\/\/secure.gravatar.com\/avatar\/e8495742d34d0ba6448ea1c628263b3e?s=96&d=mm&r=g","contentUrl":"https:\/\/secure.gravatar.com\/avatar\/e8495742d34d0ba6448ea1c628263b3e?s=96&d=mm&r=g","caption":"admin"},"url":"https:\/\/franciscanos.org.br\/noticias\/author\/admin"}]}},"_links":{"self":[{"href":"https:\/\/franciscanos.org.br\/noticias\/wp-json\/wp\/v2\/posts\/86764"}],"collection":[{"href":"https:\/\/franciscanos.org.br\/noticias\/wp-json\/wp\/v2\/posts"}],"about":[{"href":"https:\/\/franciscanos.org.br\/noticias\/wp-json\/wp\/v2\/types\/post"}],"author":[{"embeddable":true,"href":"https:\/\/franciscanos.org.br\/noticias\/wp-json\/wp\/v2\/users\/1"}],"replies":[{"embeddable":true,"href":"https:\/\/franciscanos.org.br\/noticias\/wp-json\/wp\/v2\/comments?post=86764"}],"version-history":[{"count":1,"href":"https:\/\/franciscanos.org.br\/noticias\/wp-json\/wp\/v2\/posts\/86764\/revisions"}],"predecessor-version":[{"id":226726,"href":"https:\/\/franciscanos.org.br\/noticias\/wp-json\/wp\/v2\/posts\/86764\/revisions\/226726"}],"wp:featuredmedia":[{"embeddable":true,"href":"https:\/\/franciscanos.org.br\/noticias\/wp-json\/wp\/v2\/media\/208819"}],"wp:attachment":[{"href":"https:\/\/franciscanos.org.br\/noticias\/wp-json\/wp\/v2\/media?parent=86764"}],"wp:term":[{"taxonomy":"category","embeddable":true,"href":"https:\/\/franciscanos.org.br\/noticias\/wp-json\/wp\/v2\/categories?post=86764"},{"taxonomy":"post_tag","embeddable":true,"href":"https:\/\/franciscanos.org.br\/noticias\/wp-json\/wp\/v2\/tags?post=86764"}],"curies":[{"name":"wp","href":"https:\/\/api.w.org\/{rel}","templated":true}]}}