{"id":86760,"date":"2015-06-01T12:58:34","date_gmt":"2015-06-01T15:58:34","guid":{"rendered":"http:\/\/franciscanos.org.br\/?p=86760"},"modified":"2021-07-05T20:04:59","modified_gmt":"2021-07-05T23:04:59","slug":"concerto-especial-contara-a-historia-do-periodo-imperial-brasileiro","status":"publish","type":"post","link":"https:\/\/franciscanos.org.br\/noticias\/concerto-especial-contara-a-historia-do-periodo-imperial-brasileiro.html","title":{"rendered":"Concerto especial contar\u00e1 a hist\u00f3ria do per\u00edodo imperial"},"content":{"rendered":"<p><a href=\"http:\/\/franciscanos.org.br\/wp-content\/uploads\/2015\/06\/canarinhos-820.jpg\"><img loading=\"lazy\" src=\"http:\/\/franciscanos.org.br\/wp-content\/uploads\/2015\/06\/canarinhos-820.jpg\" alt=\"canarinhos-820\" width=\"820\" height=\"464\" \/><\/a><\/p>\n<p>Paulo Barbosa, mordomo da Casa Imperial, ganhar\u00e1 vida para narrar um momento da hist\u00f3ria no qual teve participa\u00e7\u00e3o importante: o per\u00edodo imperial brasileiro. Junto com ele, 63 cantores transformar\u00e3o a hist\u00f3ria do s\u00e9culo XIX em um concerto especial que ser\u00e1 realizado no pr\u00f3ximo dia 7 de junho (domingo), \u00e0s 16h, no anfiteatro do Museu Imperial.<\/p>\n<p>Intitulado \u201cO imp\u00e9rio brasileiro e sua m\u00fasica\u201d, o concerto, idealizado pelo Instituto dos Meninos Cantores de Petr\u00f3polis, faz parte do projeto Tour da Experi\u00eancia, desenvolvido pelo Minist\u00e9rio do Turismo, em parceria com o Sebrae e o Instituto Marca Brasil. Durante a apresenta\u00e7\u00e3o, ser\u00e3o revelados detalhes do per\u00edodo do Imp\u00e9rio, mostrando a import\u00e2ncia da m\u00fasica coral na cultura brasileira e enaltecendo o incentivo de d. Pedro II \u00e0s manifesta\u00e7\u00f5es culturais. O espet\u00e1culo, envolvente, traz onze grandes obras da m\u00fasica nacional.<\/p>\n<p>O canarinho Lucas Mathias reviver\u00e1 o mordomo-mor do Pal\u00e1cio Imperial, contando \u2013 entre uma can\u00e7\u00e3o e outra &#8211; hist\u00f3rias desconhecidas do grande p\u00fablico.\u00a0 No repert\u00f3rio do concerto estar\u00e3o, entre outras can\u00e7\u00f5es o \u201cHino da Independ\u00eancia\u201d, a modinha \u201cVoc\u00ea trata o amor em brinco\u201d (Marcos Portugal), \u201cCoro dos Ca\u00e7adores\u201d da \u00f3pera \u201cO Guarani\u201d (Carlos Gomes) e \u201cLacrimosa\u201d (R\u00e9quiem de Mozart).<\/p>\n<p>Os ingressos, que custam R$20, podem ser adquiridos na bilheteria do Museu Imperial a partir do dia 3. Estudantes e idosos pagam meia entrada.<\/p>\n<h3><strong>Servi\u00e7o<\/strong><\/h3>\n<p style=\"padding-left: 30px;\"><strong>Instituto dos Meninos Cantores de Petr\u00f3polis<br \/>\n<\/strong>Rua Santos Dumont, 355 \u2013 Centro &#8211; Petr\u00f3polis<br \/>\nTelefone: (24) 2104-4141<br \/>\n<a href=\"http:\/\/www.canarinhos.com.br\">www.canarinhos.com.br<\/a><\/p>\n<p style=\"padding-left: 30px;\"><strong>Museu Imperial\/ Ibram\/ MinC<br \/>\n<\/strong>Rua da Imperatriz, 220 \u2013 Centro \u2013 Petr\u00f3polis<br \/>\nTelefones: (24) 2233-0300 \/ 2233-0360<br \/>\nE-mail: <a href=\"mailto:mimp.faleconosco@museus.gov.br\">mimp.faleconosco@museus.gov.br<br \/>\n<\/a><a href=\"http:\/\/www.museuimperial.gov.br\">www.museuimperial.gov.br<\/a><\/p>\n","protected":false},"excerpt":{"rendered":"<p>Canarinhos<\/p>\n","protected":false},"author":1,"featured_media":207438,"comment_status":"open","ping_status":"open","sticky":false,"template":"","format":"standard","meta":[],"categories":[1],"tags":[1378],"acf":[],"yoast_head":"<!-- This site is optimized with the Yoast SEO plugin v19.2 - https:\/\/yoast.com\/wordpress\/plugins\/seo\/ -->\n<title>Concerto especial contar\u00e1 a hist\u00f3ria do per\u00edodo imperial - Not\u00edcias - Franciscanos<\/title>\n<meta name=\"robots\" content=\"index, follow, max-snippet:-1, max-image-preview:large, max-video-preview:-1\" \/>\n<link rel=\"canonical\" href=\"https:\/\/franciscanos.org.br\/noticias\/concerto-especial-contara-a-historia-do-periodo-imperial-brasileiro.html\" \/>\n<meta property=\"og:locale\" content=\"pt_BR\" \/>\n<meta property=\"og:type\" content=\"article\" \/>\n<meta property=\"og:title\" content=\"Concerto especial contar\u00e1 a hist\u00f3ria do per\u00edodo imperial - Not\u00edcias - Franciscanos\" \/>\n<meta property=\"og:description\" content=\"Canarinhos\" \/>\n<meta property=\"og:url\" content=\"https:\/\/franciscanos.org.br\/noticias\/concerto-especial-contara-a-historia-do-periodo-imperial-brasileiro.html\" \/>\n<meta property=\"og:site_name\" content=\"Not\u00edcias - Franciscanos\" \/>\n<meta property=\"article:published_time\" content=\"2015-06-01T15:58:34+00:00\" \/>\n<meta property=\"article:modified_time\" content=\"2021-07-05T23:04:59+00:00\" \/>\n<meta property=\"og:image\" content=\"https:\/\/franciscanos.org.br\/noticias\/wp-content\/uploads\/2015\/06\/canarinhos-820.jpg\" \/>\n\t<meta property=\"og:image:width\" content=\"273\" \/>\n\t<meta property=\"og:image:height\" content=\"181\" \/>\n\t<meta property=\"og:image:type\" content=\"image\/jpeg\" \/>\n<meta name=\"author\" content=\"admin\" \/>\n<meta name=\"twitter:card\" content=\"summary_large_image\" \/>\n<meta name=\"twitter:label1\" content=\"Escrito por\" \/>\n\t<meta name=\"twitter:data1\" content=\"admin\" \/>\n\t<meta name=\"twitter:label2\" content=\"Est. tempo de leitura\" \/>\n\t<meta name=\"twitter:data2\" content=\"1 minuto\" \/>\n<script type=\"application\/ld+json\" class=\"yoast-schema-graph\">{\"@context\":\"https:\/\/schema.org\",\"@graph\":[{\"@type\":\"WebSite\",\"@id\":\"https:\/\/franciscanos.org.br\/noticias\/#website\",\"url\":\"https:\/\/franciscanos.org.br\/noticias\/\",\"name\":\"Not\u00edcias - Franciscanos\",\"description\":\"Prov\u00edncia Franciscana da Imaculada Concei\u00e7\u00e3o do Brasil - Ordem dos Frades Menores - OFM\",\"potentialAction\":[{\"@type\":\"SearchAction\",\"target\":{\"@type\":\"EntryPoint\",\"urlTemplate\":\"https:\/\/franciscanos.org.br\/noticias\/?s={search_term_string}\"},\"query-input\":\"required name=search_term_string\"}],\"inLanguage\":\"pt-BR\"},{\"@type\":\"ImageObject\",\"inLanguage\":\"pt-BR\",\"@id\":\"https:\/\/franciscanos.org.br\/noticias\/concerto-especial-contara-a-historia-do-periodo-imperial-brasileiro.html#primaryimage\",\"url\":\"https:\/\/franciscanos.org.br\/noticias\/wp-content\/uploads\/2015\/06\/canarinhos-820.jpg\",\"contentUrl\":\"https:\/\/franciscanos.org.br\/noticias\/wp-content\/uploads\/2015\/06\/canarinhos-820.jpg\",\"width\":273,\"height\":181},{\"@type\":\"WebPage\",\"@id\":\"https:\/\/franciscanos.org.br\/noticias\/concerto-especial-contara-a-historia-do-periodo-imperial-brasileiro.html#webpage\",\"url\":\"https:\/\/franciscanos.org.br\/noticias\/concerto-especial-contara-a-historia-do-periodo-imperial-brasileiro.html\",\"name\":\"Concerto especial contar\u00e1 a hist\u00f3ria do per\u00edodo imperial - Not\u00edcias - Franciscanos\",\"isPartOf\":{\"@id\":\"https:\/\/franciscanos.org.br\/noticias\/#website\"},\"primaryImageOfPage\":{\"@id\":\"https:\/\/franciscanos.org.br\/noticias\/concerto-especial-contara-a-historia-do-periodo-imperial-brasileiro.html#primaryimage\"},\"datePublished\":\"2015-06-01T15:58:34+00:00\",\"dateModified\":\"2021-07-05T23:04:59+00:00\",\"author\":{\"@id\":\"https:\/\/franciscanos.org.br\/noticias\/#\/schema\/person\/b38fbf43118f02820bd932f2e4b14ad3\"},\"breadcrumb\":{\"@id\":\"https:\/\/franciscanos.org.br\/noticias\/concerto-especial-contara-a-historia-do-periodo-imperial-brasileiro.html#breadcrumb\"},\"inLanguage\":\"pt-BR\",\"potentialAction\":[{\"@type\":\"ReadAction\",\"target\":[\"https:\/\/franciscanos.org.br\/noticias\/concerto-especial-contara-a-historia-do-periodo-imperial-brasileiro.html\"]}]},{\"@type\":\"BreadcrumbList\",\"@id\":\"https:\/\/franciscanos.org.br\/noticias\/concerto-especial-contara-a-historia-do-periodo-imperial-brasileiro.html#breadcrumb\",\"itemListElement\":[{\"@type\":\"ListItem\",\"position\":1,\"name\":\"Home\",\"item\":\"https:\/\/franciscanos.org.br\/noticias\"},{\"@type\":\"ListItem\",\"position\":2,\"name\":\"Concerto especial contar\u00e1 a hist\u00f3ria do per\u00edodo imperial\"}]},{\"@type\":\"Person\",\"@id\":\"https:\/\/franciscanos.org.br\/noticias\/#\/schema\/person\/b38fbf43118f02820bd932f2e4b14ad3\",\"name\":\"admin\",\"image\":{\"@type\":\"ImageObject\",\"inLanguage\":\"pt-BR\",\"@id\":\"https:\/\/franciscanos.org.br\/noticias\/#\/schema\/person\/image\/\",\"url\":\"https:\/\/secure.gravatar.com\/avatar\/e8495742d34d0ba6448ea1c628263b3e?s=96&d=mm&r=g\",\"contentUrl\":\"https:\/\/secure.gravatar.com\/avatar\/e8495742d34d0ba6448ea1c628263b3e?s=96&d=mm&r=g\",\"caption\":\"admin\"},\"url\":\"https:\/\/franciscanos.org.br\/noticias\/author\/admin\"}]}<\/script>\n<!-- \/ Yoast SEO plugin. -->","yoast_head_json":{"title":"Concerto especial contar\u00e1 a hist\u00f3ria do per\u00edodo imperial - Not\u00edcias - Franciscanos","robots":{"index":"index","follow":"follow","max-snippet":"max-snippet:-1","max-image-preview":"max-image-preview:large","max-video-preview":"max-video-preview:-1"},"canonical":"https:\/\/franciscanos.org.br\/noticias\/concerto-especial-contara-a-historia-do-periodo-imperial-brasileiro.html","og_locale":"pt_BR","og_type":"article","og_title":"Concerto especial contar\u00e1 a hist\u00f3ria do per\u00edodo imperial - Not\u00edcias - Franciscanos","og_description":"Canarinhos","og_url":"https:\/\/franciscanos.org.br\/noticias\/concerto-especial-contara-a-historia-do-periodo-imperial-brasileiro.html","og_site_name":"Not\u00edcias - Franciscanos","article_published_time":"2015-06-01T15:58:34+00:00","article_modified_time":"2021-07-05T23:04:59+00:00","og_image":[{"width":273,"height":181,"url":"https:\/\/franciscanos.org.br\/noticias\/wp-content\/uploads\/2015\/06\/canarinhos-820.jpg","type":"image\/jpeg"}],"author":"admin","twitter_card":"summary_large_image","twitter_misc":{"Escrito por":"admin","Est. tempo de leitura":"1 minuto"},"schema":{"@context":"https:\/\/schema.org","@graph":[{"@type":"WebSite","@id":"https:\/\/franciscanos.org.br\/noticias\/#website","url":"https:\/\/franciscanos.org.br\/noticias\/","name":"Not\u00edcias - Franciscanos","description":"Prov\u00edncia Franciscana da Imaculada Concei\u00e7\u00e3o do Brasil - Ordem dos Frades Menores - OFM","potentialAction":[{"@type":"SearchAction","target":{"@type":"EntryPoint","urlTemplate":"https:\/\/franciscanos.org.br\/noticias\/?s={search_term_string}"},"query-input":"required name=search_term_string"}],"inLanguage":"pt-BR"},{"@type":"ImageObject","inLanguage":"pt-BR","@id":"https:\/\/franciscanos.org.br\/noticias\/concerto-especial-contara-a-historia-do-periodo-imperial-brasileiro.html#primaryimage","url":"https:\/\/franciscanos.org.br\/noticias\/wp-content\/uploads\/2015\/06\/canarinhos-820.jpg","contentUrl":"https:\/\/franciscanos.org.br\/noticias\/wp-content\/uploads\/2015\/06\/canarinhos-820.jpg","width":273,"height":181},{"@type":"WebPage","@id":"https:\/\/franciscanos.org.br\/noticias\/concerto-especial-contara-a-historia-do-periodo-imperial-brasileiro.html#webpage","url":"https:\/\/franciscanos.org.br\/noticias\/concerto-especial-contara-a-historia-do-periodo-imperial-brasileiro.html","name":"Concerto especial contar\u00e1 a hist\u00f3ria do per\u00edodo imperial - Not\u00edcias - Franciscanos","isPartOf":{"@id":"https:\/\/franciscanos.org.br\/noticias\/#website"},"primaryImageOfPage":{"@id":"https:\/\/franciscanos.org.br\/noticias\/concerto-especial-contara-a-historia-do-periodo-imperial-brasileiro.html#primaryimage"},"datePublished":"2015-06-01T15:58:34+00:00","dateModified":"2021-07-05T23:04:59+00:00","author":{"@id":"https:\/\/franciscanos.org.br\/noticias\/#\/schema\/person\/b38fbf43118f02820bd932f2e4b14ad3"},"breadcrumb":{"@id":"https:\/\/franciscanos.org.br\/noticias\/concerto-especial-contara-a-historia-do-periodo-imperial-brasileiro.html#breadcrumb"},"inLanguage":"pt-BR","potentialAction":[{"@type":"ReadAction","target":["https:\/\/franciscanos.org.br\/noticias\/concerto-especial-contara-a-historia-do-periodo-imperial-brasileiro.html"]}]},{"@type":"BreadcrumbList","@id":"https:\/\/franciscanos.org.br\/noticias\/concerto-especial-contara-a-historia-do-periodo-imperial-brasileiro.html#breadcrumb","itemListElement":[{"@type":"ListItem","position":1,"name":"Home","item":"https:\/\/franciscanos.org.br\/noticias"},{"@type":"ListItem","position":2,"name":"Concerto especial contar\u00e1 a hist\u00f3ria do per\u00edodo imperial"}]},{"@type":"Person","@id":"https:\/\/franciscanos.org.br\/noticias\/#\/schema\/person\/b38fbf43118f02820bd932f2e4b14ad3","name":"admin","image":{"@type":"ImageObject","inLanguage":"pt-BR","@id":"https:\/\/franciscanos.org.br\/noticias\/#\/schema\/person\/image\/","url":"https:\/\/secure.gravatar.com\/avatar\/e8495742d34d0ba6448ea1c628263b3e?s=96&d=mm&r=g","contentUrl":"https:\/\/secure.gravatar.com\/avatar\/e8495742d34d0ba6448ea1c628263b3e?s=96&d=mm&r=g","caption":"admin"},"url":"https:\/\/franciscanos.org.br\/noticias\/author\/admin"}]}},"_links":{"self":[{"href":"https:\/\/franciscanos.org.br\/noticias\/wp-json\/wp\/v2\/posts\/86760"}],"collection":[{"href":"https:\/\/franciscanos.org.br\/noticias\/wp-json\/wp\/v2\/posts"}],"about":[{"href":"https:\/\/franciscanos.org.br\/noticias\/wp-json\/wp\/v2\/types\/post"}],"author":[{"embeddable":true,"href":"https:\/\/franciscanos.org.br\/noticias\/wp-json\/wp\/v2\/users\/1"}],"replies":[{"embeddable":true,"href":"https:\/\/franciscanos.org.br\/noticias\/wp-json\/wp\/v2\/comments?post=86760"}],"version-history":[{"count":1,"href":"https:\/\/franciscanos.org.br\/noticias\/wp-json\/wp\/v2\/posts\/86760\/revisions"}],"predecessor-version":[{"id":232881,"href":"https:\/\/franciscanos.org.br\/noticias\/wp-json\/wp\/v2\/posts\/86760\/revisions\/232881"}],"wp:featuredmedia":[{"embeddable":true,"href":"https:\/\/franciscanos.org.br\/noticias\/wp-json\/wp\/v2\/media\/207438"}],"wp:attachment":[{"href":"https:\/\/franciscanos.org.br\/noticias\/wp-json\/wp\/v2\/media?parent=86760"}],"wp:term":[{"taxonomy":"category","embeddable":true,"href":"https:\/\/franciscanos.org.br\/noticias\/wp-json\/wp\/v2\/categories?post=86760"},{"taxonomy":"post_tag","embeddable":true,"href":"https:\/\/franciscanos.org.br\/noticias\/wp-json\/wp\/v2\/tags?post=86760"}],"curies":[{"name":"wp","href":"https:\/\/api.w.org\/{rel}","templated":true}]}}