{"id":86508,"date":"2015-05-31T10:29:22","date_gmt":"2015-05-31T13:29:22","guid":{"rendered":"http:\/\/franciscanos.org.br\/?p=86508"},"modified":"2020-06-24T17:02:43","modified_gmt":"2020-06-24T20:02:43","slug":"frei-valmir-e-apresentado-oficialmente-em-assis","status":"publish","type":"post","link":"https:\/\/franciscanos.org.br\/noticias\/frei-valmir-e-apresentado-oficialmente-em-assis.html","title":{"rendered":"Frei Valmir \u00e9 apresentado oficialmente em Assis"},"content":{"rendered":"<p><strong>Santa Maria dos Anjos (Assis)<\/strong> &#8211; Como tem acontecido todos os s\u00e1bados durante o Cap\u00edtulo Geral, em andamento em Santa Maria dos Anjos, a 20\u00aa jornada capitular (30\/5) teve trabalhos somente durante a manh\u00e3.Mas o dia marcou tamb\u00e9m pela confirma\u00e7\u00e3o oficial, feita pelo Ministro Geral, Frei Michael Perry, dos novos Definidores Gerais e que n\u00e3o estavam presentes na assembleia, entre eles o brasileiro Frei Valmir Ramos. Com ele, se apresentaram Frei Ivan Sesar e Frei L\u00f3r\u00e1nt Orosz, que se incorporaram aos frades capitulares.<\/p>\n<p><a href=\"http:\/\/franciscanos.org.br\/wp-content\/uploads\/2015\/05\/valmir.jpg\"><img loading=\"lazy\" class=\"alignleft size-full wp-image-86511\" src=\"http:\/\/franciscanos.org.br\/wp-content\/uploads\/2015\/05\/valmir.jpg\" alt=\"valmir\" width=\"500\" height=\"268\" \/><\/a>Nesta sess\u00e3o, os capitulares fizeram uma revis\u00e3o do andamento dos trabalhos das comiss\u00f5es de estudo. Os secret\u00e1rios das respectivas comiss\u00f5es adiantaram que t\u00eam praticamente definidas as propostas que ser\u00e3o apresentadas \u00e0 Assembleia; alguns esperavam as contribui\u00e7\u00f5es de outras comiss\u00f5es e algumas informa\u00e7\u00f5es t\u00e9cnicas; em outros casos, optou-se pela divis\u00e3o em subcomiss\u00f5es para estudar os distintos temas e suas responsabilidades. Com as informa\u00e7\u00f5es dos secret\u00e1rios, decidiu-se que na manh\u00e3 desta segunda-feira se poder\u00e1 fazer a primeira apresenta\u00e7\u00e3o das propostas em plen\u00e1ria.<\/p>\n<p>Os temas das comiss\u00f5es de estudo v\u00e3o desde: rela\u00e7\u00f5es fraternas e com a Cria\u00e7\u00e3o; o artigo 3\u00ba das Constitui\u00e7\u00f5es Gerais; clericalismo;\u00a0 fidelidade e perseveran\u00e7a dos irm\u00e3os; centros de estudo da Ordem; vida de ora\u00e7\u00e3o e devo\u00e7\u00e3o; governo e servi\u00e7o; carisma da pobreza e estilo de vida; solidariedade para com os pobres; orienta\u00e7\u00f5es para a gest\u00e3o econ\u00f4mica da C\u00faria Geral; promo\u00e7\u00e3o da paz e di\u00e1logo interreligioso; novas formas de evangeliza\u00e7\u00e3o; presen\u00e7a dos frades nas periferias; at\u00e9 miss\u00f5es ad gentes, entre outros.<\/p>\n<p>Desta forma, foram conclu\u00eddos os trabalhos da terceira semana do Cap\u00edtulo Geral<\/p>\n<p><em>Na foto, Frei Valmir \u00e9 o primeiro da esquerda para a direita.\u00a0<\/em><\/p>\n","protected":false},"excerpt":{"rendered":"<p>Cap\u00edtulo Geral<\/p>\n","protected":false},"author":1,"featured_media":220146,"comment_status":"open","ping_status":"open","sticky":false,"template":"","format":"standard","meta":[],"categories":[1],"tags":[128,397],"acf":[],"yoast_head":"<!-- This site is optimized with the Yoast SEO plugin v19.2 - https:\/\/yoast.com\/wordpress\/plugins\/seo\/ -->\n<title>Frei Valmir \u00e9 apresentado oficialmente em Assis - Not\u00edcias - Franciscanos<\/title>\n<meta name=\"robots\" content=\"index, follow, max-snippet:-1, max-image-preview:large, max-video-preview:-1\" \/>\n<link rel=\"canonical\" href=\"https:\/\/franciscanos.org.br\/noticias\/frei-valmir-e-apresentado-oficialmente-em-assis.html\" \/>\n<meta property=\"og:locale\" content=\"pt_BR\" \/>\n<meta property=\"og:type\" content=\"article\" \/>\n<meta property=\"og:title\" content=\"Frei Valmir \u00e9 apresentado oficialmente em Assis - Not\u00edcias - Franciscanos\" \/>\n<meta property=\"og:description\" content=\"Cap\u00edtulo Geral\" \/>\n<meta property=\"og:url\" content=\"https:\/\/franciscanos.org.br\/noticias\/frei-valmir-e-apresentado-oficialmente-em-assis.html\" \/>\n<meta property=\"og:site_name\" content=\"Not\u00edcias - Franciscanos\" \/>\n<meta property=\"article:published_time\" content=\"2015-05-31T13:29:22+00:00\" \/>\n<meta property=\"article:modified_time\" content=\"2020-06-24T20:02:43+00:00\" \/>\n<meta property=\"og:image\" content=\"https:\/\/franciscanos.org.br\/noticias\/wp-content\/uploads\/2015\/05\/valmir.jpg\" \/>\n\t<meta property=\"og:image:width\" content=\"273\" \/>\n\t<meta property=\"og:image:height\" content=\"181\" \/>\n\t<meta property=\"og:image:type\" content=\"image\/jpeg\" \/>\n<meta name=\"author\" content=\"admin\" \/>\n<meta name=\"twitter:card\" content=\"summary_large_image\" \/>\n<meta name=\"twitter:label1\" content=\"Escrito por\" \/>\n\t<meta name=\"twitter:data1\" content=\"admin\" \/>\n\t<meta name=\"twitter:label2\" content=\"Est. tempo de leitura\" \/>\n\t<meta name=\"twitter:data2\" content=\"2 minutos\" \/>\n<script type=\"application\/ld+json\" class=\"yoast-schema-graph\">{\"@context\":\"https:\/\/schema.org\",\"@graph\":[{\"@type\":\"WebSite\",\"@id\":\"https:\/\/franciscanos.org.br\/noticias\/#website\",\"url\":\"https:\/\/franciscanos.org.br\/noticias\/\",\"name\":\"Not\u00edcias - Franciscanos\",\"description\":\"Prov\u00edncia Franciscana da Imaculada Concei\u00e7\u00e3o do Brasil - Ordem dos Frades Menores - OFM\",\"potentialAction\":[{\"@type\":\"SearchAction\",\"target\":{\"@type\":\"EntryPoint\",\"urlTemplate\":\"https:\/\/franciscanos.org.br\/noticias\/?s={search_term_string}\"},\"query-input\":\"required name=search_term_string\"}],\"inLanguage\":\"pt-BR\"},{\"@type\":\"ImageObject\",\"inLanguage\":\"pt-BR\",\"@id\":\"https:\/\/franciscanos.org.br\/noticias\/frei-valmir-e-apresentado-oficialmente-em-assis.html#primaryimage\",\"url\":\"https:\/\/franciscanos.org.br\/noticias\/wp-content\/uploads\/2015\/05\/valmir.jpg\",\"contentUrl\":\"https:\/\/franciscanos.org.br\/noticias\/wp-content\/uploads\/2015\/05\/valmir.jpg\",\"width\":273,\"height\":181},{\"@type\":\"WebPage\",\"@id\":\"https:\/\/franciscanos.org.br\/noticias\/frei-valmir-e-apresentado-oficialmente-em-assis.html#webpage\",\"url\":\"https:\/\/franciscanos.org.br\/noticias\/frei-valmir-e-apresentado-oficialmente-em-assis.html\",\"name\":\"Frei Valmir \u00e9 apresentado oficialmente em Assis - Not\u00edcias - Franciscanos\",\"isPartOf\":{\"@id\":\"https:\/\/franciscanos.org.br\/noticias\/#website\"},\"primaryImageOfPage\":{\"@id\":\"https:\/\/franciscanos.org.br\/noticias\/frei-valmir-e-apresentado-oficialmente-em-assis.html#primaryimage\"},\"datePublished\":\"2015-05-31T13:29:22+00:00\",\"dateModified\":\"2020-06-24T20:02:43+00:00\",\"author\":{\"@id\":\"https:\/\/franciscanos.org.br\/noticias\/#\/schema\/person\/b38fbf43118f02820bd932f2e4b14ad3\"},\"breadcrumb\":{\"@id\":\"https:\/\/franciscanos.org.br\/noticias\/frei-valmir-e-apresentado-oficialmente-em-assis.html#breadcrumb\"},\"inLanguage\":\"pt-BR\",\"potentialAction\":[{\"@type\":\"ReadAction\",\"target\":[\"https:\/\/franciscanos.org.br\/noticias\/frei-valmir-e-apresentado-oficialmente-em-assis.html\"]}]},{\"@type\":\"BreadcrumbList\",\"@id\":\"https:\/\/franciscanos.org.br\/noticias\/frei-valmir-e-apresentado-oficialmente-em-assis.html#breadcrumb\",\"itemListElement\":[{\"@type\":\"ListItem\",\"position\":1,\"name\":\"Home\",\"item\":\"https:\/\/franciscanos.org.br\/noticias\"},{\"@type\":\"ListItem\",\"position\":2,\"name\":\"Frei Valmir \u00e9 apresentado oficialmente em Assis\"}]},{\"@type\":\"Person\",\"@id\":\"https:\/\/franciscanos.org.br\/noticias\/#\/schema\/person\/b38fbf43118f02820bd932f2e4b14ad3\",\"name\":\"admin\",\"image\":{\"@type\":\"ImageObject\",\"inLanguage\":\"pt-BR\",\"@id\":\"https:\/\/franciscanos.org.br\/noticias\/#\/schema\/person\/image\/\",\"url\":\"https:\/\/secure.gravatar.com\/avatar\/e8495742d34d0ba6448ea1c628263b3e?s=96&d=mm&r=g\",\"contentUrl\":\"https:\/\/secure.gravatar.com\/avatar\/e8495742d34d0ba6448ea1c628263b3e?s=96&d=mm&r=g\",\"caption\":\"admin\"},\"url\":\"https:\/\/franciscanos.org.br\/noticias\/author\/admin\"}]}<\/script>\n<!-- \/ Yoast SEO plugin. -->","yoast_head_json":{"title":"Frei Valmir \u00e9 apresentado oficialmente em Assis - Not\u00edcias - Franciscanos","robots":{"index":"index","follow":"follow","max-snippet":"max-snippet:-1","max-image-preview":"max-image-preview:large","max-video-preview":"max-video-preview:-1"},"canonical":"https:\/\/franciscanos.org.br\/noticias\/frei-valmir-e-apresentado-oficialmente-em-assis.html","og_locale":"pt_BR","og_type":"article","og_title":"Frei Valmir \u00e9 apresentado oficialmente em Assis - Not\u00edcias - Franciscanos","og_description":"Cap\u00edtulo Geral","og_url":"https:\/\/franciscanos.org.br\/noticias\/frei-valmir-e-apresentado-oficialmente-em-assis.html","og_site_name":"Not\u00edcias - Franciscanos","article_published_time":"2015-05-31T13:29:22+00:00","article_modified_time":"2020-06-24T20:02:43+00:00","og_image":[{"width":273,"height":181,"url":"https:\/\/franciscanos.org.br\/noticias\/wp-content\/uploads\/2015\/05\/valmir.jpg","type":"image\/jpeg"}],"author":"admin","twitter_card":"summary_large_image","twitter_misc":{"Escrito por":"admin","Est. tempo de leitura":"2 minutos"},"schema":{"@context":"https:\/\/schema.org","@graph":[{"@type":"WebSite","@id":"https:\/\/franciscanos.org.br\/noticias\/#website","url":"https:\/\/franciscanos.org.br\/noticias\/","name":"Not\u00edcias - Franciscanos","description":"Prov\u00edncia Franciscana da Imaculada Concei\u00e7\u00e3o do Brasil - Ordem dos Frades Menores - OFM","potentialAction":[{"@type":"SearchAction","target":{"@type":"EntryPoint","urlTemplate":"https:\/\/franciscanos.org.br\/noticias\/?s={search_term_string}"},"query-input":"required name=search_term_string"}],"inLanguage":"pt-BR"},{"@type":"ImageObject","inLanguage":"pt-BR","@id":"https:\/\/franciscanos.org.br\/noticias\/frei-valmir-e-apresentado-oficialmente-em-assis.html#primaryimage","url":"https:\/\/franciscanos.org.br\/noticias\/wp-content\/uploads\/2015\/05\/valmir.jpg","contentUrl":"https:\/\/franciscanos.org.br\/noticias\/wp-content\/uploads\/2015\/05\/valmir.jpg","width":273,"height":181},{"@type":"WebPage","@id":"https:\/\/franciscanos.org.br\/noticias\/frei-valmir-e-apresentado-oficialmente-em-assis.html#webpage","url":"https:\/\/franciscanos.org.br\/noticias\/frei-valmir-e-apresentado-oficialmente-em-assis.html","name":"Frei Valmir \u00e9 apresentado oficialmente em Assis - Not\u00edcias - Franciscanos","isPartOf":{"@id":"https:\/\/franciscanos.org.br\/noticias\/#website"},"primaryImageOfPage":{"@id":"https:\/\/franciscanos.org.br\/noticias\/frei-valmir-e-apresentado-oficialmente-em-assis.html#primaryimage"},"datePublished":"2015-05-31T13:29:22+00:00","dateModified":"2020-06-24T20:02:43+00:00","author":{"@id":"https:\/\/franciscanos.org.br\/noticias\/#\/schema\/person\/b38fbf43118f02820bd932f2e4b14ad3"},"breadcrumb":{"@id":"https:\/\/franciscanos.org.br\/noticias\/frei-valmir-e-apresentado-oficialmente-em-assis.html#breadcrumb"},"inLanguage":"pt-BR","potentialAction":[{"@type":"ReadAction","target":["https:\/\/franciscanos.org.br\/noticias\/frei-valmir-e-apresentado-oficialmente-em-assis.html"]}]},{"@type":"BreadcrumbList","@id":"https:\/\/franciscanos.org.br\/noticias\/frei-valmir-e-apresentado-oficialmente-em-assis.html#breadcrumb","itemListElement":[{"@type":"ListItem","position":1,"name":"Home","item":"https:\/\/franciscanos.org.br\/noticias"},{"@type":"ListItem","position":2,"name":"Frei Valmir \u00e9 apresentado oficialmente em Assis"}]},{"@type":"Person","@id":"https:\/\/franciscanos.org.br\/noticias\/#\/schema\/person\/b38fbf43118f02820bd932f2e4b14ad3","name":"admin","image":{"@type":"ImageObject","inLanguage":"pt-BR","@id":"https:\/\/franciscanos.org.br\/noticias\/#\/schema\/person\/image\/","url":"https:\/\/secure.gravatar.com\/avatar\/e8495742d34d0ba6448ea1c628263b3e?s=96&d=mm&r=g","contentUrl":"https:\/\/secure.gravatar.com\/avatar\/e8495742d34d0ba6448ea1c628263b3e?s=96&d=mm&r=g","caption":"admin"},"url":"https:\/\/franciscanos.org.br\/noticias\/author\/admin"}]}},"_links":{"self":[{"href":"https:\/\/franciscanos.org.br\/noticias\/wp-json\/wp\/v2\/posts\/86508"}],"collection":[{"href":"https:\/\/franciscanos.org.br\/noticias\/wp-json\/wp\/v2\/posts"}],"about":[{"href":"https:\/\/franciscanos.org.br\/noticias\/wp-json\/wp\/v2\/types\/post"}],"author":[{"embeddable":true,"href":"https:\/\/franciscanos.org.br\/noticias\/wp-json\/wp\/v2\/users\/1"}],"replies":[{"embeddable":true,"href":"https:\/\/franciscanos.org.br\/noticias\/wp-json\/wp\/v2\/comments?post=86508"}],"version-history":[{"count":1,"href":"https:\/\/franciscanos.org.br\/noticias\/wp-json\/wp\/v2\/posts\/86508\/revisions"}],"predecessor-version":[{"id":226728,"href":"https:\/\/franciscanos.org.br\/noticias\/wp-json\/wp\/v2\/posts\/86508\/revisions\/226728"}],"wp:featuredmedia":[{"embeddable":true,"href":"https:\/\/franciscanos.org.br\/noticias\/wp-json\/wp\/v2\/media\/220146"}],"wp:attachment":[{"href":"https:\/\/franciscanos.org.br\/noticias\/wp-json\/wp\/v2\/media?parent=86508"}],"wp:term":[{"taxonomy":"category","embeddable":true,"href":"https:\/\/franciscanos.org.br\/noticias\/wp-json\/wp\/v2\/categories?post=86508"},{"taxonomy":"post_tag","embeddable":true,"href":"https:\/\/franciscanos.org.br\/noticias\/wp-json\/wp\/v2\/tags?post=86508"}],"curies":[{"name":"wp","href":"https:\/\/api.w.org\/{rel}","templated":true}]}}