{"id":86486,"date":"2015-05-31T07:58:48","date_gmt":"2015-05-31T10:58:48","guid":{"rendered":"http:\/\/franciscanos.org.br\/?p=86486"},"modified":"2020-06-10T15:25:30","modified_gmt":"2020-06-10T18:25:30","slug":"a-missao-de-viver-a-comunhao-com-deus-e-entre-nos-no-modelo-trinitario","status":"publish","type":"post","link":"https:\/\/franciscanos.org.br\/noticias\/a-missao-de-viver-a-comunhao-com-deus-e-entre-nos-no-modelo-trinitario.html","title":{"rendered":"Papa: a miss\u00e3o de viver a comunh\u00e3o com Deus e entre n\u00f3s"},"content":{"rendered":"<p><img loading=\"lazy\" src=\"http:\/\/franciscanos.org.br\/wp-content\/uploads\/2015\/05\/angelus.jpg\" alt=\"angelus\" width=\"820\" height=\"340\" \/><\/p>\n<p><strong>Cidade do Vaticano<\/strong> \u2013 Ao meio-dia deste domingo, Solenidade da Sant\u00edssima Trindade, o Papa Francisco assomou \u00e0 janela do apartamento Pontif\u00edcio para rezar, com os milhares de fieis reunidos na Pra\u00e7a S\u00e3o Pedro, a ora\u00e7\u00e3o mariana do Angelus. Eis a \u00edntegra da reflex\u00e3o que precedeu a ora\u00e7\u00e3o:<\/p>\n<p>\u201cHoje celebramos a Festa da Sant\u00edssima Trindade, que nos recorda o mist\u00e9rio do \u00fanico Deus em tr\u00eas pessoas: o Pai, o Filho e o Esp\u00edrito Santo. A Trindade \u00e9 comunh\u00e3o de Pessoas divinas as quais est\u00e3o uma com a outra, uma para a outra, uma na outra: esta comunh\u00e3o \u00e9 a vida de Deus, o mist\u00e9rio do amor do Deus vivo. Mas quem nos revelou este mist\u00e9rio? Jesus. Ele nos falou de Deus como Pai; nos falou do Esp\u00edrito; e nos falou de si mesmo como Filho de Deus. E quando, ressuscitado, enviou os seus disc\u00edpulos a evangelizar os povos, disse a eles para os batizarem \u201cem nome do Pai, do Filho e do Esp\u00edrito Santo\u201d. Esta ordem, Cristo confia \u00e0 Igreja em todos os tempos, que herdou dos Ap\u00f3stolos o mandato mission\u00e1rio. O dirige tamb\u00e9m a cada um de n\u00f3s que, pela for\u00e7a do Batismo, fizemos parte da sua Comunidade.<\/p>\n<p>Portanto, a solenidade lit\u00fargica de hoje, enquanto nos faz contemplar o maravilhoso mist\u00e9rio de onde viemos e para o qual iremos, nos renova a miss\u00e3o de viver a comunh\u00e3o com Deus e entre n\u00f3s no modelo daquela trinit\u00e1ria. Somos chamados a viver n\u00e3o uns sem os outros, sobre ou contra os outros, mas uns com os outros, para os outros e nos outros. Isto significa acolher e testemunhar conforme a beleza do Evangelho; viver o amor rec\u00edproco e para os outros, partilhando alegrias e sofrimentos, aprendendo a pedir e dar perd\u00e3o, valorizando os diversos carismas sob a guia dos Pastores. Em uma palavra, nos \u00e9 confiada a miss\u00e3o de edificar comunidades eclesiais que sejam sempre mais fam\u00edlia, capazes de refletir o esplendor da Trindade e de evangelizar n\u00e3o somente com palavras, mas com a forma do amor de Deus que habita em n\u00f3s.<\/p>\n<p>A Trindade, como eu acenava, \u00e9 tamb\u00e9m o fim \u00faltimo para o qual \u00e9 orientada a nossa peregrina\u00e7\u00e3o terrena. O caminho da vida crist\u00e3 \u00e9, de fato, um caminho essencialmente \u201ctrinit\u00e1rio\u201d: o Esp\u00edrito Santo nos guia ao pleno conhecimento dos ensinamentos de Cristo, de seu Evangelho; e Jesus, por sua vez, veio ao mundo para nos fazer conhecer o Pai, para nos guiar a Ele, para reconciliar-nos com Ele. Tudo, na vida crist\u00e3, gira em torno ao mist\u00e9rio trinit\u00e1rio e \u00e9 realizado na ordem deste infinito mist\u00e9rio. Procuremos, portanto, manter sempre elevado o \u201ctom\u201d da nossa vida, recordando-nos sempre a que finalidade e para qual gl\u00f3ria n\u00f3s existimos, trabalhamos, lutamos, sofremos; e a qual imenso pr\u00eamio somos chamados.<\/p>\n<p>Neste \u00faltimo dia do m\u00eas de maio, o m\u00eas mariano, confiemo-nos a Virgem Maria. Ela, que mais do que qualquer outra criatura conheceu, adorou, amou o mist\u00e9rio da Sant\u00edssima Trindade, nos guie pela m\u00e3o; nos ajude a perceber nos eventos do mundo os sinais da presen\u00e7a de Deus, Pai e Filho e Esp\u00edrito Santo; nos fa\u00e7a amar o Senhor Jesus com todo o cora\u00e7\u00e3o, para caminhar rumo \u00e0 vis\u00e3o da Trindade, objetivo maravilhoso para o qual tende a nossa vida. Pe\u00e7amos a ela tamb\u00e9m para ajudar a Igreja, mist\u00e9rio de comunh\u00e3o, para ser comunidade acolhedora, onde cada pessoa, especialmente pobre e marginalizada, possa encontrar acolhida e sentir-se filha de Deus, querida e amada\u201d.<\/p>\n<hr \/>\n<p><em>Fonte: R\u00e1dio Vaticano<\/em><\/p>\n","protected":false},"excerpt":{"rendered":"<p>Angelus<\/p>\n","protected":false},"author":1,"featured_media":210968,"comment_status":"open","ping_status":"open","sticky":false,"template":"","format":"standard","meta":[],"categories":[1428],"tags":[403],"acf":[],"yoast_head":"<!-- This site is optimized with the Yoast SEO plugin v19.2 - https:\/\/yoast.com\/wordpress\/plugins\/seo\/ -->\n<title>Papa: a miss\u00e3o de viver a comunh\u00e3o com Deus e entre n\u00f3s - Not\u00edcias - Franciscanos<\/title>\n<meta name=\"robots\" content=\"index, follow, max-snippet:-1, max-image-preview:large, max-video-preview:-1\" \/>\n<link rel=\"canonical\" href=\"https:\/\/franciscanos.org.br\/noticias\/a-missao-de-viver-a-comunhao-com-deus-e-entre-nos-no-modelo-trinitario.html\" \/>\n<meta property=\"og:locale\" content=\"pt_BR\" \/>\n<meta property=\"og:type\" content=\"article\" \/>\n<meta property=\"og:title\" content=\"Papa: a miss\u00e3o de viver a comunh\u00e3o com Deus e entre n\u00f3s - Not\u00edcias - Franciscanos\" \/>\n<meta property=\"og:description\" content=\"Angelus\" \/>\n<meta property=\"og:url\" content=\"https:\/\/franciscanos.org.br\/noticias\/a-missao-de-viver-a-comunhao-com-deus-e-entre-nos-no-modelo-trinitario.html\" \/>\n<meta property=\"og:site_name\" content=\"Not\u00edcias - Franciscanos\" \/>\n<meta property=\"article:published_time\" content=\"2015-05-31T10:58:48+00:00\" \/>\n<meta property=\"article:modified_time\" content=\"2020-06-10T18:25:30+00:00\" \/>\n<meta property=\"og:image\" content=\"https:\/\/franciscanos.org.br\/noticias\/wp-content\/uploads\/2019\/09\/angelus_150919_1.jpg\" \/>\n\t<meta property=\"og:image:width\" content=\"273\" \/>\n\t<meta property=\"og:image:height\" content=\"181\" \/>\n\t<meta property=\"og:image:type\" content=\"image\/jpeg\" \/>\n<meta name=\"author\" content=\"admin\" \/>\n<meta name=\"twitter:card\" content=\"summary_large_image\" \/>\n<meta name=\"twitter:label1\" content=\"Escrito por\" \/>\n\t<meta name=\"twitter:data1\" content=\"admin\" \/>\n\t<meta name=\"twitter:label2\" content=\"Est. tempo de leitura\" \/>\n\t<meta name=\"twitter:data2\" content=\"3 minutos\" \/>\n<script type=\"application\/ld+json\" class=\"yoast-schema-graph\">{\"@context\":\"https:\/\/schema.org\",\"@graph\":[{\"@type\":\"WebSite\",\"@id\":\"https:\/\/franciscanos.org.br\/noticias\/#website\",\"url\":\"https:\/\/franciscanos.org.br\/noticias\/\",\"name\":\"Not\u00edcias - Franciscanos\",\"description\":\"Prov\u00edncia Franciscana da Imaculada Concei\u00e7\u00e3o do Brasil - Ordem dos Frades Menores - OFM\",\"potentialAction\":[{\"@type\":\"SearchAction\",\"target\":{\"@type\":\"EntryPoint\",\"urlTemplate\":\"https:\/\/franciscanos.org.br\/noticias\/?s={search_term_string}\"},\"query-input\":\"required name=search_term_string\"}],\"inLanguage\":\"pt-BR\"},{\"@type\":\"ImageObject\",\"inLanguage\":\"pt-BR\",\"@id\":\"https:\/\/franciscanos.org.br\/noticias\/a-missao-de-viver-a-comunhao-com-deus-e-entre-nos-no-modelo-trinitario.html#primaryimage\",\"url\":\"https:\/\/franciscanos.org.br\/noticias\/wp-content\/uploads\/2019\/09\/angelus_150919_1.jpg\",\"contentUrl\":\"https:\/\/franciscanos.org.br\/noticias\/wp-content\/uploads\/2019\/09\/angelus_150919_1.jpg\",\"width\":273,\"height\":181},{\"@type\":\"WebPage\",\"@id\":\"https:\/\/franciscanos.org.br\/noticias\/a-missao-de-viver-a-comunhao-com-deus-e-entre-nos-no-modelo-trinitario.html#webpage\",\"url\":\"https:\/\/franciscanos.org.br\/noticias\/a-missao-de-viver-a-comunhao-com-deus-e-entre-nos-no-modelo-trinitario.html\",\"name\":\"Papa: a miss\u00e3o de viver a comunh\u00e3o com Deus e entre n\u00f3s - Not\u00edcias - Franciscanos\",\"isPartOf\":{\"@id\":\"https:\/\/franciscanos.org.br\/noticias\/#website\"},\"primaryImageOfPage\":{\"@id\":\"https:\/\/franciscanos.org.br\/noticias\/a-missao-de-viver-a-comunhao-com-deus-e-entre-nos-no-modelo-trinitario.html#primaryimage\"},\"datePublished\":\"2015-05-31T10:58:48+00:00\",\"dateModified\":\"2020-06-10T18:25:30+00:00\",\"author\":{\"@id\":\"https:\/\/franciscanos.org.br\/noticias\/#\/schema\/person\/b38fbf43118f02820bd932f2e4b14ad3\"},\"breadcrumb\":{\"@id\":\"https:\/\/franciscanos.org.br\/noticias\/a-missao-de-viver-a-comunhao-com-deus-e-entre-nos-no-modelo-trinitario.html#breadcrumb\"},\"inLanguage\":\"pt-BR\",\"potentialAction\":[{\"@type\":\"ReadAction\",\"target\":[\"https:\/\/franciscanos.org.br\/noticias\/a-missao-de-viver-a-comunhao-com-deus-e-entre-nos-no-modelo-trinitario.html\"]}]},{\"@type\":\"BreadcrumbList\",\"@id\":\"https:\/\/franciscanos.org.br\/noticias\/a-missao-de-viver-a-comunhao-com-deus-e-entre-nos-no-modelo-trinitario.html#breadcrumb\",\"itemListElement\":[{\"@type\":\"ListItem\",\"position\":1,\"name\":\"Home\",\"item\":\"https:\/\/franciscanos.org.br\/noticias\"},{\"@type\":\"ListItem\",\"position\":2,\"name\":\"Papa: a miss\u00e3o de viver a comunh\u00e3o com Deus e entre n\u00f3s\"}]},{\"@type\":\"Person\",\"@id\":\"https:\/\/franciscanos.org.br\/noticias\/#\/schema\/person\/b38fbf43118f02820bd932f2e4b14ad3\",\"name\":\"admin\",\"image\":{\"@type\":\"ImageObject\",\"inLanguage\":\"pt-BR\",\"@id\":\"https:\/\/franciscanos.org.br\/noticias\/#\/schema\/person\/image\/\",\"url\":\"https:\/\/secure.gravatar.com\/avatar\/e8495742d34d0ba6448ea1c628263b3e?s=96&d=mm&r=g\",\"contentUrl\":\"https:\/\/secure.gravatar.com\/avatar\/e8495742d34d0ba6448ea1c628263b3e?s=96&d=mm&r=g\",\"caption\":\"admin\"},\"url\":\"https:\/\/franciscanos.org.br\/noticias\/author\/admin\"}]}<\/script>\n<!-- \/ Yoast SEO plugin. -->","yoast_head_json":{"title":"Papa: a miss\u00e3o de viver a comunh\u00e3o com Deus e entre n\u00f3s - Not\u00edcias - Franciscanos","robots":{"index":"index","follow":"follow","max-snippet":"max-snippet:-1","max-image-preview":"max-image-preview:large","max-video-preview":"max-video-preview:-1"},"canonical":"https:\/\/franciscanos.org.br\/noticias\/a-missao-de-viver-a-comunhao-com-deus-e-entre-nos-no-modelo-trinitario.html","og_locale":"pt_BR","og_type":"article","og_title":"Papa: a miss\u00e3o de viver a comunh\u00e3o com Deus e entre n\u00f3s - Not\u00edcias - Franciscanos","og_description":"Angelus","og_url":"https:\/\/franciscanos.org.br\/noticias\/a-missao-de-viver-a-comunhao-com-deus-e-entre-nos-no-modelo-trinitario.html","og_site_name":"Not\u00edcias - Franciscanos","article_published_time":"2015-05-31T10:58:48+00:00","article_modified_time":"2020-06-10T18:25:30+00:00","og_image":[{"width":273,"height":181,"url":"https:\/\/franciscanos.org.br\/noticias\/wp-content\/uploads\/2019\/09\/angelus_150919_1.jpg","type":"image\/jpeg"}],"author":"admin","twitter_card":"summary_large_image","twitter_misc":{"Escrito por":"admin","Est. tempo de leitura":"3 minutos"},"schema":{"@context":"https:\/\/schema.org","@graph":[{"@type":"WebSite","@id":"https:\/\/franciscanos.org.br\/noticias\/#website","url":"https:\/\/franciscanos.org.br\/noticias\/","name":"Not\u00edcias - Franciscanos","description":"Prov\u00edncia Franciscana da Imaculada Concei\u00e7\u00e3o do Brasil - Ordem dos Frades Menores - OFM","potentialAction":[{"@type":"SearchAction","target":{"@type":"EntryPoint","urlTemplate":"https:\/\/franciscanos.org.br\/noticias\/?s={search_term_string}"},"query-input":"required name=search_term_string"}],"inLanguage":"pt-BR"},{"@type":"ImageObject","inLanguage":"pt-BR","@id":"https:\/\/franciscanos.org.br\/noticias\/a-missao-de-viver-a-comunhao-com-deus-e-entre-nos-no-modelo-trinitario.html#primaryimage","url":"https:\/\/franciscanos.org.br\/noticias\/wp-content\/uploads\/2019\/09\/angelus_150919_1.jpg","contentUrl":"https:\/\/franciscanos.org.br\/noticias\/wp-content\/uploads\/2019\/09\/angelus_150919_1.jpg","width":273,"height":181},{"@type":"WebPage","@id":"https:\/\/franciscanos.org.br\/noticias\/a-missao-de-viver-a-comunhao-com-deus-e-entre-nos-no-modelo-trinitario.html#webpage","url":"https:\/\/franciscanos.org.br\/noticias\/a-missao-de-viver-a-comunhao-com-deus-e-entre-nos-no-modelo-trinitario.html","name":"Papa: a miss\u00e3o de viver a comunh\u00e3o com Deus e entre n\u00f3s - Not\u00edcias - Franciscanos","isPartOf":{"@id":"https:\/\/franciscanos.org.br\/noticias\/#website"},"primaryImageOfPage":{"@id":"https:\/\/franciscanos.org.br\/noticias\/a-missao-de-viver-a-comunhao-com-deus-e-entre-nos-no-modelo-trinitario.html#primaryimage"},"datePublished":"2015-05-31T10:58:48+00:00","dateModified":"2020-06-10T18:25:30+00:00","author":{"@id":"https:\/\/franciscanos.org.br\/noticias\/#\/schema\/person\/b38fbf43118f02820bd932f2e4b14ad3"},"breadcrumb":{"@id":"https:\/\/franciscanos.org.br\/noticias\/a-missao-de-viver-a-comunhao-com-deus-e-entre-nos-no-modelo-trinitario.html#breadcrumb"},"inLanguage":"pt-BR","potentialAction":[{"@type":"ReadAction","target":["https:\/\/franciscanos.org.br\/noticias\/a-missao-de-viver-a-comunhao-com-deus-e-entre-nos-no-modelo-trinitario.html"]}]},{"@type":"BreadcrumbList","@id":"https:\/\/franciscanos.org.br\/noticias\/a-missao-de-viver-a-comunhao-com-deus-e-entre-nos-no-modelo-trinitario.html#breadcrumb","itemListElement":[{"@type":"ListItem","position":1,"name":"Home","item":"https:\/\/franciscanos.org.br\/noticias"},{"@type":"ListItem","position":2,"name":"Papa: a miss\u00e3o de viver a comunh\u00e3o com Deus e entre n\u00f3s"}]},{"@type":"Person","@id":"https:\/\/franciscanos.org.br\/noticias\/#\/schema\/person\/b38fbf43118f02820bd932f2e4b14ad3","name":"admin","image":{"@type":"ImageObject","inLanguage":"pt-BR","@id":"https:\/\/franciscanos.org.br\/noticias\/#\/schema\/person\/image\/","url":"https:\/\/secure.gravatar.com\/avatar\/e8495742d34d0ba6448ea1c628263b3e?s=96&d=mm&r=g","contentUrl":"https:\/\/secure.gravatar.com\/avatar\/e8495742d34d0ba6448ea1c628263b3e?s=96&d=mm&r=g","caption":"admin"},"url":"https:\/\/franciscanos.org.br\/noticias\/author\/admin"}]}},"_links":{"self":[{"href":"https:\/\/franciscanos.org.br\/noticias\/wp-json\/wp\/v2\/posts\/86486"}],"collection":[{"href":"https:\/\/franciscanos.org.br\/noticias\/wp-json\/wp\/v2\/posts"}],"about":[{"href":"https:\/\/franciscanos.org.br\/noticias\/wp-json\/wp\/v2\/types\/post"}],"author":[{"embeddable":true,"href":"https:\/\/franciscanos.org.br\/noticias\/wp-json\/wp\/v2\/users\/1"}],"replies":[{"embeddable":true,"href":"https:\/\/franciscanos.org.br\/noticias\/wp-json\/wp\/v2\/comments?post=86486"}],"version-history":[{"count":1,"href":"https:\/\/franciscanos.org.br\/noticias\/wp-json\/wp\/v2\/posts\/86486\/revisions"}],"predecessor-version":[{"id":226053,"href":"https:\/\/franciscanos.org.br\/noticias\/wp-json\/wp\/v2\/posts\/86486\/revisions\/226053"}],"wp:featuredmedia":[{"embeddable":true,"href":"https:\/\/franciscanos.org.br\/noticias\/wp-json\/wp\/v2\/media\/210968"}],"wp:attachment":[{"href":"https:\/\/franciscanos.org.br\/noticias\/wp-json\/wp\/v2\/media?parent=86486"}],"wp:term":[{"taxonomy":"category","embeddable":true,"href":"https:\/\/franciscanos.org.br\/noticias\/wp-json\/wp\/v2\/categories?post=86486"},{"taxonomy":"post_tag","embeddable":true,"href":"https:\/\/franciscanos.org.br\/noticias\/wp-json\/wp\/v2\/tags?post=86486"}],"curies":[{"name":"wp","href":"https:\/\/api.w.org\/{rel}","templated":true}]}}