{"id":86464,"date":"2015-05-29T14:24:14","date_gmt":"2015-05-29T17:24:14","guid":{"rendered":"http:\/\/franciscanos.org.br\/?p=86464"},"modified":"2020-06-10T15:26:21","modified_gmt":"2020-06-10T18:26:21","slug":"papa-a-verdadeira-fe-faz-milagres-nao-negocios","status":"publish","type":"post","link":"https:\/\/franciscanos.org.br\/noticias\/papa-a-verdadeira-fe-faz-milagres-nao-negocios.html","title":{"rendered":"Papa: a verdadeira f\u00e9 faz milagres, n\u00e3o neg\u00f3cios"},"content":{"rendered":"<p><img loading=\"lazy\" src=\"http:\/\/franciscanos.org.br\/wp-content\/uploads\/2015\/05\/papa_29.jpg\" alt=\"papa_29\" width=\"810\" height=\"427\" \/><\/p>\n<p><strong>Cidade do Vaticano<\/strong> \u2013 A f\u00e9 aut\u00eantica, aberta aos outros e ao perd\u00e3o, faz milagres. Que Deus nos ajude a n\u00e3o cair em uma religiosidade ego\u00edsta e mercantil: \u00e9 o que disse o Papa na Missa da manh\u00e3 desta sexta-feira (29\/05), na Casa Santa Marta.<\/p>\n<p>O Evangelho do dia prop\u00f5e \u201ctr\u00eas modos de viver\u201d com as imagens da figueira que n\u00e3o d\u00e1 frutos, dos negociantes no templo e do homem de f\u00e9. \u201cA figueira \u2013 afirma o Papa \u2013 representa a esterilidade, ou seja, uma vida est\u00e9ril, incapaz de dar qualquer coisa. Uma vida que n\u00e3o frutifica, incapaz de fazer o bem\u201d: \u201cVive para si; tranquilo, ego\u00edsta, n\u00e3o quer problemas. E Jesus amaldi\u00e7oa a figueira, porque \u00e9 est\u00e9ril, porque n\u00e3o fez nada para dar frutos. Representa a pessoa que nada faz para ajudar, que vive sempre para ela mesma, para que nada lhe falte. No final, estas pessoas se tornam neur\u00f3ticas, todas elas! Jesus condena a esterilidade espiritual, o ego\u00edsmo espiritual. \u2018Eu vivo para mim, que a mim nada falte e os outros que se virem!\u2019\u201d.<\/p>\n<p><strong>Negociadores da religi\u00e3o<\/strong><\/p>\n<p>O outro modo de viver \u2013 destaca o Papa \u2013 \u201c\u00e9 aquele dos exploradores, dos negociantes no templo. Exploram at\u00e9 mesmo o lugar sagrado de Deus para fazer neg\u00f3cios: trocam moedas, vendem os animais para os sacrif\u00edcios, t\u00eam at\u00e9 um sindicato para defend\u00ea-los. Isso n\u00e3o somente era tolerado, mas permitido pelos sacerdotes do templo\u201d.<\/p>\n<p>S\u00e3o \u201caqueles que fazem da religi\u00e3o um neg\u00f3cio\u201d. Na B\u00edblia \u2013 recorda Francisco \u2013 est\u00e1 a hist\u00f3ria dos filhos de um sacerdote que \u201cobrigavam as pessoas a dar ofertas e ganhavam em cima disso, tanto, tamb\u00e9m dos pobres\u201d. E \u201cJesus n\u00e3o economiza nas palavras\u201d: \u201cA minha casa ser\u00e1 chamada casa de ora\u00e7\u00e3o. Voc\u00eas, ao contr\u00e1rio, fizeram dela um covil de ladr\u00f5es\u201d: \u201cO povo peregrinava ao templo para pedir a b\u00ean\u00e7\u00e3o do Senhor, fazia um sacrif\u00edcio: e l\u00e1, aquelas pessoas eram exploradas! Os sacerdotes n\u00e3o os ensinavam a rezar, n\u00e3o ministravam catequese&#8230; Era um covil de ladr\u00f5es. Paguem, entrem&#8230; Realizavam os rituais, vazios, sem piedade. N\u00e3o sei se nos far\u00e1 bem pensar se conosco acontece algo do g\u00eanero em qualquer lugar. N\u00e3o sei? Usar as coisas de Deus para o lucro pr\u00f3prio\u201d.<\/p>\n<p><strong>Vida de F\u00e9<\/strong><\/p>\n<p>O terceiro modo de viver \u00e9 \u201ca vida de f\u00e9\u201d, como Jesus indica: \u201c\u2019Tenham f\u00e9 em Deus. Se algu\u00e9m disser a esta montanha: ergue-te e lan\u00e7a-te ao mar, e n\u00e3o duvidar no cora\u00e7\u00e3o, mas crer que o que diz se realiza, assim lhe acontecer\u00e1\u2019. Acontecer\u00e1 justamente aquilo que n\u00f3s, com f\u00e9, pedirmos: \u201c\u00c9 o estilo de vida da f\u00e9. \u2018Pai, o que devo fazer para isto?\u2019; \u2018Mas pe\u00e7a-o ao Senhor, que te ajude a realizar coisas boas, mas com f\u00e9. Somente uma condi\u00e7\u00e3o: quando voc\u00eas rezarem pedindo isso, se voc\u00eas tiverem algo contra algu\u00e9m, perdoem. \u00c9 a \u00fanica condi\u00e7\u00e3o, para que tamb\u00e9m o vosso Pai que est\u00e1 nos c\u00e9us vos perdoe as vossas ofensas\u2019. Este \u00e9 o terceiro estilo de vida. A f\u00e9, a f\u00e9 para ajudar os demais, para se aproximar de Deus. Esta f\u00e9 faz milagres\u201d.<\/p>\n<p><strong>Medita\u00e7\u00e3o final<\/strong><br \/>\nE, com a seguinte reflex\u00e3o, o Papa concluiu a sua homilia: \u201cPe\u00e7amos hoje ao Senhor\u2026 que nos ensine este estilo de vida de f\u00e9 e que nos ajude a n\u00e3o cair jamais \u2013 n\u00f3s, a cada um de n\u00f3s, e a Igreja \u2013 na esterilidade e no mercantilismo\u201d.<\/p>\n<hr \/>\n<p><em>Fonte: R\u00e1dio Vaticano<\/em><\/p>\n","protected":false},"excerpt":{"rendered":"<p>Missa em Santa Marta<\/p>\n","protected":false},"author":1,"featured_media":220139,"comment_status":"open","ping_status":"open","sticky":false,"template":"","format":"standard","meta":[],"categories":[1428],"tags":[1586],"acf":[],"yoast_head":"<!-- This site is optimized with the Yoast SEO plugin v19.2 - https:\/\/yoast.com\/wordpress\/plugins\/seo\/ -->\n<title>Papa: a verdadeira f\u00e9 faz milagres, n\u00e3o neg\u00f3cios - Not\u00edcias - Franciscanos<\/title>\n<meta name=\"robots\" content=\"index, follow, max-snippet:-1, max-image-preview:large, max-video-preview:-1\" \/>\n<link rel=\"canonical\" href=\"https:\/\/franciscanos.org.br\/noticias\/papa-a-verdadeira-fe-faz-milagres-nao-negocios.html\" \/>\n<meta property=\"og:locale\" content=\"pt_BR\" \/>\n<meta property=\"og:type\" content=\"article\" \/>\n<meta property=\"og:title\" content=\"Papa: a verdadeira f\u00e9 faz milagres, n\u00e3o neg\u00f3cios - Not\u00edcias - Franciscanos\" \/>\n<meta property=\"og:description\" content=\"Missa em Santa Marta\" \/>\n<meta property=\"og:url\" content=\"https:\/\/franciscanos.org.br\/noticias\/papa-a-verdadeira-fe-faz-milagres-nao-negocios.html\" \/>\n<meta property=\"og:site_name\" content=\"Not\u00edcias - Franciscanos\" \/>\n<meta property=\"article:published_time\" content=\"2015-05-29T17:24:14+00:00\" \/>\n<meta property=\"article:modified_time\" content=\"2020-06-10T18:26:21+00:00\" \/>\n<meta property=\"og:image\" content=\"https:\/\/franciscanos.org.br\/noticias\/wp-content\/uploads\/2015\/05\/papa_29.jpg\" \/>\n\t<meta property=\"og:image:width\" content=\"273\" \/>\n\t<meta property=\"og:image:height\" content=\"181\" \/>\n\t<meta property=\"og:image:type\" content=\"image\/jpeg\" \/>\n<meta name=\"author\" content=\"admin\" \/>\n<meta name=\"twitter:card\" content=\"summary_large_image\" \/>\n<meta name=\"twitter:label1\" content=\"Escrito por\" \/>\n\t<meta name=\"twitter:data1\" content=\"admin\" \/>\n\t<meta name=\"twitter:label2\" content=\"Est. tempo de leitura\" \/>\n\t<meta name=\"twitter:data2\" content=\"3 minutos\" \/>\n<script type=\"application\/ld+json\" class=\"yoast-schema-graph\">{\"@context\":\"https:\/\/schema.org\",\"@graph\":[{\"@type\":\"WebSite\",\"@id\":\"https:\/\/franciscanos.org.br\/noticias\/#website\",\"url\":\"https:\/\/franciscanos.org.br\/noticias\/\",\"name\":\"Not\u00edcias - Franciscanos\",\"description\":\"Prov\u00edncia Franciscana da Imaculada Concei\u00e7\u00e3o do Brasil - Ordem dos Frades Menores - OFM\",\"potentialAction\":[{\"@type\":\"SearchAction\",\"target\":{\"@type\":\"EntryPoint\",\"urlTemplate\":\"https:\/\/franciscanos.org.br\/noticias\/?s={search_term_string}\"},\"query-input\":\"required name=search_term_string\"}],\"inLanguage\":\"pt-BR\"},{\"@type\":\"ImageObject\",\"inLanguage\":\"pt-BR\",\"@id\":\"https:\/\/franciscanos.org.br\/noticias\/papa-a-verdadeira-fe-faz-milagres-nao-negocios.html#primaryimage\",\"url\":\"https:\/\/franciscanos.org.br\/noticias\/wp-content\/uploads\/2015\/05\/papa_29.jpg\",\"contentUrl\":\"https:\/\/franciscanos.org.br\/noticias\/wp-content\/uploads\/2015\/05\/papa_29.jpg\",\"width\":273,\"height\":181},{\"@type\":\"WebPage\",\"@id\":\"https:\/\/franciscanos.org.br\/noticias\/papa-a-verdadeira-fe-faz-milagres-nao-negocios.html#webpage\",\"url\":\"https:\/\/franciscanos.org.br\/noticias\/papa-a-verdadeira-fe-faz-milagres-nao-negocios.html\",\"name\":\"Papa: a verdadeira f\u00e9 faz milagres, n\u00e3o neg\u00f3cios - Not\u00edcias - Franciscanos\",\"isPartOf\":{\"@id\":\"https:\/\/franciscanos.org.br\/noticias\/#website\"},\"primaryImageOfPage\":{\"@id\":\"https:\/\/franciscanos.org.br\/noticias\/papa-a-verdadeira-fe-faz-milagres-nao-negocios.html#primaryimage\"},\"datePublished\":\"2015-05-29T17:24:14+00:00\",\"dateModified\":\"2020-06-10T18:26:21+00:00\",\"author\":{\"@id\":\"https:\/\/franciscanos.org.br\/noticias\/#\/schema\/person\/b38fbf43118f02820bd932f2e4b14ad3\"},\"breadcrumb\":{\"@id\":\"https:\/\/franciscanos.org.br\/noticias\/papa-a-verdadeira-fe-faz-milagres-nao-negocios.html#breadcrumb\"},\"inLanguage\":\"pt-BR\",\"potentialAction\":[{\"@type\":\"ReadAction\",\"target\":[\"https:\/\/franciscanos.org.br\/noticias\/papa-a-verdadeira-fe-faz-milagres-nao-negocios.html\"]}]},{\"@type\":\"BreadcrumbList\",\"@id\":\"https:\/\/franciscanos.org.br\/noticias\/papa-a-verdadeira-fe-faz-milagres-nao-negocios.html#breadcrumb\",\"itemListElement\":[{\"@type\":\"ListItem\",\"position\":1,\"name\":\"Home\",\"item\":\"https:\/\/franciscanos.org.br\/noticias\"},{\"@type\":\"ListItem\",\"position\":2,\"name\":\"Papa: a verdadeira f\u00e9 faz milagres, n\u00e3o neg\u00f3cios\"}]},{\"@type\":\"Person\",\"@id\":\"https:\/\/franciscanos.org.br\/noticias\/#\/schema\/person\/b38fbf43118f02820bd932f2e4b14ad3\",\"name\":\"admin\",\"image\":{\"@type\":\"ImageObject\",\"inLanguage\":\"pt-BR\",\"@id\":\"https:\/\/franciscanos.org.br\/noticias\/#\/schema\/person\/image\/\",\"url\":\"https:\/\/secure.gravatar.com\/avatar\/e8495742d34d0ba6448ea1c628263b3e?s=96&d=mm&r=g\",\"contentUrl\":\"https:\/\/secure.gravatar.com\/avatar\/e8495742d34d0ba6448ea1c628263b3e?s=96&d=mm&r=g\",\"caption\":\"admin\"},\"url\":\"https:\/\/franciscanos.org.br\/noticias\/author\/admin\"}]}<\/script>\n<!-- \/ Yoast SEO plugin. -->","yoast_head_json":{"title":"Papa: a verdadeira f\u00e9 faz milagres, n\u00e3o neg\u00f3cios - Not\u00edcias - Franciscanos","robots":{"index":"index","follow":"follow","max-snippet":"max-snippet:-1","max-image-preview":"max-image-preview:large","max-video-preview":"max-video-preview:-1"},"canonical":"https:\/\/franciscanos.org.br\/noticias\/papa-a-verdadeira-fe-faz-milagres-nao-negocios.html","og_locale":"pt_BR","og_type":"article","og_title":"Papa: a verdadeira f\u00e9 faz milagres, n\u00e3o neg\u00f3cios - Not\u00edcias - Franciscanos","og_description":"Missa em Santa Marta","og_url":"https:\/\/franciscanos.org.br\/noticias\/papa-a-verdadeira-fe-faz-milagres-nao-negocios.html","og_site_name":"Not\u00edcias - Franciscanos","article_published_time":"2015-05-29T17:24:14+00:00","article_modified_time":"2020-06-10T18:26:21+00:00","og_image":[{"width":273,"height":181,"url":"https:\/\/franciscanos.org.br\/noticias\/wp-content\/uploads\/2015\/05\/papa_29.jpg","type":"image\/jpeg"}],"author":"admin","twitter_card":"summary_large_image","twitter_misc":{"Escrito por":"admin","Est. tempo de leitura":"3 minutos"},"schema":{"@context":"https:\/\/schema.org","@graph":[{"@type":"WebSite","@id":"https:\/\/franciscanos.org.br\/noticias\/#website","url":"https:\/\/franciscanos.org.br\/noticias\/","name":"Not\u00edcias - Franciscanos","description":"Prov\u00edncia Franciscana da Imaculada Concei\u00e7\u00e3o do Brasil - Ordem dos Frades Menores - OFM","potentialAction":[{"@type":"SearchAction","target":{"@type":"EntryPoint","urlTemplate":"https:\/\/franciscanos.org.br\/noticias\/?s={search_term_string}"},"query-input":"required name=search_term_string"}],"inLanguage":"pt-BR"},{"@type":"ImageObject","inLanguage":"pt-BR","@id":"https:\/\/franciscanos.org.br\/noticias\/papa-a-verdadeira-fe-faz-milagres-nao-negocios.html#primaryimage","url":"https:\/\/franciscanos.org.br\/noticias\/wp-content\/uploads\/2015\/05\/papa_29.jpg","contentUrl":"https:\/\/franciscanos.org.br\/noticias\/wp-content\/uploads\/2015\/05\/papa_29.jpg","width":273,"height":181},{"@type":"WebPage","@id":"https:\/\/franciscanos.org.br\/noticias\/papa-a-verdadeira-fe-faz-milagres-nao-negocios.html#webpage","url":"https:\/\/franciscanos.org.br\/noticias\/papa-a-verdadeira-fe-faz-milagres-nao-negocios.html","name":"Papa: a verdadeira f\u00e9 faz milagres, n\u00e3o neg\u00f3cios - Not\u00edcias - Franciscanos","isPartOf":{"@id":"https:\/\/franciscanos.org.br\/noticias\/#website"},"primaryImageOfPage":{"@id":"https:\/\/franciscanos.org.br\/noticias\/papa-a-verdadeira-fe-faz-milagres-nao-negocios.html#primaryimage"},"datePublished":"2015-05-29T17:24:14+00:00","dateModified":"2020-06-10T18:26:21+00:00","author":{"@id":"https:\/\/franciscanos.org.br\/noticias\/#\/schema\/person\/b38fbf43118f02820bd932f2e4b14ad3"},"breadcrumb":{"@id":"https:\/\/franciscanos.org.br\/noticias\/papa-a-verdadeira-fe-faz-milagres-nao-negocios.html#breadcrumb"},"inLanguage":"pt-BR","potentialAction":[{"@type":"ReadAction","target":["https:\/\/franciscanos.org.br\/noticias\/papa-a-verdadeira-fe-faz-milagres-nao-negocios.html"]}]},{"@type":"BreadcrumbList","@id":"https:\/\/franciscanos.org.br\/noticias\/papa-a-verdadeira-fe-faz-milagres-nao-negocios.html#breadcrumb","itemListElement":[{"@type":"ListItem","position":1,"name":"Home","item":"https:\/\/franciscanos.org.br\/noticias"},{"@type":"ListItem","position":2,"name":"Papa: a verdadeira f\u00e9 faz milagres, n\u00e3o neg\u00f3cios"}]},{"@type":"Person","@id":"https:\/\/franciscanos.org.br\/noticias\/#\/schema\/person\/b38fbf43118f02820bd932f2e4b14ad3","name":"admin","image":{"@type":"ImageObject","inLanguage":"pt-BR","@id":"https:\/\/franciscanos.org.br\/noticias\/#\/schema\/person\/image\/","url":"https:\/\/secure.gravatar.com\/avatar\/e8495742d34d0ba6448ea1c628263b3e?s=96&d=mm&r=g","contentUrl":"https:\/\/secure.gravatar.com\/avatar\/e8495742d34d0ba6448ea1c628263b3e?s=96&d=mm&r=g","caption":"admin"},"url":"https:\/\/franciscanos.org.br\/noticias\/author\/admin"}]}},"_links":{"self":[{"href":"https:\/\/franciscanos.org.br\/noticias\/wp-json\/wp\/v2\/posts\/86464"}],"collection":[{"href":"https:\/\/franciscanos.org.br\/noticias\/wp-json\/wp\/v2\/posts"}],"about":[{"href":"https:\/\/franciscanos.org.br\/noticias\/wp-json\/wp\/v2\/types\/post"}],"author":[{"embeddable":true,"href":"https:\/\/franciscanos.org.br\/noticias\/wp-json\/wp\/v2\/users\/1"}],"replies":[{"embeddable":true,"href":"https:\/\/franciscanos.org.br\/noticias\/wp-json\/wp\/v2\/comments?post=86464"}],"version-history":[{"count":1,"href":"https:\/\/franciscanos.org.br\/noticias\/wp-json\/wp\/v2\/posts\/86464\/revisions"}],"predecessor-version":[{"id":226054,"href":"https:\/\/franciscanos.org.br\/noticias\/wp-json\/wp\/v2\/posts\/86464\/revisions\/226054"}],"wp:featuredmedia":[{"embeddable":true,"href":"https:\/\/franciscanos.org.br\/noticias\/wp-json\/wp\/v2\/media\/220139"}],"wp:attachment":[{"href":"https:\/\/franciscanos.org.br\/noticias\/wp-json\/wp\/v2\/media?parent=86464"}],"wp:term":[{"taxonomy":"category","embeddable":true,"href":"https:\/\/franciscanos.org.br\/noticias\/wp-json\/wp\/v2\/categories?post=86464"},{"taxonomy":"post_tag","embeddable":true,"href":"https:\/\/franciscanos.org.br\/noticias\/wp-json\/wp\/v2\/tags?post=86464"}],"curies":[{"name":"wp","href":"https:\/\/api.w.org\/{rel}","templated":true}]}}