{"id":86357,"date":"2015-05-28T17:46:34","date_gmt":"2015-05-28T20:46:34","guid":{"rendered":"http:\/\/franciscanos.org.br\/?p=86357"},"modified":"2020-06-24T17:02:44","modified_gmt":"2020-06-24T20:02:44","slug":"captacao-de-recursos-para-projetos-de-formacao-e-de-missao","status":"publish","type":"post","link":"https:\/\/franciscanos.org.br\/noticias\/captacao-de-recursos-para-projetos-de-formacao-e-de-missao.html","title":{"rendered":"Capta\u00e7\u00e3o de recursos para projetos de forma\u00e7\u00e3o e de miss\u00e3o"},"content":{"rendered":"<p><strong>Frei Walter de Carvalho J\u00fanior<\/strong><\/p>\n<p><strong>Santa Maria dos Anjos (Assis)<\/strong> &#8211; Frei John O\u2019Connor, americano, assistente executivo do escrit\u00f3rio de capta\u00e7\u00e3o de recursos da Ordem, exp\u00f4s aos Capitulares, na manh\u00e3 do dia 28, op\u00e7\u00f5es para a continua\u00e7\u00e3o do trabalho em vista de projetos de forma\u00e7\u00e3o e miss\u00e3o da Ordem, sobretudo nos pa\u00edses mais pobres em que os frades se fazem presentes.<\/p>\n<p>Disse que prov\u00edncias tradicio- nalmente com melhores condi\u00e7\u00f5es de ajudar, em termos financeiros, a C\u00faria Geral a administrar seus projetos, hoje, por diversos motivos, j\u00e1 n\u00e3o s\u00e3o como antes. Por\u00e9m, afirmou que h\u00e1 muitas pessoas interessadas em ajudar quando t\u00eam \u00e0 frente projetos claros e que se desenvolvem a partir de tr\u00eas princ\u00edpios: transpar\u00eancia, uso \u00e9tico e solidariedade.<\/p>\n<p>J\u00e1 no per\u00edodo da tarde, por videoconfer\u00eancia, Valerio Melandri, professor da Universidade de Bologna e professor convidado da Columbia University, que mora em New York, exp\u00f4s a \u201cfilosofia\u201d do <em>fundraising<\/em>, mostrando que este pode ser promotor de sociedade e civilidade, quando \u00e9 bem feito. Explicou inclusive a diferen\u00e7a que h\u00e1 entre o <em>fundraising<\/em> que se faz nos Estudados Unidos e o que \u00e9 feito em outras partes do mundo, inclusive na Am\u00e9rica Latina.<\/p>\n<p><a href=\"http:\/\/franciscanos.org.br\/wp-content\/uploads\/2015\/05\/assis3.jpg\"><img loading=\"lazy\" class=\"alignleft size-full wp-image-86366\" src=\"http:\/\/franciscanos.org.br\/wp-content\/uploads\/2015\/05\/assis3.jpg\" alt=\"assis3\" width=\"396\" height=\"260\" \/><\/a>Um pouco antes do almo\u00e7o, o prefeito de Assis esteve na <em>Domus Pacis<\/em> para saudar os Capitulares. Lembrou que h\u00e1 algum tempo a cidade foi declarada pela UNESCO patrim\u00f4nio da humanidade.<\/p>\n<p>Ressaltou a import\u00e2ncia da boa rela\u00e7\u00e3o entre o poder p\u00fablico e os frades menores, e o car\u00e1ter espiritual de refer\u00eancia para o mundo que a cidade comporta. Afirmou que n\u00e3o \u00e9 poss\u00edvel administrar Assis sem considerar a heran\u00e7a que Francisco e Clara \u2013 e seus companheiros\/as \u2013 lhe deixaram. Lembrou, por fim, que as pessoas, aos milh\u00f5es, que anualmente acorrem \u00e0 cidade, o fazem esperando ser acolhidas, o fazem \u201cesperando serem esperadas\u201d, pois trata-se da cidade ser\u00e1fica de Francisco e Clara.<\/p>\n<p>Em duas sess\u00f5es do dia, as comiss\u00f5es estabelecidas come\u00e7aram a discutir os temas espec\u00edficos que emergiram desde o in\u00edcio do Cap\u00edtulo.<\/p>\n","protected":false},"excerpt":{"rendered":"<p>Cap\u00edtulo Geral<\/p>\n","protected":false},"author":1,"featured_media":220135,"comment_status":"open","ping_status":"open","sticky":false,"template":"","format":"standard","meta":[],"categories":[1],"tags":[128,397],"acf":[],"yoast_head":"<!-- This site is optimized with the Yoast SEO plugin v19.2 - https:\/\/yoast.com\/wordpress\/plugins\/seo\/ -->\n<title>Capta\u00e7\u00e3o de recursos para projetos de forma\u00e7\u00e3o e de miss\u00e3o - Not\u00edcias - Franciscanos<\/title>\n<meta name=\"robots\" content=\"index, follow, max-snippet:-1, max-image-preview:large, max-video-preview:-1\" \/>\n<link rel=\"canonical\" href=\"https:\/\/franciscanos.org.br\/noticias\/captacao-de-recursos-para-projetos-de-formacao-e-de-missao.html\" \/>\n<meta property=\"og:locale\" content=\"pt_BR\" \/>\n<meta property=\"og:type\" content=\"article\" \/>\n<meta property=\"og:title\" content=\"Capta\u00e7\u00e3o de recursos para projetos de forma\u00e7\u00e3o e de miss\u00e3o - Not\u00edcias - Franciscanos\" \/>\n<meta property=\"og:description\" content=\"Cap\u00edtulo Geral\" \/>\n<meta property=\"og:url\" content=\"https:\/\/franciscanos.org.br\/noticias\/captacao-de-recursos-para-projetos-de-formacao-e-de-missao.html\" \/>\n<meta property=\"og:site_name\" content=\"Not\u00edcias - Franciscanos\" \/>\n<meta property=\"article:published_time\" content=\"2015-05-28T20:46:34+00:00\" \/>\n<meta property=\"article:modified_time\" content=\"2020-06-24T20:02:44+00:00\" \/>\n<meta property=\"og:image\" content=\"https:\/\/franciscanos.org.br\/noticias\/wp-content\/uploads\/2015\/05\/assis3.jpg\" \/>\n\t<meta property=\"og:image:width\" content=\"273\" \/>\n\t<meta property=\"og:image:height\" content=\"181\" \/>\n\t<meta property=\"og:image:type\" content=\"image\/jpeg\" \/>\n<meta name=\"author\" content=\"admin\" \/>\n<meta name=\"twitter:card\" content=\"summary_large_image\" \/>\n<meta name=\"twitter:label1\" content=\"Escrito por\" \/>\n\t<meta name=\"twitter:data1\" content=\"admin\" \/>\n\t<meta name=\"twitter:label2\" content=\"Est. tempo de leitura\" \/>\n\t<meta name=\"twitter:data2\" content=\"2 minutos\" \/>\n<script type=\"application\/ld+json\" class=\"yoast-schema-graph\">{\"@context\":\"https:\/\/schema.org\",\"@graph\":[{\"@type\":\"WebSite\",\"@id\":\"https:\/\/franciscanos.org.br\/noticias\/#website\",\"url\":\"https:\/\/franciscanos.org.br\/noticias\/\",\"name\":\"Not\u00edcias - Franciscanos\",\"description\":\"Prov\u00edncia Franciscana da Imaculada Concei\u00e7\u00e3o do Brasil - Ordem dos Frades Menores - OFM\",\"potentialAction\":[{\"@type\":\"SearchAction\",\"target\":{\"@type\":\"EntryPoint\",\"urlTemplate\":\"https:\/\/franciscanos.org.br\/noticias\/?s={search_term_string}\"},\"query-input\":\"required name=search_term_string\"}],\"inLanguage\":\"pt-BR\"},{\"@type\":\"ImageObject\",\"inLanguage\":\"pt-BR\",\"@id\":\"https:\/\/franciscanos.org.br\/noticias\/captacao-de-recursos-para-projetos-de-formacao-e-de-missao.html#primaryimage\",\"url\":\"https:\/\/franciscanos.org.br\/noticias\/wp-content\/uploads\/2015\/05\/assis3.jpg\",\"contentUrl\":\"https:\/\/franciscanos.org.br\/noticias\/wp-content\/uploads\/2015\/05\/assis3.jpg\",\"width\":273,\"height\":181},{\"@type\":\"WebPage\",\"@id\":\"https:\/\/franciscanos.org.br\/noticias\/captacao-de-recursos-para-projetos-de-formacao-e-de-missao.html#webpage\",\"url\":\"https:\/\/franciscanos.org.br\/noticias\/captacao-de-recursos-para-projetos-de-formacao-e-de-missao.html\",\"name\":\"Capta\u00e7\u00e3o de recursos para projetos de forma\u00e7\u00e3o e de miss\u00e3o - Not\u00edcias - Franciscanos\",\"isPartOf\":{\"@id\":\"https:\/\/franciscanos.org.br\/noticias\/#website\"},\"primaryImageOfPage\":{\"@id\":\"https:\/\/franciscanos.org.br\/noticias\/captacao-de-recursos-para-projetos-de-formacao-e-de-missao.html#primaryimage\"},\"datePublished\":\"2015-05-28T20:46:34+00:00\",\"dateModified\":\"2020-06-24T20:02:44+00:00\",\"author\":{\"@id\":\"https:\/\/franciscanos.org.br\/noticias\/#\/schema\/person\/b38fbf43118f02820bd932f2e4b14ad3\"},\"breadcrumb\":{\"@id\":\"https:\/\/franciscanos.org.br\/noticias\/captacao-de-recursos-para-projetos-de-formacao-e-de-missao.html#breadcrumb\"},\"inLanguage\":\"pt-BR\",\"potentialAction\":[{\"@type\":\"ReadAction\",\"target\":[\"https:\/\/franciscanos.org.br\/noticias\/captacao-de-recursos-para-projetos-de-formacao-e-de-missao.html\"]}]},{\"@type\":\"BreadcrumbList\",\"@id\":\"https:\/\/franciscanos.org.br\/noticias\/captacao-de-recursos-para-projetos-de-formacao-e-de-missao.html#breadcrumb\",\"itemListElement\":[{\"@type\":\"ListItem\",\"position\":1,\"name\":\"Home\",\"item\":\"https:\/\/franciscanos.org.br\/noticias\"},{\"@type\":\"ListItem\",\"position\":2,\"name\":\"Capta\u00e7\u00e3o de recursos para projetos de forma\u00e7\u00e3o e de miss\u00e3o\"}]},{\"@type\":\"Person\",\"@id\":\"https:\/\/franciscanos.org.br\/noticias\/#\/schema\/person\/b38fbf43118f02820bd932f2e4b14ad3\",\"name\":\"admin\",\"image\":{\"@type\":\"ImageObject\",\"inLanguage\":\"pt-BR\",\"@id\":\"https:\/\/franciscanos.org.br\/noticias\/#\/schema\/person\/image\/\",\"url\":\"https:\/\/secure.gravatar.com\/avatar\/e8495742d34d0ba6448ea1c628263b3e?s=96&d=mm&r=g\",\"contentUrl\":\"https:\/\/secure.gravatar.com\/avatar\/e8495742d34d0ba6448ea1c628263b3e?s=96&d=mm&r=g\",\"caption\":\"admin\"},\"url\":\"https:\/\/franciscanos.org.br\/noticias\/author\/admin\"}]}<\/script>\n<!-- \/ Yoast SEO plugin. -->","yoast_head_json":{"title":"Capta\u00e7\u00e3o de recursos para projetos de forma\u00e7\u00e3o e de miss\u00e3o - Not\u00edcias - Franciscanos","robots":{"index":"index","follow":"follow","max-snippet":"max-snippet:-1","max-image-preview":"max-image-preview:large","max-video-preview":"max-video-preview:-1"},"canonical":"https:\/\/franciscanos.org.br\/noticias\/captacao-de-recursos-para-projetos-de-formacao-e-de-missao.html","og_locale":"pt_BR","og_type":"article","og_title":"Capta\u00e7\u00e3o de recursos para projetos de forma\u00e7\u00e3o e de miss\u00e3o - Not\u00edcias - Franciscanos","og_description":"Cap\u00edtulo Geral","og_url":"https:\/\/franciscanos.org.br\/noticias\/captacao-de-recursos-para-projetos-de-formacao-e-de-missao.html","og_site_name":"Not\u00edcias - Franciscanos","article_published_time":"2015-05-28T20:46:34+00:00","article_modified_time":"2020-06-24T20:02:44+00:00","og_image":[{"width":273,"height":181,"url":"https:\/\/franciscanos.org.br\/noticias\/wp-content\/uploads\/2015\/05\/assis3.jpg","type":"image\/jpeg"}],"author":"admin","twitter_card":"summary_large_image","twitter_misc":{"Escrito por":"admin","Est. tempo de leitura":"2 minutos"},"schema":{"@context":"https:\/\/schema.org","@graph":[{"@type":"WebSite","@id":"https:\/\/franciscanos.org.br\/noticias\/#website","url":"https:\/\/franciscanos.org.br\/noticias\/","name":"Not\u00edcias - Franciscanos","description":"Prov\u00edncia Franciscana da Imaculada Concei\u00e7\u00e3o do Brasil - Ordem dos Frades Menores - OFM","potentialAction":[{"@type":"SearchAction","target":{"@type":"EntryPoint","urlTemplate":"https:\/\/franciscanos.org.br\/noticias\/?s={search_term_string}"},"query-input":"required name=search_term_string"}],"inLanguage":"pt-BR"},{"@type":"ImageObject","inLanguage":"pt-BR","@id":"https:\/\/franciscanos.org.br\/noticias\/captacao-de-recursos-para-projetos-de-formacao-e-de-missao.html#primaryimage","url":"https:\/\/franciscanos.org.br\/noticias\/wp-content\/uploads\/2015\/05\/assis3.jpg","contentUrl":"https:\/\/franciscanos.org.br\/noticias\/wp-content\/uploads\/2015\/05\/assis3.jpg","width":273,"height":181},{"@type":"WebPage","@id":"https:\/\/franciscanos.org.br\/noticias\/captacao-de-recursos-para-projetos-de-formacao-e-de-missao.html#webpage","url":"https:\/\/franciscanos.org.br\/noticias\/captacao-de-recursos-para-projetos-de-formacao-e-de-missao.html","name":"Capta\u00e7\u00e3o de recursos para projetos de forma\u00e7\u00e3o e de miss\u00e3o - Not\u00edcias - Franciscanos","isPartOf":{"@id":"https:\/\/franciscanos.org.br\/noticias\/#website"},"primaryImageOfPage":{"@id":"https:\/\/franciscanos.org.br\/noticias\/captacao-de-recursos-para-projetos-de-formacao-e-de-missao.html#primaryimage"},"datePublished":"2015-05-28T20:46:34+00:00","dateModified":"2020-06-24T20:02:44+00:00","author":{"@id":"https:\/\/franciscanos.org.br\/noticias\/#\/schema\/person\/b38fbf43118f02820bd932f2e4b14ad3"},"breadcrumb":{"@id":"https:\/\/franciscanos.org.br\/noticias\/captacao-de-recursos-para-projetos-de-formacao-e-de-missao.html#breadcrumb"},"inLanguage":"pt-BR","potentialAction":[{"@type":"ReadAction","target":["https:\/\/franciscanos.org.br\/noticias\/captacao-de-recursos-para-projetos-de-formacao-e-de-missao.html"]}]},{"@type":"BreadcrumbList","@id":"https:\/\/franciscanos.org.br\/noticias\/captacao-de-recursos-para-projetos-de-formacao-e-de-missao.html#breadcrumb","itemListElement":[{"@type":"ListItem","position":1,"name":"Home","item":"https:\/\/franciscanos.org.br\/noticias"},{"@type":"ListItem","position":2,"name":"Capta\u00e7\u00e3o de recursos para projetos de forma\u00e7\u00e3o e de miss\u00e3o"}]},{"@type":"Person","@id":"https:\/\/franciscanos.org.br\/noticias\/#\/schema\/person\/b38fbf43118f02820bd932f2e4b14ad3","name":"admin","image":{"@type":"ImageObject","inLanguage":"pt-BR","@id":"https:\/\/franciscanos.org.br\/noticias\/#\/schema\/person\/image\/","url":"https:\/\/secure.gravatar.com\/avatar\/e8495742d34d0ba6448ea1c628263b3e?s=96&d=mm&r=g","contentUrl":"https:\/\/secure.gravatar.com\/avatar\/e8495742d34d0ba6448ea1c628263b3e?s=96&d=mm&r=g","caption":"admin"},"url":"https:\/\/franciscanos.org.br\/noticias\/author\/admin"}]}},"_links":{"self":[{"href":"https:\/\/franciscanos.org.br\/noticias\/wp-json\/wp\/v2\/posts\/86357"}],"collection":[{"href":"https:\/\/franciscanos.org.br\/noticias\/wp-json\/wp\/v2\/posts"}],"about":[{"href":"https:\/\/franciscanos.org.br\/noticias\/wp-json\/wp\/v2\/types\/post"}],"author":[{"embeddable":true,"href":"https:\/\/franciscanos.org.br\/noticias\/wp-json\/wp\/v2\/users\/1"}],"replies":[{"embeddable":true,"href":"https:\/\/franciscanos.org.br\/noticias\/wp-json\/wp\/v2\/comments?post=86357"}],"version-history":[{"count":1,"href":"https:\/\/franciscanos.org.br\/noticias\/wp-json\/wp\/v2\/posts\/86357\/revisions"}],"predecessor-version":[{"id":226730,"href":"https:\/\/franciscanos.org.br\/noticias\/wp-json\/wp\/v2\/posts\/86357\/revisions\/226730"}],"wp:featuredmedia":[{"embeddable":true,"href":"https:\/\/franciscanos.org.br\/noticias\/wp-json\/wp\/v2\/media\/220135"}],"wp:attachment":[{"href":"https:\/\/franciscanos.org.br\/noticias\/wp-json\/wp\/v2\/media?parent=86357"}],"wp:term":[{"taxonomy":"category","embeddable":true,"href":"https:\/\/franciscanos.org.br\/noticias\/wp-json\/wp\/v2\/categories?post=86357"},{"taxonomy":"post_tag","embeddable":true,"href":"https:\/\/franciscanos.org.br\/noticias\/wp-json\/wp\/v2\/tags?post=86357"}],"curies":[{"name":"wp","href":"https:\/\/api.w.org\/{rel}","templated":true}]}}