{"id":86255,"date":"2015-05-27T15:48:21","date_gmt":"2015-05-27T18:48:21","guid":{"rendered":"http:\/\/franciscanos.org.br\/?p=86255"},"modified":"2020-02-13T10:42:37","modified_gmt":"2020-02-13T13:42:37","slug":"tema-de-justica-de-paz-e-abordado-pelo-cardeal-turkson","status":"publish","type":"post","link":"https:\/\/franciscanos.org.br\/noticias\/tema-de-justica-de-paz-e-abordado-pelo-cardeal-turkson.html","title":{"rendered":"Cardeal Turkson aborda tema de Justi\u00e7a e paz"},"content":{"rendered":"<p><strong>Frei Walter de Carvalho J\u00fanior<\/strong><\/p>\n<p><strong>Assis (It\u00e1lia)<\/strong> &#8211; O presidente do Pontif\u00edcio Conselho de Justi\u00e7a e Paz, da Santa S\u00e9, Cardeal Peter Turkson, de Gana, falou aos capitulares na manh\u00e3 do dia 27, em Santa Maria dos Anjos (Assis). Doutorado pelo Instituto B\u00edblico, de Roma, e com vasto curr\u00edculo, Dom Peter partiu da vers\u00e3o de Jo\u00e3o da \u00faltima ceia e do lava-p\u00e9s para tratar, mais uma vez, do tema do Cap\u00edtulo: fraternidade e minoridade. Explicou que a perspectiva de Jo\u00e3o diferencia-se da dos sin\u00f3ticos, ao enfatizar o amor e o servi\u00e7o. Lembrou a resposta de Jesus a Pedro, que n\u00e3o queria ter os p\u00e9s lavados pelo mestre &#8211; \u201cSe eu n\u00e3o lavar o teus p\u00e9s, n\u00e3o ter\u00e1s parte comigo\u201d -, para acentuar o tema da comunh\u00e3o, da amizade, e da identifica\u00e7\u00e3o com Jesus, e tamb\u00e9m comentou sobre o modo pelo qual Jesus procurou transformar o sistema de valores dos disc\u00edpulos, ao propor o servi\u00e7o como express\u00e3o do amor.<a href=\"http:\/\/franciscanos.org.br\/wp-content\/uploads\/2015\/05\/cardeal.jpg\"><img loading=\"lazy\" class=\"alignleft size-full wp-image-86278\" src=\"http:\/\/franciscanos.org.br\/wp-content\/uploads\/2015\/05\/cardeal.jpg\" alt=\"cardeal\" width=\"490\" height=\"262\" \/><\/a>Ampliando sua coloca\u00e7\u00e3o, afirmou que o lava-p\u00e9s \u00e9 o caminho para se vencerem as formas diversas de exclus\u00e3o de grassam pelo mundo e pelas sociedades. Com vis\u00e3o bastante cr\u00edtica, e citando v\u00e1rias vezes o Papa Francisco, insistiu que \u00e9 preciso ir al\u00e9m das sacristias de nossas igrejas, das sacristias de nossas vidas, e que a Igreja precisa urgentemente envolver-se mais com as pessoas. A este ponto, trouxe \u00e0 tona o tema da cultura do encontro, que promove a aproxima\u00e7\u00e3o inclusive das religi\u00f5es, e abre caminho para uma evangeliza\u00e7\u00e3o que tem a miss\u00e3o de amar.<\/p>\n<p>Insistiu ainda na dimens\u00e3o social da f\u00e9 e da evangeliza\u00e7\u00e3o. E nisso apontou para uma grande ajuda que os frades podem dar, como um programa mesmo de vida, na medida em que s\u00e3o capazes de testemunhar que \u00e9 poss\u00edvel transformar o poder em amor e servi\u00e7o, realizado sobretudo em favor dos mais fr\u00e1geis e vulner\u00e1veis, em nossos dias.<\/p>\n<p><a href=\"http:\/\/franciscanos.org.br\/wp-content\/uploads\/2015\/05\/clarissas2.jpg\"><img loading=\"lazy\" class=\"alignright size-full wp-image-86279\" src=\"http:\/\/franciscanos.org.br\/wp-content\/uploads\/2015\/05\/clarissas2.jpg\" alt=\"clarissas2\" width=\"500\" height=\"268\" \/><\/a> Referindo-se \u00e0 nova Enc\u00edclica que est\u00e1 por ser publicada, sobre Ecologia, disse que n\u00e3o \u00e9 poss\u00edvel querer motivar as pessoas a amarem a Deus, se n\u00e3o forem motivadas a amarem o que Ele fez: a Cria\u00e7\u00e3o toda.\u00a0 Por fim, lembrou que os elementos que comp\u00f5em o nome escolhido por Francisco para a Ordem \u2013 fraternidade e minoridade -, concentram em si o Evangelho todo.<\/p>\n<p>Ap\u00f3s a fala do Cardeal Turkson, abriu-se um di\u00e1logo. V\u00e1rios frades se manifestaram. Alguns temas que vieram \u00e0 tona: vis\u00e3o da ONU sobre problemas africanos, por exemplo, que n\u00e3o leva em conta as necessidades reais das pessoas; pol\u00edticas do Pontif\u00edcio Conselho de Justi\u00e7a e Paz no que diz respeito \u00e0 persegui\u00e7\u00e3o e morte de crist\u00e3os pelo estado isl\u00e2mico; entre outros.<\/p>\n<p>No final da tarde, os capitulares foram at\u00e9 a Bas\u00edlica de Santa Clara, para, junto com as Irm\u00e3s Clarissas, e diante do crucifixo de S\u00e3o Dami\u00e3o, celebrar as v\u00e9speras. Depois, no parlat\u00f3rio, alguns momentos de confraterniza\u00e7\u00e3o com as irm\u00e3s, que, ao final, cantaram, com terna beleza, a vozes, a b\u00ean\u00e7\u00e3o de Santa Clara, invocando-a sobre os frades.<\/p>\n<p>Imposs\u00edvel foi n\u00e3o nos lembrarmos das queridas Irm\u00e3s Clarissas do Brasil, com as quais compartilhamos o ideal de Francisco e Clara, e de quem sempre recebemos inestim\u00e1vel apoio pela sua vida de ora\u00e7\u00e3o.<\/p>\n<p>Veja o v\u00eddeo das V\u00e9speras\u00a0na Bas\u00edlica de Santa Clara<\/p>\n<p><iframe loading=\"lazy\" title=\"Vespri Clarisse\" width=\"500\" height=\"281\" src=\"https:\/\/www.youtube.com\/embed\/dUUh617z-ZI?start=11&#038;feature=oembed\" frameborder=\"0\" allow=\"accelerometer; autoplay; encrypted-media; gyroscope; picture-in-picture\" allowfullscreen><\/iframe><\/p>\n<p><img class=\"ngg_displayed_gallery mceItem\" src=\"http:\/\/franciscanos.org.br\/index.php\/nextgen-attach_to_post\/preview\/id--86319\" alt=\"\" \/><\/p>\n","protected":false},"excerpt":{"rendered":"<p>Cap\u00edtulo Geral<\/p>\n","protected":false},"author":1,"featured_media":220031,"comment_status":"open","ping_status":"open","sticky":false,"template":"","format":"standard","meta":[],"categories":[1],"tags":[],"acf":[],"yoast_head":"<!-- This site is optimized with the Yoast SEO plugin v19.2 - https:\/\/yoast.com\/wordpress\/plugins\/seo\/ -->\n<title>Cardeal Turkson aborda tema de Justi\u00e7a e paz - Not\u00edcias - Franciscanos<\/title>\n<meta name=\"robots\" content=\"index, follow, max-snippet:-1, max-image-preview:large, max-video-preview:-1\" \/>\n<link rel=\"canonical\" href=\"https:\/\/franciscanos.org.br\/noticias\/tema-de-justica-de-paz-e-abordado-pelo-cardeal-turkson.html\" \/>\n<meta property=\"og:locale\" content=\"pt_BR\" \/>\n<meta property=\"og:type\" content=\"article\" \/>\n<meta property=\"og:title\" content=\"Cardeal Turkson aborda tema de Justi\u00e7a e paz - Not\u00edcias - Franciscanos\" \/>\n<meta property=\"og:description\" content=\"Cap\u00edtulo Geral\" \/>\n<meta property=\"og:url\" content=\"https:\/\/franciscanos.org.br\/noticias\/tema-de-justica-de-paz-e-abordado-pelo-cardeal-turkson.html\" \/>\n<meta property=\"og:site_name\" content=\"Not\u00edcias - Franciscanos\" \/>\n<meta property=\"article:published_time\" content=\"2015-05-27T18:48:21+00:00\" \/>\n<meta property=\"article:modified_time\" content=\"2020-02-13T13:42:37+00:00\" \/>\n<meta property=\"og:image\" content=\"https:\/\/franciscanos.org.br\/noticias\/wp-content\/uploads\/2015\/05\/cardeal.jpg\" \/>\n\t<meta property=\"og:image:width\" content=\"273\" \/>\n\t<meta property=\"og:image:height\" content=\"180\" \/>\n\t<meta property=\"og:image:type\" content=\"image\/jpeg\" \/>\n<meta name=\"author\" content=\"admin\" \/>\n<meta name=\"twitter:card\" content=\"summary_large_image\" \/>\n<meta name=\"twitter:label1\" content=\"Escrito por\" \/>\n\t<meta name=\"twitter:data1\" content=\"admin\" \/>\n\t<meta name=\"twitter:label2\" content=\"Est. tempo de leitura\" \/>\n\t<meta name=\"twitter:data2\" content=\"3 minutos\" \/>\n<script type=\"application\/ld+json\" class=\"yoast-schema-graph\">{\"@context\":\"https:\/\/schema.org\",\"@graph\":[{\"@type\":\"WebSite\",\"@id\":\"https:\/\/franciscanos.org.br\/noticias\/#website\",\"url\":\"https:\/\/franciscanos.org.br\/noticias\/\",\"name\":\"Not\u00edcias - Franciscanos\",\"description\":\"Prov\u00edncia Franciscana da Imaculada Concei\u00e7\u00e3o do Brasil - Ordem dos Frades Menores - OFM\",\"potentialAction\":[{\"@type\":\"SearchAction\",\"target\":{\"@type\":\"EntryPoint\",\"urlTemplate\":\"https:\/\/franciscanos.org.br\/noticias\/?s={search_term_string}\"},\"query-input\":\"required name=search_term_string\"}],\"inLanguage\":\"pt-BR\"},{\"@type\":\"ImageObject\",\"inLanguage\":\"pt-BR\",\"@id\":\"https:\/\/franciscanos.org.br\/noticias\/tema-de-justica-de-paz-e-abordado-pelo-cardeal-turkson.html#primaryimage\",\"url\":\"https:\/\/franciscanos.org.br\/noticias\/wp-content\/uploads\/2015\/05\/cardeal.jpg\",\"contentUrl\":\"https:\/\/franciscanos.org.br\/noticias\/wp-content\/uploads\/2015\/05\/cardeal.jpg\",\"width\":273,\"height\":180},{\"@type\":\"WebPage\",\"@id\":\"https:\/\/franciscanos.org.br\/noticias\/tema-de-justica-de-paz-e-abordado-pelo-cardeal-turkson.html#webpage\",\"url\":\"https:\/\/franciscanos.org.br\/noticias\/tema-de-justica-de-paz-e-abordado-pelo-cardeal-turkson.html\",\"name\":\"Cardeal Turkson aborda tema de Justi\u00e7a e paz - Not\u00edcias - Franciscanos\",\"isPartOf\":{\"@id\":\"https:\/\/franciscanos.org.br\/noticias\/#website\"},\"primaryImageOfPage\":{\"@id\":\"https:\/\/franciscanos.org.br\/noticias\/tema-de-justica-de-paz-e-abordado-pelo-cardeal-turkson.html#primaryimage\"},\"datePublished\":\"2015-05-27T18:48:21+00:00\",\"dateModified\":\"2020-02-13T13:42:37+00:00\",\"author\":{\"@id\":\"https:\/\/franciscanos.org.br\/noticias\/#\/schema\/person\/b38fbf43118f02820bd932f2e4b14ad3\"},\"breadcrumb\":{\"@id\":\"https:\/\/franciscanos.org.br\/noticias\/tema-de-justica-de-paz-e-abordado-pelo-cardeal-turkson.html#breadcrumb\"},\"inLanguage\":\"pt-BR\",\"potentialAction\":[{\"@type\":\"ReadAction\",\"target\":[\"https:\/\/franciscanos.org.br\/noticias\/tema-de-justica-de-paz-e-abordado-pelo-cardeal-turkson.html\"]}]},{\"@type\":\"BreadcrumbList\",\"@id\":\"https:\/\/franciscanos.org.br\/noticias\/tema-de-justica-de-paz-e-abordado-pelo-cardeal-turkson.html#breadcrumb\",\"itemListElement\":[{\"@type\":\"ListItem\",\"position\":1,\"name\":\"Home\",\"item\":\"https:\/\/franciscanos.org.br\/noticias\"},{\"@type\":\"ListItem\",\"position\":2,\"name\":\"Cardeal Turkson aborda tema de Justi\u00e7a e paz\"}]},{\"@type\":\"Person\",\"@id\":\"https:\/\/franciscanos.org.br\/noticias\/#\/schema\/person\/b38fbf43118f02820bd932f2e4b14ad3\",\"name\":\"admin\",\"image\":{\"@type\":\"ImageObject\",\"inLanguage\":\"pt-BR\",\"@id\":\"https:\/\/franciscanos.org.br\/noticias\/#\/schema\/person\/image\/\",\"url\":\"https:\/\/secure.gravatar.com\/avatar\/e8495742d34d0ba6448ea1c628263b3e?s=96&d=mm&r=g\",\"contentUrl\":\"https:\/\/secure.gravatar.com\/avatar\/e8495742d34d0ba6448ea1c628263b3e?s=96&d=mm&r=g\",\"caption\":\"admin\"},\"url\":\"https:\/\/franciscanos.org.br\/noticias\/author\/admin\"}]}<\/script>\n<!-- \/ Yoast SEO plugin. -->","yoast_head_json":{"title":"Cardeal Turkson aborda tema de Justi\u00e7a e paz - Not\u00edcias - Franciscanos","robots":{"index":"index","follow":"follow","max-snippet":"max-snippet:-1","max-image-preview":"max-image-preview:large","max-video-preview":"max-video-preview:-1"},"canonical":"https:\/\/franciscanos.org.br\/noticias\/tema-de-justica-de-paz-e-abordado-pelo-cardeal-turkson.html","og_locale":"pt_BR","og_type":"article","og_title":"Cardeal Turkson aborda tema de Justi\u00e7a e paz - Not\u00edcias - Franciscanos","og_description":"Cap\u00edtulo Geral","og_url":"https:\/\/franciscanos.org.br\/noticias\/tema-de-justica-de-paz-e-abordado-pelo-cardeal-turkson.html","og_site_name":"Not\u00edcias - Franciscanos","article_published_time":"2015-05-27T18:48:21+00:00","article_modified_time":"2020-02-13T13:42:37+00:00","og_image":[{"width":273,"height":180,"url":"https:\/\/franciscanos.org.br\/noticias\/wp-content\/uploads\/2015\/05\/cardeal.jpg","type":"image\/jpeg"}],"author":"admin","twitter_card":"summary_large_image","twitter_misc":{"Escrito por":"admin","Est. tempo de leitura":"3 minutos"},"schema":{"@context":"https:\/\/schema.org","@graph":[{"@type":"WebSite","@id":"https:\/\/franciscanos.org.br\/noticias\/#website","url":"https:\/\/franciscanos.org.br\/noticias\/","name":"Not\u00edcias - Franciscanos","description":"Prov\u00edncia Franciscana da Imaculada Concei\u00e7\u00e3o do Brasil - Ordem dos Frades Menores - OFM","potentialAction":[{"@type":"SearchAction","target":{"@type":"EntryPoint","urlTemplate":"https:\/\/franciscanos.org.br\/noticias\/?s={search_term_string}"},"query-input":"required name=search_term_string"}],"inLanguage":"pt-BR"},{"@type":"ImageObject","inLanguage":"pt-BR","@id":"https:\/\/franciscanos.org.br\/noticias\/tema-de-justica-de-paz-e-abordado-pelo-cardeal-turkson.html#primaryimage","url":"https:\/\/franciscanos.org.br\/noticias\/wp-content\/uploads\/2015\/05\/cardeal.jpg","contentUrl":"https:\/\/franciscanos.org.br\/noticias\/wp-content\/uploads\/2015\/05\/cardeal.jpg","width":273,"height":180},{"@type":"WebPage","@id":"https:\/\/franciscanos.org.br\/noticias\/tema-de-justica-de-paz-e-abordado-pelo-cardeal-turkson.html#webpage","url":"https:\/\/franciscanos.org.br\/noticias\/tema-de-justica-de-paz-e-abordado-pelo-cardeal-turkson.html","name":"Cardeal Turkson aborda tema de Justi\u00e7a e paz - Not\u00edcias - Franciscanos","isPartOf":{"@id":"https:\/\/franciscanos.org.br\/noticias\/#website"},"primaryImageOfPage":{"@id":"https:\/\/franciscanos.org.br\/noticias\/tema-de-justica-de-paz-e-abordado-pelo-cardeal-turkson.html#primaryimage"},"datePublished":"2015-05-27T18:48:21+00:00","dateModified":"2020-02-13T13:42:37+00:00","author":{"@id":"https:\/\/franciscanos.org.br\/noticias\/#\/schema\/person\/b38fbf43118f02820bd932f2e4b14ad3"},"breadcrumb":{"@id":"https:\/\/franciscanos.org.br\/noticias\/tema-de-justica-de-paz-e-abordado-pelo-cardeal-turkson.html#breadcrumb"},"inLanguage":"pt-BR","potentialAction":[{"@type":"ReadAction","target":["https:\/\/franciscanos.org.br\/noticias\/tema-de-justica-de-paz-e-abordado-pelo-cardeal-turkson.html"]}]},{"@type":"BreadcrumbList","@id":"https:\/\/franciscanos.org.br\/noticias\/tema-de-justica-de-paz-e-abordado-pelo-cardeal-turkson.html#breadcrumb","itemListElement":[{"@type":"ListItem","position":1,"name":"Home","item":"https:\/\/franciscanos.org.br\/noticias"},{"@type":"ListItem","position":2,"name":"Cardeal Turkson aborda tema de Justi\u00e7a e paz"}]},{"@type":"Person","@id":"https:\/\/franciscanos.org.br\/noticias\/#\/schema\/person\/b38fbf43118f02820bd932f2e4b14ad3","name":"admin","image":{"@type":"ImageObject","inLanguage":"pt-BR","@id":"https:\/\/franciscanos.org.br\/noticias\/#\/schema\/person\/image\/","url":"https:\/\/secure.gravatar.com\/avatar\/e8495742d34d0ba6448ea1c628263b3e?s=96&d=mm&r=g","contentUrl":"https:\/\/secure.gravatar.com\/avatar\/e8495742d34d0ba6448ea1c628263b3e?s=96&d=mm&r=g","caption":"admin"},"url":"https:\/\/franciscanos.org.br\/noticias\/author\/admin"}]}},"_links":{"self":[{"href":"https:\/\/franciscanos.org.br\/noticias\/wp-json\/wp\/v2\/posts\/86255"}],"collection":[{"href":"https:\/\/franciscanos.org.br\/noticias\/wp-json\/wp\/v2\/posts"}],"about":[{"href":"https:\/\/franciscanos.org.br\/noticias\/wp-json\/wp\/v2\/types\/post"}],"author":[{"embeddable":true,"href":"https:\/\/franciscanos.org.br\/noticias\/wp-json\/wp\/v2\/users\/1"}],"replies":[{"embeddable":true,"href":"https:\/\/franciscanos.org.br\/noticias\/wp-json\/wp\/v2\/comments?post=86255"}],"version-history":[{"count":0,"href":"https:\/\/franciscanos.org.br\/noticias\/wp-json\/wp\/v2\/posts\/86255\/revisions"}],"wp:featuredmedia":[{"embeddable":true,"href":"https:\/\/franciscanos.org.br\/noticias\/wp-json\/wp\/v2\/media\/220031"}],"wp:attachment":[{"href":"https:\/\/franciscanos.org.br\/noticias\/wp-json\/wp\/v2\/media?parent=86255"}],"wp:term":[{"taxonomy":"category","embeddable":true,"href":"https:\/\/franciscanos.org.br\/noticias\/wp-json\/wp\/v2\/categories?post=86255"},{"taxonomy":"post_tag","embeddable":true,"href":"https:\/\/franciscanos.org.br\/noticias\/wp-json\/wp\/v2\/tags?post=86255"}],"curies":[{"name":"wp","href":"https:\/\/api.w.org\/{rel}","templated":true}]}}