{"id":86085,"date":"2015-05-26T07:08:42","date_gmt":"2015-05-26T10:08:42","guid":{"rendered":"http:\/\/franciscanos.org.br\/?p=86085"},"modified":"2020-06-10T15:30:01","modified_gmt":"2020-06-10T18:30:01","slug":"papa-um-cristao-apegado-aos-bens-faz-um-papelao","status":"publish","type":"post","link":"https:\/\/franciscanos.org.br\/noticias\/papa-um-cristao-apegado-aos-bens-faz-um-papelao.html","title":{"rendered":"Papa: &#8220;Um crist\u00e3o apegado aos bens faz um papel\u00e3o&#8221;"},"content":{"rendered":"<p><img loading=\"lazy\" src=\"http:\/\/franciscanos.org.br\/wp-content\/uploads\/2015\/05\/papa_santamarta.jpg\" alt=\"papa_santamarta\" width=\"820\" height=\"357\" \/><br \/>\n<strong>Cidade do Vaticano<\/strong> \u2013 \u201c\u00c9 feio ver um crist\u00e3o seguindo Jesus e a mundanidade\u201d. Essa foi a advert\u00eancia do Papa Francisco na missa matutina celebrada na Casa Santa Marta nesta ter\u00e7a-feira, 26 de maio. O Pont\u00edfice destacou que os crist\u00e3os s\u00e3o levados, na vida, a fazer escolhas radicais. N\u00e3o pode haver um \u201ccristianismo \u00e0 metade\u201d, n\u00e3o se pode ter \u201co c\u00e9u e a terra\u201d.\u00a0Na liturgia do dia, Pedro pergunta a Jesus o que os disc\u00edpulos ganhariam seguindo-o: uma pergunta feita depois que o Senhor disse ao jovem rico que vendesse todos os seus bens e os desse aos pobres.\u00a0O Pont\u00edfice observou que Jesus responde em uma dire\u00e7\u00e3o diferente da que os disc\u00edpulos esperavam: n\u00e3o fala de riquezas, mas promete a heran\u00e7a do Reino dos c\u00e9us \u201ccom a persegui\u00e7\u00e3o, com a cruz\u201d.<\/p>\n<p>\u201cPor isso, quando um crist\u00e3o \u00e9 apegado aos bens, faz um papel\u00e3o, como se quisesse as duas coisas; o c\u00e9u e a terra. E o peso final est\u00e1 naquilo que Jesus diz: a cruz, as persegui\u00e7\u00f5es. Isto quer dizer negar a si mesmo, sofrer todos os dias a cruz&#8230; Os disc\u00edpulos tinham a tenta\u00e7\u00e3o de seguir Jesus, mas o que ser\u00e1 desse \u2018bom neg\u00f3cio\u2019? Lembremo-nos da m\u00e3e de Tiago e Jo\u00e3o, quando pediu a Jesus um lugar para seus filhos, que um se tornasse primeiro ministro, e o outro ministro da economia&#8230; e assumiu o interesse mundano em seguir Jesus\u201d.<\/p>\n<p>Depois \u2013 ressalvou Francisco \u2013 \u201co cora\u00e7\u00e3o destes disc\u00edpulos foi purificado\u201d at\u00e9 Pentecostes, quando \u201centenderam tudo\u201d. \u201cA gratuidade em seguir Jesus \u00e9 a resposta \u00e0 gratuidade do amor e da salva\u00e7\u00e3o que Jesus nos d\u00e1\u201d. E quando \u201cse quer ir seja com Jesus, seja com o mundo, seja com a pobreza como com a riqueza \u2013 alertou \u2013 o cristianismo \u00e9 \u2018\u00e0 metade\u2019, quer um ganho material: \u00e9 o esp\u00edrito da mundanidade\u201d.<\/p>\n<p><strong>&#8220;Crist\u00e3o manco&#8221;<\/strong><\/p>\n<p>Aquele crist\u00e3o, afirmou recordando o profeta Elias, \u201cest\u00e1 mancando sobre duas pernas\u201d, porque \u201cn\u00e3o sabe o que quer\u201d. Ent\u00e3o, evidenciou que para compreender, devemos lembrar que Jesus anuncia que \u201cos primeiros ser\u00e3o os \u00faltimos e os \u00faltimos ser\u00e3o os primeiros\u201d, o que significa que \u201caquele que cr\u00ea ou que \u00e9 o maior\u201d deve ser \u201co servo, deve ser o menor\u201d:\u00a0\u201cSeguir Jesus a partir do ponto de vista humano, n\u00e3o \u00e9 um bom neg\u00f3cio: \u00e9 servir. Ele o fez, e se o Senhor lhe d\u00e1 a oportunidade de ser o primeiro, voc\u00ea tem que agir como o \u00faltimo, isto \u00e9, servindo. E se o Senhor lhe d\u00e1 a possibilidade de ter bens, voc\u00ea tem que agir servindo, isto \u00e9 para os outros. S\u00e3o tr\u00eas coisas, tr\u00eas degraus que nos distanciam de Jesus: as riquezas, vaidade e o orgulho. Por isso s\u00e3o t\u00e3o perigosas as riquezas, porque levam voc\u00ea imediatamente \u00e0 vaidade e voc\u00ea se acha importante. E quando voc\u00ea pensa que \u00e9 importante tudo sobe na cabe\u00e7a e voc\u00ea se perde\u201d.<\/p>\n<p><strong>Contra-testemunho<\/strong><\/p>\n<p>O caminho indicado pelo Senhor, prosseguiu o Papa, \u00e9 o do &#8220;despojamento&#8221;, como ele fez: \u201cQuem \u00e9 o primeiro entre v\u00f3s seja o servo de todos\u201d. Para Jesus, disse ainda, \u201ceste trabalho\u201d com os disc\u00edpulos \u201ccustou-lhe muito, muito tempo, porque eles n\u00e3o entendiam bem\u201d. E, em seguida, acrescentou, \u201ctamb\u00e9m n\u00f3s devemos pedir a Ele: \u2018Ensine-nos este caminho, esta ci\u00eancia do servi\u00e7o. Esta ci\u00eancia de humildade. Esta ci\u00eancia de ser o \u00faltimo para servir os nossos irm\u00e3os e irm\u00e3s na Igreja\u201d:\u00a0\u201c\u00c9 feio ver um crist\u00e3o, seja leigo, consagrado, sacerdote, bispo, \u00e9 feio quando voc\u00ea v\u00ea que quer duas coisas: seguir Jesus e os bens, seguir Jesus e a mundanidade. E isso \u00e9 um contra-testemunho e distancia as pessoas de Jesus. Continuemos agora a celebra\u00e7\u00e3o da Eucaristia, pensando na pergunta de Pedro. \u2018Deixamos tudo: como n\u00f3s pagar\u00e1?\u2019. E pensando na resposta de Jesus O pre\u00e7o que Ele nos dar\u00e1 \u00e9 a semelhan\u00e7a a ele. Este ser\u00e1 o \u2018sal\u00e1rio\u2019.. Grande \u2018sal\u00e1rio\u2019, assemelhar-se a Jesus!\u201d.<\/p>\n<hr \/>\n<p><em>Fonte: R\u00e1dio Vaticano<\/em><\/p>\n","protected":false},"excerpt":{"rendered":"<p>Missa em Santa Marta<\/p>\n","protected":false},"author":1,"featured_media":197000,"comment_status":"open","ping_status":"open","sticky":false,"template":"","format":"standard","meta":[],"categories":[1428],"tags":[1586],"acf":[],"yoast_head":"<!-- This site is optimized with the Yoast SEO plugin v19.2 - https:\/\/yoast.com\/wordpress\/plugins\/seo\/ -->\n<title>Papa: &quot;Um crist\u00e3o apegado aos bens faz um papel\u00e3o&quot; - Not\u00edcias - Franciscanos<\/title>\n<meta name=\"robots\" content=\"index, follow, max-snippet:-1, max-image-preview:large, max-video-preview:-1\" \/>\n<link rel=\"canonical\" href=\"https:\/\/franciscanos.org.br\/noticias\/papa-um-cristao-apegado-aos-bens-faz-um-papelao.html\" \/>\n<meta property=\"og:locale\" content=\"pt_BR\" \/>\n<meta property=\"og:type\" content=\"article\" \/>\n<meta property=\"og:title\" content=\"Papa: &quot;Um crist\u00e3o apegado aos bens faz um papel\u00e3o&quot; - Not\u00edcias - Franciscanos\" \/>\n<meta property=\"og:description\" content=\"Missa em Santa Marta\" \/>\n<meta property=\"og:url\" content=\"https:\/\/franciscanos.org.br\/noticias\/papa-um-cristao-apegado-aos-bens-faz-um-papelao.html\" \/>\n<meta property=\"og:site_name\" content=\"Not\u00edcias - Franciscanos\" \/>\n<meta property=\"article:published_time\" content=\"2015-05-26T10:08:42+00:00\" \/>\n<meta property=\"article:modified_time\" content=\"2020-06-10T18:30:01+00:00\" \/>\n<meta property=\"og:image\" content=\"https:\/\/franciscanos.org.br\/noticias\/wp-content\/uploads\/2015\/05\/papa_santa_280119.jpg\" \/>\n\t<meta property=\"og:image:width\" content=\"273\" \/>\n\t<meta property=\"og:image:height\" content=\"181\" \/>\n\t<meta property=\"og:image:type\" content=\"image\/jpeg\" \/>\n<meta name=\"author\" content=\"admin\" \/>\n<meta name=\"twitter:card\" content=\"summary_large_image\" \/>\n<meta name=\"twitter:label1\" content=\"Escrito por\" \/>\n\t<meta name=\"twitter:data1\" content=\"admin\" \/>\n\t<meta name=\"twitter:label2\" content=\"Est. tempo de leitura\" \/>\n\t<meta name=\"twitter:data2\" content=\"3 minutos\" \/>\n<script type=\"application\/ld+json\" class=\"yoast-schema-graph\">{\"@context\":\"https:\/\/schema.org\",\"@graph\":[{\"@type\":\"WebSite\",\"@id\":\"https:\/\/franciscanos.org.br\/noticias\/#website\",\"url\":\"https:\/\/franciscanos.org.br\/noticias\/\",\"name\":\"Not\u00edcias - Franciscanos\",\"description\":\"Prov\u00edncia Franciscana da Imaculada Concei\u00e7\u00e3o do Brasil - Ordem dos Frades Menores - OFM\",\"potentialAction\":[{\"@type\":\"SearchAction\",\"target\":{\"@type\":\"EntryPoint\",\"urlTemplate\":\"https:\/\/franciscanos.org.br\/noticias\/?s={search_term_string}\"},\"query-input\":\"required name=search_term_string\"}],\"inLanguage\":\"pt-BR\"},{\"@type\":\"ImageObject\",\"inLanguage\":\"pt-BR\",\"@id\":\"https:\/\/franciscanos.org.br\/noticias\/papa-um-cristao-apegado-aos-bens-faz-um-papelao.html#primaryimage\",\"url\":\"https:\/\/franciscanos.org.br\/noticias\/wp-content\/uploads\/2015\/05\/papa_santa_280119.jpg\",\"contentUrl\":\"https:\/\/franciscanos.org.br\/noticias\/wp-content\/uploads\/2015\/05\/papa_santa_280119.jpg\",\"width\":273,\"height\":181},{\"@type\":\"WebPage\",\"@id\":\"https:\/\/franciscanos.org.br\/noticias\/papa-um-cristao-apegado-aos-bens-faz-um-papelao.html#webpage\",\"url\":\"https:\/\/franciscanos.org.br\/noticias\/papa-um-cristao-apegado-aos-bens-faz-um-papelao.html\",\"name\":\"Papa: \\\"Um crist\u00e3o apegado aos bens faz um papel\u00e3o\\\" - Not\u00edcias - Franciscanos\",\"isPartOf\":{\"@id\":\"https:\/\/franciscanos.org.br\/noticias\/#website\"},\"primaryImageOfPage\":{\"@id\":\"https:\/\/franciscanos.org.br\/noticias\/papa-um-cristao-apegado-aos-bens-faz-um-papelao.html#primaryimage\"},\"datePublished\":\"2015-05-26T10:08:42+00:00\",\"dateModified\":\"2020-06-10T18:30:01+00:00\",\"author\":{\"@id\":\"https:\/\/franciscanos.org.br\/noticias\/#\/schema\/person\/b38fbf43118f02820bd932f2e4b14ad3\"},\"breadcrumb\":{\"@id\":\"https:\/\/franciscanos.org.br\/noticias\/papa-um-cristao-apegado-aos-bens-faz-um-papelao.html#breadcrumb\"},\"inLanguage\":\"pt-BR\",\"potentialAction\":[{\"@type\":\"ReadAction\",\"target\":[\"https:\/\/franciscanos.org.br\/noticias\/papa-um-cristao-apegado-aos-bens-faz-um-papelao.html\"]}]},{\"@type\":\"BreadcrumbList\",\"@id\":\"https:\/\/franciscanos.org.br\/noticias\/papa-um-cristao-apegado-aos-bens-faz-um-papelao.html#breadcrumb\",\"itemListElement\":[{\"@type\":\"ListItem\",\"position\":1,\"name\":\"Home\",\"item\":\"https:\/\/franciscanos.org.br\/noticias\"},{\"@type\":\"ListItem\",\"position\":2,\"name\":\"Papa: &#8220;Um crist\u00e3o apegado aos bens faz um papel\u00e3o&#8221;\"}]},{\"@type\":\"Person\",\"@id\":\"https:\/\/franciscanos.org.br\/noticias\/#\/schema\/person\/b38fbf43118f02820bd932f2e4b14ad3\",\"name\":\"admin\",\"image\":{\"@type\":\"ImageObject\",\"inLanguage\":\"pt-BR\",\"@id\":\"https:\/\/franciscanos.org.br\/noticias\/#\/schema\/person\/image\/\",\"url\":\"https:\/\/secure.gravatar.com\/avatar\/e8495742d34d0ba6448ea1c628263b3e?s=96&d=mm&r=g\",\"contentUrl\":\"https:\/\/secure.gravatar.com\/avatar\/e8495742d34d0ba6448ea1c628263b3e?s=96&d=mm&r=g\",\"caption\":\"admin\"},\"url\":\"https:\/\/franciscanos.org.br\/noticias\/author\/admin\"}]}<\/script>\n<!-- \/ Yoast SEO plugin. -->","yoast_head_json":{"title":"Papa: \"Um crist\u00e3o apegado aos bens faz um papel\u00e3o\" - Not\u00edcias - Franciscanos","robots":{"index":"index","follow":"follow","max-snippet":"max-snippet:-1","max-image-preview":"max-image-preview:large","max-video-preview":"max-video-preview:-1"},"canonical":"https:\/\/franciscanos.org.br\/noticias\/papa-um-cristao-apegado-aos-bens-faz-um-papelao.html","og_locale":"pt_BR","og_type":"article","og_title":"Papa: \"Um crist\u00e3o apegado aos bens faz um papel\u00e3o\" - Not\u00edcias - Franciscanos","og_description":"Missa em Santa Marta","og_url":"https:\/\/franciscanos.org.br\/noticias\/papa-um-cristao-apegado-aos-bens-faz-um-papelao.html","og_site_name":"Not\u00edcias - Franciscanos","article_published_time":"2015-05-26T10:08:42+00:00","article_modified_time":"2020-06-10T18:30:01+00:00","og_image":[{"width":273,"height":181,"url":"https:\/\/franciscanos.org.br\/noticias\/wp-content\/uploads\/2015\/05\/papa_santa_280119.jpg","type":"image\/jpeg"}],"author":"admin","twitter_card":"summary_large_image","twitter_misc":{"Escrito por":"admin","Est. tempo de leitura":"3 minutos"},"schema":{"@context":"https:\/\/schema.org","@graph":[{"@type":"WebSite","@id":"https:\/\/franciscanos.org.br\/noticias\/#website","url":"https:\/\/franciscanos.org.br\/noticias\/","name":"Not\u00edcias - Franciscanos","description":"Prov\u00edncia Franciscana da Imaculada Concei\u00e7\u00e3o do Brasil - Ordem dos Frades Menores - OFM","potentialAction":[{"@type":"SearchAction","target":{"@type":"EntryPoint","urlTemplate":"https:\/\/franciscanos.org.br\/noticias\/?s={search_term_string}"},"query-input":"required name=search_term_string"}],"inLanguage":"pt-BR"},{"@type":"ImageObject","inLanguage":"pt-BR","@id":"https:\/\/franciscanos.org.br\/noticias\/papa-um-cristao-apegado-aos-bens-faz-um-papelao.html#primaryimage","url":"https:\/\/franciscanos.org.br\/noticias\/wp-content\/uploads\/2015\/05\/papa_santa_280119.jpg","contentUrl":"https:\/\/franciscanos.org.br\/noticias\/wp-content\/uploads\/2015\/05\/papa_santa_280119.jpg","width":273,"height":181},{"@type":"WebPage","@id":"https:\/\/franciscanos.org.br\/noticias\/papa-um-cristao-apegado-aos-bens-faz-um-papelao.html#webpage","url":"https:\/\/franciscanos.org.br\/noticias\/papa-um-cristao-apegado-aos-bens-faz-um-papelao.html","name":"Papa: \"Um crist\u00e3o apegado aos bens faz um papel\u00e3o\" - Not\u00edcias - Franciscanos","isPartOf":{"@id":"https:\/\/franciscanos.org.br\/noticias\/#website"},"primaryImageOfPage":{"@id":"https:\/\/franciscanos.org.br\/noticias\/papa-um-cristao-apegado-aos-bens-faz-um-papelao.html#primaryimage"},"datePublished":"2015-05-26T10:08:42+00:00","dateModified":"2020-06-10T18:30:01+00:00","author":{"@id":"https:\/\/franciscanos.org.br\/noticias\/#\/schema\/person\/b38fbf43118f02820bd932f2e4b14ad3"},"breadcrumb":{"@id":"https:\/\/franciscanos.org.br\/noticias\/papa-um-cristao-apegado-aos-bens-faz-um-papelao.html#breadcrumb"},"inLanguage":"pt-BR","potentialAction":[{"@type":"ReadAction","target":["https:\/\/franciscanos.org.br\/noticias\/papa-um-cristao-apegado-aos-bens-faz-um-papelao.html"]}]},{"@type":"BreadcrumbList","@id":"https:\/\/franciscanos.org.br\/noticias\/papa-um-cristao-apegado-aos-bens-faz-um-papelao.html#breadcrumb","itemListElement":[{"@type":"ListItem","position":1,"name":"Home","item":"https:\/\/franciscanos.org.br\/noticias"},{"@type":"ListItem","position":2,"name":"Papa: &#8220;Um crist\u00e3o apegado aos bens faz um papel\u00e3o&#8221;"}]},{"@type":"Person","@id":"https:\/\/franciscanos.org.br\/noticias\/#\/schema\/person\/b38fbf43118f02820bd932f2e4b14ad3","name":"admin","image":{"@type":"ImageObject","inLanguage":"pt-BR","@id":"https:\/\/franciscanos.org.br\/noticias\/#\/schema\/person\/image\/","url":"https:\/\/secure.gravatar.com\/avatar\/e8495742d34d0ba6448ea1c628263b3e?s=96&d=mm&r=g","contentUrl":"https:\/\/secure.gravatar.com\/avatar\/e8495742d34d0ba6448ea1c628263b3e?s=96&d=mm&r=g","caption":"admin"},"url":"https:\/\/franciscanos.org.br\/noticias\/author\/admin"}]}},"_links":{"self":[{"href":"https:\/\/franciscanos.org.br\/noticias\/wp-json\/wp\/v2\/posts\/86085"}],"collection":[{"href":"https:\/\/franciscanos.org.br\/noticias\/wp-json\/wp\/v2\/posts"}],"about":[{"href":"https:\/\/franciscanos.org.br\/noticias\/wp-json\/wp\/v2\/types\/post"}],"author":[{"embeddable":true,"href":"https:\/\/franciscanos.org.br\/noticias\/wp-json\/wp\/v2\/users\/1"}],"replies":[{"embeddable":true,"href":"https:\/\/franciscanos.org.br\/noticias\/wp-json\/wp\/v2\/comments?post=86085"}],"version-history":[{"count":1,"href":"https:\/\/franciscanos.org.br\/noticias\/wp-json\/wp\/v2\/posts\/86085\/revisions"}],"predecessor-version":[{"id":226057,"href":"https:\/\/franciscanos.org.br\/noticias\/wp-json\/wp\/v2\/posts\/86085\/revisions\/226057"}],"wp:featuredmedia":[{"embeddable":true,"href":"https:\/\/franciscanos.org.br\/noticias\/wp-json\/wp\/v2\/media\/197000"}],"wp:attachment":[{"href":"https:\/\/franciscanos.org.br\/noticias\/wp-json\/wp\/v2\/media?parent=86085"}],"wp:term":[{"taxonomy":"category","embeddable":true,"href":"https:\/\/franciscanos.org.br\/noticias\/wp-json\/wp\/v2\/categories?post=86085"},{"taxonomy":"post_tag","embeddable":true,"href":"https:\/\/franciscanos.org.br\/noticias\/wp-json\/wp\/v2\/tags?post=86085"}],"curies":[{"name":"wp","href":"https:\/\/api.w.org\/{rel}","templated":true}]}}